{"id":13822,"date":"2015-01-11T18:11:21","date_gmt":"2015-01-11T17:11:21","guid":{"rendered":"https:\/\/www.prijedordanas.com\/?p=13822"},"modified":"2015-01-11T18:11:21","modified_gmt":"2015-01-11T17:11:21","slug":"dns-pavic-sutra-konferencija-za-novinare-o-zajednickoj-izjavi-predsjednistva-bih-2","status":"publish","type":"post","link":"https:\/\/www.prijedordanas.com\/?p=13822","title":{"rendered":"DNS-PAVI\u0106: SUTRA KONFERENCIJA ZA NOVINARE O ZAJEDNI\u010cKOJ IZJAVI PREDSJEDNI\u0160TVA BiH"},"content":{"rendered":"<p><a href=\"https:\/\/www.prijedordanas.com\/wp-content\/uploads\/2015\/01\/dns-pavic-izbori-2014-rezultat.jpg\"><img loading=\"lazy\" decoding=\"async\" src=\"https:\/\/www.prijedordanas.com\/wp-content\/uploads\/2015\/01\/dns-pavic-izbori-2014-rezultat-300x199.jpg\" alt=\"dns-pavic-izbori 2014-rezultat\" width=\"300\" height=\"199\" class=\"alignleft size-medium wp-image-13820\" srcset=\"https:\/\/www.prijedordanas.com\/wp-content\/uploads\/2015\/01\/dns-pavic-izbori-2014-rezultat-300x199.jpg 300w, https:\/\/www.prijedordanas.com\/wp-content\/uploads\/2015\/01\/dns-pavic-izbori-2014-rezultat.jpg 600w\" sizes=\"(max-width: 300px) 100vw, 300px\" \/><\/a>Predsjednik Demokratskog narodnog saveza \/DNS\/ Marko Pavi\u0107 sutra \u0107e u Prijedoru odr\u017eati konferenciju za novinare o Prijedlogu teksta zajedni\u010dke izjave o opredijeljenosti politi\u010dkih lidera u BiH za preduzimanje neophodnih reformi u okviru procesa pristupanja BiH Evropskoj uniji.<\/p>\n<p>Ovaj prijedlog Predsjedni\u0161tvo BiH je utvrdilo i usaglasilo 31. decembra 2014. godine i proslijedilo liderima parlamentarnih politi\u010dkih partija u BiH. <\/p>\n<p>U dokumentu se navodi da \u0107e institucije vlasti u BiH provesti sve reforme neophodne da bi se uspostavile institucionalna funkcionalnost i efikasnost na svim nivoima vlasti, te omogu\u0107ilo da se BiH pripremi za budu\u0107e \u010dlanstvo u EU kao suverena zemlja koja ispunjava uslove i obaveze za \u010dlanstvo u EU. <\/p>\n<p>Pavi\u0107 je ranije izjavio da su Dejtonski mirovni sporazum, Ustav BiH i Ustav Republike Srpske odrednice kojima \u0107e politika ove stranke i\u0107i i kojima \u0107e slu\u017eiti. <\/p>\n<p>&#8220;Niko nema prava da u ime gra\u0111ana Republike Srpske ove tri stvari mijenja niti prilago\u0111ava u smislu da dio ovla\u0161tenja za koja smo se izborili prenese na nekog drugog&#8221;, rekao je Pavi\u0107. <\/p>\n<p>On je naglasio da je BiH slo\u017eena dr\u017eava i da nije jedina slo\u017eena dr\u017eava u Evropi nego u Evropi ima primjera vrlo slo\u017eenih a vrlo ure\u0111enih dr\u017eava sa visokim standardima. &#8220;I mi te\u017eimo ka tome. Mi \u017eelimo poslati poruku mira i tolerancije u \u017eelji da sara\u0111ujemo sa svima koji \u017eele opstanak ovakve BiH&#8221;, istakao je Pavi\u0107. <\/p>\n<p>Konferencija za novinare najavljena je za 13.30 \u010dasova u Prijedoru u maloj sali u zgradi gradske uprave.<\/p>\n<p>Tekst \u2013 SRNA<br \/>\nFoto \u2013 Aleksandar Drakuli\u0107 \u2013 www.prijedordanas.com &#8211; arhiva<\/p>\n","protected":false},"excerpt":{"rendered":"<p>Predsjednik Demokratskog narodnog saveza \/DNS\/ Marko Pavi\u0107 sutra \u0107e u Prijedoru odr\u017eati konferenciju za novinare o Prijedlogu teksta zajedni\u010dke izjave o opredijeljenosti politi\u010dkih lidera u BiH za preduzimanje neophodnih reformi [&hellip;]<\/p>\n","protected":false},"author":1,"featured_media":0,"comment_status":"closed","ping_status":"open","sticky":false,"template":"","format":"standard","meta":{"_monsterinsights_skip_tracking":false,"_monsterinsights_sitenote_active":false,"_monsterinsights_sitenote_note":"","_monsterinsights_sitenote_category":0,"footnotes":""},"categories":[8],"tags":[],"yoast_head":"<!-- This site is optimized with the Yoast SEO plugin v21.6 - https:\/\/yoast.com\/wordpress\/plugins\/seo\/ -->\n<title>DNS-PAVI\u0106: SUTRA KONFERENCIJA ZA NOVINARE O ZAJEDNI\u010cKOJ IZJAVI PREDSJEDNI\u0160TVA BiH - PrijedorDanas.com - Prijedorski gradski portal<\/title>\n<meta name=\"robots\" content=\"index, follow, max-snippet:-1, max-image-preview:large, max-video-preview:-1\" \/>\n<link rel=\"canonical\" href=\"https:\/\/www.prijedordanas.com\/?p=13822\" \/>\n<meta property=\"og:locale\" content=\"en_US\" \/>\n<meta property=\"og:type\" content=\"article\" \/>\n<meta property=\"og:title\" content=\"DNS-PAVI\u0106: SUTRA KONFERENCIJA ZA NOVINARE O ZAJEDNI\u010cKOJ IZJAVI PREDSJEDNI\u0160TVA BiH - PrijedorDanas.com - Prijedorski gradski portal\" \/>\n<meta property=\"og:description\" content=\"Predsjednik Demokratskog narodnog saveza \/DNS\/ Marko Pavi\u0107 sutra \u0107e u Prijedoru odr\u017eati konferenciju za novinare o Prijedlogu teksta zajedni\u010dke izjave o opredijeljenosti politi\u010dkih lidera u BiH za preduzimanje neophodnih reformi [&hellip;]\" \/>\n<meta property=\"og:url\" content=\"https:\/\/www.prijedordanas.com\/?p=13822\" \/>\n<meta property=\"og:site_name\" content=\"PrijedorDanas.com - Prijedorski gradski portal\" \/>\n<meta property=\"article:publisher\" content=\"https:\/\/www.facebook.com\/PrijedorDanasCom\/\" \/>\n<meta property=\"article:published_time\" content=\"2015-01-11T17:11:21+00:00\" \/>\n<meta property=\"og:image\" content=\"https:\/\/www.prijedordanas.com\/wp-content\/uploads\/2015\/01\/dns-pavic-izbori-2014-rezultat-300x199.jpg\" \/>\n<meta name=\"author\" content=\"admin\" \/>\n<meta name=\"twitter:card\" content=\"summary_large_image\" \/>\n<meta name=\"twitter:label1\" content=\"Written by\" \/>\n\t<meta name=\"twitter:data1\" content=\"admin\" \/>\n\t<meta name=\"twitter:label2\" content=\"Est. reading time\" \/>\n\t<meta name=\"twitter:data2\" content=\"1 minute\" \/>\n<script type=\"application\/ld+json\" class=\"yoast-schema-graph\">{\"@context\":\"https:\/\/schema.org\",\"@graph\":[{\"@type\":\"Article\",\"@id\":\"https:\/\/www.prijedordanas.com\/?p=13822#article\",\"isPartOf\":{\"@id\":\"https:\/\/www.prijedordanas.com\/?p=13822\"},\"author\":{\"name\":\"admin\",\"@id\":\"https:\/\/www.prijedordanas.com\/#\/schema\/person\/4e08ccf29b506ca916ff86d46bb700e6\"},\"headline\":\"DNS-PAVI\u0106: SUTRA KONFERENCIJA ZA NOVINARE O ZAJEDNI\u010cKOJ IZJAVI PREDSJEDNI\u0160TVA BiH\",\"datePublished\":\"2015-01-11T17:11:21+00:00\",\"dateModified\":\"2015-01-11T17:11:21+00:00\",\"mainEntityOfPage\":{\"@id\":\"https:\/\/www.prijedordanas.com\/?p=13822\"},\"wordCount\":277,\"publisher\":{\"@id\":\"https:\/\/www.prijedordanas.com\/#organization\"},\"articleSection\":[\"Svakodnevno\"],\"inLanguage\":\"en-US\"},{\"@type\":\"WebPage\",\"@id\":\"https:\/\/www.prijedordanas.com\/?p=13822\",\"url\":\"https:\/\/www.prijedordanas.com\/?p=13822\",\"name\":\"DNS-PAVI\u0106: SUTRA KONFERENCIJA ZA NOVINARE O ZAJEDNI\u010cKOJ IZJAVI PREDSJEDNI\u0160TVA BiH - PrijedorDanas.com - Prijedorski gradski portal\",\"isPartOf\":{\"@id\":\"https:\/\/www.prijedordanas.com\/#website\"},\"datePublished\":\"2015-01-11T17:11:21+00:00\",\"dateModified\":\"2015-01-11T17:11:21+00:00\",\"breadcrumb\":{\"@id\":\"https:\/\/www.prijedordanas.com\/?p=13822#breadcrumb\"},\"inLanguage\":\"en-US\",\"potentialAction\":[{\"@type\":\"ReadAction\",\"target\":[\"https:\/\/www.prijedordanas.com\/?p=13822\"]}]},{\"@type\":\"BreadcrumbList\",\"@id\":\"https:\/\/www.prijedordanas.com\/?p=13822#breadcrumb\",\"itemListElement\":[{\"@type\":\"ListItem\",\"position\":1,\"name\":\"Home\",\"item\":\"https:\/\/www.prijedordanas.com\/\"},{\"@type\":\"ListItem\",\"position\":2,\"name\":\"DNS-PAVI\u0106: SUTRA KONFERENCIJA ZA NOVINARE O ZAJEDNI\u010cKOJ IZJAVI PREDSJEDNI\u0160TVA BiH\"}]},{\"@type\":\"WebSite\",\"@id\":\"https:\/\/www.prijedordanas.com\/#website\",\"url\":\"https:\/\/www.prijedordanas.com\/\",\"name\":\"PrijedorDanas.com - Prijedorski gradski portal\",\"description\":\"Portal o doga\u0111anjima u gradu Prijedoru\",\"publisher\":{\"@id\":\"https:\/\/www.prijedordanas.com\/#organization\"},\"potentialAction\":[{\"@type\":\"SearchAction\",\"target\":{\"@type\":\"EntryPoint\",\"urlTemplate\":\"https:\/\/www.prijedordanas.com\/?s={search_term_string}\"},\"query-input\":\"required name=search_term_string\"}],\"inLanguage\":\"en-US\"},{\"@type\":\"Organization\",\"@id\":\"https:\/\/www.prijedordanas.com\/#organization\",\"name\":\"PrijedorDanas.com\",\"url\":\"https:\/\/www.prijedordanas.com\/\",\"logo\":{\"@type\":\"ImageObject\",\"inLanguage\":\"en-US\",\"@id\":\"https:\/\/www.prijedordanas.com\/#\/schema\/logo\/image\/\",\"url\":\"http:\/\/www.prijedordanas.com\/wp-content\/uploads\/2021\/12\/logopng.png\",\"contentUrl\":\"http:\/\/www.prijedordanas.com\/wp-content\/uploads\/2021\/12\/logopng.png\",\"width\":1019,\"height\":776,\"caption\":\"PrijedorDanas.com\"},\"image\":{\"@id\":\"https:\/\/www.prijedordanas.com\/#\/schema\/logo\/image\/\"},\"sameAs\":[\"https:\/\/www.facebook.com\/PrijedorDanasCom\/\"]},{\"@type\":\"Person\",\"@id\":\"https:\/\/www.prijedordanas.com\/#\/schema\/person\/4e08ccf29b506ca916ff86d46bb700e6\",\"name\":\"admin\",\"image\":{\"@type\":\"ImageObject\",\"inLanguage\":\"en-US\",\"@id\":\"https:\/\/www.prijedordanas.com\/#\/schema\/person\/image\/\",\"url\":\"https:\/\/secure.gravatar.com\/avatar\/1d3fc949d550f0b53a5f0d51e06dfd79?s=96&d=mm&r=g\",\"contentUrl\":\"https:\/\/secure.gravatar.com\/avatar\/1d3fc949d550f0b53a5f0d51e06dfd79?s=96&d=mm&r=g\",\"caption\":\"admin\"},\"url\":\"https:\/\/www.prijedordanas.com\/?author=1\"}]}<\/script>\n<!-- \/ Yoast SEO plugin. -->","yoast_head_json":{"title":"DNS-PAVI\u0106: SUTRA KONFERENCIJA ZA NOVINARE O ZAJEDNI\u010cKOJ IZJAVI PREDSJEDNI\u0160TVA BiH - PrijedorDanas.com - Prijedorski gradski portal","robots":{"index":"index","follow":"follow","max-snippet":"max-snippet:-1","max-image-preview":"max-image-preview:large","max-video-preview":"max-video-preview:-1"},"canonical":"https:\/\/www.prijedordanas.com\/?p=13822","og_locale":"en_US","og_type":"article","og_title":"DNS-PAVI\u0106: SUTRA KONFERENCIJA ZA NOVINARE O ZAJEDNI\u010cKOJ IZJAVI PREDSJEDNI\u0160TVA BiH - PrijedorDanas.com - Prijedorski gradski portal","og_description":"Predsjednik Demokratskog narodnog saveza \/DNS\/ Marko Pavi\u0107 sutra \u0107e u Prijedoru odr\u017eati konferenciju za novinare o Prijedlogu teksta zajedni\u010dke izjave o opredijeljenosti politi\u010dkih lidera u BiH za preduzimanje neophodnih reformi [&hellip;]","og_url":"https:\/\/www.prijedordanas.com\/?p=13822","og_site_name":"PrijedorDanas.com - Prijedorski gradski portal","article_publisher":"https:\/\/www.facebook.com\/PrijedorDanasCom\/","article_published_time":"2015-01-11T17:11:21+00:00","og_image":[{"url":"https:\/\/www.prijedordanas.com\/wp-content\/uploads\/2015\/01\/dns-pavic-izbori-2014-rezultat-300x199.jpg"}],"author":"admin","twitter_card":"summary_large_image","twitter_misc":{"Written by":"admin","Est. reading time":"1 minute"},"schema":{"@context":"https:\/\/schema.org","@graph":[{"@type":"Article","@id":"https:\/\/www.prijedordanas.com\/?p=13822#article","isPartOf":{"@id":"https:\/\/www.prijedordanas.com\/?p=13822"},"author":{"name":"admin","@id":"https:\/\/www.prijedordanas.com\/#\/schema\/person\/4e08ccf29b506ca916ff86d46bb700e6"},"headline":"DNS-PAVI\u0106: SUTRA KONFERENCIJA ZA NOVINARE O ZAJEDNI\u010cKOJ IZJAVI PREDSJEDNI\u0160TVA BiH","datePublished":"2015-01-11T17:11:21+00:00","dateModified":"2015-01-11T17:11:21+00:00","mainEntityOfPage":{"@id":"https:\/\/www.prijedordanas.com\/?p=13822"},"wordCount":277,"publisher":{"@id":"https:\/\/www.prijedordanas.com\/#organization"},"articleSection":["Svakodnevno"],"inLanguage":"en-US"},{"@type":"WebPage","@id":"https:\/\/www.prijedordanas.com\/?p=13822","url":"https:\/\/www.prijedordanas.com\/?p=13822","name":"DNS-PAVI\u0106: SUTRA KONFERENCIJA ZA NOVINARE O ZAJEDNI\u010cKOJ IZJAVI PREDSJEDNI\u0160TVA BiH - PrijedorDanas.com - Prijedorski gradski portal","isPartOf":{"@id":"https:\/\/www.prijedordanas.com\/#website"},"datePublished":"2015-01-11T17:11:21+00:00","dateModified":"2015-01-11T17:11:21+00:00","breadcrumb":{"@id":"https:\/\/www.prijedordanas.com\/?p=13822#breadcrumb"},"inLanguage":"en-US","potentialAction":[{"@type":"ReadAction","target":["https:\/\/www.prijedordanas.com\/?p=13822"]}]},{"@type":"BreadcrumbList","@id":"https:\/\/www.prijedordanas.com\/?p=13822#breadcrumb","itemListElement":[{"@type":"ListItem","position":1,"name":"Home","item":"https:\/\/www.prijedordanas.com\/"},{"@type":"ListItem","position":2,"name":"DNS-PAVI\u0106: SUTRA KONFERENCIJA ZA NOVINARE O ZAJEDNI\u010cKOJ IZJAVI PREDSJEDNI\u0160TVA BiH"}]},{"@type":"WebSite","@id":"https:\/\/www.prijedordanas.com\/#website","url":"https:\/\/www.prijedordanas.com\/","name":"PrijedorDanas.com - Prijedorski gradski portal","description":"Portal o doga\u0111anjima u gradu Prijedoru","publisher":{"@id":"https:\/\/www.prijedordanas.com\/#organization"},"potentialAction":[{"@type":"SearchAction","target":{"@type":"EntryPoint","urlTemplate":"https:\/\/www.prijedordanas.com\/?s={search_term_string}"},"query-input":"required name=search_term_string"}],"inLanguage":"en-US"},{"@type":"Organization","@id":"https:\/\/www.prijedordanas.com\/#organization","name":"PrijedorDanas.com","url":"https:\/\/www.prijedordanas.com\/","logo":{"@type":"ImageObject","inLanguage":"en-US","@id":"https:\/\/www.prijedordanas.com\/#\/schema\/logo\/image\/","url":"http:\/\/www.prijedordanas.com\/wp-content\/uploads\/2021\/12\/logopng.png","contentUrl":"http:\/\/www.prijedordanas.com\/wp-content\/uploads\/2021\/12\/logopng.png","width":1019,"height":776,"caption":"PrijedorDanas.com"},"image":{"@id":"https:\/\/www.prijedordanas.com\/#\/schema\/logo\/image\/"},"sameAs":["https:\/\/www.facebook.com\/PrijedorDanasCom\/"]},{"@type":"Person","@id":"https:\/\/www.prijedordanas.com\/#\/schema\/person\/4e08ccf29b506ca916ff86d46bb700e6","name":"admin","image":{"@type":"ImageObject","inLanguage":"en-US","@id":"https:\/\/www.prijedordanas.com\/#\/schema\/person\/image\/","url":"https:\/\/secure.gravatar.com\/avatar\/1d3fc949d550f0b53a5f0d51e06dfd79?s=96&d=mm&r=g","contentUrl":"https:\/\/secure.gravatar.com\/avatar\/1d3fc949d550f0b53a5f0d51e06dfd79?s=96&d=mm&r=g","caption":"admin"},"url":"https:\/\/www.prijedordanas.com\/?author=1"}]}},"_links":{"self":[{"href":"https:\/\/www.prijedordanas.com\/index.php?rest_route=\/wp\/v2\/posts\/13822"}],"collection":[{"href":"https:\/\/www.prijedordanas.com\/index.php?rest_route=\/wp\/v2\/posts"}],"about":[{"href":"https:\/\/www.prijedordanas.com\/index.php?rest_route=\/wp\/v2\/types\/post"}],"author":[{"embeddable":true,"href":"https:\/\/www.prijedordanas.com\/index.php?rest_route=\/wp\/v2\/users\/1"}],"replies":[{"embeddable":true,"href":"https:\/\/www.prijedordanas.com\/index.php?rest_route=%2Fwp%2Fv2%2Fcomments&post=13822"}],"version-history":[{"count":1,"href":"https:\/\/www.prijedordanas.com\/index.php?rest_route=\/wp\/v2\/posts\/13822\/revisions"}],"predecessor-version":[{"id":13823,"href":"https:\/\/www.prijedordanas.com\/index.php?rest_route=\/wp\/v2\/posts\/13822\/revisions\/13823"}],"wp:attachment":[{"href":"https:\/\/www.prijedordanas.com\/index.php?rest_route=%2Fwp%2Fv2%2Fmedia&parent=13822"}],"wp:term":[{"taxonomy":"category","embeddable":true,"href":"https:\/\/www.prijedordanas.com\/index.php?rest_route=%2Fwp%2Fv2%2Fcategories&post=13822"},{"taxonomy":"post_tag","embeddable":true,"href":"https:\/\/www.prijedordanas.com\/index.php?rest_route=%2Fwp%2Fv2%2Ftags&post=13822"}],"curies":[{"name":"wp","href":"https:\/\/api.w.org\/{rel}","templated":true}]}}