{"id":13792,"date":"2015-01-10T18:42:42","date_gmt":"2015-01-10T17:42:42","guid":{"rendered":"https:\/\/www.prijedordanas.com\/?p=13792"},"modified":"2015-01-10T18:42:42","modified_gmt":"2015-01-10T17:42:42","slug":"bjegunac-kesic-uhvacen-na-uranku","status":"publish","type":"post","link":"https:\/\/www.prijedordanas.com\/?p=13792","title":{"rendered":"BJEGUNAC KESI\u0106 UHVA\u0106EN NA URANKU"},"content":{"rendered":"<p><a href=\"https:\/\/www.prijedordanas.com\/wp-content\/uploads\/2015\/01\/glas-kesic.jpg\"><img loading=\"lazy\" decoding=\"async\" src=\"https:\/\/www.prijedordanas.com\/wp-content\/uploads\/2015\/01\/glas-kesic-300x187.jpg\" alt=\"glas-kesic\" width=\"300\" height=\"187\" class=\"alignleft size-medium wp-image-13786\" srcset=\"https:\/\/www.prijedordanas.com\/wp-content\/uploads\/2015\/01\/glas-kesic-300x187.jpg 300w, https:\/\/www.prijedordanas.com\/wp-content\/uploads\/2015\/01\/glas-kesic.jpg 600w\" sizes=\"(max-width: 300px) 100vw, 300px\" \/><\/a>Goran Kesi\u0107 (45) iz Prijedora, koji je osumnji\u010den za poku\u0161aj ubistva Mirka Kne\u017eevi\u0107a (42), uhap\u0161en je nakon \u0161est mjeseci bjekstva. Banjalu\u010dki Okru\u017eni sud odredio mu je jednomjese\u010dni pritvor.<\/p>\n<p>Kesi\u0107a Okru\u017eno tu\u017eila\u0161tvo Banjaluka sumnji\u010di i za nano\u0161enje povreda nevjen\u010danoj supruzi Vesni i poznaniku Du\u0161anu Majki\u0107u.<\/p>\n<p>Uhap\u0161en je na osnovu potjernice tokom uranka na Bo\u017ei\u0107, 7. januara. Kesi\u0107u je pritvor odre\u0111en na prijedlog Okru\u017enog tu\u017eila\u0161tva Banjaluka zbog bojazni da \u0107e ponovo pobje\u0107i.<\/p>\n<p>Kesi\u0107 je Kne\u017eevi\u0107a i Majki\u0107a izbo no\u017eem u no\u0107i izme\u0111u 26. i 27. jula pro\u0161le godine u prijedorskom naselju Ga\u0161i\u0107i. On ih je napao kada su poku\u0161ali da za\u0161tite Kesi\u0107evu nevjen\u010danu suprugu Vesnu, koja je pobjegla od njega kod kom\u0161ija jer ju je maltretirao i tukao.<\/p>\n<p>Mje\u0161tani Ga\u0161i\u0107a ispri\u010dali su da je svemu kumovala porodi\u010dna sva\u0111a na imanju Kesi\u0107a.<\/p>\n<p>&#8211; Bje\u017ee\u0107i od nasilnog mu\u017ea Vesna je utr\u010dala u jedno od kom\u0161ijskih dvori\u0161ta, gdje su se zatekli mje\u0161tani Mirko Kne\u017eevi\u0107 i Du\u0161an Majki\u0107. Oni su stali u odbranu nesre\u0107ne \u017eene, a to ih je umalo ko\u0161talo \u017eivota &#8211; ispri\u010dao je neposredno poslije krvavog obra\u010duna jedan od mje\u0161tana Ga\u0161i\u0107a.<\/p>\n<p>Poslije ovog krvavog obra\u010duna Mirko Kne\u017eevi\u0107 je pri\u010dao da su on i njegov poznanik najprije uspjeli da otjeraju Kesi\u0107a, koji je tr\u010dao za nevjen\u010danom suprugom.<\/p>\n<p>&#8211; Kazali smo mu da ostavi Vesnu na miru i da ode. On je oti\u0161ao, ali se poslije kra\u0107eg vremena vratio sa no\u017eem u ruci i nasrnuo na nas &#8211; ispri\u010dao je Kne\u017eevi\u0107.<\/p>\n<p>Dodao je da je uspio da savlada Kesi\u0107a i obori ga na zemlju, ali kada je vidio da je no\u017eem povrije\u0111en po stomaku, pustio ga  je. Poslije toga Kesi\u0107 je pobjegao u nepoznatom pravcu i od tada se tragalo za njim.<\/p>\n<p>Kesi\u0107 je Kne\u017eevi\u0107a ubo u predjelu stomaka, a Majki\u0107a u predjelu nogu i ruku. Njima je ljekarska pomo\u0107 ukazana u Op\u0161toj bolnici u Prijedoru i oni su se oporavili.<\/p>\n<p>Maltretiranje<\/p>\n<p>Prema rije\u010dima pojedinih mje\u0161tana prijedorskog naselja Ga\u0161i\u0107i, Goran Kesi\u0107 je svoju nevjen\u010danu suprugu tukao i maltretirao vi\u0161e puta.<\/p>\n<p>Oni su ispri\u010dali da je ona i ranije bje\u017eala od njega i spas tra\u017eila kod kom\u0161ija i prijateljica. Oni sumnjaju da Kesi\u0107 suprugu maltretira jer je ljubomoran.<\/p>\n<p>Glas Srpske<\/p>\n","protected":false},"excerpt":{"rendered":"<p>Goran Kesi\u0107 (45) iz Prijedora, koji je osumnji\u010den za poku\u0161aj ubistva Mirka Kne\u017eevi\u0107a (42), uhap\u0161en je nakon \u0161est mjeseci bjekstva. Banjalu\u010dki Okru\u017eni sud odredio mu je jednomjese\u010dni pritvor. Kesi\u0107a Okru\u017eno [&hellip;]<\/p>\n","protected":false},"author":1,"featured_media":0,"comment_status":"closed","ping_status":"open","sticky":false,"template":"","format":"standard","meta":{"_monsterinsights_skip_tracking":false,"_monsterinsights_sitenote_active":false,"_monsterinsights_sitenote_note":"","_monsterinsights_sitenote_category":0,"footnotes":""},"categories":[5],"tags":[],"yoast_head":"<!-- This site is optimized with the Yoast SEO plugin v21.6 - https:\/\/yoast.com\/wordpress\/plugins\/seo\/ -->\n<title>BJEGUNAC KESI\u0106 UHVA\u0106EN NA URANKU - PrijedorDanas.com - Prijedorski gradski portal<\/title>\n<meta name=\"robots\" content=\"index, follow, max-snippet:-1, max-image-preview:large, max-video-preview:-1\" \/>\n<link rel=\"canonical\" href=\"https:\/\/www.prijedordanas.com\/?p=13792\" \/>\n<meta property=\"og:locale\" content=\"en_US\" \/>\n<meta property=\"og:type\" content=\"article\" \/>\n<meta property=\"og:title\" content=\"BJEGUNAC KESI\u0106 UHVA\u0106EN NA URANKU - PrijedorDanas.com - Prijedorski gradski portal\" \/>\n<meta property=\"og:description\" content=\"Goran Kesi\u0107 (45) iz Prijedora, koji je osumnji\u010den za poku\u0161aj ubistva Mirka Kne\u017eevi\u0107a (42), uhap\u0161en je nakon \u0161est mjeseci bjekstva. Banjalu\u010dki Okru\u017eni sud odredio mu je jednomjese\u010dni pritvor. Kesi\u0107a Okru\u017eno [&hellip;]\" \/>\n<meta property=\"og:url\" content=\"https:\/\/www.prijedordanas.com\/?p=13792\" \/>\n<meta property=\"og:site_name\" content=\"PrijedorDanas.com - Prijedorski gradski portal\" \/>\n<meta property=\"article:publisher\" content=\"https:\/\/www.facebook.com\/PrijedorDanasCom\/\" \/>\n<meta property=\"article:published_time\" content=\"2015-01-10T17:42:42+00:00\" \/>\n<meta property=\"og:image\" content=\"https:\/\/www.prijedordanas.com\/wp-content\/uploads\/2015\/01\/glas-kesic-300x187.jpg\" \/>\n<meta name=\"author\" content=\"admin\" \/>\n<meta name=\"twitter:card\" content=\"summary_large_image\" \/>\n<meta name=\"twitter:label1\" content=\"Written by\" \/>\n\t<meta name=\"twitter:data1\" content=\"admin\" \/>\n\t<meta name=\"twitter:label2\" content=\"Est. reading time\" \/>\n\t<meta name=\"twitter:data2\" content=\"2 minutes\" \/>\n<script type=\"application\/ld+json\" class=\"yoast-schema-graph\">{\"@context\":\"https:\/\/schema.org\",\"@graph\":[{\"@type\":\"Article\",\"@id\":\"https:\/\/www.prijedordanas.com\/?p=13792#article\",\"isPartOf\":{\"@id\":\"https:\/\/www.prijedordanas.com\/?p=13792\"},\"author\":{\"name\":\"admin\",\"@id\":\"https:\/\/www.prijedordanas.com\/#\/schema\/person\/4e08ccf29b506ca916ff86d46bb700e6\"},\"headline\":\"BJEGUNAC KESI\u0106 UHVA\u0106EN NA URANKU\",\"datePublished\":\"2015-01-10T17:42:42+00:00\",\"dateModified\":\"2015-01-10T17:42:42+00:00\",\"mainEntityOfPage\":{\"@id\":\"https:\/\/www.prijedordanas.com\/?p=13792\"},\"wordCount\":444,\"publisher\":{\"@id\":\"https:\/\/www.prijedordanas.com\/#organization\"},\"articleSection\":[\"Hronika\"],\"inLanguage\":\"en-US\"},{\"@type\":\"WebPage\",\"@id\":\"https:\/\/www.prijedordanas.com\/?p=13792\",\"url\":\"https:\/\/www.prijedordanas.com\/?p=13792\",\"name\":\"BJEGUNAC KESI\u0106 UHVA\u0106EN NA URANKU - PrijedorDanas.com - Prijedorski gradski portal\",\"isPartOf\":{\"@id\":\"https:\/\/www.prijedordanas.com\/#website\"},\"datePublished\":\"2015-01-10T17:42:42+00:00\",\"dateModified\":\"2015-01-10T17:42:42+00:00\",\"breadcrumb\":{\"@id\":\"https:\/\/www.prijedordanas.com\/?p=13792#breadcrumb\"},\"inLanguage\":\"en-US\",\"potentialAction\":[{\"@type\":\"ReadAction\",\"target\":[\"https:\/\/www.prijedordanas.com\/?p=13792\"]}]},{\"@type\":\"BreadcrumbList\",\"@id\":\"https:\/\/www.prijedordanas.com\/?p=13792#breadcrumb\",\"itemListElement\":[{\"@type\":\"ListItem\",\"position\":1,\"name\":\"Home\",\"item\":\"https:\/\/www.prijedordanas.com\/\"},{\"@type\":\"ListItem\",\"position\":2,\"name\":\"BJEGUNAC KESI\u0106 UHVA\u0106EN NA URANKU\"}]},{\"@type\":\"WebSite\",\"@id\":\"https:\/\/www.prijedordanas.com\/#website\",\"url\":\"https:\/\/www.prijedordanas.com\/\",\"name\":\"PrijedorDanas.com - Prijedorski gradski portal\",\"description\":\"Portal o doga\u0111anjima u gradu Prijedoru\",\"publisher\":{\"@id\":\"https:\/\/www.prijedordanas.com\/#organization\"},\"potentialAction\":[{\"@type\":\"SearchAction\",\"target\":{\"@type\":\"EntryPoint\",\"urlTemplate\":\"https:\/\/www.prijedordanas.com\/?s={search_term_string}\"},\"query-input\":\"required name=search_term_string\"}],\"inLanguage\":\"en-US\"},{\"@type\":\"Organization\",\"@id\":\"https:\/\/www.prijedordanas.com\/#organization\",\"name\":\"PrijedorDanas.com\",\"url\":\"https:\/\/www.prijedordanas.com\/\",\"logo\":{\"@type\":\"ImageObject\",\"inLanguage\":\"en-US\",\"@id\":\"https:\/\/www.prijedordanas.com\/#\/schema\/logo\/image\/\",\"url\":\"http:\/\/www.prijedordanas.com\/wp-content\/uploads\/2021\/12\/logopng.png\",\"contentUrl\":\"http:\/\/www.prijedordanas.com\/wp-content\/uploads\/2021\/12\/logopng.png\",\"width\":1019,\"height\":776,\"caption\":\"PrijedorDanas.com\"},\"image\":{\"@id\":\"https:\/\/www.prijedordanas.com\/#\/schema\/logo\/image\/\"},\"sameAs\":[\"https:\/\/www.facebook.com\/PrijedorDanasCom\/\"]},{\"@type\":\"Person\",\"@id\":\"https:\/\/www.prijedordanas.com\/#\/schema\/person\/4e08ccf29b506ca916ff86d46bb700e6\",\"name\":\"admin\",\"image\":{\"@type\":\"ImageObject\",\"inLanguage\":\"en-US\",\"@id\":\"https:\/\/www.prijedordanas.com\/#\/schema\/person\/image\/\",\"url\":\"https:\/\/secure.gravatar.com\/avatar\/1d3fc949d550f0b53a5f0d51e06dfd79?s=96&d=mm&r=g\",\"contentUrl\":\"https:\/\/secure.gravatar.com\/avatar\/1d3fc949d550f0b53a5f0d51e06dfd79?s=96&d=mm&r=g\",\"caption\":\"admin\"},\"url\":\"https:\/\/www.prijedordanas.com\/?author=1\"}]}<\/script>\n<!-- \/ Yoast SEO plugin. -->","yoast_head_json":{"title":"BJEGUNAC KESI\u0106 UHVA\u0106EN NA URANKU - PrijedorDanas.com - Prijedorski gradski portal","robots":{"index":"index","follow":"follow","max-snippet":"max-snippet:-1","max-image-preview":"max-image-preview:large","max-video-preview":"max-video-preview:-1"},"canonical":"https:\/\/www.prijedordanas.com\/?p=13792","og_locale":"en_US","og_type":"article","og_title":"BJEGUNAC KESI\u0106 UHVA\u0106EN NA URANKU - PrijedorDanas.com - Prijedorski gradski portal","og_description":"Goran Kesi\u0107 (45) iz Prijedora, koji je osumnji\u010den za poku\u0161aj ubistva Mirka Kne\u017eevi\u0107a (42), uhap\u0161en je nakon \u0161est mjeseci bjekstva. Banjalu\u010dki Okru\u017eni sud odredio mu je jednomjese\u010dni pritvor. Kesi\u0107a Okru\u017eno [&hellip;]","og_url":"https:\/\/www.prijedordanas.com\/?p=13792","og_site_name":"PrijedorDanas.com - Prijedorski gradski portal","article_publisher":"https:\/\/www.facebook.com\/PrijedorDanasCom\/","article_published_time":"2015-01-10T17:42:42+00:00","og_image":[{"url":"https:\/\/www.prijedordanas.com\/wp-content\/uploads\/2015\/01\/glas-kesic-300x187.jpg"}],"author":"admin","twitter_card":"summary_large_image","twitter_misc":{"Written by":"admin","Est. reading time":"2 minutes"},"schema":{"@context":"https:\/\/schema.org","@graph":[{"@type":"Article","@id":"https:\/\/www.prijedordanas.com\/?p=13792#article","isPartOf":{"@id":"https:\/\/www.prijedordanas.com\/?p=13792"},"author":{"name":"admin","@id":"https:\/\/www.prijedordanas.com\/#\/schema\/person\/4e08ccf29b506ca916ff86d46bb700e6"},"headline":"BJEGUNAC KESI\u0106 UHVA\u0106EN NA URANKU","datePublished":"2015-01-10T17:42:42+00:00","dateModified":"2015-01-10T17:42:42+00:00","mainEntityOfPage":{"@id":"https:\/\/www.prijedordanas.com\/?p=13792"},"wordCount":444,"publisher":{"@id":"https:\/\/www.prijedordanas.com\/#organization"},"articleSection":["Hronika"],"inLanguage":"en-US"},{"@type":"WebPage","@id":"https:\/\/www.prijedordanas.com\/?p=13792","url":"https:\/\/www.prijedordanas.com\/?p=13792","name":"BJEGUNAC KESI\u0106 UHVA\u0106EN NA URANKU - PrijedorDanas.com - Prijedorski gradski portal","isPartOf":{"@id":"https:\/\/www.prijedordanas.com\/#website"},"datePublished":"2015-01-10T17:42:42+00:00","dateModified":"2015-01-10T17:42:42+00:00","breadcrumb":{"@id":"https:\/\/www.prijedordanas.com\/?p=13792#breadcrumb"},"inLanguage":"en-US","potentialAction":[{"@type":"ReadAction","target":["https:\/\/www.prijedordanas.com\/?p=13792"]}]},{"@type":"BreadcrumbList","@id":"https:\/\/www.prijedordanas.com\/?p=13792#breadcrumb","itemListElement":[{"@type":"ListItem","position":1,"name":"Home","item":"https:\/\/www.prijedordanas.com\/"},{"@type":"ListItem","position":2,"name":"BJEGUNAC KESI\u0106 UHVA\u0106EN NA URANKU"}]},{"@type":"WebSite","@id":"https:\/\/www.prijedordanas.com\/#website","url":"https:\/\/www.prijedordanas.com\/","name":"PrijedorDanas.com - Prijedorski gradski portal","description":"Portal o doga\u0111anjima u gradu Prijedoru","publisher":{"@id":"https:\/\/www.prijedordanas.com\/#organization"},"potentialAction":[{"@type":"SearchAction","target":{"@type":"EntryPoint","urlTemplate":"https:\/\/www.prijedordanas.com\/?s={search_term_string}"},"query-input":"required name=search_term_string"}],"inLanguage":"en-US"},{"@type":"Organization","@id":"https:\/\/www.prijedordanas.com\/#organization","name":"PrijedorDanas.com","url":"https:\/\/www.prijedordanas.com\/","logo":{"@type":"ImageObject","inLanguage":"en-US","@id":"https:\/\/www.prijedordanas.com\/#\/schema\/logo\/image\/","url":"http:\/\/www.prijedordanas.com\/wp-content\/uploads\/2021\/12\/logopng.png","contentUrl":"http:\/\/www.prijedordanas.com\/wp-content\/uploads\/2021\/12\/logopng.png","width":1019,"height":776,"caption":"PrijedorDanas.com"},"image":{"@id":"https:\/\/www.prijedordanas.com\/#\/schema\/logo\/image\/"},"sameAs":["https:\/\/www.facebook.com\/PrijedorDanasCom\/"]},{"@type":"Person","@id":"https:\/\/www.prijedordanas.com\/#\/schema\/person\/4e08ccf29b506ca916ff86d46bb700e6","name":"admin","image":{"@type":"ImageObject","inLanguage":"en-US","@id":"https:\/\/www.prijedordanas.com\/#\/schema\/person\/image\/","url":"https:\/\/secure.gravatar.com\/avatar\/1d3fc949d550f0b53a5f0d51e06dfd79?s=96&d=mm&r=g","contentUrl":"https:\/\/secure.gravatar.com\/avatar\/1d3fc949d550f0b53a5f0d51e06dfd79?s=96&d=mm&r=g","caption":"admin"},"url":"https:\/\/www.prijedordanas.com\/?author=1"}]}},"_links":{"self":[{"href":"https:\/\/www.prijedordanas.com\/index.php?rest_route=\/wp\/v2\/posts\/13792"}],"collection":[{"href":"https:\/\/www.prijedordanas.com\/index.php?rest_route=\/wp\/v2\/posts"}],"about":[{"href":"https:\/\/www.prijedordanas.com\/index.php?rest_route=\/wp\/v2\/types\/post"}],"author":[{"embeddable":true,"href":"https:\/\/www.prijedordanas.com\/index.php?rest_route=\/wp\/v2\/users\/1"}],"replies":[{"embeddable":true,"href":"https:\/\/www.prijedordanas.com\/index.php?rest_route=%2Fwp%2Fv2%2Fcomments&post=13792"}],"version-history":[{"count":1,"href":"https:\/\/www.prijedordanas.com\/index.php?rest_route=\/wp\/v2\/posts\/13792\/revisions"}],"predecessor-version":[{"id":13793,"href":"https:\/\/www.prijedordanas.com\/index.php?rest_route=\/wp\/v2\/posts\/13792\/revisions\/13793"}],"wp:attachment":[{"href":"https:\/\/www.prijedordanas.com\/index.php?rest_route=%2Fwp%2Fv2%2Fmedia&parent=13792"}],"wp:term":[{"taxonomy":"category","embeddable":true,"href":"https:\/\/www.prijedordanas.com\/index.php?rest_route=%2Fwp%2Fv2%2Fcategories&post=13792"},{"taxonomy":"post_tag","embeddable":true,"href":"https:\/\/www.prijedordanas.com\/index.php?rest_route=%2Fwp%2Fv2%2Ftags&post=13792"}],"curies":[{"name":"wp","href":"https:\/\/api.w.org\/{rel}","templated":true}]}}