{"id":137916,"date":"2019-12-04T20:23:10","date_gmt":"2019-12-04T19:23:10","guid":{"rendered":"https:\/\/www.prijedordanas.com\/?p=137916"},"modified":"2019-12-04T20:23:10","modified_gmt":"2019-12-04T19:23:10","slug":"dzudo-klub-prijedor-na-kraju-uspjesne-sezone-cikiceva-i-vucenovic-kandidati-na-manifestaciji-izbor-sportiste-godine","status":"publish","type":"post","link":"https:\/\/www.prijedordanas.com\/?p=137916","title":{"rendered":"D\u017eudo klub &#8220;Prijedor&#8221; na kraju uspje\u0161ne sezone: \u010ciki\u0107eva i Vu\u010denovi\u0107 kandidati na manifestaciji &#8220;Izbor sportiste godine&#8221;"},"content":{"rendered":"<p><a href=\"https:\/\/www.prijedordanas.com\/wp-content\/uploads\/2019\/12\/dzudo-klub-prijedor-uspjesna-godina-1.jpg\"><img loading=\"lazy\" decoding=\"async\" class=\"alignleft size-medium wp-image-137918\" src=\"https:\/\/www.prijedordanas.com\/wp-content\/uploads\/2019\/12\/dzudo-klub-prijedor-uspjesna-godina-1-300x300.jpg\" alt=\"\" width=\"300\" height=\"300\" srcset=\"https:\/\/www.prijedordanas.com\/wp-content\/uploads\/2019\/12\/dzudo-klub-prijedor-uspjesna-godina-1-300x300.jpg 300w, https:\/\/www.prijedordanas.com\/wp-content\/uploads\/2019\/12\/dzudo-klub-prijedor-uspjesna-godina-1-150x150.jpg 150w, https:\/\/www.prijedordanas.com\/wp-content\/uploads\/2019\/12\/dzudo-klub-prijedor-uspjesna-godina-1-50x50.jpg 50w, https:\/\/www.prijedordanas.com\/wp-content\/uploads\/2019\/12\/dzudo-klub-prijedor-uspjesna-godina-1.jpg 600w\" sizes=\"(max-width: 300px) 100vw, 300px\" \/><\/a>D\u017eudo klub &#8220;Prijedor&#8221; 14. decembra nastupa na me\u0111unarodnom d\u017eudo turniru u Vitezu.<\/p>\n<p>Ekipu od 7 takmi\u010dara predvodi\u0107e treneri Radenko Marinovi\u0107 i Dejan Stanarevi\u0107.<\/p>\n<p>-Ovo je ujedno i zadnje takmi\u010denje za na\u0161 klub u ovoj kalendarskoj godini i nadamo se da \u0107emo se vratiti sa medaljama i zavr\u0161iti uspje\u0161no ovu godinu. D\u017eudo klub &#8220;Prijedor&#8221; ove godine slavi 15 godina postojanja a na\u0161i \u010dlanovi su nastupali na svim zvani\u010dnim turnirima u RS i BiH kao i na me\u0111unarodnim d\u017eudo turnirima u Srbiji, Hrvatskoj i Sloveniji. Sa svih turnira smo se vra\u0107ali sa medaljama. Imali smo najbolje mlade takmi\u010dare pojedina\u010dno kao i ekipna priznanja sa me\u0111unarodnih d\u017eudo turnira &#8211; ka\u017ee trener Radenko Marinovi\u0107.<\/p>\n<p>D\u017eudo klub &#8220;Prijedor&#8221; \u0107e i ove godine u\u010destvovati na manifestaciji &#8220;Izbor sportiste godine&#8221; Grada Prijedora koji se odr\u017eava 20. decembra sa svojim najboljim kandidatima.<\/p>\n<p><a href=\"https:\/\/www.prijedordanas.com\/wp-content\/uploads\/2019\/12\/dzudo-klub-prijedor-uspjesna-godina-3.jpg\"><img loading=\"lazy\" decoding=\"async\" class=\"alignleft size-medium wp-image-137919\" src=\"https:\/\/www.prijedordanas.com\/wp-content\/uploads\/2019\/12\/dzudo-klub-prijedor-uspjesna-godina-3-300x200.jpg\" alt=\"\" width=\"300\" height=\"200\" srcset=\"https:\/\/www.prijedordanas.com\/wp-content\/uploads\/2019\/12\/dzudo-klub-prijedor-uspjesna-godina-3-300x200.jpg 300w, https:\/\/www.prijedordanas.com\/wp-content\/uploads\/2019\/12\/dzudo-klub-prijedor-uspjesna-godina-3-480x320.jpg 480w, https:\/\/www.prijedordanas.com\/wp-content\/uploads\/2019\/12\/dzudo-klub-prijedor-uspjesna-godina-3.jpg 600w\" sizes=\"(max-width: 300px) 100vw, 300px\" \/><\/a>-Ispred na\u0161eg kluba smo predlo\u017eili Barbaru \u010ciki\u0107, seniorsku prvakinju BiH i juniorsku prvakinju Balkana. Ona je veoma perspektivna takmi\u010darka i jedna od najboljih seniorki u D\u017eudo savezu RS i D\u017eudo savezu BiH. Nadamo se da \u0107e \u010ciki\u0107eva biti u naju\u017eem krugu sportista koji se bore za titulu najuspje\u0161nijeg u Prijedoru. Kandidat za najboljeg mladog perspektivnog takmi\u010dara je Teodor Vu\u010denovi\u0107. On je tre\u0107i na prvenstvu RS i tre\u0107i na prvenstvu BiH a ima i 7 zlatnih medalja sa 7 me\u0111unarodnih d\u017eudo turnira u BiH, Srbiji i Hrvatskoj &#8211; dodao je Marinovi\u0107.<\/p>\n<p>On je istakao da bi dobar plasman \u010dlanova kluba bio prava nagrada za 15. gpdi\u0161njicu ppstojanja ovog uspje\u0161nog kolektiva.<\/p>\n<p>U klubu slijedi i polaganje za u\u010deni\u010dke pojaseve i zaslu\u017eena zimska pauza.<\/p>\n<p>Krajem januara planirano je novo okupljanje i po\u010detak nove takmi\u010darske sezone.<\/p>\n<p>Tekst \u2013 <a href=\"https:\/\/www.prijedordanas.com\" target=\"_blank\" rel=\"noopener noreferrer\">www.prijedordanas.com<\/a><br \/>\nFoto &#8211; D\u017eudo klub Prijedor<\/p>\n<p><a href=\"https:\/\/www.prijedordanas.com\/wp-content\/uploads\/2019\/12\/dzudo-klub-prijedor-uspjesna-godina-2.jpg\"><img loading=\"lazy\" decoding=\"async\" class=\"alignleft size-medium wp-image-137920\" src=\"https:\/\/www.prijedordanas.com\/wp-content\/uploads\/2019\/12\/dzudo-klub-prijedor-uspjesna-godina-2-238x300.jpg\" alt=\"\" width=\"238\" height=\"300\" srcset=\"https:\/\/www.prijedordanas.com\/wp-content\/uploads\/2019\/12\/dzudo-klub-prijedor-uspjesna-godina-2-238x300.jpg 238w, https:\/\/www.prijedordanas.com\/wp-content\/uploads\/2019\/12\/dzudo-klub-prijedor-uspjesna-godina-2.jpg 475w\" sizes=\"(max-width: 238px) 100vw, 238px\" \/><\/a> <a href=\"https:\/\/www.prijedordanas.com\/wp-content\/uploads\/2019\/05\/dzudo-klub-prijedor-kup-dunava-beograd-2.jpg\"><img loading=\"lazy\" decoding=\"async\" class=\"alignleft size-medium wp-image-128052\" src=\"https:\/\/www.prijedordanas.com\/wp-content\/uploads\/2019\/05\/dzudo-klub-prijedor-kup-dunava-beograd-2-300x146.jpg\" alt=\"\" width=\"300\" height=\"146\" srcset=\"https:\/\/www.prijedordanas.com\/wp-content\/uploads\/2019\/05\/dzudo-klub-prijedor-kup-dunava-beograd-2-300x146.jpg 300w, https:\/\/www.prijedordanas.com\/wp-content\/uploads\/2019\/05\/dzudo-klub-prijedor-kup-dunava-beograd-2-100x49.jpg 100w, https:\/\/www.prijedordanas.com\/wp-content\/uploads\/2019\/05\/dzudo-klub-prijedor-kup-dunava-beograd-2.jpg 600w\" sizes=\"(max-width: 300px) 100vw, 300px\" \/><\/a> <a href=\"https:\/\/www.prijedordanas.com\/wp-content\/uploads\/2019\/06\/dzudo-klub-prijedor-doboj-open-2019-3.jpg\"><img loading=\"lazy\" decoding=\"async\" src=\"https:\/\/www.prijedordanas.com\/wp-content\/uploads\/2019\/06\/dzudo-klub-prijedor-doboj-open-2019-3-300x146.jpg\" alt=\"\" width=\"300\" height=\"146\" class=\"alignleft size-medium wp-image-129755\" srcset=\"https:\/\/www.prijedordanas.com\/wp-content\/uploads\/2019\/06\/dzudo-klub-prijedor-doboj-open-2019-3-300x146.jpg 300w, https:\/\/www.prijedordanas.com\/wp-content\/uploads\/2019\/06\/dzudo-klub-prijedor-doboj-open-2019-3-100x49.jpg 100w, https:\/\/www.prijedordanas.com\/wp-content\/uploads\/2019\/06\/dzudo-klub-prijedor-doboj-open-2019-3.jpg 600w\" sizes=\"(max-width: 300px) 100vw, 300px\" \/><\/a><\/p>\n","protected":false},"excerpt":{"rendered":"<p>D\u017eudo klub &#8220;Prijedor&#8221; 14. decembra nastupa na me\u0111unarodnom d\u017eudo turniru u Vitezu. Ekipu od 7 takmi\u010dara predvodi\u0107e treneri Radenko Marinovi\u0107 i Dejan Stanarevi\u0107. -Ovo je ujedno i zadnje takmi\u010denje za [&hellip;]<\/p>\n","protected":false},"author":1,"featured_media":0,"comment_status":"closed","ping_status":"open","sticky":false,"template":"","format":"standard","meta":{"_monsterinsights_skip_tracking":false,"_monsterinsights_sitenote_active":false,"_monsterinsights_sitenote_note":"","_monsterinsights_sitenote_category":0,"footnotes":""},"categories":[7],"tags":[3545],"yoast_head":"<!-- This site is optimized with the Yoast SEO plugin v21.6 - https:\/\/yoast.com\/wordpress\/plugins\/seo\/ -->\n<title>D\u017eudo klub &quot;Prijedor&quot; na kraju uspje\u0161ne sezone: \u010ciki\u0107eva i Vu\u010denovi\u0107 kandidati na manifestaciji &quot;Izbor sportiste godine&quot; - PrijedorDanas.com - Prijedorski gradski portal<\/title>\n<meta name=\"robots\" content=\"index, follow, max-snippet:-1, max-image-preview:large, max-video-preview:-1\" \/>\n<link rel=\"canonical\" href=\"https:\/\/www.prijedordanas.com\/?p=137916\" \/>\n<meta property=\"og:locale\" content=\"en_US\" \/>\n<meta property=\"og:type\" content=\"article\" \/>\n<meta property=\"og:title\" content=\"D\u017eudo klub &quot;Prijedor&quot; na kraju uspje\u0161ne sezone: \u010ciki\u0107eva i Vu\u010denovi\u0107 kandidati na manifestaciji &quot;Izbor sportiste godine&quot; - PrijedorDanas.com - Prijedorski gradski portal\" \/>\n<meta property=\"og:description\" content=\"D\u017eudo klub &#8220;Prijedor&#8221; 14. decembra nastupa na me\u0111unarodnom d\u017eudo turniru u Vitezu. Ekipu od 7 takmi\u010dara predvodi\u0107e treneri Radenko Marinovi\u0107 i Dejan Stanarevi\u0107. -Ovo je ujedno i zadnje takmi\u010denje za [&hellip;]\" \/>\n<meta property=\"og:url\" content=\"https:\/\/www.prijedordanas.com\/?p=137916\" \/>\n<meta property=\"og:site_name\" content=\"PrijedorDanas.com - Prijedorski gradski portal\" \/>\n<meta property=\"article:publisher\" content=\"https:\/\/www.facebook.com\/PrijedorDanasCom\/\" \/>\n<meta property=\"article:published_time\" content=\"2019-12-04T19:23:10+00:00\" \/>\n<meta property=\"og:image\" content=\"https:\/\/www.prijedordanas.com\/wp-content\/uploads\/2019\/12\/dzudo-klub-prijedor-uspjesna-godina-1-300x300.jpg\" \/>\n<meta name=\"author\" content=\"admin\" \/>\n<meta name=\"twitter:card\" content=\"summary_large_image\" \/>\n<meta name=\"twitter:label1\" content=\"Written by\" \/>\n\t<meta name=\"twitter:data1\" content=\"admin\" \/>\n\t<meta name=\"twitter:label2\" content=\"Est. reading time\" \/>\n\t<meta name=\"twitter:data2\" content=\"2 minutes\" \/>\n<script type=\"application\/ld+json\" class=\"yoast-schema-graph\">{\"@context\":\"https:\/\/schema.org\",\"@graph\":[{\"@type\":\"Article\",\"@id\":\"https:\/\/www.prijedordanas.com\/?p=137916#article\",\"isPartOf\":{\"@id\":\"https:\/\/www.prijedordanas.com\/?p=137916\"},\"author\":{\"name\":\"admin\",\"@id\":\"https:\/\/www.prijedordanas.com\/#\/schema\/person\/4e08ccf29b506ca916ff86d46bb700e6\"},\"headline\":\"D\u017eudo klub &#8220;Prijedor&#8221; na kraju uspje\u0161ne sezone: \u010ciki\u0107eva i Vu\u010denovi\u0107 kandidati na manifestaciji &#8220;Izbor sportiste godine&#8221;\",\"datePublished\":\"2019-12-04T19:23:10+00:00\",\"dateModified\":\"2019-12-04T19:23:10+00:00\",\"mainEntityOfPage\":{\"@id\":\"https:\/\/www.prijedordanas.com\/?p=137916\"},\"wordCount\":332,\"publisher\":{\"@id\":\"https:\/\/www.prijedordanas.com\/#organization\"},\"keywords\":[\"D\u017eudo klub Prijedor\"],\"articleSection\":[\"Sport\"],\"inLanguage\":\"en-US\"},{\"@type\":\"WebPage\",\"@id\":\"https:\/\/www.prijedordanas.com\/?p=137916\",\"url\":\"https:\/\/www.prijedordanas.com\/?p=137916\",\"name\":\"D\u017eudo klub \\\"Prijedor\\\" na kraju uspje\u0161ne sezone: \u010ciki\u0107eva i Vu\u010denovi\u0107 kandidati na manifestaciji \\\"Izbor sportiste godine\\\" - PrijedorDanas.com - Prijedorski gradski portal\",\"isPartOf\":{\"@id\":\"https:\/\/www.prijedordanas.com\/#website\"},\"datePublished\":\"2019-12-04T19:23:10+00:00\",\"dateModified\":\"2019-12-04T19:23:10+00:00\",\"breadcrumb\":{\"@id\":\"https:\/\/www.prijedordanas.com\/?p=137916#breadcrumb\"},\"inLanguage\":\"en-US\",\"potentialAction\":[{\"@type\":\"ReadAction\",\"target\":[\"https:\/\/www.prijedordanas.com\/?p=137916\"]}]},{\"@type\":\"BreadcrumbList\",\"@id\":\"https:\/\/www.prijedordanas.com\/?p=137916#breadcrumb\",\"itemListElement\":[{\"@type\":\"ListItem\",\"position\":1,\"name\":\"Home\",\"item\":\"https:\/\/www.prijedordanas.com\/\"},{\"@type\":\"ListItem\",\"position\":2,\"name\":\"D\u017eudo klub &#8220;Prijedor&#8221; na kraju uspje\u0161ne sezone: \u010ciki\u0107eva i Vu\u010denovi\u0107 kandidati na manifestaciji &#8220;Izbor sportiste godine&#8221;\"}]},{\"@type\":\"WebSite\",\"@id\":\"https:\/\/www.prijedordanas.com\/#website\",\"url\":\"https:\/\/www.prijedordanas.com\/\",\"name\":\"PrijedorDanas.com - Prijedorski gradski portal\",\"description\":\"Portal o doga\u0111anjima u gradu Prijedoru\",\"publisher\":{\"@id\":\"https:\/\/www.prijedordanas.com\/#organization\"},\"potentialAction\":[{\"@type\":\"SearchAction\",\"target\":{\"@type\":\"EntryPoint\",\"urlTemplate\":\"https:\/\/www.prijedordanas.com\/?s={search_term_string}\"},\"query-input\":\"required name=search_term_string\"}],\"inLanguage\":\"en-US\"},{\"@type\":\"Organization\",\"@id\":\"https:\/\/www.prijedordanas.com\/#organization\",\"name\":\"PrijedorDanas.com\",\"url\":\"https:\/\/www.prijedordanas.com\/\",\"logo\":{\"@type\":\"ImageObject\",\"inLanguage\":\"en-US\",\"@id\":\"https:\/\/www.prijedordanas.com\/#\/schema\/logo\/image\/\",\"url\":\"http:\/\/www.prijedordanas.com\/wp-content\/uploads\/2021\/12\/logopng.png\",\"contentUrl\":\"http:\/\/www.prijedordanas.com\/wp-content\/uploads\/2021\/12\/logopng.png\",\"width\":1019,\"height\":776,\"caption\":\"PrijedorDanas.com\"},\"image\":{\"@id\":\"https:\/\/www.prijedordanas.com\/#\/schema\/logo\/image\/\"},\"sameAs\":[\"https:\/\/www.facebook.com\/PrijedorDanasCom\/\"]},{\"@type\":\"Person\",\"@id\":\"https:\/\/www.prijedordanas.com\/#\/schema\/person\/4e08ccf29b506ca916ff86d46bb700e6\",\"name\":\"admin\",\"image\":{\"@type\":\"ImageObject\",\"inLanguage\":\"en-US\",\"@id\":\"https:\/\/www.prijedordanas.com\/#\/schema\/person\/image\/\",\"url\":\"https:\/\/secure.gravatar.com\/avatar\/1d3fc949d550f0b53a5f0d51e06dfd79?s=96&d=mm&r=g\",\"contentUrl\":\"https:\/\/secure.gravatar.com\/avatar\/1d3fc949d550f0b53a5f0d51e06dfd79?s=96&d=mm&r=g\",\"caption\":\"admin\"},\"url\":\"https:\/\/www.prijedordanas.com\/?author=1\"}]}<\/script>\n<!-- \/ Yoast SEO plugin. -->","yoast_head_json":{"title":"D\u017eudo klub \"Prijedor\" na kraju uspje\u0161ne sezone: \u010ciki\u0107eva i Vu\u010denovi\u0107 kandidati na manifestaciji \"Izbor sportiste godine\" - PrijedorDanas.com - Prijedorski gradski portal","robots":{"index":"index","follow":"follow","max-snippet":"max-snippet:-1","max-image-preview":"max-image-preview:large","max-video-preview":"max-video-preview:-1"},"canonical":"https:\/\/www.prijedordanas.com\/?p=137916","og_locale":"en_US","og_type":"article","og_title":"D\u017eudo klub \"Prijedor\" na kraju uspje\u0161ne sezone: \u010ciki\u0107eva i Vu\u010denovi\u0107 kandidati na manifestaciji \"Izbor sportiste godine\" - PrijedorDanas.com - Prijedorski gradski portal","og_description":"D\u017eudo klub &#8220;Prijedor&#8221; 14. decembra nastupa na me\u0111unarodnom d\u017eudo turniru u Vitezu. Ekipu od 7 takmi\u010dara predvodi\u0107e treneri Radenko Marinovi\u0107 i Dejan Stanarevi\u0107. -Ovo je ujedno i zadnje takmi\u010denje za [&hellip;]","og_url":"https:\/\/www.prijedordanas.com\/?p=137916","og_site_name":"PrijedorDanas.com - Prijedorski gradski portal","article_publisher":"https:\/\/www.facebook.com\/PrijedorDanasCom\/","article_published_time":"2019-12-04T19:23:10+00:00","og_image":[{"url":"https:\/\/www.prijedordanas.com\/wp-content\/uploads\/2019\/12\/dzudo-klub-prijedor-uspjesna-godina-1-300x300.jpg"}],"author":"admin","twitter_card":"summary_large_image","twitter_misc":{"Written by":"admin","Est. reading time":"2 minutes"},"schema":{"@context":"https:\/\/schema.org","@graph":[{"@type":"Article","@id":"https:\/\/www.prijedordanas.com\/?p=137916#article","isPartOf":{"@id":"https:\/\/www.prijedordanas.com\/?p=137916"},"author":{"name":"admin","@id":"https:\/\/www.prijedordanas.com\/#\/schema\/person\/4e08ccf29b506ca916ff86d46bb700e6"},"headline":"D\u017eudo klub &#8220;Prijedor&#8221; na kraju uspje\u0161ne sezone: \u010ciki\u0107eva i Vu\u010denovi\u0107 kandidati na manifestaciji &#8220;Izbor sportiste godine&#8221;","datePublished":"2019-12-04T19:23:10+00:00","dateModified":"2019-12-04T19:23:10+00:00","mainEntityOfPage":{"@id":"https:\/\/www.prijedordanas.com\/?p=137916"},"wordCount":332,"publisher":{"@id":"https:\/\/www.prijedordanas.com\/#organization"},"keywords":["D\u017eudo klub Prijedor"],"articleSection":["Sport"],"inLanguage":"en-US"},{"@type":"WebPage","@id":"https:\/\/www.prijedordanas.com\/?p=137916","url":"https:\/\/www.prijedordanas.com\/?p=137916","name":"D\u017eudo klub \"Prijedor\" na kraju uspje\u0161ne sezone: \u010ciki\u0107eva i Vu\u010denovi\u0107 kandidati na manifestaciji \"Izbor sportiste godine\" - PrijedorDanas.com - Prijedorski gradski portal","isPartOf":{"@id":"https:\/\/www.prijedordanas.com\/#website"},"datePublished":"2019-12-04T19:23:10+00:00","dateModified":"2019-12-04T19:23:10+00:00","breadcrumb":{"@id":"https:\/\/www.prijedordanas.com\/?p=137916#breadcrumb"},"inLanguage":"en-US","potentialAction":[{"@type":"ReadAction","target":["https:\/\/www.prijedordanas.com\/?p=137916"]}]},{"@type":"BreadcrumbList","@id":"https:\/\/www.prijedordanas.com\/?p=137916#breadcrumb","itemListElement":[{"@type":"ListItem","position":1,"name":"Home","item":"https:\/\/www.prijedordanas.com\/"},{"@type":"ListItem","position":2,"name":"D\u017eudo klub &#8220;Prijedor&#8221; na kraju uspje\u0161ne sezone: \u010ciki\u0107eva i Vu\u010denovi\u0107 kandidati na manifestaciji &#8220;Izbor sportiste godine&#8221;"}]},{"@type":"WebSite","@id":"https:\/\/www.prijedordanas.com\/#website","url":"https:\/\/www.prijedordanas.com\/","name":"PrijedorDanas.com - Prijedorski gradski portal","description":"Portal o doga\u0111anjima u gradu Prijedoru","publisher":{"@id":"https:\/\/www.prijedordanas.com\/#organization"},"potentialAction":[{"@type":"SearchAction","target":{"@type":"EntryPoint","urlTemplate":"https:\/\/www.prijedordanas.com\/?s={search_term_string}"},"query-input":"required name=search_term_string"}],"inLanguage":"en-US"},{"@type":"Organization","@id":"https:\/\/www.prijedordanas.com\/#organization","name":"PrijedorDanas.com","url":"https:\/\/www.prijedordanas.com\/","logo":{"@type":"ImageObject","inLanguage":"en-US","@id":"https:\/\/www.prijedordanas.com\/#\/schema\/logo\/image\/","url":"http:\/\/www.prijedordanas.com\/wp-content\/uploads\/2021\/12\/logopng.png","contentUrl":"http:\/\/www.prijedordanas.com\/wp-content\/uploads\/2021\/12\/logopng.png","width":1019,"height":776,"caption":"PrijedorDanas.com"},"image":{"@id":"https:\/\/www.prijedordanas.com\/#\/schema\/logo\/image\/"},"sameAs":["https:\/\/www.facebook.com\/PrijedorDanasCom\/"]},{"@type":"Person","@id":"https:\/\/www.prijedordanas.com\/#\/schema\/person\/4e08ccf29b506ca916ff86d46bb700e6","name":"admin","image":{"@type":"ImageObject","inLanguage":"en-US","@id":"https:\/\/www.prijedordanas.com\/#\/schema\/person\/image\/","url":"https:\/\/secure.gravatar.com\/avatar\/1d3fc949d550f0b53a5f0d51e06dfd79?s=96&d=mm&r=g","contentUrl":"https:\/\/secure.gravatar.com\/avatar\/1d3fc949d550f0b53a5f0d51e06dfd79?s=96&d=mm&r=g","caption":"admin"},"url":"https:\/\/www.prijedordanas.com\/?author=1"}]}},"_links":{"self":[{"href":"https:\/\/www.prijedordanas.com\/index.php?rest_route=\/wp\/v2\/posts\/137916"}],"collection":[{"href":"https:\/\/www.prijedordanas.com\/index.php?rest_route=\/wp\/v2\/posts"}],"about":[{"href":"https:\/\/www.prijedordanas.com\/index.php?rest_route=\/wp\/v2\/types\/post"}],"author":[{"embeddable":true,"href":"https:\/\/www.prijedordanas.com\/index.php?rest_route=\/wp\/v2\/users\/1"}],"replies":[{"embeddable":true,"href":"https:\/\/www.prijedordanas.com\/index.php?rest_route=%2Fwp%2Fv2%2Fcomments&post=137916"}],"version-history":[{"count":2,"href":"https:\/\/www.prijedordanas.com\/index.php?rest_route=\/wp\/v2\/posts\/137916\/revisions"}],"predecessor-version":[{"id":137921,"href":"https:\/\/www.prijedordanas.com\/index.php?rest_route=\/wp\/v2\/posts\/137916\/revisions\/137921"}],"wp:attachment":[{"href":"https:\/\/www.prijedordanas.com\/index.php?rest_route=%2Fwp%2Fv2%2Fmedia&parent=137916"}],"wp:term":[{"taxonomy":"category","embeddable":true,"href":"https:\/\/www.prijedordanas.com\/index.php?rest_route=%2Fwp%2Fv2%2Fcategories&post=137916"},{"taxonomy":"post_tag","embeddable":true,"href":"https:\/\/www.prijedordanas.com\/index.php?rest_route=%2Fwp%2Fv2%2Ftags&post=137916"}],"curies":[{"name":"wp","href":"https:\/\/api.w.org\/{rel}","templated":true}]}}