{"id":137666,"date":"2019-12-01T17:11:55","date_gmt":"2019-12-01T16:11:55","guid":{"rendered":"https:\/\/www.prijedordanas.com\/?p=137666"},"modified":"2019-12-01T17:29:10","modified_gmt":"2019-12-01T16:29:10","slug":"odlaskom-stanovnistva-vodovod-i-kanalizacija-ad-prijedor-izgubio-7-000-korisnika-video","status":"publish","type":"post","link":"https:\/\/www.prijedordanas.com\/?p=137666","title":{"rendered":"Odlaskom stanovni\u0161tva \u201cVodovod i kanalizacija\u201d AD Prijedor izgubio 7.000 korisnika &#8211; VIDEO"},"content":{"rendered":"<p><a href=\"https:\/\/www.prijedordanas.com\/wp-content\/uploads\/2019\/12\/anadolija-vodovod-komunalne-usluge.jpg\"><img loading=\"lazy\" decoding=\"async\" src=\"https:\/\/www.prijedordanas.com\/wp-content\/uploads\/2019\/12\/anadolija-vodovod-komunalne-usluge-300x217.jpg\" alt=\"\" width=\"300\" height=\"217\" class=\"alignleft size-medium wp-image-137667\" srcset=\"https:\/\/www.prijedordanas.com\/wp-content\/uploads\/2019\/12\/anadolija-vodovod-komunalne-usluge-300x217.jpg 300w, https:\/\/www.prijedordanas.com\/wp-content\/uploads\/2019\/12\/anadolija-vodovod-komunalne-usluge.jpg 690w\" sizes=\"(max-width: 300px) 100vw, 300px\" \/><\/a>Komunalno preduze\u0107e \u201eVodovod i kanalizacija\u201c AD Prijedor odlaskom stanovni\u0161tva u potrazi za boljim i sigurnijim \u017eivotom u inostranstvo ostalo je ove godine bez 7.000 korisnika.<\/p>\n<p>Izvr\u0161ni direktor za ekonomske poslove u preduze\u0107u, Aleksandra Pa\u0161ali\u0107, izjavila je za Anadoly Agency (AA) da je podatak alarmantan, jer su ostali bez gotovo tre\u0107ine potro\u0161a\u010da.<\/p>\n<p>\u201eNajve\u0107i broj potro\u0161a\u010da je iz Kozarca, a ima ih i sa drugih podru\u010dja\u201c, kazala je Pa\u0161ali\u0107.<\/p>\n<p>Preduze\u0107e je prije njihovog odlaska imalo 23.000 korisnika, od kojih je 21.000 doma\u0107instava, 1.400 zanatski sektor, a oko 400 industrija i bud\u017eetski sektor.<\/p>\n<p>Ona je kazala da su zadovoljni sa 95 posto naplatom njihovih usluga i naglasila da im to puno zna\u010di jer njihova 102 radnika kroz stalno unaprje\u0111enje organizacije rada nastoje da korisnici budu zadovoljni njihovim uslugama.<\/p>\n<p>Uspavani rad sudova <\/p>\n<p>Godi\u0161nji prihod ovog preduze\u0107a iznosi pet miliona KM, a Pa\u0161ali\u0107 tvrdi da bi bio ve\u0107i da rad \u201eVodovoda\u201c ne ko\u010di uspavan rad sudova, koji ne rje\u0161avaju njihove zahtjeve podnesene protiv korisnika koji ne pla\u0107aju svoje obaveze.<\/p>\n<p>\u201eImamo 7.000 zahtjeva za izvr\u0161enje, a oni stoje na sudu, ne rje\u0161avaju se. To je oko sedam miliona KM potra\u017eivanja. Od 2011. godine imamo predmeta koji nisu rije\u0161eni na sudu. Svake godine mi utu\u017eimo 2.000 korisnika, po\u0161aljemo oko 2.000 zahtjeva za izvr\u0161enje\u201d, navela je Pa\u0161ali\u0107.<\/p>\n<p>Prema njenim rije\u010dima najve\u0107i problem imaju sa du\u017enicima iz dru\u0161tvenog sektora iz oblasti obrazovanja i to se posebno odnosi na osnovne \u0161kole, \u010dije obaveze pla\u0107a resorno ministarstvo.<\/p>\n<p>Podsjetila je da bolnica \u201dDr. Mladen Stojanovi\u0107\u201c Prijedor kroz sklopljeni reprogram otpla\u0107uje dugovanje od 750.000 KM.<\/p>\n<p>Optimisti unato\u010d sumornoj stvarnosti <\/p>\n<p>Direktor Komunalnog preduze\u0107a \u201eKomunalne usluge\u201c AD Prijedor Duje Milanko rekao je da zbog postoje\u0107e situacije nisu u mogu\u0107nosti da realizuju svoje projekte.<\/p>\n<p>\u201eNa\u0161 osnovni cilj je da pove\u0107amo broj korisnika, a sad smo do\u0161li u situaciju da nam u neku ruku taj broj stagnira. Ima pojava da nam sela izumiru, a \u017eelimo da organizujemo odvoz sme\u0107a sa svih prostora, ali imamo slu\u010dajeve da se u selima gase doma\u0107instva\u201c, istakao je Milanko.<\/p>\n<p>Kazao je da su u posljednje dvije, tri godine izgubili oko stotinu korisnika koji prema njegovom mi\u0161ljenju nisu mogli ugroziti poslovanje preduze\u0107a, ali da je zatvaranje znatnog broja zanatskih radnji, i posebno ugostiteljskih objekata, pa i manjih trgovina zbog nerentabilnosti, imalo odraza.<\/p>\n<p>On je unato\u010d svemu optimista i vjeruje da \u0107e sa mjerama koje preduzima Vlada RS i grad Prijedor zaustaviti sada\u0161nje negativne trendove. Smatra da bi sada\u0161nje odlaske mogli zaustaviti solidnim platama, razli\u010ditim vidovima stimulacija i podsticajnim mjerama i sredstvima.<\/p>\n<p>Prosje\u010dna bruto plata u ovom preduze\u0107u, u kojem je zaposleno 163 radnika iznosi ne\u0161to manje od 1.000 KM, a njegov direktor tvrdi da se oni mogu zadr\u017eati samo kroz njeno pove\u0107anje.<\/p>\n<p>Preduze\u0107e godi\u0161nje ostvari prihod od 4, 3 miliona KM, a i ono se mo\u017ee pohvaliti visokim procentom naplata svojih usluga koje iznosi 90 posto \u0161to je garant za odr\u017eavanje likvidnosti i pozitivnog o poslovanja.<\/p>\n<p>Direktor \u201eToplane\u201c AD Prijedor Zoran Kne\u017eevi\u0107 rekao je da Toplana ima smanjenje broja korisnika, ali da su ona vi\u0161e posljedica isklju\u010denja potro\u0161a\u010da zbog nemogu\u0107nosti pla\u0107anja.<\/p>\n<p>Rukovodilac RJ Elektrodistribucija Prijedor Dalibor Pavi\u0107 nije bio zainteresovan za razgovor o ovoj temi.<\/p>\n<p>Agencija Anadolija<\/p>\n<div style=\"width: 640px;\" class=\"wp-video\"><!--[if lt IE 9]><script>document.createElement('video');<\/script><![endif]-->\n<video class=\"wp-video-shortcode\" id=\"video-137666-1\" width=\"640\" height=\"360\" preload=\"metadata\" controls=\"controls\"><source type=\"video\/mp4\" src=\"https:\/\/cdnuploads.aa.com.tr\/uploads\/VideoGallery\/2019\/11\/30\/fb760c7ba606879408982f07e68facc6.mp4?_=1\" \/><a href=\"https:\/\/cdnuploads.aa.com.tr\/uploads\/VideoGallery\/2019\/11\/30\/fb760c7ba606879408982f07e68facc6.mp4\">https:\/\/cdnuploads.aa.com.tr\/uploads\/VideoGallery\/2019\/11\/30\/fb760c7ba606879408982f07e68facc6.mp4<\/a><\/video><\/div>\n","protected":false},"excerpt":{"rendered":"<p>Komunalno preduze\u0107e \u201eVodovod i kanalizacija\u201c AD Prijedor odlaskom stanovni\u0161tva u potrazi za boljim i sigurnijim \u017eivotom u inostranstvo ostalo je ove godine bez 7.000 korisnika. Izvr\u0161ni direktor za ekonomske poslove [&hellip;]<\/p>\n","protected":false},"author":1,"featured_media":0,"comment_status":"closed","ping_status":"open","sticky":false,"template":"","format":"standard","meta":{"_monsterinsights_skip_tracking":false,"_monsterinsights_sitenote_active":false,"_monsterinsights_sitenote_note":"","_monsterinsights_sitenote_category":0,"footnotes":""},"categories":[8],"tags":[],"yoast_head":"<!-- This site is optimized with the Yoast SEO plugin v21.6 - https:\/\/yoast.com\/wordpress\/plugins\/seo\/ -->\n<title>Odlaskom stanovni\u0161tva \u201cVodovod i kanalizacija\u201d AD Prijedor izgubio 7.000 korisnika - VIDEO - PrijedorDanas.com - Prijedorski gradski portal<\/title>\n<meta name=\"robots\" content=\"index, follow, max-snippet:-1, max-image-preview:large, max-video-preview:-1\" \/>\n<link rel=\"canonical\" href=\"https:\/\/www.prijedordanas.com\/?p=137666\" \/>\n<meta property=\"og:locale\" content=\"en_US\" \/>\n<meta property=\"og:type\" content=\"article\" \/>\n<meta property=\"og:title\" content=\"Odlaskom stanovni\u0161tva \u201cVodovod i kanalizacija\u201d AD Prijedor izgubio 7.000 korisnika - VIDEO - PrijedorDanas.com - Prijedorski gradski portal\" \/>\n<meta property=\"og:description\" content=\"Komunalno preduze\u0107e \u201eVodovod i kanalizacija\u201c AD Prijedor odlaskom stanovni\u0161tva u potrazi za boljim i sigurnijim \u017eivotom u inostranstvo ostalo je ove godine bez 7.000 korisnika. Izvr\u0161ni direktor za ekonomske poslove [&hellip;]\" \/>\n<meta property=\"og:url\" content=\"https:\/\/www.prijedordanas.com\/?p=137666\" \/>\n<meta property=\"og:site_name\" content=\"PrijedorDanas.com - Prijedorski gradski portal\" \/>\n<meta property=\"article:publisher\" content=\"https:\/\/www.facebook.com\/PrijedorDanasCom\/\" \/>\n<meta property=\"article:published_time\" content=\"2019-12-01T16:11:55+00:00\" \/>\n<meta property=\"article:modified_time\" content=\"2019-12-01T16:29:10+00:00\" \/>\n<meta property=\"og:image\" content=\"https:\/\/www.prijedordanas.com\/wp-content\/uploads\/2019\/12\/anadolija-vodovod-komunalne-usluge-300x217.jpg\" \/>\n<meta name=\"author\" content=\"admin\" \/>\n<meta name=\"twitter:card\" content=\"summary_large_image\" \/>\n<meta name=\"twitter:label1\" content=\"Written by\" \/>\n\t<meta name=\"twitter:data1\" content=\"admin\" \/>\n\t<meta name=\"twitter:label2\" content=\"Est. reading time\" \/>\n\t<meta name=\"twitter:data2\" content=\"3 minutes\" \/>\n<script type=\"application\/ld+json\" class=\"yoast-schema-graph\">{\"@context\":\"https:\/\/schema.org\",\"@graph\":[{\"@type\":\"Article\",\"@id\":\"https:\/\/www.prijedordanas.com\/?p=137666#article\",\"isPartOf\":{\"@id\":\"https:\/\/www.prijedordanas.com\/?p=137666\"},\"author\":{\"name\":\"admin\",\"@id\":\"https:\/\/www.prijedordanas.com\/#\/schema\/person\/4e08ccf29b506ca916ff86d46bb700e6\"},\"headline\":\"Odlaskom stanovni\u0161tva \u201cVodovod i kanalizacija\u201d AD Prijedor izgubio 7.000 korisnika &#8211; VIDEO\",\"datePublished\":\"2019-12-01T16:11:55+00:00\",\"dateModified\":\"2019-12-01T16:29:10+00:00\",\"mainEntityOfPage\":{\"@id\":\"https:\/\/www.prijedordanas.com\/?p=137666\"},\"wordCount\":591,\"publisher\":{\"@id\":\"https:\/\/www.prijedordanas.com\/#organization\"},\"articleSection\":[\"Svakodnevno\"],\"inLanguage\":\"en-US\"},{\"@type\":\"WebPage\",\"@id\":\"https:\/\/www.prijedordanas.com\/?p=137666\",\"url\":\"https:\/\/www.prijedordanas.com\/?p=137666\",\"name\":\"Odlaskom stanovni\u0161tva \u201cVodovod i kanalizacija\u201d AD Prijedor izgubio 7.000 korisnika - VIDEO - PrijedorDanas.com - Prijedorski gradski portal\",\"isPartOf\":{\"@id\":\"https:\/\/www.prijedordanas.com\/#website\"},\"datePublished\":\"2019-12-01T16:11:55+00:00\",\"dateModified\":\"2019-12-01T16:29:10+00:00\",\"breadcrumb\":{\"@id\":\"https:\/\/www.prijedordanas.com\/?p=137666#breadcrumb\"},\"inLanguage\":\"en-US\",\"potentialAction\":[{\"@type\":\"ReadAction\",\"target\":[\"https:\/\/www.prijedordanas.com\/?p=137666\"]}]},{\"@type\":\"BreadcrumbList\",\"@id\":\"https:\/\/www.prijedordanas.com\/?p=137666#breadcrumb\",\"itemListElement\":[{\"@type\":\"ListItem\",\"position\":1,\"name\":\"Home\",\"item\":\"https:\/\/www.prijedordanas.com\/\"},{\"@type\":\"ListItem\",\"position\":2,\"name\":\"Odlaskom stanovni\u0161tva \u201cVodovod i kanalizacija\u201d AD Prijedor izgubio 7.000 korisnika &#8211; VIDEO\"}]},{\"@type\":\"WebSite\",\"@id\":\"https:\/\/www.prijedordanas.com\/#website\",\"url\":\"https:\/\/www.prijedordanas.com\/\",\"name\":\"PrijedorDanas.com - Prijedorski gradski portal\",\"description\":\"Portal o doga\u0111anjima u gradu Prijedoru\",\"publisher\":{\"@id\":\"https:\/\/www.prijedordanas.com\/#organization\"},\"potentialAction\":[{\"@type\":\"SearchAction\",\"target\":{\"@type\":\"EntryPoint\",\"urlTemplate\":\"https:\/\/www.prijedordanas.com\/?s={search_term_string}\"},\"query-input\":\"required name=search_term_string\"}],\"inLanguage\":\"en-US\"},{\"@type\":\"Organization\",\"@id\":\"https:\/\/www.prijedordanas.com\/#organization\",\"name\":\"PrijedorDanas.com\",\"url\":\"https:\/\/www.prijedordanas.com\/\",\"logo\":{\"@type\":\"ImageObject\",\"inLanguage\":\"en-US\",\"@id\":\"https:\/\/www.prijedordanas.com\/#\/schema\/logo\/image\/\",\"url\":\"http:\/\/www.prijedordanas.com\/wp-content\/uploads\/2021\/12\/logopng.png\",\"contentUrl\":\"http:\/\/www.prijedordanas.com\/wp-content\/uploads\/2021\/12\/logopng.png\",\"width\":1019,\"height\":776,\"caption\":\"PrijedorDanas.com\"},\"image\":{\"@id\":\"https:\/\/www.prijedordanas.com\/#\/schema\/logo\/image\/\"},\"sameAs\":[\"https:\/\/www.facebook.com\/PrijedorDanasCom\/\"]},{\"@type\":\"Person\",\"@id\":\"https:\/\/www.prijedordanas.com\/#\/schema\/person\/4e08ccf29b506ca916ff86d46bb700e6\",\"name\":\"admin\",\"image\":{\"@type\":\"ImageObject\",\"inLanguage\":\"en-US\",\"@id\":\"https:\/\/www.prijedordanas.com\/#\/schema\/person\/image\/\",\"url\":\"https:\/\/secure.gravatar.com\/avatar\/1d3fc949d550f0b53a5f0d51e06dfd79?s=96&d=mm&r=g\",\"contentUrl\":\"https:\/\/secure.gravatar.com\/avatar\/1d3fc949d550f0b53a5f0d51e06dfd79?s=96&d=mm&r=g\",\"caption\":\"admin\"},\"url\":\"https:\/\/www.prijedordanas.com\/?author=1\"}]}<\/script>\n<!-- \/ Yoast SEO plugin. -->","yoast_head_json":{"title":"Odlaskom stanovni\u0161tva \u201cVodovod i kanalizacija\u201d AD Prijedor izgubio 7.000 korisnika - VIDEO - PrijedorDanas.com - Prijedorski gradski portal","robots":{"index":"index","follow":"follow","max-snippet":"max-snippet:-1","max-image-preview":"max-image-preview:large","max-video-preview":"max-video-preview:-1"},"canonical":"https:\/\/www.prijedordanas.com\/?p=137666","og_locale":"en_US","og_type":"article","og_title":"Odlaskom stanovni\u0161tva \u201cVodovod i kanalizacija\u201d AD Prijedor izgubio 7.000 korisnika - VIDEO - PrijedorDanas.com - Prijedorski gradski portal","og_description":"Komunalno preduze\u0107e \u201eVodovod i kanalizacija\u201c AD Prijedor odlaskom stanovni\u0161tva u potrazi za boljim i sigurnijim \u017eivotom u inostranstvo ostalo je ove godine bez 7.000 korisnika. Izvr\u0161ni direktor za ekonomske poslove [&hellip;]","og_url":"https:\/\/www.prijedordanas.com\/?p=137666","og_site_name":"PrijedorDanas.com - Prijedorski gradski portal","article_publisher":"https:\/\/www.facebook.com\/PrijedorDanasCom\/","article_published_time":"2019-12-01T16:11:55+00:00","article_modified_time":"2019-12-01T16:29:10+00:00","og_image":[{"url":"https:\/\/www.prijedordanas.com\/wp-content\/uploads\/2019\/12\/anadolija-vodovod-komunalne-usluge-300x217.jpg"}],"author":"admin","twitter_card":"summary_large_image","twitter_misc":{"Written by":"admin","Est. reading time":"3 minutes"},"schema":{"@context":"https:\/\/schema.org","@graph":[{"@type":"Article","@id":"https:\/\/www.prijedordanas.com\/?p=137666#article","isPartOf":{"@id":"https:\/\/www.prijedordanas.com\/?p=137666"},"author":{"name":"admin","@id":"https:\/\/www.prijedordanas.com\/#\/schema\/person\/4e08ccf29b506ca916ff86d46bb700e6"},"headline":"Odlaskom stanovni\u0161tva \u201cVodovod i kanalizacija\u201d AD Prijedor izgubio 7.000 korisnika &#8211; VIDEO","datePublished":"2019-12-01T16:11:55+00:00","dateModified":"2019-12-01T16:29:10+00:00","mainEntityOfPage":{"@id":"https:\/\/www.prijedordanas.com\/?p=137666"},"wordCount":591,"publisher":{"@id":"https:\/\/www.prijedordanas.com\/#organization"},"articleSection":["Svakodnevno"],"inLanguage":"en-US"},{"@type":"WebPage","@id":"https:\/\/www.prijedordanas.com\/?p=137666","url":"https:\/\/www.prijedordanas.com\/?p=137666","name":"Odlaskom stanovni\u0161tva \u201cVodovod i kanalizacija\u201d AD Prijedor izgubio 7.000 korisnika - VIDEO - PrijedorDanas.com - Prijedorski gradski portal","isPartOf":{"@id":"https:\/\/www.prijedordanas.com\/#website"},"datePublished":"2019-12-01T16:11:55+00:00","dateModified":"2019-12-01T16:29:10+00:00","breadcrumb":{"@id":"https:\/\/www.prijedordanas.com\/?p=137666#breadcrumb"},"inLanguage":"en-US","potentialAction":[{"@type":"ReadAction","target":["https:\/\/www.prijedordanas.com\/?p=137666"]}]},{"@type":"BreadcrumbList","@id":"https:\/\/www.prijedordanas.com\/?p=137666#breadcrumb","itemListElement":[{"@type":"ListItem","position":1,"name":"Home","item":"https:\/\/www.prijedordanas.com\/"},{"@type":"ListItem","position":2,"name":"Odlaskom stanovni\u0161tva \u201cVodovod i kanalizacija\u201d AD Prijedor izgubio 7.000 korisnika &#8211; VIDEO"}]},{"@type":"WebSite","@id":"https:\/\/www.prijedordanas.com\/#website","url":"https:\/\/www.prijedordanas.com\/","name":"PrijedorDanas.com - Prijedorski gradski portal","description":"Portal o doga\u0111anjima u gradu Prijedoru","publisher":{"@id":"https:\/\/www.prijedordanas.com\/#organization"},"potentialAction":[{"@type":"SearchAction","target":{"@type":"EntryPoint","urlTemplate":"https:\/\/www.prijedordanas.com\/?s={search_term_string}"},"query-input":"required name=search_term_string"}],"inLanguage":"en-US"},{"@type":"Organization","@id":"https:\/\/www.prijedordanas.com\/#organization","name":"PrijedorDanas.com","url":"https:\/\/www.prijedordanas.com\/","logo":{"@type":"ImageObject","inLanguage":"en-US","@id":"https:\/\/www.prijedordanas.com\/#\/schema\/logo\/image\/","url":"http:\/\/www.prijedordanas.com\/wp-content\/uploads\/2021\/12\/logopng.png","contentUrl":"http:\/\/www.prijedordanas.com\/wp-content\/uploads\/2021\/12\/logopng.png","width":1019,"height":776,"caption":"PrijedorDanas.com"},"image":{"@id":"https:\/\/www.prijedordanas.com\/#\/schema\/logo\/image\/"},"sameAs":["https:\/\/www.facebook.com\/PrijedorDanasCom\/"]},{"@type":"Person","@id":"https:\/\/www.prijedordanas.com\/#\/schema\/person\/4e08ccf29b506ca916ff86d46bb700e6","name":"admin","image":{"@type":"ImageObject","inLanguage":"en-US","@id":"https:\/\/www.prijedordanas.com\/#\/schema\/person\/image\/","url":"https:\/\/secure.gravatar.com\/avatar\/1d3fc949d550f0b53a5f0d51e06dfd79?s=96&d=mm&r=g","contentUrl":"https:\/\/secure.gravatar.com\/avatar\/1d3fc949d550f0b53a5f0d51e06dfd79?s=96&d=mm&r=g","caption":"admin"},"url":"https:\/\/www.prijedordanas.com\/?author=1"}]}},"_links":{"self":[{"href":"https:\/\/www.prijedordanas.com\/index.php?rest_route=\/wp\/v2\/posts\/137666"}],"collection":[{"href":"https:\/\/www.prijedordanas.com\/index.php?rest_route=\/wp\/v2\/posts"}],"about":[{"href":"https:\/\/www.prijedordanas.com\/index.php?rest_route=\/wp\/v2\/types\/post"}],"author":[{"embeddable":true,"href":"https:\/\/www.prijedordanas.com\/index.php?rest_route=\/wp\/v2\/users\/1"}],"replies":[{"embeddable":true,"href":"https:\/\/www.prijedordanas.com\/index.php?rest_route=%2Fwp%2Fv2%2Fcomments&post=137666"}],"version-history":[{"count":1,"href":"https:\/\/www.prijedordanas.com\/index.php?rest_route=\/wp\/v2\/posts\/137666\/revisions"}],"predecessor-version":[{"id":137668,"href":"https:\/\/www.prijedordanas.com\/index.php?rest_route=\/wp\/v2\/posts\/137666\/revisions\/137668"}],"wp:attachment":[{"href":"https:\/\/www.prijedordanas.com\/index.php?rest_route=%2Fwp%2Fv2%2Fmedia&parent=137666"}],"wp:term":[{"taxonomy":"category","embeddable":true,"href":"https:\/\/www.prijedordanas.com\/index.php?rest_route=%2Fwp%2Fv2%2Fcategories&post=137666"},{"taxonomy":"post_tag","embeddable":true,"href":"https:\/\/www.prijedordanas.com\/index.php?rest_route=%2Fwp%2Fv2%2Ftags&post=137666"}],"curies":[{"name":"wp","href":"https:\/\/api.w.org\/{rel}","templated":true}]}}