{"id":137612,"date":"2019-11-30T09:19:31","date_gmt":"2019-11-30T08:19:31","guid":{"rendered":"https:\/\/www.prijedordanas.com\/?p=137612"},"modified":"2019-11-30T09:19:31","modified_gmt":"2019-11-30T08:19:31","slug":"investiciona-konferencija-prijedor-invest-2019-transformacija-metaloprerada-jedan-od-sektora-s-najvecim-rastom-u-prijedoru","status":"publish","type":"post","link":"https:\/\/www.prijedordanas.com\/?p=137612","title":{"rendered":"Investiciona konferencija &#8220;Prijedor Invest 2019: Transformacija&#8221;: Metaloprerada jedan od sektora s najve\u0107im rastom u Prijedoru"},"content":{"rendered":"<p><a href=\"https:\/\/www.prijedordanas.com\/wp-content\/uploads\/2019\/11\/prijedor-invest-2019-metaloprerada-1.jpg\"><img loading=\"lazy\" decoding=\"async\" src=\"https:\/\/www.prijedordanas.com\/wp-content\/uploads\/2019\/11\/prijedor-invest-2019-metaloprerada-1-300x222.jpg\" alt=\"\" width=\"300\" height=\"222\" class=\"alignleft size-medium wp-image-137609\" srcset=\"https:\/\/www.prijedordanas.com\/wp-content\/uploads\/2019\/11\/prijedor-invest-2019-metaloprerada-1-300x222.jpg 300w, https:\/\/www.prijedordanas.com\/wp-content\/uploads\/2019\/11\/prijedor-invest-2019-metaloprerada-1.jpg 675w\" sizes=\"(max-width: 300px) 100vw, 300px\" \/><\/a>Metaloprera\u0111iva\u010dka industrija jedan je od sektora sa najve\u0107im rastom u Prijedoru u proteklih \u0161est godina, izjavio je predstavnik Agencije za ekonomski razvoj &#8220;PREDA-PD&#8221; Goran Rodi\u0107.<\/p>\n<p>&#8220;U 2013. godini bilo je 299 radnika, a po zavr\u0161etku 2018. vi\u0161e od 500. Broj poslovnih subjekata porastao je sa 18 na 28, ukupan prihod sa 20 na 52 miliona maraka, a izvoz sa osam na 26 miliona maraka&#8221;, rekao je Rodi\u0107 na investicionoj konferenciji &#8220;Prijedor Invest 2019: Transformacija&#8221;.<\/p>\n<p>Direktor Agencije za promociju izvoza BiH Spoljnotrgovinske komore BiH Enes Ali\u0161kovi\u0107 rekao je da je Prijedor srednje razvijena zajednica, ali u pore\u0111enju sa nekim razvijenijim zajednicama, zbog svojih stabilnih makroekonomskim pokazatelja, ima daleko bolju perspektivu za dalji razvoj i dalja ulaganja.<\/p>\n<p>&#8220;Prijedor je u 2018. godini imao 120 miliona maraka izvoza i blizu 97 miliona maraka uvoza, gdje je u\u010de\u0161\u0107e metalske industrije u izvozu 25,6 odsto, a ako bismo ura\u010dunali i unutra\u0161nji promet rudnika do\u0161li bismo do oko 35 odsto \u0161to je i pokazatelj na nivou BiH&#8221;, naveo je Ali\u0161kovi\u0107.<\/p>\n<p><a href=\"https:\/\/www.prijedordanas.com\/wp-content\/uploads\/2019\/11\/prijedor-invest-2019-metaloprerada-2.jpg\"><img loading=\"lazy\" decoding=\"async\" src=\"https:\/\/www.prijedordanas.com\/wp-content\/uploads\/2019\/11\/prijedor-invest-2019-metaloprerada-2-300x200.jpg\" alt=\"\" width=\"300\" height=\"200\" class=\"alignleft size-medium wp-image-137610\" srcset=\"https:\/\/www.prijedordanas.com\/wp-content\/uploads\/2019\/11\/prijedor-invest-2019-metaloprerada-2-300x200.jpg 300w, https:\/\/www.prijedordanas.com\/wp-content\/uploads\/2019\/11\/prijedor-invest-2019-metaloprerada-2-480x320.jpg 480w, https:\/\/www.prijedordanas.com\/wp-content\/uploads\/2019\/11\/prijedor-invest-2019-metaloprerada-2.jpg 600w\" sizes=\"(max-width: 300px) 100vw, 300px\" \/><\/a>Prema njegovim rije\u010dima, problem je u cijeloj dr\u017eavi \u0161to se sa vi\u0161e razli\u010ditih nivoa daju subvencije za razvoj privrede i zapo\u0161ljaavanje, ali da nema niti evidencije niti evaluacije tog procesa odnosno nema mjerenja u\u010dinka datih subvencija.<\/p>\n<p>Predsjednik Upravnog odbora i jedan od suvlasnika prijedorske &#8220;Bosnamonta\u017ee&#8221; Du\u0161an Beri\u0107 podsjetio je na to da je ovo preduze\u0107e krenulo kao mala zanatska radionica 1957. godine, da je 80-ih imalo najve\u0107i procvat sa vi\u0161e od 1.000 radnika i da je poslije svih transformacija danas u vlasni\u0161tvu dva lica i u sistemu berzanskog poslovanja.<\/p>\n<p>&#8220;Znali smo nekada primiti po tri razreda bravara i zaposliti ih odmah kao gotove radnike jer je obrazovanje bilo takvo. Danas u Prijedoru nemamo nijedno odjeljenje bravara, a i kvalitet obrazovanja je takav da vi\u0161e ne daje spremne i osposobljene radnike&#8221;, rekao je Beri\u0107.<\/p>\n<p>On je naveo da je &#8220;Bosnamonta\u017ea&#8221; u 2010. godini imala prihod pet miliona maraka, a lani deset, da je prosje\u010dna plata sa 700 pove\u0107ana na 1.100 KM i da ima konstantan rast od 10 do 15 odsto godi\u0161nje, kao i izvanrednu likvidnost.<\/p>\n<p>&#8220;Na\u0161e poslovanje zavisi od investicionih projekata, kao \u0161to su rafinerije, cementare, fabrike \u0161e\u0107era, pivare. Ako nema investicija, bili bismo svedeni na poslove remonta&#8221;, dodao je Beri\u0107.<\/p>\n<p>Mirsad Rami\u0107, vlasnik &#8220;Kromeksa, jednog od najekspanzivnijih prijedorskih preduze\u0107a, rekao je da je tako\u0111e krenuo kao zanatska radnja s dva radnika 2000. godine, da je od 2010. restrukturisan u dru\u0161tvo ograni\u010dene odgovornosti, da u posljednjih pet godina puno ula\u017ee u nove tehnologije i da se okrenuo proizvodnji vlastitih finalnih proizvoda.<\/p>\n<p>&#8220;Ovu godinu zavr\u0161i\u0107emo s rastom od 20 odsto, a za 2020. godinu poslovanje \u0107e biti uslovljeno trendovima u automobilskoj industriji jer je refleksija neminovna i ovdje&#8221;, naveo je Rami\u0107.<\/p>\n<p>Prema njegovim rije\u010dima, jedan od najve\u0107ih problema u poslovanju je nepostojanje doma\u0107ih laboratorija i ku\u0107a koje su akreditovane za atestiranje i sertifikaciju proizvoda.<\/p>\n<p>&#8220;Nedavno smo imali situaciju da radimo guvernal za `Harli Dejvidson`. Tra\u017eili smo u Sarajevu da se proizvod atestira, uputili su nas u Austriju, iz Austrije u Holandiju, a iz Holandije u Zagreb u predstavni\u0161tvo holandske firme&#8221;, dodao je Rami\u0107.<\/p>\n<p>www.prijedorgrad.org<\/p>\n","protected":false},"excerpt":{"rendered":"<p>Metaloprera\u0111iva\u010dka industrija jedan je od sektora sa najve\u0107im rastom u Prijedoru u proteklih \u0161est godina, izjavio je predstavnik Agencije za ekonomski razvoj &#8220;PREDA-PD&#8221; Goran Rodi\u0107. &#8220;U 2013. godini bilo je [&hellip;]<\/p>\n","protected":false},"author":1,"featured_media":0,"comment_status":"closed","ping_status":"open","sticky":false,"template":"","format":"standard","meta":{"_monsterinsights_skip_tracking":false,"_monsterinsights_sitenote_active":false,"_monsterinsights_sitenote_note":"","_monsterinsights_sitenote_category":0,"footnotes":""},"categories":[8],"tags":[],"yoast_head":"<!-- This site is optimized with the Yoast SEO plugin v21.6 - https:\/\/yoast.com\/wordpress\/plugins\/seo\/ -->\n<title>Investiciona konferencija &quot;Prijedor Invest 2019: Transformacija&quot;: Metaloprerada jedan od sektora s najve\u0107im rastom u Prijedoru - PrijedorDanas.com - Prijedorski gradski portal<\/title>\n<meta name=\"robots\" content=\"index, follow, max-snippet:-1, max-image-preview:large, max-video-preview:-1\" \/>\n<link rel=\"canonical\" href=\"https:\/\/www.prijedordanas.com\/?p=137612\" \/>\n<meta property=\"og:locale\" content=\"en_US\" \/>\n<meta property=\"og:type\" content=\"article\" \/>\n<meta property=\"og:title\" content=\"Investiciona konferencija &quot;Prijedor Invest 2019: Transformacija&quot;: Metaloprerada jedan od sektora s najve\u0107im rastom u Prijedoru - PrijedorDanas.com - Prijedorski gradski portal\" \/>\n<meta property=\"og:description\" content=\"Metaloprera\u0111iva\u010dka industrija jedan je od sektora sa najve\u0107im rastom u Prijedoru u proteklih \u0161est godina, izjavio je predstavnik Agencije za ekonomski razvoj &#8220;PREDA-PD&#8221; Goran Rodi\u0107. &#8220;U 2013. godini bilo je [&hellip;]\" \/>\n<meta property=\"og:url\" content=\"https:\/\/www.prijedordanas.com\/?p=137612\" \/>\n<meta property=\"og:site_name\" content=\"PrijedorDanas.com - Prijedorski gradski portal\" \/>\n<meta property=\"article:publisher\" content=\"https:\/\/www.facebook.com\/PrijedorDanasCom\/\" \/>\n<meta property=\"article:published_time\" content=\"2019-11-30T08:19:31+00:00\" \/>\n<meta property=\"og:image\" content=\"https:\/\/www.prijedordanas.com\/wp-content\/uploads\/2019\/11\/prijedor-invest-2019-metaloprerada-1-300x222.jpg\" \/>\n<meta name=\"author\" content=\"admin\" \/>\n<meta name=\"twitter:card\" content=\"summary_large_image\" \/>\n<meta name=\"twitter:label1\" content=\"Written by\" \/>\n\t<meta name=\"twitter:data1\" content=\"admin\" \/>\n\t<meta name=\"twitter:label2\" content=\"Est. reading time\" \/>\n\t<meta name=\"twitter:data2\" content=\"3 minutes\" \/>\n<script type=\"application\/ld+json\" class=\"yoast-schema-graph\">{\"@context\":\"https:\/\/schema.org\",\"@graph\":[{\"@type\":\"Article\",\"@id\":\"https:\/\/www.prijedordanas.com\/?p=137612#article\",\"isPartOf\":{\"@id\":\"https:\/\/www.prijedordanas.com\/?p=137612\"},\"author\":{\"name\":\"admin\",\"@id\":\"https:\/\/www.prijedordanas.com\/#\/schema\/person\/4e08ccf29b506ca916ff86d46bb700e6\"},\"headline\":\"Investiciona konferencija &#8220;Prijedor Invest 2019: Transformacija&#8221;: Metaloprerada jedan od sektora s najve\u0107im rastom u Prijedoru\",\"datePublished\":\"2019-11-30T08:19:31+00:00\",\"dateModified\":\"2019-11-30T08:19:31+00:00\",\"mainEntityOfPage\":{\"@id\":\"https:\/\/www.prijedordanas.com\/?p=137612\"},\"wordCount\":543,\"publisher\":{\"@id\":\"https:\/\/www.prijedordanas.com\/#organization\"},\"articleSection\":[\"Svakodnevno\"],\"inLanguage\":\"en-US\"},{\"@type\":\"WebPage\",\"@id\":\"https:\/\/www.prijedordanas.com\/?p=137612\",\"url\":\"https:\/\/www.prijedordanas.com\/?p=137612\",\"name\":\"Investiciona konferencija \\\"Prijedor Invest 2019: Transformacija\\\": Metaloprerada jedan od sektora s najve\u0107im rastom u Prijedoru - PrijedorDanas.com - Prijedorski gradski portal\",\"isPartOf\":{\"@id\":\"https:\/\/www.prijedordanas.com\/#website\"},\"datePublished\":\"2019-11-30T08:19:31+00:00\",\"dateModified\":\"2019-11-30T08:19:31+00:00\",\"breadcrumb\":{\"@id\":\"https:\/\/www.prijedordanas.com\/?p=137612#breadcrumb\"},\"inLanguage\":\"en-US\",\"potentialAction\":[{\"@type\":\"ReadAction\",\"target\":[\"https:\/\/www.prijedordanas.com\/?p=137612\"]}]},{\"@type\":\"BreadcrumbList\",\"@id\":\"https:\/\/www.prijedordanas.com\/?p=137612#breadcrumb\",\"itemListElement\":[{\"@type\":\"ListItem\",\"position\":1,\"name\":\"Home\",\"item\":\"https:\/\/www.prijedordanas.com\/\"},{\"@type\":\"ListItem\",\"position\":2,\"name\":\"Investiciona konferencija &#8220;Prijedor Invest 2019: Transformacija&#8221;: Metaloprerada jedan od sektora s najve\u0107im rastom u Prijedoru\"}]},{\"@type\":\"WebSite\",\"@id\":\"https:\/\/www.prijedordanas.com\/#website\",\"url\":\"https:\/\/www.prijedordanas.com\/\",\"name\":\"PrijedorDanas.com - Prijedorski gradski portal\",\"description\":\"Portal o doga\u0111anjima u gradu Prijedoru\",\"publisher\":{\"@id\":\"https:\/\/www.prijedordanas.com\/#organization\"},\"potentialAction\":[{\"@type\":\"SearchAction\",\"target\":{\"@type\":\"EntryPoint\",\"urlTemplate\":\"https:\/\/www.prijedordanas.com\/?s={search_term_string}\"},\"query-input\":\"required name=search_term_string\"}],\"inLanguage\":\"en-US\"},{\"@type\":\"Organization\",\"@id\":\"https:\/\/www.prijedordanas.com\/#organization\",\"name\":\"PrijedorDanas.com\",\"url\":\"https:\/\/www.prijedordanas.com\/\",\"logo\":{\"@type\":\"ImageObject\",\"inLanguage\":\"en-US\",\"@id\":\"https:\/\/www.prijedordanas.com\/#\/schema\/logo\/image\/\",\"url\":\"http:\/\/www.prijedordanas.com\/wp-content\/uploads\/2021\/12\/logopng.png\",\"contentUrl\":\"http:\/\/www.prijedordanas.com\/wp-content\/uploads\/2021\/12\/logopng.png\",\"width\":1019,\"height\":776,\"caption\":\"PrijedorDanas.com\"},\"image\":{\"@id\":\"https:\/\/www.prijedordanas.com\/#\/schema\/logo\/image\/\"},\"sameAs\":[\"https:\/\/www.facebook.com\/PrijedorDanasCom\/\"]},{\"@type\":\"Person\",\"@id\":\"https:\/\/www.prijedordanas.com\/#\/schema\/person\/4e08ccf29b506ca916ff86d46bb700e6\",\"name\":\"admin\",\"image\":{\"@type\":\"ImageObject\",\"inLanguage\":\"en-US\",\"@id\":\"https:\/\/www.prijedordanas.com\/#\/schema\/person\/image\/\",\"url\":\"https:\/\/secure.gravatar.com\/avatar\/1d3fc949d550f0b53a5f0d51e06dfd79?s=96&d=mm&r=g\",\"contentUrl\":\"https:\/\/secure.gravatar.com\/avatar\/1d3fc949d550f0b53a5f0d51e06dfd79?s=96&d=mm&r=g\",\"caption\":\"admin\"},\"url\":\"https:\/\/www.prijedordanas.com\/?author=1\"}]}<\/script>\n<!-- \/ Yoast SEO plugin. -->","yoast_head_json":{"title":"Investiciona konferencija \"Prijedor Invest 2019: Transformacija\": Metaloprerada jedan od sektora s najve\u0107im rastom u Prijedoru - PrijedorDanas.com - Prijedorski gradski portal","robots":{"index":"index","follow":"follow","max-snippet":"max-snippet:-1","max-image-preview":"max-image-preview:large","max-video-preview":"max-video-preview:-1"},"canonical":"https:\/\/www.prijedordanas.com\/?p=137612","og_locale":"en_US","og_type":"article","og_title":"Investiciona konferencija \"Prijedor Invest 2019: Transformacija\": Metaloprerada jedan od sektora s najve\u0107im rastom u Prijedoru - PrijedorDanas.com - Prijedorski gradski portal","og_description":"Metaloprera\u0111iva\u010dka industrija jedan je od sektora sa najve\u0107im rastom u Prijedoru u proteklih \u0161est godina, izjavio je predstavnik Agencije za ekonomski razvoj &#8220;PREDA-PD&#8221; Goran Rodi\u0107. &#8220;U 2013. godini bilo je [&hellip;]","og_url":"https:\/\/www.prijedordanas.com\/?p=137612","og_site_name":"PrijedorDanas.com - Prijedorski gradski portal","article_publisher":"https:\/\/www.facebook.com\/PrijedorDanasCom\/","article_published_time":"2019-11-30T08:19:31+00:00","og_image":[{"url":"https:\/\/www.prijedordanas.com\/wp-content\/uploads\/2019\/11\/prijedor-invest-2019-metaloprerada-1-300x222.jpg"}],"author":"admin","twitter_card":"summary_large_image","twitter_misc":{"Written by":"admin","Est. reading time":"3 minutes"},"schema":{"@context":"https:\/\/schema.org","@graph":[{"@type":"Article","@id":"https:\/\/www.prijedordanas.com\/?p=137612#article","isPartOf":{"@id":"https:\/\/www.prijedordanas.com\/?p=137612"},"author":{"name":"admin","@id":"https:\/\/www.prijedordanas.com\/#\/schema\/person\/4e08ccf29b506ca916ff86d46bb700e6"},"headline":"Investiciona konferencija &#8220;Prijedor Invest 2019: Transformacija&#8221;: Metaloprerada jedan od sektora s najve\u0107im rastom u Prijedoru","datePublished":"2019-11-30T08:19:31+00:00","dateModified":"2019-11-30T08:19:31+00:00","mainEntityOfPage":{"@id":"https:\/\/www.prijedordanas.com\/?p=137612"},"wordCount":543,"publisher":{"@id":"https:\/\/www.prijedordanas.com\/#organization"},"articleSection":["Svakodnevno"],"inLanguage":"en-US"},{"@type":"WebPage","@id":"https:\/\/www.prijedordanas.com\/?p=137612","url":"https:\/\/www.prijedordanas.com\/?p=137612","name":"Investiciona konferencija \"Prijedor Invest 2019: Transformacija\": Metaloprerada jedan od sektora s najve\u0107im rastom u Prijedoru - PrijedorDanas.com - Prijedorski gradski portal","isPartOf":{"@id":"https:\/\/www.prijedordanas.com\/#website"},"datePublished":"2019-11-30T08:19:31+00:00","dateModified":"2019-11-30T08:19:31+00:00","breadcrumb":{"@id":"https:\/\/www.prijedordanas.com\/?p=137612#breadcrumb"},"inLanguage":"en-US","potentialAction":[{"@type":"ReadAction","target":["https:\/\/www.prijedordanas.com\/?p=137612"]}]},{"@type":"BreadcrumbList","@id":"https:\/\/www.prijedordanas.com\/?p=137612#breadcrumb","itemListElement":[{"@type":"ListItem","position":1,"name":"Home","item":"https:\/\/www.prijedordanas.com\/"},{"@type":"ListItem","position":2,"name":"Investiciona konferencija &#8220;Prijedor Invest 2019: Transformacija&#8221;: Metaloprerada jedan od sektora s najve\u0107im rastom u Prijedoru"}]},{"@type":"WebSite","@id":"https:\/\/www.prijedordanas.com\/#website","url":"https:\/\/www.prijedordanas.com\/","name":"PrijedorDanas.com - Prijedorski gradski portal","description":"Portal o doga\u0111anjima u gradu Prijedoru","publisher":{"@id":"https:\/\/www.prijedordanas.com\/#organization"},"potentialAction":[{"@type":"SearchAction","target":{"@type":"EntryPoint","urlTemplate":"https:\/\/www.prijedordanas.com\/?s={search_term_string}"},"query-input":"required name=search_term_string"}],"inLanguage":"en-US"},{"@type":"Organization","@id":"https:\/\/www.prijedordanas.com\/#organization","name":"PrijedorDanas.com","url":"https:\/\/www.prijedordanas.com\/","logo":{"@type":"ImageObject","inLanguage":"en-US","@id":"https:\/\/www.prijedordanas.com\/#\/schema\/logo\/image\/","url":"http:\/\/www.prijedordanas.com\/wp-content\/uploads\/2021\/12\/logopng.png","contentUrl":"http:\/\/www.prijedordanas.com\/wp-content\/uploads\/2021\/12\/logopng.png","width":1019,"height":776,"caption":"PrijedorDanas.com"},"image":{"@id":"https:\/\/www.prijedordanas.com\/#\/schema\/logo\/image\/"},"sameAs":["https:\/\/www.facebook.com\/PrijedorDanasCom\/"]},{"@type":"Person","@id":"https:\/\/www.prijedordanas.com\/#\/schema\/person\/4e08ccf29b506ca916ff86d46bb700e6","name":"admin","image":{"@type":"ImageObject","inLanguage":"en-US","@id":"https:\/\/www.prijedordanas.com\/#\/schema\/person\/image\/","url":"https:\/\/secure.gravatar.com\/avatar\/1d3fc949d550f0b53a5f0d51e06dfd79?s=96&d=mm&r=g","contentUrl":"https:\/\/secure.gravatar.com\/avatar\/1d3fc949d550f0b53a5f0d51e06dfd79?s=96&d=mm&r=g","caption":"admin"},"url":"https:\/\/www.prijedordanas.com\/?author=1"}]}},"_links":{"self":[{"href":"https:\/\/www.prijedordanas.com\/index.php?rest_route=\/wp\/v2\/posts\/137612"}],"collection":[{"href":"https:\/\/www.prijedordanas.com\/index.php?rest_route=\/wp\/v2\/posts"}],"about":[{"href":"https:\/\/www.prijedordanas.com\/index.php?rest_route=\/wp\/v2\/types\/post"}],"author":[{"embeddable":true,"href":"https:\/\/www.prijedordanas.com\/index.php?rest_route=\/wp\/v2\/users\/1"}],"replies":[{"embeddable":true,"href":"https:\/\/www.prijedordanas.com\/index.php?rest_route=%2Fwp%2Fv2%2Fcomments&post=137612"}],"version-history":[{"count":1,"href":"https:\/\/www.prijedordanas.com\/index.php?rest_route=\/wp\/v2\/posts\/137612\/revisions"}],"predecessor-version":[{"id":137613,"href":"https:\/\/www.prijedordanas.com\/index.php?rest_route=\/wp\/v2\/posts\/137612\/revisions\/137613"}],"wp:attachment":[{"href":"https:\/\/www.prijedordanas.com\/index.php?rest_route=%2Fwp%2Fv2%2Fmedia&parent=137612"}],"wp:term":[{"taxonomy":"category","embeddable":true,"href":"https:\/\/www.prijedordanas.com\/index.php?rest_route=%2Fwp%2Fv2%2Fcategories&post=137612"},{"taxonomy":"post_tag","embeddable":true,"href":"https:\/\/www.prijedordanas.com\/index.php?rest_route=%2Fwp%2Fv2%2Ftags&post=137612"}],"curies":[{"name":"wp","href":"https:\/\/api.w.org\/{rel}","templated":true}]}}