{"id":13741,"date":"2015-01-09T14:53:27","date_gmt":"2015-01-09T13:53:27","guid":{"rendered":"https:\/\/www.prijedordanas.com\/?p=13741"},"modified":"2015-01-09T14:53:27","modified_gmt":"2015-01-09T13:53:27","slug":"bozic-u-domu-jednog-od-najpoznatijih-bih-pcelara-na-praznicnoj-trpezi-obavezno-i-rajkova-medovaca","status":"publish","type":"post","link":"https:\/\/www.prijedordanas.com\/?p=13741","title":{"rendered":"BO\u017dI\u0106 U DOMU JEDNOG OD NAJPOZNATIJIH BIH P\u010cELARA: NA PRAZNI\u010cNOJ TRPEZI OBAVEZNO I RAJKOVA MEDOVA\u010cA"},"content":{"rendered":"<p><a href=\"https:\/\/www.prijedordanas.com\/wp-content\/uploads\/2015\/01\/avaz-bozic-radivojac-1.jpg\"><img loading=\"lazy\" decoding=\"async\" class=\"alignleft size-medium wp-image-13730\" src=\"https:\/\/www.prijedordanas.com\/wp-content\/uploads\/2015\/01\/avaz-bozic-radivojac-1-300x187.jpg\" alt=\"avaz-bozic-radivojac (1)\" width=\"300\" height=\"187\" srcset=\"https:\/\/www.prijedordanas.com\/wp-content\/uploads\/2015\/01\/avaz-bozic-radivojac-1-300x187.jpg 300w, https:\/\/www.prijedordanas.com\/wp-content\/uploads\/2015\/01\/avaz-bozic-radivojac-1.jpg 600w\" sizes=\"(max-width: 300px) 100vw, 300px\" \/><\/a>Rajko Radivojac, jedan od najpoznatijih bh. p\u010delara iz Petrovog Gaja kod Prijedora, pri\u010du o najradosnijem hri\u0161\u0107anskom prazniku Bo\u017ei\u0107u, koji je i ove godine do\u010dekao u krugu porodice, supruge, dvojice sinova i oca, po\u010dinje rije\u010dima da je bogat onaj \u010dovjek koji ima osmijeh na licu.<\/p>\n<p>\u017divotna filozofija<\/p>\n<p>&#8211; Tu svoju \u017eivotnu filozofiju prenio sam i na proizvodnju meda, kojom se godinama uspje\u0161no bavim. Ako ima\u0161 stotinu ko\u0161nica i osmijeh, onda si prebogat, a ako ima\u0161 sve, hrpu para, a nema\u0161 osmijeh, onda pripada\u0161 \u201enajsiroma\u0161nijim\u201c ljudima na svijetu i nema\u0161 ni\u0161ta &#8211; ka\u017ee Radivojac.<\/p>\n<p>Dodaje da ni ovog Bo\u017ei\u0107a na trpezi ne\u0107e zaboraviti specijalitet ku\u0107e, kri\u0161ke svje\u017ee jabuke koje uku\u0107ani uma\u010du u \u010diniju s medom.<\/p>\n<p><a href=\"https:\/\/www.prijedordanas.com\/wp-content\/uploads\/2015\/01\/avaz-bozic-radivojac-2.jpg\"><img loading=\"lazy\" decoding=\"async\" src=\"https:\/\/www.prijedordanas.com\/wp-content\/uploads\/2015\/01\/avaz-bozic-radivojac-2-300x225.jpg\" alt=\"avaz-bozic-radivojac (2)\" width=\"300\" height=\"225\" class=\"alignleft size-medium wp-image-13731\" srcset=\"https:\/\/www.prijedordanas.com\/wp-content\/uploads\/2015\/01\/avaz-bozic-radivojac-2-300x225.jpg 300w, https:\/\/www.prijedordanas.com\/wp-content\/uploads\/2015\/01\/avaz-bozic-radivojac-2.jpg 600w\" sizes=\"(max-width: 300px) 100vw, 300px\" \/><\/a>&#8211; Na stolu \u0107e biti i medova\u010da. Recept za pravljenje medova\u010de je vrlo jednostavan &#8211; 200 grama meda i litar dobre rakije. Sve se sastavi i mu\u0107ka nekoliko dana, potom procijedi i medova\u010da je spremna za upotrebu. Za nju je najbolji bagremov med &#8211; ka\u017ee Rajko, mada je s onim livadskim na svjetskom ocjenjivanju meda prije dvije godine dobio zlato.<\/p>\n<p>A od obi\u010daja koji prate proslavu Bo\u017ei\u0107a, Rajko isti\u010de jedan njemu posebno drag, specifi\u010dan ba\u0161 za njegov Petrov Gaj.<\/p>\n<p>Druga ku\u0107a<\/p>\n<p>&#8211; Rije\u010d je o pijukanju na Badnji dan u kojem svake godine u\u010destvuje najmanje desetak ku\u0107a. I svake godine pijukanje po\u010dinjemo iz druge ku\u0107e. U slami prostrtoj na podu, bombone, orahe, sitne pare&#8230; ne tra\u017ee samo oni koji tu trenutno \u017eive ve\u0107 i gosti sa strane, djeca koja su u me\u0111uvremenu odrasla, poudala se i po\u017eenila i sa sobom na Badnji dan, na pijukanje dovela svoju djecu. Pijukanje obavezno zavr\u0161avamo i vatrometom &#8211; poja\u0161njava obi\u010daje Radivojac i podsje\u0107a da je Bo\u017ei\u0107 blagdan pra\u0161tanja, u kojem se i oni koji su se \u201ezbog me\u0111a i politike sva\u0111ali tokom godine obavezno mire\u201c.<\/p>\n<p>Bagremov med<\/p>\n<p>Recept za pravljenje medova\u010de vrlo je jednostavan &#8211; 200 grama meda i litar dobre rakije. Sve se sastavi i mu\u0107ka nekoliko dana, potom procijedi i medova\u010da je spremna za upotrebu. Za nju je najbolji bagremov med.<\/p>\n<p>Dnevni avaz<\/p>\n","protected":false},"excerpt":{"rendered":"<p>Rajko Radivojac, jedan od najpoznatijih bh. p\u010delara iz Petrovog Gaja kod Prijedora, pri\u010du o najradosnijem hri\u0161\u0107anskom prazniku Bo\u017ei\u0107u, koji je i ove godine do\u010dekao u krugu porodice, supruge, dvojice sinova [&hellip;]<\/p>\n","protected":false},"author":1,"featured_media":0,"comment_status":"closed","ping_status":"open","sticky":false,"template":"","format":"standard","meta":{"_monsterinsights_skip_tracking":false,"_monsterinsights_sitenote_active":false,"_monsterinsights_sitenote_note":"","_monsterinsights_sitenote_category":0,"footnotes":""},"categories":[3],"tags":[],"yoast_head":"<!-- This site is optimized with the Yoast SEO plugin v21.6 - https:\/\/yoast.com\/wordpress\/plugins\/seo\/ -->\n<title>BO\u017dI\u0106 U DOMU JEDNOG OD NAJPOZNATIJIH BIH P\u010cELARA: NA PRAZNI\u010cNOJ TRPEZI OBAVEZNO I RAJKOVA MEDOVA\u010cA - PrijedorDanas.com - Prijedorski gradski portal<\/title>\n<meta name=\"robots\" content=\"index, follow, max-snippet:-1, max-image-preview:large, max-video-preview:-1\" \/>\n<link rel=\"canonical\" href=\"https:\/\/www.prijedordanas.com\/?p=13741\" \/>\n<meta property=\"og:locale\" content=\"en_US\" \/>\n<meta property=\"og:type\" content=\"article\" \/>\n<meta property=\"og:title\" content=\"BO\u017dI\u0106 U DOMU JEDNOG OD NAJPOZNATIJIH BIH P\u010cELARA: NA PRAZNI\u010cNOJ TRPEZI OBAVEZNO I RAJKOVA MEDOVA\u010cA - PrijedorDanas.com - Prijedorski gradski portal\" \/>\n<meta property=\"og:description\" content=\"Rajko Radivojac, jedan od najpoznatijih bh. p\u010delara iz Petrovog Gaja kod Prijedora, pri\u010du o najradosnijem hri\u0161\u0107anskom prazniku Bo\u017ei\u0107u, koji je i ove godine do\u010dekao u krugu porodice, supruge, dvojice sinova [&hellip;]\" \/>\n<meta property=\"og:url\" content=\"https:\/\/www.prijedordanas.com\/?p=13741\" \/>\n<meta property=\"og:site_name\" content=\"PrijedorDanas.com - Prijedorski gradski portal\" \/>\n<meta property=\"article:publisher\" content=\"https:\/\/www.facebook.com\/PrijedorDanasCom\/\" \/>\n<meta property=\"article:published_time\" content=\"2015-01-09T13:53:27+00:00\" \/>\n<meta property=\"og:image\" content=\"https:\/\/www.prijedordanas.com\/wp-content\/uploads\/2015\/01\/avaz-bozic-radivojac-1-300x187.jpg\" \/>\n<meta name=\"author\" content=\"admin\" \/>\n<meta name=\"twitter:card\" content=\"summary_large_image\" \/>\n<meta name=\"twitter:label1\" content=\"Written by\" \/>\n\t<meta name=\"twitter:data1\" content=\"admin\" \/>\n\t<meta name=\"twitter:label2\" content=\"Est. reading time\" \/>\n\t<meta name=\"twitter:data2\" content=\"2 minutes\" \/>\n<script type=\"application\/ld+json\" class=\"yoast-schema-graph\">{\"@context\":\"https:\/\/schema.org\",\"@graph\":[{\"@type\":\"Article\",\"@id\":\"https:\/\/www.prijedordanas.com\/?p=13741#article\",\"isPartOf\":{\"@id\":\"https:\/\/www.prijedordanas.com\/?p=13741\"},\"author\":{\"name\":\"admin\",\"@id\":\"https:\/\/www.prijedordanas.com\/#\/schema\/person\/4e08ccf29b506ca916ff86d46bb700e6\"},\"headline\":\"BO\u017dI\u0106 U DOMU JEDNOG OD NAJPOZNATIJIH BIH P\u010cELARA: NA PRAZNI\u010cNOJ TRPEZI OBAVEZNO I RAJKOVA MEDOVA\u010cA\",\"datePublished\":\"2015-01-09T13:53:27+00:00\",\"dateModified\":\"2015-01-09T13:53:27+00:00\",\"mainEntityOfPage\":{\"@id\":\"https:\/\/www.prijedordanas.com\/?p=13741\"},\"wordCount\":401,\"publisher\":{\"@id\":\"https:\/\/www.prijedordanas.com\/#organization\"},\"articleSection\":[\"\u017divot\"],\"inLanguage\":\"en-US\"},{\"@type\":\"WebPage\",\"@id\":\"https:\/\/www.prijedordanas.com\/?p=13741\",\"url\":\"https:\/\/www.prijedordanas.com\/?p=13741\",\"name\":\"BO\u017dI\u0106 U DOMU JEDNOG OD NAJPOZNATIJIH BIH P\u010cELARA: NA PRAZNI\u010cNOJ TRPEZI OBAVEZNO I RAJKOVA MEDOVA\u010cA - PrijedorDanas.com - Prijedorski gradski portal\",\"isPartOf\":{\"@id\":\"https:\/\/www.prijedordanas.com\/#website\"},\"datePublished\":\"2015-01-09T13:53:27+00:00\",\"dateModified\":\"2015-01-09T13:53:27+00:00\",\"breadcrumb\":{\"@id\":\"https:\/\/www.prijedordanas.com\/?p=13741#breadcrumb\"},\"inLanguage\":\"en-US\",\"potentialAction\":[{\"@type\":\"ReadAction\",\"target\":[\"https:\/\/www.prijedordanas.com\/?p=13741\"]}]},{\"@type\":\"BreadcrumbList\",\"@id\":\"https:\/\/www.prijedordanas.com\/?p=13741#breadcrumb\",\"itemListElement\":[{\"@type\":\"ListItem\",\"position\":1,\"name\":\"Home\",\"item\":\"https:\/\/www.prijedordanas.com\/\"},{\"@type\":\"ListItem\",\"position\":2,\"name\":\"BO\u017dI\u0106 U DOMU JEDNOG OD NAJPOZNATIJIH BIH P\u010cELARA: NA PRAZNI\u010cNOJ TRPEZI OBAVEZNO I RAJKOVA MEDOVA\u010cA\"}]},{\"@type\":\"WebSite\",\"@id\":\"https:\/\/www.prijedordanas.com\/#website\",\"url\":\"https:\/\/www.prijedordanas.com\/\",\"name\":\"PrijedorDanas.com - Prijedorski gradski portal\",\"description\":\"Portal o doga\u0111anjima u gradu Prijedoru\",\"publisher\":{\"@id\":\"https:\/\/www.prijedordanas.com\/#organization\"},\"potentialAction\":[{\"@type\":\"SearchAction\",\"target\":{\"@type\":\"EntryPoint\",\"urlTemplate\":\"https:\/\/www.prijedordanas.com\/?s={search_term_string}\"},\"query-input\":\"required name=search_term_string\"}],\"inLanguage\":\"en-US\"},{\"@type\":\"Organization\",\"@id\":\"https:\/\/www.prijedordanas.com\/#organization\",\"name\":\"PrijedorDanas.com\",\"url\":\"https:\/\/www.prijedordanas.com\/\",\"logo\":{\"@type\":\"ImageObject\",\"inLanguage\":\"en-US\",\"@id\":\"https:\/\/www.prijedordanas.com\/#\/schema\/logo\/image\/\",\"url\":\"http:\/\/www.prijedordanas.com\/wp-content\/uploads\/2021\/12\/logopng.png\",\"contentUrl\":\"http:\/\/www.prijedordanas.com\/wp-content\/uploads\/2021\/12\/logopng.png\",\"width\":1019,\"height\":776,\"caption\":\"PrijedorDanas.com\"},\"image\":{\"@id\":\"https:\/\/www.prijedordanas.com\/#\/schema\/logo\/image\/\"},\"sameAs\":[\"https:\/\/www.facebook.com\/PrijedorDanasCom\/\"]},{\"@type\":\"Person\",\"@id\":\"https:\/\/www.prijedordanas.com\/#\/schema\/person\/4e08ccf29b506ca916ff86d46bb700e6\",\"name\":\"admin\",\"image\":{\"@type\":\"ImageObject\",\"inLanguage\":\"en-US\",\"@id\":\"https:\/\/www.prijedordanas.com\/#\/schema\/person\/image\/\",\"url\":\"https:\/\/secure.gravatar.com\/avatar\/1d3fc949d550f0b53a5f0d51e06dfd79?s=96&d=mm&r=g\",\"contentUrl\":\"https:\/\/secure.gravatar.com\/avatar\/1d3fc949d550f0b53a5f0d51e06dfd79?s=96&d=mm&r=g\",\"caption\":\"admin\"},\"url\":\"https:\/\/www.prijedordanas.com\/?author=1\"}]}<\/script>\n<!-- \/ Yoast SEO plugin. -->","yoast_head_json":{"title":"BO\u017dI\u0106 U DOMU JEDNOG OD NAJPOZNATIJIH BIH P\u010cELARA: NA PRAZNI\u010cNOJ TRPEZI OBAVEZNO I RAJKOVA MEDOVA\u010cA - PrijedorDanas.com - Prijedorski gradski portal","robots":{"index":"index","follow":"follow","max-snippet":"max-snippet:-1","max-image-preview":"max-image-preview:large","max-video-preview":"max-video-preview:-1"},"canonical":"https:\/\/www.prijedordanas.com\/?p=13741","og_locale":"en_US","og_type":"article","og_title":"BO\u017dI\u0106 U DOMU JEDNOG OD NAJPOZNATIJIH BIH P\u010cELARA: NA PRAZNI\u010cNOJ TRPEZI OBAVEZNO I RAJKOVA MEDOVA\u010cA - PrijedorDanas.com - Prijedorski gradski portal","og_description":"Rajko Radivojac, jedan od najpoznatijih bh. p\u010delara iz Petrovog Gaja kod Prijedora, pri\u010du o najradosnijem hri\u0161\u0107anskom prazniku Bo\u017ei\u0107u, koji je i ove godine do\u010dekao u krugu porodice, supruge, dvojice sinova [&hellip;]","og_url":"https:\/\/www.prijedordanas.com\/?p=13741","og_site_name":"PrijedorDanas.com - Prijedorski gradski portal","article_publisher":"https:\/\/www.facebook.com\/PrijedorDanasCom\/","article_published_time":"2015-01-09T13:53:27+00:00","og_image":[{"url":"https:\/\/www.prijedordanas.com\/wp-content\/uploads\/2015\/01\/avaz-bozic-radivojac-1-300x187.jpg"}],"author":"admin","twitter_card":"summary_large_image","twitter_misc":{"Written by":"admin","Est. reading time":"2 minutes"},"schema":{"@context":"https:\/\/schema.org","@graph":[{"@type":"Article","@id":"https:\/\/www.prijedordanas.com\/?p=13741#article","isPartOf":{"@id":"https:\/\/www.prijedordanas.com\/?p=13741"},"author":{"name":"admin","@id":"https:\/\/www.prijedordanas.com\/#\/schema\/person\/4e08ccf29b506ca916ff86d46bb700e6"},"headline":"BO\u017dI\u0106 U DOMU JEDNOG OD NAJPOZNATIJIH BIH P\u010cELARA: NA PRAZNI\u010cNOJ TRPEZI OBAVEZNO I RAJKOVA MEDOVA\u010cA","datePublished":"2015-01-09T13:53:27+00:00","dateModified":"2015-01-09T13:53:27+00:00","mainEntityOfPage":{"@id":"https:\/\/www.prijedordanas.com\/?p=13741"},"wordCount":401,"publisher":{"@id":"https:\/\/www.prijedordanas.com\/#organization"},"articleSection":["\u017divot"],"inLanguage":"en-US"},{"@type":"WebPage","@id":"https:\/\/www.prijedordanas.com\/?p=13741","url":"https:\/\/www.prijedordanas.com\/?p=13741","name":"BO\u017dI\u0106 U DOMU JEDNOG OD NAJPOZNATIJIH BIH P\u010cELARA: NA PRAZNI\u010cNOJ TRPEZI OBAVEZNO I RAJKOVA MEDOVA\u010cA - PrijedorDanas.com - Prijedorski gradski portal","isPartOf":{"@id":"https:\/\/www.prijedordanas.com\/#website"},"datePublished":"2015-01-09T13:53:27+00:00","dateModified":"2015-01-09T13:53:27+00:00","breadcrumb":{"@id":"https:\/\/www.prijedordanas.com\/?p=13741#breadcrumb"},"inLanguage":"en-US","potentialAction":[{"@type":"ReadAction","target":["https:\/\/www.prijedordanas.com\/?p=13741"]}]},{"@type":"BreadcrumbList","@id":"https:\/\/www.prijedordanas.com\/?p=13741#breadcrumb","itemListElement":[{"@type":"ListItem","position":1,"name":"Home","item":"https:\/\/www.prijedordanas.com\/"},{"@type":"ListItem","position":2,"name":"BO\u017dI\u0106 U DOMU JEDNOG OD NAJPOZNATIJIH BIH P\u010cELARA: NA PRAZNI\u010cNOJ TRPEZI OBAVEZNO I RAJKOVA MEDOVA\u010cA"}]},{"@type":"WebSite","@id":"https:\/\/www.prijedordanas.com\/#website","url":"https:\/\/www.prijedordanas.com\/","name":"PrijedorDanas.com - Prijedorski gradski portal","description":"Portal o doga\u0111anjima u gradu Prijedoru","publisher":{"@id":"https:\/\/www.prijedordanas.com\/#organization"},"potentialAction":[{"@type":"SearchAction","target":{"@type":"EntryPoint","urlTemplate":"https:\/\/www.prijedordanas.com\/?s={search_term_string}"},"query-input":"required name=search_term_string"}],"inLanguage":"en-US"},{"@type":"Organization","@id":"https:\/\/www.prijedordanas.com\/#organization","name":"PrijedorDanas.com","url":"https:\/\/www.prijedordanas.com\/","logo":{"@type":"ImageObject","inLanguage":"en-US","@id":"https:\/\/www.prijedordanas.com\/#\/schema\/logo\/image\/","url":"http:\/\/www.prijedordanas.com\/wp-content\/uploads\/2021\/12\/logopng.png","contentUrl":"http:\/\/www.prijedordanas.com\/wp-content\/uploads\/2021\/12\/logopng.png","width":1019,"height":776,"caption":"PrijedorDanas.com"},"image":{"@id":"https:\/\/www.prijedordanas.com\/#\/schema\/logo\/image\/"},"sameAs":["https:\/\/www.facebook.com\/PrijedorDanasCom\/"]},{"@type":"Person","@id":"https:\/\/www.prijedordanas.com\/#\/schema\/person\/4e08ccf29b506ca916ff86d46bb700e6","name":"admin","image":{"@type":"ImageObject","inLanguage":"en-US","@id":"https:\/\/www.prijedordanas.com\/#\/schema\/person\/image\/","url":"https:\/\/secure.gravatar.com\/avatar\/1d3fc949d550f0b53a5f0d51e06dfd79?s=96&d=mm&r=g","contentUrl":"https:\/\/secure.gravatar.com\/avatar\/1d3fc949d550f0b53a5f0d51e06dfd79?s=96&d=mm&r=g","caption":"admin"},"url":"https:\/\/www.prijedordanas.com\/?author=1"}]}},"_links":{"self":[{"href":"https:\/\/www.prijedordanas.com\/index.php?rest_route=\/wp\/v2\/posts\/13741"}],"collection":[{"href":"https:\/\/www.prijedordanas.com\/index.php?rest_route=\/wp\/v2\/posts"}],"about":[{"href":"https:\/\/www.prijedordanas.com\/index.php?rest_route=\/wp\/v2\/types\/post"}],"author":[{"embeddable":true,"href":"https:\/\/www.prijedordanas.com\/index.php?rest_route=\/wp\/v2\/users\/1"}],"replies":[{"embeddable":true,"href":"https:\/\/www.prijedordanas.com\/index.php?rest_route=%2Fwp%2Fv2%2Fcomments&post=13741"}],"version-history":[{"count":1,"href":"https:\/\/www.prijedordanas.com\/index.php?rest_route=\/wp\/v2\/posts\/13741\/revisions"}],"predecessor-version":[{"id":13742,"href":"https:\/\/www.prijedordanas.com\/index.php?rest_route=\/wp\/v2\/posts\/13741\/revisions\/13742"}],"wp:attachment":[{"href":"https:\/\/www.prijedordanas.com\/index.php?rest_route=%2Fwp%2Fv2%2Fmedia&parent=13741"}],"wp:term":[{"taxonomy":"category","embeddable":true,"href":"https:\/\/www.prijedordanas.com\/index.php?rest_route=%2Fwp%2Fv2%2Fcategories&post=13741"},{"taxonomy":"post_tag","embeddable":true,"href":"https:\/\/www.prijedordanas.com\/index.php?rest_route=%2Fwp%2Fv2%2Ftags&post=13741"}],"curies":[{"name":"wp","href":"https:\/\/api.w.org\/{rel}","templated":true}]}}