{"id":137387,"date":"2019-11-26T16:58:20","date_gmt":"2019-11-26T15:58:20","guid":{"rendered":"https:\/\/www.prijedordanas.com\/?p=137387"},"modified":"2019-11-26T16:58:20","modified_gmt":"2019-11-26T15:58:20","slug":"skupstina-grada-prijedora-danas-o-inicijativi-za-osnivanje-opstine-omarska","status":"publish","type":"post","link":"https:\/\/www.prijedordanas.com\/?p=137387","title":{"rendered":"Skup\u0161tina grada Prijedora: Danas o inicijativi za osnivanje op\u0161tine Omarska"},"content":{"rendered":"<p><a href=\"https:\/\/www.prijedordanas.com\/wp-content\/uploads\/2019\/11\/skupstina-grada-26novembar-1.jpg\"><img loading=\"lazy\" decoding=\"async\" class=\"alignleft size-medium wp-image-137390\" src=\"https:\/\/www.prijedordanas.com\/wp-content\/uploads\/2019\/11\/skupstina-grada-26novembar-1-300x217.jpg\" alt=\"\" width=\"300\" height=\"217\" srcset=\"https:\/\/www.prijedordanas.com\/wp-content\/uploads\/2019\/11\/skupstina-grada-26novembar-1-300x217.jpg 300w, https:\/\/www.prijedordanas.com\/wp-content\/uploads\/2019\/11\/skupstina-grada-26novembar-1.jpg 690w\" sizes=\"(max-width: 300px) 100vw, 300px\" \/><\/a>Skup\u0161tina grada Prijedora razmatra\u0107e danas inicijativu o osnivanju op\u0161tine Omarska.<\/p>\n<p>Odbornik SDA Mesud Trnjanin zatra\u017eio je da se ova ta\u010dka povu\u010de s dnevnog reda jer teritorijalno razgrani\u010denje ponu\u0111eno u inicijativi nije, prema njegovim rije\u010dima, u skladu sa zakonskim propisima o teritorijalnoj organizaciji.<\/p>\n<p>NJegov prijedlog za povla\u010denje ove ta\u010dke podr\u017eale su njegove strana\u010dke kolege, te odbornici DNS-a, SDP-a i DF-a, dva od pet odbornika SDS-a bili su uzdr\u017eani, a protiv povla\u010denja glasali su odbornici SNSD-a, tri od pet odbornika SDS-a, PDP i pet samostalnih odbornika.<\/p>\n<p><a href=\"https:\/\/www.prijedordanas.com\/wp-content\/uploads\/2019\/11\/skupstina-grada-26novembar-2.jpg\"><img loading=\"lazy\" decoding=\"async\" src=\"https:\/\/www.prijedordanas.com\/wp-content\/uploads\/2019\/11\/skupstina-grada-26novembar-2-300x217.jpg\" alt=\"\" width=\"300\" height=\"217\" class=\"alignleft size-medium wp-image-137391\" srcset=\"https:\/\/www.prijedordanas.com\/wp-content\/uploads\/2019\/11\/skupstina-grada-26novembar-2-300x217.jpg 300w, https:\/\/www.prijedordanas.com\/wp-content\/uploads\/2019\/11\/skupstina-grada-26novembar-2.jpg 690w\" sizes=\"(max-width: 300px) 100vw, 300px\" \/><\/a>Na dnevni red je, osim ove ta\u010dke i nacrta bud\u017eeta grada za 2020. godinu, uvr\u0161tena i inicijativa odbornika DF-a Mirsada Duratovi\u0107a da se smijeni Milenko Radivojac sa mjesta predsjednika Komisije za imenovanje ulica i trgova.<\/p>\n<p>&#8220;Osnovni razlog je da je ova komisija 21 mjesec nakon okon\u010danja javnog poziva za dostavljanje prijedloga za imena neimenovanih ulica imala samo jednu sjednicu, da na toj sjednici \u010dlanovi nisu dobili materijal i da do sada posao nije ura\u0111en&#8221;, rekao je Duratovi\u0107.<\/p>\n<p>Za dnevni red sa ove tri ta\u010dke i redovnu ta\u010dku aktuelni \u010das glasalo je 26 odbornika, a odbornici SDA i SDP-a BiH bili su protiv. Sjednici prisustvuje 30 odbornika.<\/p>\n<p>SRNA<\/p>\n","protected":false},"excerpt":{"rendered":"<p>Skup\u0161tina grada Prijedora razmatra\u0107e danas inicijativu o osnivanju op\u0161tine Omarska. Odbornik SDA Mesud Trnjanin zatra\u017eio je da se ova ta\u010dka povu\u010de s dnevnog reda jer teritorijalno razgrani\u010denje ponu\u0111eno u inicijativi [&hellip;]<\/p>\n","protected":false},"author":1,"featured_media":0,"comment_status":"closed","ping_status":"open","sticky":false,"template":"","format":"standard","meta":{"_monsterinsights_skip_tracking":false,"_monsterinsights_sitenote_active":false,"_monsterinsights_sitenote_note":"","_monsterinsights_sitenote_category":0,"footnotes":""},"categories":[4],"tags":[],"yoast_head":"<!-- This site is optimized with the Yoast SEO plugin v21.6 - https:\/\/yoast.com\/wordpress\/plugins\/seo\/ -->\n<title>Skup\u0161tina grada Prijedora: Danas o inicijativi za osnivanje op\u0161tine Omarska - PrijedorDanas.com - Prijedorski gradski portal<\/title>\n<meta name=\"robots\" content=\"index, follow, max-snippet:-1, max-image-preview:large, max-video-preview:-1\" \/>\n<link rel=\"canonical\" href=\"https:\/\/www.prijedordanas.com\/?p=137387\" \/>\n<meta property=\"og:locale\" content=\"en_US\" \/>\n<meta property=\"og:type\" content=\"article\" \/>\n<meta property=\"og:title\" content=\"Skup\u0161tina grada Prijedora: Danas o inicijativi za osnivanje op\u0161tine Omarska - PrijedorDanas.com - Prijedorski gradski portal\" \/>\n<meta property=\"og:description\" content=\"Skup\u0161tina grada Prijedora razmatra\u0107e danas inicijativu o osnivanju op\u0161tine Omarska. Odbornik SDA Mesud Trnjanin zatra\u017eio je da se ova ta\u010dka povu\u010de s dnevnog reda jer teritorijalno razgrani\u010denje ponu\u0111eno u inicijativi [&hellip;]\" \/>\n<meta property=\"og:url\" content=\"https:\/\/www.prijedordanas.com\/?p=137387\" \/>\n<meta property=\"og:site_name\" content=\"PrijedorDanas.com - Prijedorski gradski portal\" \/>\n<meta property=\"article:publisher\" content=\"https:\/\/www.facebook.com\/PrijedorDanasCom\/\" \/>\n<meta property=\"article:published_time\" content=\"2019-11-26T15:58:20+00:00\" \/>\n<meta property=\"og:image\" content=\"https:\/\/www.prijedordanas.com\/wp-content\/uploads\/2019\/11\/skupstina-grada-26novembar-1-300x217.jpg\" \/>\n<meta name=\"author\" content=\"admin\" \/>\n<meta name=\"twitter:card\" content=\"summary_large_image\" \/>\n<meta name=\"twitter:label1\" content=\"Written by\" \/>\n\t<meta name=\"twitter:data1\" content=\"admin\" \/>\n\t<meta name=\"twitter:label2\" content=\"Est. reading time\" \/>\n\t<meta name=\"twitter:data2\" content=\"1 minute\" \/>\n<script type=\"application\/ld+json\" class=\"yoast-schema-graph\">{\"@context\":\"https:\/\/schema.org\",\"@graph\":[{\"@type\":\"Article\",\"@id\":\"https:\/\/www.prijedordanas.com\/?p=137387#article\",\"isPartOf\":{\"@id\":\"https:\/\/www.prijedordanas.com\/?p=137387\"},\"author\":{\"name\":\"admin\",\"@id\":\"https:\/\/www.prijedordanas.com\/#\/schema\/person\/4e08ccf29b506ca916ff86d46bb700e6\"},\"headline\":\"Skup\u0161tina grada Prijedora: Danas o inicijativi za osnivanje op\u0161tine Omarska\",\"datePublished\":\"2019-11-26T15:58:20+00:00\",\"dateModified\":\"2019-11-26T15:58:20+00:00\",\"mainEntityOfPage\":{\"@id\":\"https:\/\/www.prijedordanas.com\/?p=137387\"},\"wordCount\":222,\"publisher\":{\"@id\":\"https:\/\/www.prijedordanas.com\/#organization\"},\"articleSection\":[\"Dru\u0161tvo\"],\"inLanguage\":\"en-US\"},{\"@type\":\"WebPage\",\"@id\":\"https:\/\/www.prijedordanas.com\/?p=137387\",\"url\":\"https:\/\/www.prijedordanas.com\/?p=137387\",\"name\":\"Skup\u0161tina grada Prijedora: Danas o inicijativi za osnivanje op\u0161tine Omarska - PrijedorDanas.com - Prijedorski gradski portal\",\"isPartOf\":{\"@id\":\"https:\/\/www.prijedordanas.com\/#website\"},\"datePublished\":\"2019-11-26T15:58:20+00:00\",\"dateModified\":\"2019-11-26T15:58:20+00:00\",\"breadcrumb\":{\"@id\":\"https:\/\/www.prijedordanas.com\/?p=137387#breadcrumb\"},\"inLanguage\":\"en-US\",\"potentialAction\":[{\"@type\":\"ReadAction\",\"target\":[\"https:\/\/www.prijedordanas.com\/?p=137387\"]}]},{\"@type\":\"BreadcrumbList\",\"@id\":\"https:\/\/www.prijedordanas.com\/?p=137387#breadcrumb\",\"itemListElement\":[{\"@type\":\"ListItem\",\"position\":1,\"name\":\"Home\",\"item\":\"https:\/\/www.prijedordanas.com\/\"},{\"@type\":\"ListItem\",\"position\":2,\"name\":\"Skup\u0161tina grada Prijedora: Danas o inicijativi za osnivanje op\u0161tine Omarska\"}]},{\"@type\":\"WebSite\",\"@id\":\"https:\/\/www.prijedordanas.com\/#website\",\"url\":\"https:\/\/www.prijedordanas.com\/\",\"name\":\"PrijedorDanas.com - Prijedorski gradski portal\",\"description\":\"Portal o doga\u0111anjima u gradu Prijedoru\",\"publisher\":{\"@id\":\"https:\/\/www.prijedordanas.com\/#organization\"},\"potentialAction\":[{\"@type\":\"SearchAction\",\"target\":{\"@type\":\"EntryPoint\",\"urlTemplate\":\"https:\/\/www.prijedordanas.com\/?s={search_term_string}\"},\"query-input\":\"required name=search_term_string\"}],\"inLanguage\":\"en-US\"},{\"@type\":\"Organization\",\"@id\":\"https:\/\/www.prijedordanas.com\/#organization\",\"name\":\"PrijedorDanas.com\",\"url\":\"https:\/\/www.prijedordanas.com\/\",\"logo\":{\"@type\":\"ImageObject\",\"inLanguage\":\"en-US\",\"@id\":\"https:\/\/www.prijedordanas.com\/#\/schema\/logo\/image\/\",\"url\":\"http:\/\/www.prijedordanas.com\/wp-content\/uploads\/2021\/12\/logopng.png\",\"contentUrl\":\"http:\/\/www.prijedordanas.com\/wp-content\/uploads\/2021\/12\/logopng.png\",\"width\":1019,\"height\":776,\"caption\":\"PrijedorDanas.com\"},\"image\":{\"@id\":\"https:\/\/www.prijedordanas.com\/#\/schema\/logo\/image\/\"},\"sameAs\":[\"https:\/\/www.facebook.com\/PrijedorDanasCom\/\"]},{\"@type\":\"Person\",\"@id\":\"https:\/\/www.prijedordanas.com\/#\/schema\/person\/4e08ccf29b506ca916ff86d46bb700e6\",\"name\":\"admin\",\"image\":{\"@type\":\"ImageObject\",\"inLanguage\":\"en-US\",\"@id\":\"https:\/\/www.prijedordanas.com\/#\/schema\/person\/image\/\",\"url\":\"https:\/\/secure.gravatar.com\/avatar\/1d3fc949d550f0b53a5f0d51e06dfd79?s=96&d=mm&r=g\",\"contentUrl\":\"https:\/\/secure.gravatar.com\/avatar\/1d3fc949d550f0b53a5f0d51e06dfd79?s=96&d=mm&r=g\",\"caption\":\"admin\"},\"url\":\"https:\/\/www.prijedordanas.com\/?author=1\"}]}<\/script>\n<!-- \/ Yoast SEO plugin. -->","yoast_head_json":{"title":"Skup\u0161tina grada Prijedora: Danas o inicijativi za osnivanje op\u0161tine Omarska - PrijedorDanas.com - Prijedorski gradski portal","robots":{"index":"index","follow":"follow","max-snippet":"max-snippet:-1","max-image-preview":"max-image-preview:large","max-video-preview":"max-video-preview:-1"},"canonical":"https:\/\/www.prijedordanas.com\/?p=137387","og_locale":"en_US","og_type":"article","og_title":"Skup\u0161tina grada Prijedora: Danas o inicijativi za osnivanje op\u0161tine Omarska - PrijedorDanas.com - Prijedorski gradski portal","og_description":"Skup\u0161tina grada Prijedora razmatra\u0107e danas inicijativu o osnivanju op\u0161tine Omarska. Odbornik SDA Mesud Trnjanin zatra\u017eio je da se ova ta\u010dka povu\u010de s dnevnog reda jer teritorijalno razgrani\u010denje ponu\u0111eno u inicijativi [&hellip;]","og_url":"https:\/\/www.prijedordanas.com\/?p=137387","og_site_name":"PrijedorDanas.com - Prijedorski gradski portal","article_publisher":"https:\/\/www.facebook.com\/PrijedorDanasCom\/","article_published_time":"2019-11-26T15:58:20+00:00","og_image":[{"url":"https:\/\/www.prijedordanas.com\/wp-content\/uploads\/2019\/11\/skupstina-grada-26novembar-1-300x217.jpg"}],"author":"admin","twitter_card":"summary_large_image","twitter_misc":{"Written by":"admin","Est. reading time":"1 minute"},"schema":{"@context":"https:\/\/schema.org","@graph":[{"@type":"Article","@id":"https:\/\/www.prijedordanas.com\/?p=137387#article","isPartOf":{"@id":"https:\/\/www.prijedordanas.com\/?p=137387"},"author":{"name":"admin","@id":"https:\/\/www.prijedordanas.com\/#\/schema\/person\/4e08ccf29b506ca916ff86d46bb700e6"},"headline":"Skup\u0161tina grada Prijedora: Danas o inicijativi za osnivanje op\u0161tine Omarska","datePublished":"2019-11-26T15:58:20+00:00","dateModified":"2019-11-26T15:58:20+00:00","mainEntityOfPage":{"@id":"https:\/\/www.prijedordanas.com\/?p=137387"},"wordCount":222,"publisher":{"@id":"https:\/\/www.prijedordanas.com\/#organization"},"articleSection":["Dru\u0161tvo"],"inLanguage":"en-US"},{"@type":"WebPage","@id":"https:\/\/www.prijedordanas.com\/?p=137387","url":"https:\/\/www.prijedordanas.com\/?p=137387","name":"Skup\u0161tina grada Prijedora: Danas o inicijativi za osnivanje op\u0161tine Omarska - PrijedorDanas.com - Prijedorski gradski portal","isPartOf":{"@id":"https:\/\/www.prijedordanas.com\/#website"},"datePublished":"2019-11-26T15:58:20+00:00","dateModified":"2019-11-26T15:58:20+00:00","breadcrumb":{"@id":"https:\/\/www.prijedordanas.com\/?p=137387#breadcrumb"},"inLanguage":"en-US","potentialAction":[{"@type":"ReadAction","target":["https:\/\/www.prijedordanas.com\/?p=137387"]}]},{"@type":"BreadcrumbList","@id":"https:\/\/www.prijedordanas.com\/?p=137387#breadcrumb","itemListElement":[{"@type":"ListItem","position":1,"name":"Home","item":"https:\/\/www.prijedordanas.com\/"},{"@type":"ListItem","position":2,"name":"Skup\u0161tina grada Prijedora: Danas o inicijativi za osnivanje op\u0161tine Omarska"}]},{"@type":"WebSite","@id":"https:\/\/www.prijedordanas.com\/#website","url":"https:\/\/www.prijedordanas.com\/","name":"PrijedorDanas.com - Prijedorski gradski portal","description":"Portal o doga\u0111anjima u gradu Prijedoru","publisher":{"@id":"https:\/\/www.prijedordanas.com\/#organization"},"potentialAction":[{"@type":"SearchAction","target":{"@type":"EntryPoint","urlTemplate":"https:\/\/www.prijedordanas.com\/?s={search_term_string}"},"query-input":"required name=search_term_string"}],"inLanguage":"en-US"},{"@type":"Organization","@id":"https:\/\/www.prijedordanas.com\/#organization","name":"PrijedorDanas.com","url":"https:\/\/www.prijedordanas.com\/","logo":{"@type":"ImageObject","inLanguage":"en-US","@id":"https:\/\/www.prijedordanas.com\/#\/schema\/logo\/image\/","url":"http:\/\/www.prijedordanas.com\/wp-content\/uploads\/2021\/12\/logopng.png","contentUrl":"http:\/\/www.prijedordanas.com\/wp-content\/uploads\/2021\/12\/logopng.png","width":1019,"height":776,"caption":"PrijedorDanas.com"},"image":{"@id":"https:\/\/www.prijedordanas.com\/#\/schema\/logo\/image\/"},"sameAs":["https:\/\/www.facebook.com\/PrijedorDanasCom\/"]},{"@type":"Person","@id":"https:\/\/www.prijedordanas.com\/#\/schema\/person\/4e08ccf29b506ca916ff86d46bb700e6","name":"admin","image":{"@type":"ImageObject","inLanguage":"en-US","@id":"https:\/\/www.prijedordanas.com\/#\/schema\/person\/image\/","url":"https:\/\/secure.gravatar.com\/avatar\/1d3fc949d550f0b53a5f0d51e06dfd79?s=96&d=mm&r=g","contentUrl":"https:\/\/secure.gravatar.com\/avatar\/1d3fc949d550f0b53a5f0d51e06dfd79?s=96&d=mm&r=g","caption":"admin"},"url":"https:\/\/www.prijedordanas.com\/?author=1"}]}},"_links":{"self":[{"href":"https:\/\/www.prijedordanas.com\/index.php?rest_route=\/wp\/v2\/posts\/137387"}],"collection":[{"href":"https:\/\/www.prijedordanas.com\/index.php?rest_route=\/wp\/v2\/posts"}],"about":[{"href":"https:\/\/www.prijedordanas.com\/index.php?rest_route=\/wp\/v2\/types\/post"}],"author":[{"embeddable":true,"href":"https:\/\/www.prijedordanas.com\/index.php?rest_route=\/wp\/v2\/users\/1"}],"replies":[{"embeddable":true,"href":"https:\/\/www.prijedordanas.com\/index.php?rest_route=%2Fwp%2Fv2%2Fcomments&post=137387"}],"version-history":[{"count":2,"href":"https:\/\/www.prijedordanas.com\/index.php?rest_route=\/wp\/v2\/posts\/137387\/revisions"}],"predecessor-version":[{"id":137392,"href":"https:\/\/www.prijedordanas.com\/index.php?rest_route=\/wp\/v2\/posts\/137387\/revisions\/137392"}],"wp:attachment":[{"href":"https:\/\/www.prijedordanas.com\/index.php?rest_route=%2Fwp%2Fv2%2Fmedia&parent=137387"}],"wp:term":[{"taxonomy":"category","embeddable":true,"href":"https:\/\/www.prijedordanas.com\/index.php?rest_route=%2Fwp%2Fv2%2Fcategories&post=137387"},{"taxonomy":"post_tag","embeddable":true,"href":"https:\/\/www.prijedordanas.com\/index.php?rest_route=%2Fwp%2Fv2%2Ftags&post=137387"}],"curies":[{"name":"wp","href":"https:\/\/api.w.org\/{rel}","templated":true}]}}