{"id":137287,"date":"2019-11-25T10:40:59","date_gmt":"2019-11-25T09:40:59","guid":{"rendered":"https:\/\/www.prijedordanas.com\/?p=137287"},"modified":"2019-11-25T10:40:59","modified_gmt":"2019-11-25T09:40:59","slug":"prijedorcanin-edin-sadikovic-edo-prosao-u-drugi-krug-muzickog-takmicenja-nikad-nije-kasno-video","status":"publish","type":"post","link":"https:\/\/www.prijedordanas.com\/?p=137287","title":{"rendered":"Prijedor\u010danin Edin Sadikovi\u0107 Edo pro\u0161ao u drugi krug muzi\u010dkog takmi\u010denja &#8220;Nikad nije kasno&#8221; &#8211; VIDEO"},"content":{"rendered":"<p><a href=\"https:\/\/www.prijedordanas.com\/wp-content\/uploads\/2019\/11\/grand-edin-sadikovic.jpg\"><img loading=\"lazy\" decoding=\"async\" class=\"alignleft size-medium wp-image-137338\" src=\"https:\/\/www.prijedordanas.com\/wp-content\/uploads\/2019\/11\/grand-edin-sadikovic-300x231.jpg\" alt=\"\" width=\"300\" height=\"231\" srcset=\"https:\/\/www.prijedordanas.com\/wp-content\/uploads\/2019\/11\/grand-edin-sadikovic-300x231.jpg 300w, https:\/\/www.prijedordanas.com\/wp-content\/uploads\/2019\/11\/grand-edin-sadikovic.jpg 650w\" sizes=\"(max-width: 300px) 100vw, 300px\" \/><\/a>Edin Sadikovi\u0107 iz Prijedora koji \u017eivi u Sent Luisu &#8211; Sjedinjene Ameri\u010dke Dr\u017eave, u\u010desnik je muzi\u010dkog takmi\u010denja &#8220;Nikad nije kasno&#8221;.<\/p>\n<p>Bio je dugogodi\u0161nji \u010dlan KUD-a &#8220;Osman D\u017eafi\u0107&#8221; Prijedor u koji svra\u0107a svaki put kada posjeti na\u0161 grad.<\/p>\n<p>Sadikovi\u0107 je uspje\u0161no pro\u0161ao prvi krug takmi\u010denja u ovoj emisiji.<\/p>\n<p>Osim \u0161to dobro pjeva, on je i odli\u010dan harmonika\u0161.<\/p>\n<p>Njegova biografija odu\u0161evila je Nedu Ukraden, me\u0111utim, Edin Sadikovi\u0107 Edo (53) iz Sent Luisa u Americi, priznaje da je radio sva\u0161ta, ali da je za muziku ro\u0111en. Pored osnovne i srednje, zavr\u0161io je i muzi\u010dku \u0161kolu, a prvi novac od muzike zaradio je sa svega 14 godina, kao korepetitor u KUD-u.<\/p>\n<p><a href=\"https:\/\/www.prijedordanas.com\/wp-content\/uploads\/2019\/11\/edin-sadikovic-edo.jpg\"><img loading=\"lazy\" decoding=\"async\" class=\"alignleft size-medium wp-image-137339\" src=\"https:\/\/www.prijedordanas.com\/wp-content\/uploads\/2019\/11\/edin-sadikovic-edo-300x228.jpg\" alt=\"\" width=\"300\" height=\"228\" srcset=\"https:\/\/www.prijedordanas.com\/wp-content\/uploads\/2019\/11\/edin-sadikovic-edo-300x228.jpg 300w, https:\/\/www.prijedordanas.com\/wp-content\/uploads\/2019\/11\/edin-sadikovic-edo.jpg 658w\" sizes=\"(max-width: 300px) 100vw, 300px\" \/><\/a>&#8211; Ro\u0111en sam kada su se svi ljubili, za Novu godinu 1966. godine. sa 16, 17 po\u010deo sam da sviram i pevam u kafani. A kad \u010dovek ne\u0161to toliko dugo radi, treba to i da kruni\u0161e. Zato sam do\u0161ao ovde. A pojavio sam se na ameri\u010dkoj televiziji, nisam na na\u0161oj. To mi je bio san &#8211; ispri\u010dao je on i onda izljubio Draganu Kati\u0107 kojoj su poljupce poslali njegovi prijatelji iz Amerike.<\/p>\n<p>Edova podr\u0161ka je, tako\u0111e, internacionalna, dve sestre i prijatelj. Jedna sestra \u017eivi u Berlinu i priznaje da joj je brat muzi\u010dki idol od malena, druga \u017eivi u Ljubljani, dok je prijatelj iz Biha\u0107a. Ima jo\u0161 jednu sestru koja je u Americi, a obe\u0107ao je da \u0107e mu se slede\u0107i put pridru\u017eiti i \u0107erke. Otpevao je pesmu \u0160abana \u0160auli\u0107a &#8220;Nisi do\u0161la kada sam te zvao.&#8221;<\/p>\n<p>Neda Ukraden priznala je da je u\u017eivala slu\u0161aju\u0107i detalje iz bigrafije, kao i numeru, a potom mu je na engleskom poru\u010dila da se nada da se vide ponovo.<\/p>\n<p>&#8211; Ni\u0161ta ja tu ne bih dir&#8217;o! &#8211; bio je kratak \u017deljko Vasi\u0107.<\/p>\n<p>&#8211; Sjajan izbor pesme! Ovo je teren na kom si apsolutno suveren &#8211; bio je komentar Sa\u0161e Milo\u0161evi\u0107a Mareta.<\/p>\n<p>Edin Sadikovi\u0107 ima 53 godine, ro\u0111en je u Prijedoru, ali se nastanio u Americi, gde \u017eivi poslednjih 20 godina. Jedno vreme \u017eiveo je i radio u Nema\u010dkoj, a \u010desto u \u0161ali ka\u017ee da je vi\u0161estruka li\u010dnost, jer je raduo vi\u0161e poslova u \u017eivotu. Edo se jedno vreme bavio gra\u0111evinom, zatim prodajom automobila, ali i stomatologijom, prodajamo nekretnina i osiguranjem.<\/p>\n<p>Hobi mu je servisiranje harmonika koji mu je usputno i dodatni izvor prihoda. U svojoj kolekciji ima harmonika u vrednosti od 100.000 dolara. U Americi redovno nastupa, svira harmoniku i peva, a u\u010de\u0161\u0107em u emisiji &#8220;Nikad nije kasno&#8221; \u017eeli da ostavi trag iza sebe.<\/p>\n<p>grand.online<\/p>\n<p><iframe loading=\"lazy\" title=\"Nikad nije kasno - Cela emisija 09 - 17.11.2019.\" width=\"500\" height=\"281\" src=\"https:\/\/www.youtube.com\/embed\/J8rsGJZGC0Y?start=1106&#038;feature=oembed\" frameborder=\"0\" allow=\"accelerometer; autoplay; encrypted-media; gyroscope; picture-in-picture\" allowfullscreen><\/iframe><\/p>\n","protected":false},"excerpt":{"rendered":"<p>Edin Sadikovi\u0107 iz Prijedora koji \u017eivi u Sent Luisu &#8211; Sjedinjene Ameri\u010dke Dr\u017eave, u\u010desnik je muzi\u010dkog takmi\u010denja &#8220;Nikad nije kasno&#8221;. Bio je dugogodi\u0161nji \u010dlan KUD-a &#8220;Osman D\u017eafi\u0107&#8221; Prijedor u koji [&hellip;]<\/p>\n","protected":false},"author":1,"featured_media":0,"comment_status":"closed","ping_status":"open","sticky":false,"template":"","format":"standard","meta":{"_monsterinsights_skip_tracking":false,"_monsterinsights_sitenote_active":false,"_monsterinsights_sitenote_note":"","_monsterinsights_sitenote_category":0,"footnotes":""},"categories":[3],"tags":[10981,10982],"yoast_head":"<!-- This site is optimized with the Yoast SEO plugin v21.6 - https:\/\/yoast.com\/wordpress\/plugins\/seo\/ -->\n<title>Prijedor\u010danin Edin Sadikovi\u0107 Edo pro\u0161ao u drugi krug muzi\u010dkog takmi\u010denja &quot;Nikad nije kasno&quot; - VIDEO - PrijedorDanas.com - Prijedorski gradski portal<\/title>\n<meta name=\"robots\" content=\"index, follow, max-snippet:-1, max-image-preview:large, max-video-preview:-1\" \/>\n<link rel=\"canonical\" href=\"https:\/\/www.prijedordanas.com\/?p=137287\" \/>\n<meta property=\"og:locale\" content=\"en_US\" \/>\n<meta property=\"og:type\" content=\"article\" \/>\n<meta property=\"og:title\" content=\"Prijedor\u010danin Edin Sadikovi\u0107 Edo pro\u0161ao u drugi krug muzi\u010dkog takmi\u010denja &quot;Nikad nije kasno&quot; - VIDEO - PrijedorDanas.com - Prijedorski gradski portal\" \/>\n<meta property=\"og:description\" content=\"Edin Sadikovi\u0107 iz Prijedora koji \u017eivi u Sent Luisu &#8211; Sjedinjene Ameri\u010dke Dr\u017eave, u\u010desnik je muzi\u010dkog takmi\u010denja &#8220;Nikad nije kasno&#8221;. Bio je dugogodi\u0161nji \u010dlan KUD-a &#8220;Osman D\u017eafi\u0107&#8221; Prijedor u koji [&hellip;]\" \/>\n<meta property=\"og:url\" content=\"https:\/\/www.prijedordanas.com\/?p=137287\" \/>\n<meta property=\"og:site_name\" content=\"PrijedorDanas.com - Prijedorski gradski portal\" \/>\n<meta property=\"article:publisher\" content=\"https:\/\/www.facebook.com\/PrijedorDanasCom\/\" \/>\n<meta property=\"article:published_time\" content=\"2019-11-25T09:40:59+00:00\" \/>\n<meta property=\"og:image\" content=\"https:\/\/www.prijedordanas.com\/wp-content\/uploads\/2019\/11\/grand-edin-sadikovic-300x231.jpg\" \/>\n<meta name=\"author\" content=\"admin\" \/>\n<meta name=\"twitter:card\" content=\"summary_large_image\" \/>\n<meta name=\"twitter:label1\" content=\"Written by\" \/>\n\t<meta name=\"twitter:data1\" content=\"admin\" \/>\n\t<meta name=\"twitter:label2\" content=\"Est. reading time\" \/>\n\t<meta name=\"twitter:data2\" content=\"2 minutes\" \/>\n<script type=\"application\/ld+json\" class=\"yoast-schema-graph\">{\"@context\":\"https:\/\/schema.org\",\"@graph\":[{\"@type\":\"Article\",\"@id\":\"https:\/\/www.prijedordanas.com\/?p=137287#article\",\"isPartOf\":{\"@id\":\"https:\/\/www.prijedordanas.com\/?p=137287\"},\"author\":{\"name\":\"admin\",\"@id\":\"https:\/\/www.prijedordanas.com\/#\/schema\/person\/4e08ccf29b506ca916ff86d46bb700e6\"},\"headline\":\"Prijedor\u010danin Edin Sadikovi\u0107 Edo pro\u0161ao u drugi krug muzi\u010dkog takmi\u010denja &#8220;Nikad nije kasno&#8221; &#8211; VIDEO\",\"datePublished\":\"2019-11-25T09:40:59+00:00\",\"dateModified\":\"2019-11-25T09:40:59+00:00\",\"mainEntityOfPage\":{\"@id\":\"https:\/\/www.prijedordanas.com\/?p=137287\"},\"wordCount\":478,\"publisher\":{\"@id\":\"https:\/\/www.prijedordanas.com\/#organization\"},\"keywords\":[\"Edin Sadikovi\u0107 Edo\",\"Nikad nije kasno\"],\"articleSection\":[\"\u017divot\"],\"inLanguage\":\"en-US\"},{\"@type\":\"WebPage\",\"@id\":\"https:\/\/www.prijedordanas.com\/?p=137287\",\"url\":\"https:\/\/www.prijedordanas.com\/?p=137287\",\"name\":\"Prijedor\u010danin Edin Sadikovi\u0107 Edo pro\u0161ao u drugi krug muzi\u010dkog takmi\u010denja \\\"Nikad nije kasno\\\" - VIDEO - PrijedorDanas.com - Prijedorski gradski portal\",\"isPartOf\":{\"@id\":\"https:\/\/www.prijedordanas.com\/#website\"},\"datePublished\":\"2019-11-25T09:40:59+00:00\",\"dateModified\":\"2019-11-25T09:40:59+00:00\",\"breadcrumb\":{\"@id\":\"https:\/\/www.prijedordanas.com\/?p=137287#breadcrumb\"},\"inLanguage\":\"en-US\",\"potentialAction\":[{\"@type\":\"ReadAction\",\"target\":[\"https:\/\/www.prijedordanas.com\/?p=137287\"]}]},{\"@type\":\"BreadcrumbList\",\"@id\":\"https:\/\/www.prijedordanas.com\/?p=137287#breadcrumb\",\"itemListElement\":[{\"@type\":\"ListItem\",\"position\":1,\"name\":\"Home\",\"item\":\"https:\/\/www.prijedordanas.com\/\"},{\"@type\":\"ListItem\",\"position\":2,\"name\":\"Prijedor\u010danin Edin Sadikovi\u0107 Edo pro\u0161ao u drugi krug muzi\u010dkog takmi\u010denja &#8220;Nikad nije kasno&#8221; &#8211; VIDEO\"}]},{\"@type\":\"WebSite\",\"@id\":\"https:\/\/www.prijedordanas.com\/#website\",\"url\":\"https:\/\/www.prijedordanas.com\/\",\"name\":\"PrijedorDanas.com - Prijedorski gradski portal\",\"description\":\"Portal o doga\u0111anjima u gradu Prijedoru\",\"publisher\":{\"@id\":\"https:\/\/www.prijedordanas.com\/#organization\"},\"potentialAction\":[{\"@type\":\"SearchAction\",\"target\":{\"@type\":\"EntryPoint\",\"urlTemplate\":\"https:\/\/www.prijedordanas.com\/?s={search_term_string}\"},\"query-input\":\"required name=search_term_string\"}],\"inLanguage\":\"en-US\"},{\"@type\":\"Organization\",\"@id\":\"https:\/\/www.prijedordanas.com\/#organization\",\"name\":\"PrijedorDanas.com\",\"url\":\"https:\/\/www.prijedordanas.com\/\",\"logo\":{\"@type\":\"ImageObject\",\"inLanguage\":\"en-US\",\"@id\":\"https:\/\/www.prijedordanas.com\/#\/schema\/logo\/image\/\",\"url\":\"http:\/\/www.prijedordanas.com\/wp-content\/uploads\/2021\/12\/logopng.png\",\"contentUrl\":\"http:\/\/www.prijedordanas.com\/wp-content\/uploads\/2021\/12\/logopng.png\",\"width\":1019,\"height\":776,\"caption\":\"PrijedorDanas.com\"},\"image\":{\"@id\":\"https:\/\/www.prijedordanas.com\/#\/schema\/logo\/image\/\"},\"sameAs\":[\"https:\/\/www.facebook.com\/PrijedorDanasCom\/\"]},{\"@type\":\"Person\",\"@id\":\"https:\/\/www.prijedordanas.com\/#\/schema\/person\/4e08ccf29b506ca916ff86d46bb700e6\",\"name\":\"admin\",\"image\":{\"@type\":\"ImageObject\",\"inLanguage\":\"en-US\",\"@id\":\"https:\/\/www.prijedordanas.com\/#\/schema\/person\/image\/\",\"url\":\"https:\/\/secure.gravatar.com\/avatar\/1d3fc949d550f0b53a5f0d51e06dfd79?s=96&d=mm&r=g\",\"contentUrl\":\"https:\/\/secure.gravatar.com\/avatar\/1d3fc949d550f0b53a5f0d51e06dfd79?s=96&d=mm&r=g\",\"caption\":\"admin\"},\"url\":\"https:\/\/www.prijedordanas.com\/?author=1\"}]}<\/script>\n<!-- \/ Yoast SEO plugin. -->","yoast_head_json":{"title":"Prijedor\u010danin Edin Sadikovi\u0107 Edo pro\u0161ao u drugi krug muzi\u010dkog takmi\u010denja \"Nikad nije kasno\" - VIDEO - PrijedorDanas.com - Prijedorski gradski portal","robots":{"index":"index","follow":"follow","max-snippet":"max-snippet:-1","max-image-preview":"max-image-preview:large","max-video-preview":"max-video-preview:-1"},"canonical":"https:\/\/www.prijedordanas.com\/?p=137287","og_locale":"en_US","og_type":"article","og_title":"Prijedor\u010danin Edin Sadikovi\u0107 Edo pro\u0161ao u drugi krug muzi\u010dkog takmi\u010denja \"Nikad nije kasno\" - VIDEO - PrijedorDanas.com - Prijedorski gradski portal","og_description":"Edin Sadikovi\u0107 iz Prijedora koji \u017eivi u Sent Luisu &#8211; Sjedinjene Ameri\u010dke Dr\u017eave, u\u010desnik je muzi\u010dkog takmi\u010denja &#8220;Nikad nije kasno&#8221;. Bio je dugogodi\u0161nji \u010dlan KUD-a &#8220;Osman D\u017eafi\u0107&#8221; Prijedor u koji [&hellip;]","og_url":"https:\/\/www.prijedordanas.com\/?p=137287","og_site_name":"PrijedorDanas.com - Prijedorski gradski portal","article_publisher":"https:\/\/www.facebook.com\/PrijedorDanasCom\/","article_published_time":"2019-11-25T09:40:59+00:00","og_image":[{"url":"https:\/\/www.prijedordanas.com\/wp-content\/uploads\/2019\/11\/grand-edin-sadikovic-300x231.jpg"}],"author":"admin","twitter_card":"summary_large_image","twitter_misc":{"Written by":"admin","Est. reading time":"2 minutes"},"schema":{"@context":"https:\/\/schema.org","@graph":[{"@type":"Article","@id":"https:\/\/www.prijedordanas.com\/?p=137287#article","isPartOf":{"@id":"https:\/\/www.prijedordanas.com\/?p=137287"},"author":{"name":"admin","@id":"https:\/\/www.prijedordanas.com\/#\/schema\/person\/4e08ccf29b506ca916ff86d46bb700e6"},"headline":"Prijedor\u010danin Edin Sadikovi\u0107 Edo pro\u0161ao u drugi krug muzi\u010dkog takmi\u010denja &#8220;Nikad nije kasno&#8221; &#8211; VIDEO","datePublished":"2019-11-25T09:40:59+00:00","dateModified":"2019-11-25T09:40:59+00:00","mainEntityOfPage":{"@id":"https:\/\/www.prijedordanas.com\/?p=137287"},"wordCount":478,"publisher":{"@id":"https:\/\/www.prijedordanas.com\/#organization"},"keywords":["Edin Sadikovi\u0107 Edo","Nikad nije kasno"],"articleSection":["\u017divot"],"inLanguage":"en-US"},{"@type":"WebPage","@id":"https:\/\/www.prijedordanas.com\/?p=137287","url":"https:\/\/www.prijedordanas.com\/?p=137287","name":"Prijedor\u010danin Edin Sadikovi\u0107 Edo pro\u0161ao u drugi krug muzi\u010dkog takmi\u010denja \"Nikad nije kasno\" - VIDEO - PrijedorDanas.com - Prijedorski gradski portal","isPartOf":{"@id":"https:\/\/www.prijedordanas.com\/#website"},"datePublished":"2019-11-25T09:40:59+00:00","dateModified":"2019-11-25T09:40:59+00:00","breadcrumb":{"@id":"https:\/\/www.prijedordanas.com\/?p=137287#breadcrumb"},"inLanguage":"en-US","potentialAction":[{"@type":"ReadAction","target":["https:\/\/www.prijedordanas.com\/?p=137287"]}]},{"@type":"BreadcrumbList","@id":"https:\/\/www.prijedordanas.com\/?p=137287#breadcrumb","itemListElement":[{"@type":"ListItem","position":1,"name":"Home","item":"https:\/\/www.prijedordanas.com\/"},{"@type":"ListItem","position":2,"name":"Prijedor\u010danin Edin Sadikovi\u0107 Edo pro\u0161ao u drugi krug muzi\u010dkog takmi\u010denja &#8220;Nikad nije kasno&#8221; &#8211; VIDEO"}]},{"@type":"WebSite","@id":"https:\/\/www.prijedordanas.com\/#website","url":"https:\/\/www.prijedordanas.com\/","name":"PrijedorDanas.com - Prijedorski gradski portal","description":"Portal o doga\u0111anjima u gradu Prijedoru","publisher":{"@id":"https:\/\/www.prijedordanas.com\/#organization"},"potentialAction":[{"@type":"SearchAction","target":{"@type":"EntryPoint","urlTemplate":"https:\/\/www.prijedordanas.com\/?s={search_term_string}"},"query-input":"required name=search_term_string"}],"inLanguage":"en-US"},{"@type":"Organization","@id":"https:\/\/www.prijedordanas.com\/#organization","name":"PrijedorDanas.com","url":"https:\/\/www.prijedordanas.com\/","logo":{"@type":"ImageObject","inLanguage":"en-US","@id":"https:\/\/www.prijedordanas.com\/#\/schema\/logo\/image\/","url":"http:\/\/www.prijedordanas.com\/wp-content\/uploads\/2021\/12\/logopng.png","contentUrl":"http:\/\/www.prijedordanas.com\/wp-content\/uploads\/2021\/12\/logopng.png","width":1019,"height":776,"caption":"PrijedorDanas.com"},"image":{"@id":"https:\/\/www.prijedordanas.com\/#\/schema\/logo\/image\/"},"sameAs":["https:\/\/www.facebook.com\/PrijedorDanasCom\/"]},{"@type":"Person","@id":"https:\/\/www.prijedordanas.com\/#\/schema\/person\/4e08ccf29b506ca916ff86d46bb700e6","name":"admin","image":{"@type":"ImageObject","inLanguage":"en-US","@id":"https:\/\/www.prijedordanas.com\/#\/schema\/person\/image\/","url":"https:\/\/secure.gravatar.com\/avatar\/1d3fc949d550f0b53a5f0d51e06dfd79?s=96&d=mm&r=g","contentUrl":"https:\/\/secure.gravatar.com\/avatar\/1d3fc949d550f0b53a5f0d51e06dfd79?s=96&d=mm&r=g","caption":"admin"},"url":"https:\/\/www.prijedordanas.com\/?author=1"}]}},"_links":{"self":[{"href":"https:\/\/www.prijedordanas.com\/index.php?rest_route=\/wp\/v2\/posts\/137287"}],"collection":[{"href":"https:\/\/www.prijedordanas.com\/index.php?rest_route=\/wp\/v2\/posts"}],"about":[{"href":"https:\/\/www.prijedordanas.com\/index.php?rest_route=\/wp\/v2\/types\/post"}],"author":[{"embeddable":true,"href":"https:\/\/www.prijedordanas.com\/index.php?rest_route=\/wp\/v2\/users\/1"}],"replies":[{"embeddable":true,"href":"https:\/\/www.prijedordanas.com\/index.php?rest_route=%2Fwp%2Fv2%2Fcomments&post=137287"}],"version-history":[{"count":2,"href":"https:\/\/www.prijedordanas.com\/index.php?rest_route=\/wp\/v2\/posts\/137287\/revisions"}],"predecessor-version":[{"id":137340,"href":"https:\/\/www.prijedordanas.com\/index.php?rest_route=\/wp\/v2\/posts\/137287\/revisions\/137340"}],"wp:attachment":[{"href":"https:\/\/www.prijedordanas.com\/index.php?rest_route=%2Fwp%2Fv2%2Fmedia&parent=137287"}],"wp:term":[{"taxonomy":"category","embeddable":true,"href":"https:\/\/www.prijedordanas.com\/index.php?rest_route=%2Fwp%2Fv2%2Fcategories&post=137287"},{"taxonomy":"post_tag","embeddable":true,"href":"https:\/\/www.prijedordanas.com\/index.php?rest_route=%2Fwp%2Fv2%2Ftags&post=137287"}],"curies":[{"name":"wp","href":"https:\/\/api.w.org\/{rel}","templated":true}]}}