{"id":136938,"date":"2019-11-18T22:36:49","date_gmt":"2019-11-18T21:36:49","guid":{"rendered":"https:\/\/www.prijedordanas.com\/?p=136938"},"modified":"2019-11-18T22:36:49","modified_gmt":"2019-11-18T21:36:49","slug":"darko-cvijetic-klecaju-mi-koljena-jer-moj-roman-usporeduju-s-prokletom-avlijom","status":"publish","type":"post","link":"https:\/\/www.prijedordanas.com\/?p=136938","title":{"rendered":"Darko Cvijeti\u0107: Klecaju mi koljena jer moj roman uspore\u0111uju s \u201cProkletom avlijom\u201d"},"content":{"rendered":"<p><a href=\"https:\/\/www.prijedordanas.com\/wp-content\/uploads\/2019\/11\/vecernjihr-darko-cvijetic-kocicevo-pero.jpg\"><img loading=\"lazy\" decoding=\"async\" class=\"alignleft size-medium wp-image-136942\" src=\"https:\/\/www.prijedordanas.com\/wp-content\/uploads\/2019\/11\/vecernjihr-darko-cvijetic-kocicevo-pero-300x217.jpg\" alt=\"\" width=\"300\" height=\"217\" srcset=\"https:\/\/www.prijedordanas.com\/wp-content\/uploads\/2019\/11\/vecernjihr-darko-cvijetic-kocicevo-pero-300x217.jpg 300w, https:\/\/www.prijedordanas.com\/wp-content\/uploads\/2019\/11\/vecernjihr-darko-cvijetic-kocicevo-pero.jpg 690w\" sizes=\"(max-width: 300px) 100vw, 300px\" \/><\/a>Darko Cvijeti\u0107 u petak je primio Ko\u010di\u0107evo pero za roman Schindlerov lift, a u utorak u Cafeu u Dvori\u0161tu predstavio zbirku poezije Snijeg je dobro pazio da ne padne.<\/p>\n<p>Jedan od najva\u017enijih literarnih gostiju 42. Interlibera svakako je bio bosanskohercegova\u010dki knji\u017eevnik Darko Cvijeti\u0107 koji je u petak primio Ko\u010di\u0107evo pero za jesen za roman prvijenac \u201cSchindlerov lift\u201d. Primjerak tog hvaljenog romana koji je objavio sarajevski Buybook poklonio je i hrvatskom premijeru Andreju Plenkovi\u0107u za njegovog obilaska sajma. U utorak je u Cafeu u dvori\u0161tu predstavio i zbirku poezije \u201cSnijeg je dobro pazio da ne padne\u201d koju mu je objavio zagreba\u010dki VBZ.<\/p>\n<p>Vi se ve\u0107 nekoliko desetlje\u0107a bavite knji\u017eevno\u0161\u0107u. Da li vas je iznenadila reakcija javnosti na va\u0161 prvi objavljeni roman \u201cSchindlerov lift\u201d?<\/p>\n<p>Apsolutno. Ja se poezijom bavim ve\u0107 \u010detrdesetak godina, od kada sam propisao i poezija je nekakva moja tiha vokacija, s obzirom da ja radim u teatru i da je teatar moj posao. Ja sam naviknut na samo\u0107u i ti\u0161inu pisanja, tako da me odjek \u201cSchindlerovog lifta\u201d zaprepastio. Nisam niti sanjao da je mogu\u0107e da u javnosti tako po\u010dinje rasti percecpija romana. On se sada ve\u0107 prevodi na njema\u010dki i francuski. Njegova percepcija po\u010dinje da se \u0161iri i da metastazira. Ipak sam zapanjen da su ljudi bili glavni, rekao bih, takve sirove stvarnosti koja je na neki na\u010din literarizirana.<\/p>\n<p><a href=\"https:\/\/www.prijedordanas.com\/wp-content\/uploads\/2019\/10\/sindlerov-lift-knjiga-darko-cvijetic.jpg\"><img loading=\"lazy\" decoding=\"async\" src=\"https:\/\/www.prijedordanas.com\/wp-content\/uploads\/2019\/10\/sindlerov-lift-knjiga-darko-cvijetic-300x218.jpg\" alt=\"\" width=\"300\" height=\"218\" class=\"alignleft size-medium wp-image-135105\" srcset=\"https:\/\/www.prijedordanas.com\/wp-content\/uploads\/2019\/10\/sindlerov-lift-knjiga-darko-cvijetic-300x218.jpg 300w, https:\/\/www.prijedordanas.com\/wp-content\/uploads\/2019\/10\/sindlerov-lift-knjiga-darko-cvijetic-100x73.jpg 100w, https:\/\/www.prijedordanas.com\/wp-content\/uploads\/2019\/10\/sindlerov-lift-knjiga-darko-cvijetic.jpg 689w\" sizes=\"(max-width: 300px) 100vw, 300px\" \/><\/a>Ve\u0107 je dogovorena i predstava po tom romanu?<\/p>\n<p>Da, uskoro \u0107u potpisati ugovor sa sarajevskim Kamernim teatrom. Redatelj je \u010duveni Kokan Mladenovi\u0107. Ponosan sam da \u0107e moje romaneskno djelo biti preba\u010deno u teatar koji je moja vokacija.<\/p>\n<p>Tko je glavni lik tog kratkog romana. Da li je to taj crveni neboder?<\/p>\n<p>Taj crveni soliter je zapravo metafora raspada biv\u0161e zemlje. Ako uzmete da su u soliterima bili ljudi razli\u010ditih nacija, onda je crveni soliter sinonim nekakve zajedni\u010dke zemlje koja se nekog momenta po\u010dinje raspadati i uru\u0161avati u samu sebe. A nekakva os oko koje se vrti roman je tragedija jedne djevoj\u010dice koja je doista 1992. godine u \u0161estoj godini poginula u tom liftu tog solitera i to je, da ka\u017eemo to kr\u0161\u0107anski, kao da je sam Bog rekao, kod toliko zla koje \u010dinite uzeti \u0107u vam najnevinijega me\u0111u vama. I uzeo je tu djevoj\u010dicu koja je obilje\u017eila na\u0161u tragediju za sva remena. Ja sam nedavno tra\u017eio grob te djevoj\u010dice, dvadesetak kilometara pored Prijedora. Uspio sam ga prona\u0107i, a to je grob bez spomenika i bez imena. Ispada i istina je da je ovaj roman njen jedini spomen.<\/p>\n<p>Roman dakle ima upori\u0161te u stvarnim doga\u0111anjima?<\/p>\n<p>To je fuzija fakcije i fikcije s time \u0161to je taj vjetar fikcije pridonio da neki fakti o\u017eive, da duhovi faktizma po\u010dinju da di\u0161u ida po\u010dnu bivati literarizirani. Ina\u010de bi to toliko zlo i tu toliku tragediju bilo jako te\u0161ko gutati sirovu, ali ovako poprili\u010dno literariziranu i preba\u010denu u domenu ma\u0161te, ona po\u010dinje bivati ganutljiva i \u017eivu\u0107a u glavi \u010ditatelja.<\/p>\n<p>Abdulah Sidran je va\u0161 roman \u010dak usporedio s \u201cProkletom avlijom\u201d.<\/p>\n<p>Kada to ka\u017ee akademik Sidran, meni klecaju koljena. Jer sada se bojim uhvatiti pera i napisati ijednu rije\u010d jer moram biti dostojan onoga \u0161to sam napisao do sada.<\/p>\n<p>Vi ste ove godine objavili i zbirku poezije u VBZ-u. Kako to da ste do\u0161li do zagreba\u010dkog izdava\u010da?<\/p>\n<p>Ja poeziju objavljujem godinama. Gospodin Glamuzina mi se javio da objavimo knjigu i to se i desilo. Tako je VBZ objavio zbirku poezije, dok se o \u201cSchindlerovom liftu\u201d jo\u0161 uop\u0107e nije pri\u010dalo. Ja sam mislio da taj roman i nije neka velika literatura i dr\u017eao sam ga u ladici, a silno sam se uzdao u moju poeziju. A kada je Buybook uzeo \u201cSchindlerov lift\u201d po\u010delo se sve otvarati, tu je onda do\u0161la kandidatura za nagradu Europski pjesnik slobode iz Gdanjska. Ta \u0107e nagrada biti dodijeljena u tre\u0107em mjesecu, a u \u017eiriju je sada ve\u0107 nobelovka Olga Tokarczuk. Stvari su oti\u0161le neslu\u0107enom brzinom naprijed.<\/p>\n<p>Bili ste ove godine na sajmu Vrisak u Rijeci, pa u rezidenciji u Splitu, na festivalu Kalibar u Vara\u017edinu, a sada ste punih tjedan dana na Interliberu. Kakvi su va\u0161i dojmovi o hrvatskoj literarnoj sceni?<\/p>\n<p>Odli\u010dni. Sada imam jako dobar uvid i mislim da od cijele regije Hrvatska ima najorganiziraniji knji\u017eevni \u017eivot. Razgranatost tog \u017eivota je odli\u010dna. \u0160teta da u regiji ne postoji zajedni\u010dko tr\u017ei\u0161te knjiga i da se prema knjigama jo\u0161 uvijek odnosima kao prema kru\u0161kama. Ne shva\u0107amo da imamo jedan vrlo malo jezik i trudimo se da ga suzimo, umjesto da pustimo da se grana. Ionako kod nas malo ljudi \u010dita i malo ljudi pi\u0161e i kada tu malu grupaciju razbijete, \u010dinite veliko zlo.<\/p>\n<p>Kako bi procijenili Interliber?<\/p>\n<p>Mi ga znamo kritizirati da je to samo sajam na kojem ima premalo pisaca? Interliber je odli\u010dan. Pa kako nema pisaca. Ja sam ovdje sreo i upoznao nevjerojatan broj ljudi, dogovorio poslove, uspostavio kontakte. A sajam i slu\u017ei tome.<\/p>\n<p>vecernji.hr<\/p>\n","protected":false},"excerpt":{"rendered":"<p>Darko Cvijeti\u0107 u petak je primio Ko\u010di\u0107evo pero za roman Schindlerov lift, a u utorak u Cafeu u Dvori\u0161tu predstavio zbirku poezije Snijeg je dobro pazio da ne padne. Jedan [&hellip;]<\/p>\n","protected":false},"author":1,"featured_media":0,"comment_status":"closed","ping_status":"open","sticky":false,"template":"","format":"standard","meta":{"_monsterinsights_skip_tracking":false,"_monsterinsights_sitenote_active":false,"_monsterinsights_sitenote_note":"","_monsterinsights_sitenote_category":0,"footnotes":""},"categories":[6],"tags":[314],"yoast_head":"<!-- This site is optimized with the Yoast SEO plugin v21.6 - https:\/\/yoast.com\/wordpress\/plugins\/seo\/ -->\n<title>Darko Cvijeti\u0107: Klecaju mi koljena jer moj roman uspore\u0111uju s \u201cProkletom avlijom\u201d - PrijedorDanas.com - Prijedorski gradski portal<\/title>\n<meta name=\"robots\" content=\"index, follow, max-snippet:-1, max-image-preview:large, max-video-preview:-1\" \/>\n<link rel=\"canonical\" href=\"https:\/\/www.prijedordanas.com\/?p=136938\" \/>\n<meta property=\"og:locale\" content=\"en_US\" \/>\n<meta property=\"og:type\" content=\"article\" \/>\n<meta property=\"og:title\" content=\"Darko Cvijeti\u0107: Klecaju mi koljena jer moj roman uspore\u0111uju s \u201cProkletom avlijom\u201d - PrijedorDanas.com - Prijedorski gradski portal\" \/>\n<meta property=\"og:description\" content=\"Darko Cvijeti\u0107 u petak je primio Ko\u010di\u0107evo pero za roman Schindlerov lift, a u utorak u Cafeu u Dvori\u0161tu predstavio zbirku poezije Snijeg je dobro pazio da ne padne. Jedan [&hellip;]\" \/>\n<meta property=\"og:url\" content=\"https:\/\/www.prijedordanas.com\/?p=136938\" \/>\n<meta property=\"og:site_name\" content=\"PrijedorDanas.com - Prijedorski gradski portal\" \/>\n<meta property=\"article:publisher\" content=\"https:\/\/www.facebook.com\/PrijedorDanasCom\/\" \/>\n<meta property=\"article:published_time\" content=\"2019-11-18T21:36:49+00:00\" \/>\n<meta property=\"og:image\" content=\"https:\/\/www.prijedordanas.com\/wp-content\/uploads\/2019\/11\/vecernjihr-darko-cvijetic-kocicevo-pero-300x217.jpg\" \/>\n<meta name=\"author\" content=\"admin\" \/>\n<meta name=\"twitter:card\" content=\"summary_large_image\" \/>\n<meta name=\"twitter:label1\" content=\"Written by\" \/>\n\t<meta name=\"twitter:data1\" content=\"admin\" \/>\n\t<meta name=\"twitter:label2\" content=\"Est. reading time\" \/>\n\t<meta name=\"twitter:data2\" content=\"4 minutes\" \/>\n<script type=\"application\/ld+json\" class=\"yoast-schema-graph\">{\"@context\":\"https:\/\/schema.org\",\"@graph\":[{\"@type\":\"Article\",\"@id\":\"https:\/\/www.prijedordanas.com\/?p=136938#article\",\"isPartOf\":{\"@id\":\"https:\/\/www.prijedordanas.com\/?p=136938\"},\"author\":{\"name\":\"admin\",\"@id\":\"https:\/\/www.prijedordanas.com\/#\/schema\/person\/4e08ccf29b506ca916ff86d46bb700e6\"},\"headline\":\"Darko Cvijeti\u0107: Klecaju mi koljena jer moj roman uspore\u0111uju s \u201cProkletom avlijom\u201d\",\"datePublished\":\"2019-11-18T21:36:49+00:00\",\"dateModified\":\"2019-11-18T21:36:49+00:00\",\"mainEntityOfPage\":{\"@id\":\"https:\/\/www.prijedordanas.com\/?p=136938\"},\"wordCount\":880,\"publisher\":{\"@id\":\"https:\/\/www.prijedordanas.com\/#organization\"},\"keywords\":[\"Darko Cvijeti\u0107\"],\"articleSection\":[\"Kultura\"],\"inLanguage\":\"en-US\"},{\"@type\":\"WebPage\",\"@id\":\"https:\/\/www.prijedordanas.com\/?p=136938\",\"url\":\"https:\/\/www.prijedordanas.com\/?p=136938\",\"name\":\"Darko Cvijeti\u0107: Klecaju mi koljena jer moj roman uspore\u0111uju s \u201cProkletom avlijom\u201d - PrijedorDanas.com - Prijedorski gradski portal\",\"isPartOf\":{\"@id\":\"https:\/\/www.prijedordanas.com\/#website\"},\"datePublished\":\"2019-11-18T21:36:49+00:00\",\"dateModified\":\"2019-11-18T21:36:49+00:00\",\"breadcrumb\":{\"@id\":\"https:\/\/www.prijedordanas.com\/?p=136938#breadcrumb\"},\"inLanguage\":\"en-US\",\"potentialAction\":[{\"@type\":\"ReadAction\",\"target\":[\"https:\/\/www.prijedordanas.com\/?p=136938\"]}]},{\"@type\":\"BreadcrumbList\",\"@id\":\"https:\/\/www.prijedordanas.com\/?p=136938#breadcrumb\",\"itemListElement\":[{\"@type\":\"ListItem\",\"position\":1,\"name\":\"Home\",\"item\":\"https:\/\/www.prijedordanas.com\/\"},{\"@type\":\"ListItem\",\"position\":2,\"name\":\"Darko Cvijeti\u0107: Klecaju mi koljena jer moj roman uspore\u0111uju s \u201cProkletom avlijom\u201d\"}]},{\"@type\":\"WebSite\",\"@id\":\"https:\/\/www.prijedordanas.com\/#website\",\"url\":\"https:\/\/www.prijedordanas.com\/\",\"name\":\"PrijedorDanas.com - Prijedorski gradski portal\",\"description\":\"Portal o doga\u0111anjima u gradu Prijedoru\",\"publisher\":{\"@id\":\"https:\/\/www.prijedordanas.com\/#organization\"},\"potentialAction\":[{\"@type\":\"SearchAction\",\"target\":{\"@type\":\"EntryPoint\",\"urlTemplate\":\"https:\/\/www.prijedordanas.com\/?s={search_term_string}\"},\"query-input\":\"required name=search_term_string\"}],\"inLanguage\":\"en-US\"},{\"@type\":\"Organization\",\"@id\":\"https:\/\/www.prijedordanas.com\/#organization\",\"name\":\"PrijedorDanas.com\",\"url\":\"https:\/\/www.prijedordanas.com\/\",\"logo\":{\"@type\":\"ImageObject\",\"inLanguage\":\"en-US\",\"@id\":\"https:\/\/www.prijedordanas.com\/#\/schema\/logo\/image\/\",\"url\":\"http:\/\/www.prijedordanas.com\/wp-content\/uploads\/2021\/12\/logopng.png\",\"contentUrl\":\"http:\/\/www.prijedordanas.com\/wp-content\/uploads\/2021\/12\/logopng.png\",\"width\":1019,\"height\":776,\"caption\":\"PrijedorDanas.com\"},\"image\":{\"@id\":\"https:\/\/www.prijedordanas.com\/#\/schema\/logo\/image\/\"},\"sameAs\":[\"https:\/\/www.facebook.com\/PrijedorDanasCom\/\"]},{\"@type\":\"Person\",\"@id\":\"https:\/\/www.prijedordanas.com\/#\/schema\/person\/4e08ccf29b506ca916ff86d46bb700e6\",\"name\":\"admin\",\"image\":{\"@type\":\"ImageObject\",\"inLanguage\":\"en-US\",\"@id\":\"https:\/\/www.prijedordanas.com\/#\/schema\/person\/image\/\",\"url\":\"https:\/\/secure.gravatar.com\/avatar\/1d3fc949d550f0b53a5f0d51e06dfd79?s=96&d=mm&r=g\",\"contentUrl\":\"https:\/\/secure.gravatar.com\/avatar\/1d3fc949d550f0b53a5f0d51e06dfd79?s=96&d=mm&r=g\",\"caption\":\"admin\"},\"url\":\"https:\/\/www.prijedordanas.com\/?author=1\"}]}<\/script>\n<!-- \/ Yoast SEO plugin. -->","yoast_head_json":{"title":"Darko Cvijeti\u0107: Klecaju mi koljena jer moj roman uspore\u0111uju s \u201cProkletom avlijom\u201d - PrijedorDanas.com - Prijedorski gradski portal","robots":{"index":"index","follow":"follow","max-snippet":"max-snippet:-1","max-image-preview":"max-image-preview:large","max-video-preview":"max-video-preview:-1"},"canonical":"https:\/\/www.prijedordanas.com\/?p=136938","og_locale":"en_US","og_type":"article","og_title":"Darko Cvijeti\u0107: Klecaju mi koljena jer moj roman uspore\u0111uju s \u201cProkletom avlijom\u201d - PrijedorDanas.com - Prijedorski gradski portal","og_description":"Darko Cvijeti\u0107 u petak je primio Ko\u010di\u0107evo pero za roman Schindlerov lift, a u utorak u Cafeu u Dvori\u0161tu predstavio zbirku poezije Snijeg je dobro pazio da ne padne. Jedan [&hellip;]","og_url":"https:\/\/www.prijedordanas.com\/?p=136938","og_site_name":"PrijedorDanas.com - Prijedorski gradski portal","article_publisher":"https:\/\/www.facebook.com\/PrijedorDanasCom\/","article_published_time":"2019-11-18T21:36:49+00:00","og_image":[{"url":"https:\/\/www.prijedordanas.com\/wp-content\/uploads\/2019\/11\/vecernjihr-darko-cvijetic-kocicevo-pero-300x217.jpg"}],"author":"admin","twitter_card":"summary_large_image","twitter_misc":{"Written by":"admin","Est. reading time":"4 minutes"},"schema":{"@context":"https:\/\/schema.org","@graph":[{"@type":"Article","@id":"https:\/\/www.prijedordanas.com\/?p=136938#article","isPartOf":{"@id":"https:\/\/www.prijedordanas.com\/?p=136938"},"author":{"name":"admin","@id":"https:\/\/www.prijedordanas.com\/#\/schema\/person\/4e08ccf29b506ca916ff86d46bb700e6"},"headline":"Darko Cvijeti\u0107: Klecaju mi koljena jer moj roman uspore\u0111uju s \u201cProkletom avlijom\u201d","datePublished":"2019-11-18T21:36:49+00:00","dateModified":"2019-11-18T21:36:49+00:00","mainEntityOfPage":{"@id":"https:\/\/www.prijedordanas.com\/?p=136938"},"wordCount":880,"publisher":{"@id":"https:\/\/www.prijedordanas.com\/#organization"},"keywords":["Darko Cvijeti\u0107"],"articleSection":["Kultura"],"inLanguage":"en-US"},{"@type":"WebPage","@id":"https:\/\/www.prijedordanas.com\/?p=136938","url":"https:\/\/www.prijedordanas.com\/?p=136938","name":"Darko Cvijeti\u0107: Klecaju mi koljena jer moj roman uspore\u0111uju s \u201cProkletom avlijom\u201d - PrijedorDanas.com - Prijedorski gradski portal","isPartOf":{"@id":"https:\/\/www.prijedordanas.com\/#website"},"datePublished":"2019-11-18T21:36:49+00:00","dateModified":"2019-11-18T21:36:49+00:00","breadcrumb":{"@id":"https:\/\/www.prijedordanas.com\/?p=136938#breadcrumb"},"inLanguage":"en-US","potentialAction":[{"@type":"ReadAction","target":["https:\/\/www.prijedordanas.com\/?p=136938"]}]},{"@type":"BreadcrumbList","@id":"https:\/\/www.prijedordanas.com\/?p=136938#breadcrumb","itemListElement":[{"@type":"ListItem","position":1,"name":"Home","item":"https:\/\/www.prijedordanas.com\/"},{"@type":"ListItem","position":2,"name":"Darko Cvijeti\u0107: Klecaju mi koljena jer moj roman uspore\u0111uju s \u201cProkletom avlijom\u201d"}]},{"@type":"WebSite","@id":"https:\/\/www.prijedordanas.com\/#website","url":"https:\/\/www.prijedordanas.com\/","name":"PrijedorDanas.com - Prijedorski gradski portal","description":"Portal o doga\u0111anjima u gradu Prijedoru","publisher":{"@id":"https:\/\/www.prijedordanas.com\/#organization"},"potentialAction":[{"@type":"SearchAction","target":{"@type":"EntryPoint","urlTemplate":"https:\/\/www.prijedordanas.com\/?s={search_term_string}"},"query-input":"required name=search_term_string"}],"inLanguage":"en-US"},{"@type":"Organization","@id":"https:\/\/www.prijedordanas.com\/#organization","name":"PrijedorDanas.com","url":"https:\/\/www.prijedordanas.com\/","logo":{"@type":"ImageObject","inLanguage":"en-US","@id":"https:\/\/www.prijedordanas.com\/#\/schema\/logo\/image\/","url":"http:\/\/www.prijedordanas.com\/wp-content\/uploads\/2021\/12\/logopng.png","contentUrl":"http:\/\/www.prijedordanas.com\/wp-content\/uploads\/2021\/12\/logopng.png","width":1019,"height":776,"caption":"PrijedorDanas.com"},"image":{"@id":"https:\/\/www.prijedordanas.com\/#\/schema\/logo\/image\/"},"sameAs":["https:\/\/www.facebook.com\/PrijedorDanasCom\/"]},{"@type":"Person","@id":"https:\/\/www.prijedordanas.com\/#\/schema\/person\/4e08ccf29b506ca916ff86d46bb700e6","name":"admin","image":{"@type":"ImageObject","inLanguage":"en-US","@id":"https:\/\/www.prijedordanas.com\/#\/schema\/person\/image\/","url":"https:\/\/secure.gravatar.com\/avatar\/1d3fc949d550f0b53a5f0d51e06dfd79?s=96&d=mm&r=g","contentUrl":"https:\/\/secure.gravatar.com\/avatar\/1d3fc949d550f0b53a5f0d51e06dfd79?s=96&d=mm&r=g","caption":"admin"},"url":"https:\/\/www.prijedordanas.com\/?author=1"}]}},"_links":{"self":[{"href":"https:\/\/www.prijedordanas.com\/index.php?rest_route=\/wp\/v2\/posts\/136938"}],"collection":[{"href":"https:\/\/www.prijedordanas.com\/index.php?rest_route=\/wp\/v2\/posts"}],"about":[{"href":"https:\/\/www.prijedordanas.com\/index.php?rest_route=\/wp\/v2\/types\/post"}],"author":[{"embeddable":true,"href":"https:\/\/www.prijedordanas.com\/index.php?rest_route=\/wp\/v2\/users\/1"}],"replies":[{"embeddable":true,"href":"https:\/\/www.prijedordanas.com\/index.php?rest_route=%2Fwp%2Fv2%2Fcomments&post=136938"}],"version-history":[{"count":2,"href":"https:\/\/www.prijedordanas.com\/index.php?rest_route=\/wp\/v2\/posts\/136938\/revisions"}],"predecessor-version":[{"id":136943,"href":"https:\/\/www.prijedordanas.com\/index.php?rest_route=\/wp\/v2\/posts\/136938\/revisions\/136943"}],"wp:attachment":[{"href":"https:\/\/www.prijedordanas.com\/index.php?rest_route=%2Fwp%2Fv2%2Fmedia&parent=136938"}],"wp:term":[{"taxonomy":"category","embeddable":true,"href":"https:\/\/www.prijedordanas.com\/index.php?rest_route=%2Fwp%2Fv2%2Fcategories&post=136938"},{"taxonomy":"post_tag","embeddable":true,"href":"https:\/\/www.prijedordanas.com\/index.php?rest_route=%2Fwp%2Fv2%2Ftags&post=136938"}],"curies":[{"name":"wp","href":"https:\/\/api.w.org\/{rel}","templated":true}]}}