{"id":136840,"date":"2019-11-16T01:45:29","date_gmt":"2019-11-16T00:45:29","guid":{"rendered":"https:\/\/www.prijedordanas.com\/?p=136840"},"modified":"2019-11-16T01:45:29","modified_gmt":"2019-11-16T00:45:29","slug":"slucaj-milunic-i-ostali-sudenje-mora-biti-efikasnije","status":"publish","type":"post","link":"https:\/\/www.prijedordanas.com\/?p=136840","title":{"rendered":"Slu\u010daj Miluni\u0107 i ostali: Su\u0111enje mora biti efikasnije"},"content":{"rendered":"<p><a href=\"https:\/\/www.prijedordanas.com\/wp-content\/uploads\/2018\/03\/sud-bih-13.jpg\"><img loading=\"lazy\" decoding=\"async\" src=\"https:\/\/www.prijedordanas.com\/wp-content\/uploads\/2018\/03\/sud-bih-13-300x222.jpg\" alt=\"\" width=\"300\" height=\"222\" class=\"alignleft size-medium wp-image-100303\" srcset=\"https:\/\/www.prijedordanas.com\/wp-content\/uploads\/2018\/03\/sud-bih-13-300x222.jpg 300w, https:\/\/www.prijedordanas.com\/wp-content\/uploads\/2018\/03\/sud-bih-13-100x74.jpg 100w, https:\/\/www.prijedordanas.com\/wp-content\/uploads\/2018\/03\/sud-bih-13.jpg 675w\" sizes=\"(max-width: 300px) 100vw, 300px\" \/><\/a>U postupku protiv 13-orice optu\u017eenih za zlo\u010dine po\u010dinjene u prijedorskom selu Zecovi, predsjedavaju\u0107i Sudskog vije\u0107a \u0160aban Maksumi\u0107 upozorio je da se su\u0111enje mora odvijati efikasnije i ekonomi\u010dnije.<\/p>\n<p>Maksumi\u0107 je na statusnoj konferenciji kazao da je prirodno da se de\u0161avaju okolnosti koje iziskuju odga\u0111anje ro\u010di\u0161ta zbog bolesti, li\u010dnih obaveza ili praznika.<\/p>\n<p>Kako je istakao, u ovom predmetu se de\u0161ava da se dostavlja nepotpuna medicinska dokumentacija, na osnovu koje su obavljena vje\u0161ta\u010denja, i u velikom broju slu\u010dajeva je zaklju\u010deno da iz dokumentacije ne proizlazi nemogu\u0107nost dolaska optu\u017eenog na su\u0111enje.<\/p>\n<p>Maksumi\u0107 je ukazao i na \u010deste slu\u010dajeve dostavljanja medicinske dokumentacije u posljednji \u010das, kao i na slanje uputnica bez datuma, odnosno zakazivanja pregleda u terminu odr\u017eavanja pretresa. On je izrazio razumijevanje za to da optu\u017eeni i branioci \u017eive daleko jedni od drugih, ali je naglasio da se moraju ulo\u017eiti napori da situacija bude bolja.<\/p>\n<p>\u201cSud mora obezbijediti da se ovaj postupak odvija efikasnije i ekonomi\u010dnije\u201d, rekao je Maksumi\u0107.<\/p>\n<p>Na ro\u010di\u0161tu je razgovarano i o zdravstvenom stanju pojedinih optu\u017eenih, kao i o planiranom nastavku izvo\u0111enja dokaza.<\/p>\n<p>Za ubistva najmanje 150 civila bo\u0161nja\u010dke nacionalnosti po\u010dinjena u julu 1992. u Zecovima optu\u017eeni su Du\u0161an Miluni\u0107, Radomir Stojni\u0107, Radovan \u010ceti\u0107, Du\u0161ko Zori\u0107, Zoran Stojni\u0107, \u017deljko Grbi\u0107, Ilija Zori\u0107, Zoran Miluni\u0107, Bo\u0161ko Gruji\u010di\u0107, Ljubi\u0161a \u010ceti\u0107, Rade i Uro\u0161 Gruj\u010di\u0107 te Rajko Gnjatovi\u0107.<\/p>\n<p>Du\u0161an Miluni\u0107 optu\u017een je kao komandir Rasava\u010dke \u010dete, Radomir Stojni\u0107 u svojstvu komandira Rezervne stanice milicije, \u010ceti\u0107 u svojstvu predsjednika Kriznog \u0161taba za selo, a ostali optu\u017eeni kao pripadnici Rasava\u010dke \u010dete Vojske Republike Srpske (VRS).<\/p>\n<p>Su\u0111enje u ovom predmetu po\u010delo je u junu 2015. godine, a posljednje ro\u010di\u0161te odr\u017eano je 27. septembra.<\/p>\n<p>Nastavak su\u0111enja zakazan je za 29. novembar.<\/p>\n<p>BIRN<\/p>\n","protected":false},"excerpt":{"rendered":"<p>U postupku protiv 13-orice optu\u017eenih za zlo\u010dine po\u010dinjene u prijedorskom selu Zecovi, predsjedavaju\u0107i Sudskog vije\u0107a \u0160aban Maksumi\u0107 upozorio je da se su\u0111enje mora odvijati efikasnije i ekonomi\u010dnije. Maksumi\u0107 je na [&hellip;]<\/p>\n","protected":false},"author":1,"featured_media":0,"comment_status":"closed","ping_status":"open","sticky":false,"template":"","format":"standard","meta":{"_monsterinsights_skip_tracking":false,"_monsterinsights_sitenote_active":false,"_monsterinsights_sitenote_note":"","_monsterinsights_sitenote_category":0,"footnotes":""},"categories":[5],"tags":[],"yoast_head":"<!-- This site is optimized with the Yoast SEO plugin v21.6 - https:\/\/yoast.com\/wordpress\/plugins\/seo\/ -->\n<title>Slu\u010daj Miluni\u0107 i ostali: Su\u0111enje mora biti efikasnije - PrijedorDanas.com - Prijedorski gradski portal<\/title>\n<meta name=\"robots\" content=\"index, follow, max-snippet:-1, max-image-preview:large, max-video-preview:-1\" \/>\n<link rel=\"canonical\" href=\"https:\/\/www.prijedordanas.com\/?p=136840\" \/>\n<meta property=\"og:locale\" content=\"en_US\" \/>\n<meta property=\"og:type\" content=\"article\" \/>\n<meta property=\"og:title\" content=\"Slu\u010daj Miluni\u0107 i ostali: Su\u0111enje mora biti efikasnije - PrijedorDanas.com - Prijedorski gradski portal\" \/>\n<meta property=\"og:description\" content=\"U postupku protiv 13-orice optu\u017eenih za zlo\u010dine po\u010dinjene u prijedorskom selu Zecovi, predsjedavaju\u0107i Sudskog vije\u0107a \u0160aban Maksumi\u0107 upozorio je da se su\u0111enje mora odvijati efikasnije i ekonomi\u010dnije. Maksumi\u0107 je na [&hellip;]\" \/>\n<meta property=\"og:url\" content=\"https:\/\/www.prijedordanas.com\/?p=136840\" \/>\n<meta property=\"og:site_name\" content=\"PrijedorDanas.com - Prijedorski gradski portal\" \/>\n<meta property=\"article:publisher\" content=\"https:\/\/www.facebook.com\/PrijedorDanasCom\/\" \/>\n<meta property=\"article:published_time\" content=\"2019-11-16T00:45:29+00:00\" \/>\n<meta property=\"og:image\" content=\"https:\/\/www.prijedordanas.com\/wp-content\/uploads\/2018\/03\/sud-bih-13-300x222.jpg\" \/>\n<meta name=\"author\" content=\"admin\" \/>\n<meta name=\"twitter:card\" content=\"summary_large_image\" \/>\n<meta name=\"twitter:label1\" content=\"Written by\" \/>\n\t<meta name=\"twitter:data1\" content=\"admin\" \/>\n\t<meta name=\"twitter:label2\" content=\"Est. reading time\" \/>\n\t<meta name=\"twitter:data2\" content=\"2 minutes\" \/>\n<script type=\"application\/ld+json\" class=\"yoast-schema-graph\">{\"@context\":\"https:\/\/schema.org\",\"@graph\":[{\"@type\":\"Article\",\"@id\":\"https:\/\/www.prijedordanas.com\/?p=136840#article\",\"isPartOf\":{\"@id\":\"https:\/\/www.prijedordanas.com\/?p=136840\"},\"author\":{\"name\":\"admin\",\"@id\":\"https:\/\/www.prijedordanas.com\/#\/schema\/person\/4e08ccf29b506ca916ff86d46bb700e6\"},\"headline\":\"Slu\u010daj Miluni\u0107 i ostali: Su\u0111enje mora biti efikasnije\",\"datePublished\":\"2019-11-16T00:45:29+00:00\",\"dateModified\":\"2019-11-16T00:45:29+00:00\",\"mainEntityOfPage\":{\"@id\":\"https:\/\/www.prijedordanas.com\/?p=136840\"},\"wordCount\":329,\"publisher\":{\"@id\":\"https:\/\/www.prijedordanas.com\/#organization\"},\"articleSection\":[\"Hronika\"],\"inLanguage\":\"en-US\"},{\"@type\":\"WebPage\",\"@id\":\"https:\/\/www.prijedordanas.com\/?p=136840\",\"url\":\"https:\/\/www.prijedordanas.com\/?p=136840\",\"name\":\"Slu\u010daj Miluni\u0107 i ostali: Su\u0111enje mora biti efikasnije - PrijedorDanas.com - Prijedorski gradski portal\",\"isPartOf\":{\"@id\":\"https:\/\/www.prijedordanas.com\/#website\"},\"datePublished\":\"2019-11-16T00:45:29+00:00\",\"dateModified\":\"2019-11-16T00:45:29+00:00\",\"breadcrumb\":{\"@id\":\"https:\/\/www.prijedordanas.com\/?p=136840#breadcrumb\"},\"inLanguage\":\"en-US\",\"potentialAction\":[{\"@type\":\"ReadAction\",\"target\":[\"https:\/\/www.prijedordanas.com\/?p=136840\"]}]},{\"@type\":\"BreadcrumbList\",\"@id\":\"https:\/\/www.prijedordanas.com\/?p=136840#breadcrumb\",\"itemListElement\":[{\"@type\":\"ListItem\",\"position\":1,\"name\":\"Home\",\"item\":\"https:\/\/www.prijedordanas.com\/\"},{\"@type\":\"ListItem\",\"position\":2,\"name\":\"Slu\u010daj Miluni\u0107 i ostali: Su\u0111enje mora biti efikasnije\"}]},{\"@type\":\"WebSite\",\"@id\":\"https:\/\/www.prijedordanas.com\/#website\",\"url\":\"https:\/\/www.prijedordanas.com\/\",\"name\":\"PrijedorDanas.com - Prijedorski gradski portal\",\"description\":\"Portal o doga\u0111anjima u gradu Prijedoru\",\"publisher\":{\"@id\":\"https:\/\/www.prijedordanas.com\/#organization\"},\"potentialAction\":[{\"@type\":\"SearchAction\",\"target\":{\"@type\":\"EntryPoint\",\"urlTemplate\":\"https:\/\/www.prijedordanas.com\/?s={search_term_string}\"},\"query-input\":\"required name=search_term_string\"}],\"inLanguage\":\"en-US\"},{\"@type\":\"Organization\",\"@id\":\"https:\/\/www.prijedordanas.com\/#organization\",\"name\":\"PrijedorDanas.com\",\"url\":\"https:\/\/www.prijedordanas.com\/\",\"logo\":{\"@type\":\"ImageObject\",\"inLanguage\":\"en-US\",\"@id\":\"https:\/\/www.prijedordanas.com\/#\/schema\/logo\/image\/\",\"url\":\"http:\/\/www.prijedordanas.com\/wp-content\/uploads\/2021\/12\/logopng.png\",\"contentUrl\":\"http:\/\/www.prijedordanas.com\/wp-content\/uploads\/2021\/12\/logopng.png\",\"width\":1019,\"height\":776,\"caption\":\"PrijedorDanas.com\"},\"image\":{\"@id\":\"https:\/\/www.prijedordanas.com\/#\/schema\/logo\/image\/\"},\"sameAs\":[\"https:\/\/www.facebook.com\/PrijedorDanasCom\/\"]},{\"@type\":\"Person\",\"@id\":\"https:\/\/www.prijedordanas.com\/#\/schema\/person\/4e08ccf29b506ca916ff86d46bb700e6\",\"name\":\"admin\",\"image\":{\"@type\":\"ImageObject\",\"inLanguage\":\"en-US\",\"@id\":\"https:\/\/www.prijedordanas.com\/#\/schema\/person\/image\/\",\"url\":\"https:\/\/secure.gravatar.com\/avatar\/1d3fc949d550f0b53a5f0d51e06dfd79?s=96&d=mm&r=g\",\"contentUrl\":\"https:\/\/secure.gravatar.com\/avatar\/1d3fc949d550f0b53a5f0d51e06dfd79?s=96&d=mm&r=g\",\"caption\":\"admin\"},\"url\":\"https:\/\/www.prijedordanas.com\/?author=1\"}]}<\/script>\n<!-- \/ Yoast SEO plugin. -->","yoast_head_json":{"title":"Slu\u010daj Miluni\u0107 i ostali: Su\u0111enje mora biti efikasnije - PrijedorDanas.com - Prijedorski gradski portal","robots":{"index":"index","follow":"follow","max-snippet":"max-snippet:-1","max-image-preview":"max-image-preview:large","max-video-preview":"max-video-preview:-1"},"canonical":"https:\/\/www.prijedordanas.com\/?p=136840","og_locale":"en_US","og_type":"article","og_title":"Slu\u010daj Miluni\u0107 i ostali: Su\u0111enje mora biti efikasnije - PrijedorDanas.com - Prijedorski gradski portal","og_description":"U postupku protiv 13-orice optu\u017eenih za zlo\u010dine po\u010dinjene u prijedorskom selu Zecovi, predsjedavaju\u0107i Sudskog vije\u0107a \u0160aban Maksumi\u0107 upozorio je da se su\u0111enje mora odvijati efikasnije i ekonomi\u010dnije. Maksumi\u0107 je na [&hellip;]","og_url":"https:\/\/www.prijedordanas.com\/?p=136840","og_site_name":"PrijedorDanas.com - Prijedorski gradski portal","article_publisher":"https:\/\/www.facebook.com\/PrijedorDanasCom\/","article_published_time":"2019-11-16T00:45:29+00:00","og_image":[{"url":"https:\/\/www.prijedordanas.com\/wp-content\/uploads\/2018\/03\/sud-bih-13-300x222.jpg"}],"author":"admin","twitter_card":"summary_large_image","twitter_misc":{"Written by":"admin","Est. reading time":"2 minutes"},"schema":{"@context":"https:\/\/schema.org","@graph":[{"@type":"Article","@id":"https:\/\/www.prijedordanas.com\/?p=136840#article","isPartOf":{"@id":"https:\/\/www.prijedordanas.com\/?p=136840"},"author":{"name":"admin","@id":"https:\/\/www.prijedordanas.com\/#\/schema\/person\/4e08ccf29b506ca916ff86d46bb700e6"},"headline":"Slu\u010daj Miluni\u0107 i ostali: Su\u0111enje mora biti efikasnije","datePublished":"2019-11-16T00:45:29+00:00","dateModified":"2019-11-16T00:45:29+00:00","mainEntityOfPage":{"@id":"https:\/\/www.prijedordanas.com\/?p=136840"},"wordCount":329,"publisher":{"@id":"https:\/\/www.prijedordanas.com\/#organization"},"articleSection":["Hronika"],"inLanguage":"en-US"},{"@type":"WebPage","@id":"https:\/\/www.prijedordanas.com\/?p=136840","url":"https:\/\/www.prijedordanas.com\/?p=136840","name":"Slu\u010daj Miluni\u0107 i ostali: Su\u0111enje mora biti efikasnije - PrijedorDanas.com - Prijedorski gradski portal","isPartOf":{"@id":"https:\/\/www.prijedordanas.com\/#website"},"datePublished":"2019-11-16T00:45:29+00:00","dateModified":"2019-11-16T00:45:29+00:00","breadcrumb":{"@id":"https:\/\/www.prijedordanas.com\/?p=136840#breadcrumb"},"inLanguage":"en-US","potentialAction":[{"@type":"ReadAction","target":["https:\/\/www.prijedordanas.com\/?p=136840"]}]},{"@type":"BreadcrumbList","@id":"https:\/\/www.prijedordanas.com\/?p=136840#breadcrumb","itemListElement":[{"@type":"ListItem","position":1,"name":"Home","item":"https:\/\/www.prijedordanas.com\/"},{"@type":"ListItem","position":2,"name":"Slu\u010daj Miluni\u0107 i ostali: Su\u0111enje mora biti efikasnije"}]},{"@type":"WebSite","@id":"https:\/\/www.prijedordanas.com\/#website","url":"https:\/\/www.prijedordanas.com\/","name":"PrijedorDanas.com - Prijedorski gradski portal","description":"Portal o doga\u0111anjima u gradu Prijedoru","publisher":{"@id":"https:\/\/www.prijedordanas.com\/#organization"},"potentialAction":[{"@type":"SearchAction","target":{"@type":"EntryPoint","urlTemplate":"https:\/\/www.prijedordanas.com\/?s={search_term_string}"},"query-input":"required name=search_term_string"}],"inLanguage":"en-US"},{"@type":"Organization","@id":"https:\/\/www.prijedordanas.com\/#organization","name":"PrijedorDanas.com","url":"https:\/\/www.prijedordanas.com\/","logo":{"@type":"ImageObject","inLanguage":"en-US","@id":"https:\/\/www.prijedordanas.com\/#\/schema\/logo\/image\/","url":"http:\/\/www.prijedordanas.com\/wp-content\/uploads\/2021\/12\/logopng.png","contentUrl":"http:\/\/www.prijedordanas.com\/wp-content\/uploads\/2021\/12\/logopng.png","width":1019,"height":776,"caption":"PrijedorDanas.com"},"image":{"@id":"https:\/\/www.prijedordanas.com\/#\/schema\/logo\/image\/"},"sameAs":["https:\/\/www.facebook.com\/PrijedorDanasCom\/"]},{"@type":"Person","@id":"https:\/\/www.prijedordanas.com\/#\/schema\/person\/4e08ccf29b506ca916ff86d46bb700e6","name":"admin","image":{"@type":"ImageObject","inLanguage":"en-US","@id":"https:\/\/www.prijedordanas.com\/#\/schema\/person\/image\/","url":"https:\/\/secure.gravatar.com\/avatar\/1d3fc949d550f0b53a5f0d51e06dfd79?s=96&d=mm&r=g","contentUrl":"https:\/\/secure.gravatar.com\/avatar\/1d3fc949d550f0b53a5f0d51e06dfd79?s=96&d=mm&r=g","caption":"admin"},"url":"https:\/\/www.prijedordanas.com\/?author=1"}]}},"_links":{"self":[{"href":"https:\/\/www.prijedordanas.com\/index.php?rest_route=\/wp\/v2\/posts\/136840"}],"collection":[{"href":"https:\/\/www.prijedordanas.com\/index.php?rest_route=\/wp\/v2\/posts"}],"about":[{"href":"https:\/\/www.prijedordanas.com\/index.php?rest_route=\/wp\/v2\/types\/post"}],"author":[{"embeddable":true,"href":"https:\/\/www.prijedordanas.com\/index.php?rest_route=\/wp\/v2\/users\/1"}],"replies":[{"embeddable":true,"href":"https:\/\/www.prijedordanas.com\/index.php?rest_route=%2Fwp%2Fv2%2Fcomments&post=136840"}],"version-history":[{"count":1,"href":"https:\/\/www.prijedordanas.com\/index.php?rest_route=\/wp\/v2\/posts\/136840\/revisions"}],"predecessor-version":[{"id":136841,"href":"https:\/\/www.prijedordanas.com\/index.php?rest_route=\/wp\/v2\/posts\/136840\/revisions\/136841"}],"wp:attachment":[{"href":"https:\/\/www.prijedordanas.com\/index.php?rest_route=%2Fwp%2Fv2%2Fmedia&parent=136840"}],"wp:term":[{"taxonomy":"category","embeddable":true,"href":"https:\/\/www.prijedordanas.com\/index.php?rest_route=%2Fwp%2Fv2%2Fcategories&post=136840"},{"taxonomy":"post_tag","embeddable":true,"href":"https:\/\/www.prijedordanas.com\/index.php?rest_route=%2Fwp%2Fv2%2Ftags&post=136840"}],"curies":[{"name":"wp","href":"https:\/\/api.w.org\/{rel}","templated":true}]}}