{"id":136393,"date":"2019-11-07T20:02:03","date_gmt":"2019-11-07T19:02:03","guid":{"rendered":"https:\/\/www.prijedordanas.com\/?p=136393"},"modified":"2019-11-07T20:02:03","modified_gmt":"2019-11-07T19:02:03","slug":"skupstina-grada-prijedora-imenovana-tri-predstavnika-grada-u-skupstinu-zavoda-za-izgradnju","status":"publish","type":"post","link":"https:\/\/www.prijedordanas.com\/?p=136393","title":{"rendered":"Skup\u0161tina grada Prijedora: Imenovana tri predstavnika grada u Skup\u0161tinu Zavoda za izgradnju"},"content":{"rendered":"<p><a href=\"https:\/\/www.prijedordanas.com\/wp-content\/uploads\/2019\/11\/skupstina-grada-7novembar-3.jpg\"><img loading=\"lazy\" decoding=\"async\" class=\"alignleft size-medium wp-image-136394\" src=\"https:\/\/www.prijedordanas.com\/wp-content\/uploads\/2019\/11\/skupstina-grada-7novembar-3-300x217.jpg\" alt=\"\" width=\"300\" height=\"217\" srcset=\"https:\/\/www.prijedordanas.com\/wp-content\/uploads\/2019\/11\/skupstina-grada-7novembar-3-300x217.jpg 300w, https:\/\/www.prijedordanas.com\/wp-content\/uploads\/2019\/11\/skupstina-grada-7novembar-3.jpg 690w\" sizes=\"(max-width: 300px) 100vw, 300px\" \/><\/a>Odbornici Skup\u0161tine grada Prijedor imenovali su danas nove predstavnike u Skup\u0161tinu lokalnog preduze\u0107a Zavod za izgradnju grada, gdje \u0107e ubudu\u0107e interese Grada, kao osniva\u010da, zastupati tri lica umjesto jednog, \u0161to je do sada bio slu\u010daj.<\/p>\n<p>Gradona\u010delnik Prijedora Milenko \u0110akovi\u0107 tvrdi da je nezakonita odluka da Skup\u0161tina grada imenuje predstavnike u tom preduze\u0107u.<\/p>\n<p>On je naveo da je Vladi Republike Srpske i Ministarstvu uprave i lokalne samouprave podnesen zahtjev za ocjenu zakonitosti odluke o izmjeni i dopuni odluke o osnivanju Zavoda za izgradnju grada Prijedor, koja je donesena na sjednici lokalnog parlamenta 22. oktobra.<\/p>\n<p><a href=\"https:\/\/www.prijedordanas.com\/wp-content\/uploads\/2019\/11\/skupstina-grada-7novembar-11.jpg\"><img loading=\"lazy\" decoding=\"async\" src=\"https:\/\/www.prijedordanas.com\/wp-content\/uploads\/2019\/11\/skupstina-grada-7novembar-11-300x200.jpg\" alt=\"\" width=\"300\" height=\"200\" class=\"alignleft size-medium wp-image-136395\" srcset=\"https:\/\/www.prijedordanas.com\/wp-content\/uploads\/2019\/11\/skupstina-grada-7novembar-11-300x200.jpg 300w, https:\/\/www.prijedordanas.com\/wp-content\/uploads\/2019\/11\/skupstina-grada-7novembar-11-480x320.jpg 480w, https:\/\/www.prijedordanas.com\/wp-content\/uploads\/2019\/11\/skupstina-grada-7novembar-11.jpg 600w\" sizes=\"(max-width: 300px) 100vw, 300px\" \/><\/a>Tom odlukom lokalni parlament imenuje tri predstavnika grada u Skup\u0161tinu Zavoda za izgradnju grada, umjesto dosada\u0161njeg jednog predstavnika kojeg je imenovao gradona\u010delnik.<\/p>\n<p>&#8220;Nama je ostalo da upozorimo da se ne ide dalje i da se zaustave akti koji \u0107e se morati ponovo i ponovo razmatrati ovdje i vra\u0107ati u prethodno stanje&#8221;, dodao je \u0110akovi\u0107.<\/p>\n<p>U skup\u0161tinu Zavoda danas su imenovani Tomislav Prpo\u0161, Slavko Antoni\u0107 i Branko Macura, a do sada je interese grada u ovom javnom preduze\u0107u zastupao Mi\u0161o Rodi\u0107.<\/p>\n<p>Za ovu odluku glasalo je 17 odbornika, osam je bilo protiv, a \u010detiri su bila uzdr\u017eana.<\/p>\n<p>Na dana\u0161njoj sjednici imenovana je i Komisija za primopredaju du\u017enosti direktora Doma zdravlja Prijedor u \u010dijem sastavu su \u010dlanovi i zamjenici Stevica Dronjak, Ognjen Dragi\u010devi\u0107, Zorica Bilbija, Zdravko Ostoji\u0107, Sonja Relji\u0107 i Aleksandar \u0160kori\u0107.<\/p>\n<p>Skup\u0161tina grada razrije\u0161ila je du\u017enosti direktora Doma zdravlja Prijedor Slavicu Popovi\u0107 3. oktobra i na za vr\u0161ioca du\u017enosti imenovala Milicu Marjanovi\u0107.<\/p>\n<p>SRNA<\/p>\n","protected":false},"excerpt":{"rendered":"<p>Odbornici Skup\u0161tine grada Prijedor imenovali su danas nove predstavnike u Skup\u0161tinu lokalnog preduze\u0107a Zavod za izgradnju grada, gdje \u0107e ubudu\u0107e interese Grada, kao osniva\u010da, zastupati tri lica umjesto jednog, \u0161to [&hellip;]<\/p>\n","protected":false},"author":1,"featured_media":0,"comment_status":"closed","ping_status":"open","sticky":false,"template":"","format":"standard","meta":{"_monsterinsights_skip_tracking":false,"_monsterinsights_sitenote_active":false,"_monsterinsights_sitenote_note":"","_monsterinsights_sitenote_category":0,"footnotes":""},"categories":[8],"tags":[],"yoast_head":"<!-- This site is optimized with the Yoast SEO plugin v21.6 - https:\/\/yoast.com\/wordpress\/plugins\/seo\/ -->\n<title>Skup\u0161tina grada Prijedora: Imenovana tri predstavnika grada u Skup\u0161tinu Zavoda za izgradnju - PrijedorDanas.com - Prijedorski gradski portal<\/title>\n<meta name=\"robots\" content=\"index, follow, max-snippet:-1, max-image-preview:large, max-video-preview:-1\" \/>\n<link rel=\"canonical\" href=\"https:\/\/www.prijedordanas.com\/?p=136393\" \/>\n<meta property=\"og:locale\" content=\"en_US\" \/>\n<meta property=\"og:type\" content=\"article\" \/>\n<meta property=\"og:title\" content=\"Skup\u0161tina grada Prijedora: Imenovana tri predstavnika grada u Skup\u0161tinu Zavoda za izgradnju - PrijedorDanas.com - Prijedorski gradski portal\" \/>\n<meta property=\"og:description\" content=\"Odbornici Skup\u0161tine grada Prijedor imenovali su danas nove predstavnike u Skup\u0161tinu lokalnog preduze\u0107a Zavod za izgradnju grada, gdje \u0107e ubudu\u0107e interese Grada, kao osniva\u010da, zastupati tri lica umjesto jednog, \u0161to [&hellip;]\" \/>\n<meta property=\"og:url\" content=\"https:\/\/www.prijedordanas.com\/?p=136393\" \/>\n<meta property=\"og:site_name\" content=\"PrijedorDanas.com - Prijedorski gradski portal\" \/>\n<meta property=\"article:publisher\" content=\"https:\/\/www.facebook.com\/PrijedorDanasCom\/\" \/>\n<meta property=\"article:published_time\" content=\"2019-11-07T19:02:03+00:00\" \/>\n<meta property=\"og:image\" content=\"https:\/\/www.prijedordanas.com\/wp-content\/uploads\/2019\/11\/skupstina-grada-7novembar-3-300x217.jpg\" \/>\n<meta name=\"author\" content=\"admin\" \/>\n<meta name=\"twitter:card\" content=\"summary_large_image\" \/>\n<meta name=\"twitter:label1\" content=\"Written by\" \/>\n\t<meta name=\"twitter:data1\" content=\"admin\" \/>\n\t<meta name=\"twitter:label2\" content=\"Est. reading time\" \/>\n\t<meta name=\"twitter:data2\" content=\"1 minute\" \/>\n<script type=\"application\/ld+json\" class=\"yoast-schema-graph\">{\"@context\":\"https:\/\/schema.org\",\"@graph\":[{\"@type\":\"Article\",\"@id\":\"https:\/\/www.prijedordanas.com\/?p=136393#article\",\"isPartOf\":{\"@id\":\"https:\/\/www.prijedordanas.com\/?p=136393\"},\"author\":{\"name\":\"admin\",\"@id\":\"https:\/\/www.prijedordanas.com\/#\/schema\/person\/4e08ccf29b506ca916ff86d46bb700e6\"},\"headline\":\"Skup\u0161tina grada Prijedora: Imenovana tri predstavnika grada u Skup\u0161tinu Zavoda za izgradnju\",\"datePublished\":\"2019-11-07T19:02:03+00:00\",\"dateModified\":\"2019-11-07T19:02:03+00:00\",\"mainEntityOfPage\":{\"@id\":\"https:\/\/www.prijedordanas.com\/?p=136393\"},\"wordCount\":281,\"publisher\":{\"@id\":\"https:\/\/www.prijedordanas.com\/#organization\"},\"articleSection\":[\"Svakodnevno\"],\"inLanguage\":\"en-US\"},{\"@type\":\"WebPage\",\"@id\":\"https:\/\/www.prijedordanas.com\/?p=136393\",\"url\":\"https:\/\/www.prijedordanas.com\/?p=136393\",\"name\":\"Skup\u0161tina grada Prijedora: Imenovana tri predstavnika grada u Skup\u0161tinu Zavoda za izgradnju - PrijedorDanas.com - Prijedorski gradski portal\",\"isPartOf\":{\"@id\":\"https:\/\/www.prijedordanas.com\/#website\"},\"datePublished\":\"2019-11-07T19:02:03+00:00\",\"dateModified\":\"2019-11-07T19:02:03+00:00\",\"breadcrumb\":{\"@id\":\"https:\/\/www.prijedordanas.com\/?p=136393#breadcrumb\"},\"inLanguage\":\"en-US\",\"potentialAction\":[{\"@type\":\"ReadAction\",\"target\":[\"https:\/\/www.prijedordanas.com\/?p=136393\"]}]},{\"@type\":\"BreadcrumbList\",\"@id\":\"https:\/\/www.prijedordanas.com\/?p=136393#breadcrumb\",\"itemListElement\":[{\"@type\":\"ListItem\",\"position\":1,\"name\":\"Home\",\"item\":\"https:\/\/www.prijedordanas.com\/\"},{\"@type\":\"ListItem\",\"position\":2,\"name\":\"Skup\u0161tina grada Prijedora: Imenovana tri predstavnika grada u Skup\u0161tinu Zavoda za izgradnju\"}]},{\"@type\":\"WebSite\",\"@id\":\"https:\/\/www.prijedordanas.com\/#website\",\"url\":\"https:\/\/www.prijedordanas.com\/\",\"name\":\"PrijedorDanas.com - Prijedorski gradski portal\",\"description\":\"Portal o doga\u0111anjima u gradu Prijedoru\",\"publisher\":{\"@id\":\"https:\/\/www.prijedordanas.com\/#organization\"},\"potentialAction\":[{\"@type\":\"SearchAction\",\"target\":{\"@type\":\"EntryPoint\",\"urlTemplate\":\"https:\/\/www.prijedordanas.com\/?s={search_term_string}\"},\"query-input\":\"required name=search_term_string\"}],\"inLanguage\":\"en-US\"},{\"@type\":\"Organization\",\"@id\":\"https:\/\/www.prijedordanas.com\/#organization\",\"name\":\"PrijedorDanas.com\",\"url\":\"https:\/\/www.prijedordanas.com\/\",\"logo\":{\"@type\":\"ImageObject\",\"inLanguage\":\"en-US\",\"@id\":\"https:\/\/www.prijedordanas.com\/#\/schema\/logo\/image\/\",\"url\":\"http:\/\/www.prijedordanas.com\/wp-content\/uploads\/2021\/12\/logopng.png\",\"contentUrl\":\"http:\/\/www.prijedordanas.com\/wp-content\/uploads\/2021\/12\/logopng.png\",\"width\":1019,\"height\":776,\"caption\":\"PrijedorDanas.com\"},\"image\":{\"@id\":\"https:\/\/www.prijedordanas.com\/#\/schema\/logo\/image\/\"},\"sameAs\":[\"https:\/\/www.facebook.com\/PrijedorDanasCom\/\"]},{\"@type\":\"Person\",\"@id\":\"https:\/\/www.prijedordanas.com\/#\/schema\/person\/4e08ccf29b506ca916ff86d46bb700e6\",\"name\":\"admin\",\"image\":{\"@type\":\"ImageObject\",\"inLanguage\":\"en-US\",\"@id\":\"https:\/\/www.prijedordanas.com\/#\/schema\/person\/image\/\",\"url\":\"https:\/\/secure.gravatar.com\/avatar\/1d3fc949d550f0b53a5f0d51e06dfd79?s=96&d=mm&r=g\",\"contentUrl\":\"https:\/\/secure.gravatar.com\/avatar\/1d3fc949d550f0b53a5f0d51e06dfd79?s=96&d=mm&r=g\",\"caption\":\"admin\"},\"url\":\"https:\/\/www.prijedordanas.com\/?author=1\"}]}<\/script>\n<!-- \/ Yoast SEO plugin. -->","yoast_head_json":{"title":"Skup\u0161tina grada Prijedora: Imenovana tri predstavnika grada u Skup\u0161tinu Zavoda za izgradnju - PrijedorDanas.com - Prijedorski gradski portal","robots":{"index":"index","follow":"follow","max-snippet":"max-snippet:-1","max-image-preview":"max-image-preview:large","max-video-preview":"max-video-preview:-1"},"canonical":"https:\/\/www.prijedordanas.com\/?p=136393","og_locale":"en_US","og_type":"article","og_title":"Skup\u0161tina grada Prijedora: Imenovana tri predstavnika grada u Skup\u0161tinu Zavoda za izgradnju - PrijedorDanas.com - Prijedorski gradski portal","og_description":"Odbornici Skup\u0161tine grada Prijedor imenovali su danas nove predstavnike u Skup\u0161tinu lokalnog preduze\u0107a Zavod za izgradnju grada, gdje \u0107e ubudu\u0107e interese Grada, kao osniva\u010da, zastupati tri lica umjesto jednog, \u0161to [&hellip;]","og_url":"https:\/\/www.prijedordanas.com\/?p=136393","og_site_name":"PrijedorDanas.com - Prijedorski gradski portal","article_publisher":"https:\/\/www.facebook.com\/PrijedorDanasCom\/","article_published_time":"2019-11-07T19:02:03+00:00","og_image":[{"url":"https:\/\/www.prijedordanas.com\/wp-content\/uploads\/2019\/11\/skupstina-grada-7novembar-3-300x217.jpg"}],"author":"admin","twitter_card":"summary_large_image","twitter_misc":{"Written by":"admin","Est. reading time":"1 minute"},"schema":{"@context":"https:\/\/schema.org","@graph":[{"@type":"Article","@id":"https:\/\/www.prijedordanas.com\/?p=136393#article","isPartOf":{"@id":"https:\/\/www.prijedordanas.com\/?p=136393"},"author":{"name":"admin","@id":"https:\/\/www.prijedordanas.com\/#\/schema\/person\/4e08ccf29b506ca916ff86d46bb700e6"},"headline":"Skup\u0161tina grada Prijedora: Imenovana tri predstavnika grada u Skup\u0161tinu Zavoda za izgradnju","datePublished":"2019-11-07T19:02:03+00:00","dateModified":"2019-11-07T19:02:03+00:00","mainEntityOfPage":{"@id":"https:\/\/www.prijedordanas.com\/?p=136393"},"wordCount":281,"publisher":{"@id":"https:\/\/www.prijedordanas.com\/#organization"},"articleSection":["Svakodnevno"],"inLanguage":"en-US"},{"@type":"WebPage","@id":"https:\/\/www.prijedordanas.com\/?p=136393","url":"https:\/\/www.prijedordanas.com\/?p=136393","name":"Skup\u0161tina grada Prijedora: Imenovana tri predstavnika grada u Skup\u0161tinu Zavoda za izgradnju - PrijedorDanas.com - Prijedorski gradski portal","isPartOf":{"@id":"https:\/\/www.prijedordanas.com\/#website"},"datePublished":"2019-11-07T19:02:03+00:00","dateModified":"2019-11-07T19:02:03+00:00","breadcrumb":{"@id":"https:\/\/www.prijedordanas.com\/?p=136393#breadcrumb"},"inLanguage":"en-US","potentialAction":[{"@type":"ReadAction","target":["https:\/\/www.prijedordanas.com\/?p=136393"]}]},{"@type":"BreadcrumbList","@id":"https:\/\/www.prijedordanas.com\/?p=136393#breadcrumb","itemListElement":[{"@type":"ListItem","position":1,"name":"Home","item":"https:\/\/www.prijedordanas.com\/"},{"@type":"ListItem","position":2,"name":"Skup\u0161tina grada Prijedora: Imenovana tri predstavnika grada u Skup\u0161tinu Zavoda za izgradnju"}]},{"@type":"WebSite","@id":"https:\/\/www.prijedordanas.com\/#website","url":"https:\/\/www.prijedordanas.com\/","name":"PrijedorDanas.com - Prijedorski gradski portal","description":"Portal o doga\u0111anjima u gradu Prijedoru","publisher":{"@id":"https:\/\/www.prijedordanas.com\/#organization"},"potentialAction":[{"@type":"SearchAction","target":{"@type":"EntryPoint","urlTemplate":"https:\/\/www.prijedordanas.com\/?s={search_term_string}"},"query-input":"required name=search_term_string"}],"inLanguage":"en-US"},{"@type":"Organization","@id":"https:\/\/www.prijedordanas.com\/#organization","name":"PrijedorDanas.com","url":"https:\/\/www.prijedordanas.com\/","logo":{"@type":"ImageObject","inLanguage":"en-US","@id":"https:\/\/www.prijedordanas.com\/#\/schema\/logo\/image\/","url":"http:\/\/www.prijedordanas.com\/wp-content\/uploads\/2021\/12\/logopng.png","contentUrl":"http:\/\/www.prijedordanas.com\/wp-content\/uploads\/2021\/12\/logopng.png","width":1019,"height":776,"caption":"PrijedorDanas.com"},"image":{"@id":"https:\/\/www.prijedordanas.com\/#\/schema\/logo\/image\/"},"sameAs":["https:\/\/www.facebook.com\/PrijedorDanasCom\/"]},{"@type":"Person","@id":"https:\/\/www.prijedordanas.com\/#\/schema\/person\/4e08ccf29b506ca916ff86d46bb700e6","name":"admin","image":{"@type":"ImageObject","inLanguage":"en-US","@id":"https:\/\/www.prijedordanas.com\/#\/schema\/person\/image\/","url":"https:\/\/secure.gravatar.com\/avatar\/1d3fc949d550f0b53a5f0d51e06dfd79?s=96&d=mm&r=g","contentUrl":"https:\/\/secure.gravatar.com\/avatar\/1d3fc949d550f0b53a5f0d51e06dfd79?s=96&d=mm&r=g","caption":"admin"},"url":"https:\/\/www.prijedordanas.com\/?author=1"}]}},"_links":{"self":[{"href":"https:\/\/www.prijedordanas.com\/index.php?rest_route=\/wp\/v2\/posts\/136393"}],"collection":[{"href":"https:\/\/www.prijedordanas.com\/index.php?rest_route=\/wp\/v2\/posts"}],"about":[{"href":"https:\/\/www.prijedordanas.com\/index.php?rest_route=\/wp\/v2\/types\/post"}],"author":[{"embeddable":true,"href":"https:\/\/www.prijedordanas.com\/index.php?rest_route=\/wp\/v2\/users\/1"}],"replies":[{"embeddable":true,"href":"https:\/\/www.prijedordanas.com\/index.php?rest_route=%2Fwp%2Fv2%2Fcomments&post=136393"}],"version-history":[{"count":1,"href":"https:\/\/www.prijedordanas.com\/index.php?rest_route=\/wp\/v2\/posts\/136393\/revisions"}],"predecessor-version":[{"id":136396,"href":"https:\/\/www.prijedordanas.com\/index.php?rest_route=\/wp\/v2\/posts\/136393\/revisions\/136396"}],"wp:attachment":[{"href":"https:\/\/www.prijedordanas.com\/index.php?rest_route=%2Fwp%2Fv2%2Fmedia&parent=136393"}],"wp:term":[{"taxonomy":"category","embeddable":true,"href":"https:\/\/www.prijedordanas.com\/index.php?rest_route=%2Fwp%2Fv2%2Fcategories&post=136393"},{"taxonomy":"post_tag","embeddable":true,"href":"https:\/\/www.prijedordanas.com\/index.php?rest_route=%2Fwp%2Fv2%2Ftags&post=136393"}],"curies":[{"name":"wp","href":"https:\/\/api.w.org\/{rel}","templated":true}]}}