{"id":136093,"date":"2019-11-04T00:04:32","date_gmt":"2019-11-03T23:04:32","guid":{"rendered":"https:\/\/www.prijedordanas.com\/?p=136093"},"modified":"2019-11-04T00:04:32","modified_gmt":"2019-11-03T23:04:32","slug":"konkurs-za-posao-os-josif-pancic-kozica-ostra-luka-prima-radnika-3","status":"publish","type":"post","link":"https:\/\/www.prijedordanas.com\/?p=136093","title":{"rendered":"Konkurs za posao: O\u0160 &#8220;Josif Pan\u010dic\u0301&#8221; Kozica-O\u0161tra Luka prima radnika"},"content":{"rendered":"<p><a href=\"https:\/\/www.prijedordanas.com\/wp-content\/uploads\/2018\/10\/posao-potraga-5.jpg\"><img loading=\"lazy\" decoding=\"async\" src=\"https:\/\/www.prijedordanas.com\/wp-content\/uploads\/2018\/10\/posao-potraga-5-300x217.jpg\" alt=\"\" width=\"300\" height=\"217\" class=\"alignleft size-medium wp-image-114310\" srcset=\"https:\/\/www.prijedordanas.com\/wp-content\/uploads\/2018\/10\/posao-potraga-5-300x217.jpg 300w, https:\/\/www.prijedordanas.com\/wp-content\/uploads\/2018\/10\/posao-potraga-5-100x72.jpg 100w, https:\/\/www.prijedordanas.com\/wp-content\/uploads\/2018\/10\/posao-potraga-5.jpg 690w\" sizes=\"(max-width: 300px) 100vw, 300px\" \/><\/a>JU O\u0160 \u201eJosif Pan\u010dic\u0301\u201c Kozica<\/p>\n<p>Oblast: Obrazovanje<br \/>\nRad na: Odre\u0111eno vrijeme<br \/>\nRegija: Prijedor<br \/>\nOtvoreno do: 07.11.2019.<br \/>\nBroj izvr\u0161ilaca: 1<\/p>\n<p>OPIS RADNOG MJESTA<br \/>\nJU Osnovna \u0161kola \u201eJosif Pan\u010dic\u0301\u201c, Kozica<br \/>\nDonja Kozica br. 129, 79263O\u0161tra Luka<br \/>\ntel.: 052\/481-648, e-mail: os101@skolers.org<br \/>\nBroj: 96\/19<\/p>\n<p>Na osnovu \u010dlana 139. stav (1) i stav (3)  ta\u010dka 15) Zakona o osnovnom vaspitanju i obrazovanju (\u201eSl.gl. RS\u201c broj: 44\/17 i 31\/18), te \u010dlana 4. stav 1) Pravilnika o proceduri i kriterijumima prijema radnika u radni odnos u osnovnoj \u0161koli (\u201eSlu\u017ebeni Glasnik RS\u201c broj: 74\/18) direktor \u0161kole  raspisuje:<\/p>\n<p>                                                KONKURS<br \/>\n                                        za popunu upra\u017enjenog  radnog mjesta<\/p>\n<p>1. Nastavnik tehni\u010dkog obrazovanja\u2013  4 \u010dasa, 1 izvr\u0161ilac na odre\u0111eno vrijeme,do povratka radnika sa porodiljskog  bolovanja, lice sa radnim iskustvom.<\/p>\n<p>OP\u0160TI I POSEBNI USLOVI ZA PRIJEM U RADNI ODNOS<br \/>\nPored op\u0161tih uslova predvi\u0111enih Zakonom o radu(\u201eSl.gl. RS\u201c broj: 01\/16 i 66\/18), kandidati treba da ispunjavaju i posebne uslove propisane \u010dlanom 104. Zakona o osnovnom  vaspitanjui obrazovanju (\u201eSl.gl. RS\u201c broj: 44\/17 i 31\/18)  i Pravilnika o stru\u010dnim profilima i zvanjima nastavnika, stru\u010dnih saradnika i vaspita\u010da (\u201eSl.gl. RS\u201c broj: 77\/09, 86\/10 i 25\/14).<\/p>\n<p>Uz potpisanu prijavu na konkurs potrebno je dostaviti dokaze o ispunjavanju op\u0161tih uslova i to:<br \/>\n-Uvjerenje o dr\u017eavljanstvu,<br \/>\n-Izvod iz mati\u010dne knjige ro\u0111enih ili ovjerena kopija li\u010dne karte,<br \/>\n-Ljekarsko uvjerenje ne starije od 6 mjeseci koje prila\u017ee samo izabrani kandidat, a prije zasnivanja radnog odnosa,<br \/>\n-Uvjerenje da nije osu\u0111ivan pravosna\u017enom presudom za krivi\u010dna djela u\u010dinjena protiv dostojanstva li\u010dnosti, morala, slu\u017ebene du\u017enosti, trgovine ljudima, zlostavljanja djeteta, polnog i drugog nasilja nad djetetom ili maloljetnim licem (uvjerenje o neosu\u0111ivanosti za izabranog kandidata, \u0161kola c\u0301e pribaviti slu\u017ebenim putem, a prije zasnivanja radnog odnosa).<\/p>\n<p>Pored dokaza o ispunjavanju op\u0161tih uslova potrebno je dostaviti dokaze o ispunjavanju posebnih uslova i dokumentaciju na osnovu koje se vr\u0161i bodovanje kandidata i to:<br \/>\n-Diplomu o zavr\u0161enom prvom ciklusu studijskog programa i ostvarenih najmanje 180ESTS u trajanju od tri godine ili ekvavilent;<br \/>\n-Uvjerenje o polo\u017eenom stru\u010dnom ispitu ili dokaz da ima najmanje 1. godinu radnog iskustva u struci;<br \/>\n-Dodatak diplomi, koji sadr\u017ei podatke o prosjeku ocjena tokom studiranja ili uvjerenje visoko \u0161kolske ustanove o prosjeku ocjena tokom studiranja, ukoliko u diplomi ne postoje podaci o prosjeku ocjena;<br \/>\n-Uverenje izdato od Zavoda za zapo\u0161ljavanje o vremenu provedenom na evidenciji nezaposlenih lica za nezaposlena lica (zaklju\u010dno sa danom izdavanja uvjerenja);<br \/>\n-Uvjerenje o radnom sta\u017eu  izdatu od ranijeg poslodavca;<br \/>\n-Uvjerenje gradskog organa uprave nadle\u017enog za bora\u010dko-invalidsku za\u0161titu o utvr\u0111enom statusu \u010dlana porodice poginulog borca Odbrambeno-otad\u017ebinskog rata RS, ako se radi o kandidatu iz kategorije porodice poginulog borca;<br \/>\n-Uvjerenje gradskog organa uprave nadle\u017enog za bora\u010dko invalidsku za\u0161titu o utvr\u0111enom statusu \u010dlana porodice poginulog borca Odbrambeno-otad\u017ebinskog rata RS, ako se radi o kandidatu iz kategorije borca;<br \/>\n-Uvjerenje gradskog organa uprave nadle\u017enog za bora\u010dko invalidsku za\u0161titu o utvr\u0111enom statusu \u010dlana porodice poginulog borca Odbrambeno-otad\u017ebinskog rata RS, ako se radi o kandidatu iz kategorije ratnog vojnog invalida;<\/p>\n<p>Neblagovremene i nepotpune prijave kandidata na javni konkurs nec\u0301e se razmatrati.<br \/>\nSa kandidatima koji su dostavili potpune i blagovremene prijave, odnosno koji  ispunjavaju uslove konkursa obavic\u0301e se testiranje u ponedjeljak, 11.11.2019. god. u 9 \u010dasova u prostorijama \u0161kole i intervju nakon zavr\u0161enog testiranja.<br \/>\nKandidati se nec\u0301e posebno pozivati na testiranje i intervju, a ukoliko se ne pojave na  istom, smatrac\u0301e se da su odustali od konkursa.<br \/>\nKandidati su du\u017eni dostaviti ovjerene kopije svih dokumenata i te kopije nec\u0301e biti vrac\u0301ene kandidatima.<br \/>\nKonkurs ostaje otvoren 8 dana od dana objavljivanja.<br \/>\nPrijave sa potrebnom dokumentacijom mogu se dostaviti li\u010dno ili slati na adresu: JU Osnovna \u0161kola \u201eJosif Pan\u010dic\u0301\u201c Kozica, Donja Kozica br. 129, 78204 Bronzani Majdan, sa naznakom \u201eza konkurs\u201c.<\/p>\n<p>Zavod za zapo\u0161ljavanje RS<br \/>\nFoto &#8211; ilustracija<\/p>\n","protected":false},"excerpt":{"rendered":"<p>JU O\u0160 \u201eJosif Pan\u010dic\u0301\u201c Kozica Oblast: Obrazovanje Rad na: Odre\u0111eno vrijeme Regija: Prijedor Otvoreno do: 07.11.2019. Broj izvr\u0161ilaca: 1 OPIS RADNOG MJESTA JU Osnovna \u0161kola \u201eJosif Pan\u010dic\u0301\u201c, Kozica Donja Kozica [&hellip;]<\/p>\n","protected":false},"author":1,"featured_media":0,"comment_status":"closed","ping_status":"open","sticky":false,"template":"","format":"standard","meta":{"_monsterinsights_skip_tracking":false,"_monsterinsights_sitenote_active":false,"_monsterinsights_sitenote_note":"","_monsterinsights_sitenote_category":0,"footnotes":""},"categories":[7519],"tags":[],"yoast_head":"<!-- This site is optimized with the Yoast SEO plugin v21.6 - https:\/\/yoast.com\/wordpress\/plugins\/seo\/ -->\n<title>Konkurs za posao: O\u0160 &quot;Josif Pan\u010dic\u0301&quot; Kozica-O\u0161tra Luka prima radnika - PrijedorDanas.com - Prijedorski gradski portal<\/title>\n<meta name=\"robots\" content=\"index, follow, max-snippet:-1, max-image-preview:large, max-video-preview:-1\" \/>\n<link rel=\"canonical\" href=\"https:\/\/www.prijedordanas.com\/?p=136093\" \/>\n<meta property=\"og:locale\" content=\"en_US\" \/>\n<meta property=\"og:type\" content=\"article\" \/>\n<meta property=\"og:title\" content=\"Konkurs za posao: O\u0160 &quot;Josif Pan\u010dic\u0301&quot; Kozica-O\u0161tra Luka prima radnika - PrijedorDanas.com - Prijedorski gradski portal\" \/>\n<meta property=\"og:description\" content=\"JU O\u0160 \u201eJosif Pan\u010dic\u0301\u201c Kozica Oblast: Obrazovanje Rad na: Odre\u0111eno vrijeme Regija: Prijedor Otvoreno do: 07.11.2019. Broj izvr\u0161ilaca: 1 OPIS RADNOG MJESTA JU Osnovna \u0161kola \u201eJosif Pan\u010dic\u0301\u201c, Kozica Donja Kozica [&hellip;]\" \/>\n<meta property=\"og:url\" content=\"https:\/\/www.prijedordanas.com\/?p=136093\" \/>\n<meta property=\"og:site_name\" content=\"PrijedorDanas.com - Prijedorski gradski portal\" \/>\n<meta property=\"article:publisher\" content=\"https:\/\/www.facebook.com\/PrijedorDanasCom\/\" \/>\n<meta property=\"article:published_time\" content=\"2019-11-03T23:04:32+00:00\" \/>\n<meta property=\"og:image\" content=\"https:\/\/www.prijedordanas.com\/wp-content\/uploads\/2018\/10\/posao-potraga-5-300x217.jpg\" \/>\n<meta name=\"author\" content=\"admin\" \/>\n<meta name=\"twitter:card\" content=\"summary_large_image\" \/>\n<meta name=\"twitter:label1\" content=\"Written by\" \/>\n\t<meta name=\"twitter:data1\" content=\"admin\" \/>\n\t<meta name=\"twitter:label2\" content=\"Est. reading time\" \/>\n\t<meta name=\"twitter:data2\" content=\"3 minutes\" \/>\n<script type=\"application\/ld+json\" class=\"yoast-schema-graph\">{\"@context\":\"https:\/\/schema.org\",\"@graph\":[{\"@type\":\"Article\",\"@id\":\"https:\/\/www.prijedordanas.com\/?p=136093#article\",\"isPartOf\":{\"@id\":\"https:\/\/www.prijedordanas.com\/?p=136093\"},\"author\":{\"name\":\"admin\",\"@id\":\"https:\/\/www.prijedordanas.com\/#\/schema\/person\/4e08ccf29b506ca916ff86d46bb700e6\"},\"headline\":\"Konkurs za posao: O\u0160 &#8220;Josif Pan\u010dic\u0301&#8221; Kozica-O\u0161tra Luka prima radnika\",\"datePublished\":\"2019-11-03T23:04:32+00:00\",\"dateModified\":\"2019-11-03T23:04:32+00:00\",\"mainEntityOfPage\":{\"@id\":\"https:\/\/www.prijedordanas.com\/?p=136093\"},\"wordCount\":649,\"publisher\":{\"@id\":\"https:\/\/www.prijedordanas.com\/#organization\"},\"articleSection\":[\"Posao\"],\"inLanguage\":\"en-US\"},{\"@type\":\"WebPage\",\"@id\":\"https:\/\/www.prijedordanas.com\/?p=136093\",\"url\":\"https:\/\/www.prijedordanas.com\/?p=136093\",\"name\":\"Konkurs za posao: O\u0160 \\\"Josif Pan\u010dic\u0301\\\" Kozica-O\u0161tra Luka prima radnika - PrijedorDanas.com - Prijedorski gradski portal\",\"isPartOf\":{\"@id\":\"https:\/\/www.prijedordanas.com\/#website\"},\"datePublished\":\"2019-11-03T23:04:32+00:00\",\"dateModified\":\"2019-11-03T23:04:32+00:00\",\"breadcrumb\":{\"@id\":\"https:\/\/www.prijedordanas.com\/?p=136093#breadcrumb\"},\"inLanguage\":\"en-US\",\"potentialAction\":[{\"@type\":\"ReadAction\",\"target\":[\"https:\/\/www.prijedordanas.com\/?p=136093\"]}]},{\"@type\":\"BreadcrumbList\",\"@id\":\"https:\/\/www.prijedordanas.com\/?p=136093#breadcrumb\",\"itemListElement\":[{\"@type\":\"ListItem\",\"position\":1,\"name\":\"Home\",\"item\":\"https:\/\/www.prijedordanas.com\/\"},{\"@type\":\"ListItem\",\"position\":2,\"name\":\"Konkurs za posao: O\u0160 &#8220;Josif Pan\u010dic\u0301&#8221; Kozica-O\u0161tra Luka prima radnika\"}]},{\"@type\":\"WebSite\",\"@id\":\"https:\/\/www.prijedordanas.com\/#website\",\"url\":\"https:\/\/www.prijedordanas.com\/\",\"name\":\"PrijedorDanas.com - Prijedorski gradski portal\",\"description\":\"Portal o doga\u0111anjima u gradu Prijedoru\",\"publisher\":{\"@id\":\"https:\/\/www.prijedordanas.com\/#organization\"},\"potentialAction\":[{\"@type\":\"SearchAction\",\"target\":{\"@type\":\"EntryPoint\",\"urlTemplate\":\"https:\/\/www.prijedordanas.com\/?s={search_term_string}\"},\"query-input\":\"required name=search_term_string\"}],\"inLanguage\":\"en-US\"},{\"@type\":\"Organization\",\"@id\":\"https:\/\/www.prijedordanas.com\/#organization\",\"name\":\"PrijedorDanas.com\",\"url\":\"https:\/\/www.prijedordanas.com\/\",\"logo\":{\"@type\":\"ImageObject\",\"inLanguage\":\"en-US\",\"@id\":\"https:\/\/www.prijedordanas.com\/#\/schema\/logo\/image\/\",\"url\":\"http:\/\/www.prijedordanas.com\/wp-content\/uploads\/2021\/12\/logopng.png\",\"contentUrl\":\"http:\/\/www.prijedordanas.com\/wp-content\/uploads\/2021\/12\/logopng.png\",\"width\":1019,\"height\":776,\"caption\":\"PrijedorDanas.com\"},\"image\":{\"@id\":\"https:\/\/www.prijedordanas.com\/#\/schema\/logo\/image\/\"},\"sameAs\":[\"https:\/\/www.facebook.com\/PrijedorDanasCom\/\"]},{\"@type\":\"Person\",\"@id\":\"https:\/\/www.prijedordanas.com\/#\/schema\/person\/4e08ccf29b506ca916ff86d46bb700e6\",\"name\":\"admin\",\"image\":{\"@type\":\"ImageObject\",\"inLanguage\":\"en-US\",\"@id\":\"https:\/\/www.prijedordanas.com\/#\/schema\/person\/image\/\",\"url\":\"https:\/\/secure.gravatar.com\/avatar\/1d3fc949d550f0b53a5f0d51e06dfd79?s=96&d=mm&r=g\",\"contentUrl\":\"https:\/\/secure.gravatar.com\/avatar\/1d3fc949d550f0b53a5f0d51e06dfd79?s=96&d=mm&r=g\",\"caption\":\"admin\"},\"url\":\"https:\/\/www.prijedordanas.com\/?author=1\"}]}<\/script>\n<!-- \/ Yoast SEO plugin. -->","yoast_head_json":{"title":"Konkurs za posao: O\u0160 \"Josif Pan\u010dic\u0301\" Kozica-O\u0161tra Luka prima radnika - PrijedorDanas.com - Prijedorski gradski portal","robots":{"index":"index","follow":"follow","max-snippet":"max-snippet:-1","max-image-preview":"max-image-preview:large","max-video-preview":"max-video-preview:-1"},"canonical":"https:\/\/www.prijedordanas.com\/?p=136093","og_locale":"en_US","og_type":"article","og_title":"Konkurs za posao: O\u0160 \"Josif Pan\u010dic\u0301\" Kozica-O\u0161tra Luka prima radnika - PrijedorDanas.com - Prijedorski gradski portal","og_description":"JU O\u0160 \u201eJosif Pan\u010dic\u0301\u201c Kozica Oblast: Obrazovanje Rad na: Odre\u0111eno vrijeme Regija: Prijedor Otvoreno do: 07.11.2019. Broj izvr\u0161ilaca: 1 OPIS RADNOG MJESTA JU Osnovna \u0161kola \u201eJosif Pan\u010dic\u0301\u201c, Kozica Donja Kozica [&hellip;]","og_url":"https:\/\/www.prijedordanas.com\/?p=136093","og_site_name":"PrijedorDanas.com - Prijedorski gradski portal","article_publisher":"https:\/\/www.facebook.com\/PrijedorDanasCom\/","article_published_time":"2019-11-03T23:04:32+00:00","og_image":[{"url":"https:\/\/www.prijedordanas.com\/wp-content\/uploads\/2018\/10\/posao-potraga-5-300x217.jpg"}],"author":"admin","twitter_card":"summary_large_image","twitter_misc":{"Written by":"admin","Est. reading time":"3 minutes"},"schema":{"@context":"https:\/\/schema.org","@graph":[{"@type":"Article","@id":"https:\/\/www.prijedordanas.com\/?p=136093#article","isPartOf":{"@id":"https:\/\/www.prijedordanas.com\/?p=136093"},"author":{"name":"admin","@id":"https:\/\/www.prijedordanas.com\/#\/schema\/person\/4e08ccf29b506ca916ff86d46bb700e6"},"headline":"Konkurs za posao: O\u0160 &#8220;Josif Pan\u010dic\u0301&#8221; Kozica-O\u0161tra Luka prima radnika","datePublished":"2019-11-03T23:04:32+00:00","dateModified":"2019-11-03T23:04:32+00:00","mainEntityOfPage":{"@id":"https:\/\/www.prijedordanas.com\/?p=136093"},"wordCount":649,"publisher":{"@id":"https:\/\/www.prijedordanas.com\/#organization"},"articleSection":["Posao"],"inLanguage":"en-US"},{"@type":"WebPage","@id":"https:\/\/www.prijedordanas.com\/?p=136093","url":"https:\/\/www.prijedordanas.com\/?p=136093","name":"Konkurs za posao: O\u0160 \"Josif Pan\u010dic\u0301\" Kozica-O\u0161tra Luka prima radnika - PrijedorDanas.com - Prijedorski gradski portal","isPartOf":{"@id":"https:\/\/www.prijedordanas.com\/#website"},"datePublished":"2019-11-03T23:04:32+00:00","dateModified":"2019-11-03T23:04:32+00:00","breadcrumb":{"@id":"https:\/\/www.prijedordanas.com\/?p=136093#breadcrumb"},"inLanguage":"en-US","potentialAction":[{"@type":"ReadAction","target":["https:\/\/www.prijedordanas.com\/?p=136093"]}]},{"@type":"BreadcrumbList","@id":"https:\/\/www.prijedordanas.com\/?p=136093#breadcrumb","itemListElement":[{"@type":"ListItem","position":1,"name":"Home","item":"https:\/\/www.prijedordanas.com\/"},{"@type":"ListItem","position":2,"name":"Konkurs za posao: O\u0160 &#8220;Josif Pan\u010dic\u0301&#8221; Kozica-O\u0161tra Luka prima radnika"}]},{"@type":"WebSite","@id":"https:\/\/www.prijedordanas.com\/#website","url":"https:\/\/www.prijedordanas.com\/","name":"PrijedorDanas.com - Prijedorski gradski portal","description":"Portal o doga\u0111anjima u gradu Prijedoru","publisher":{"@id":"https:\/\/www.prijedordanas.com\/#organization"},"potentialAction":[{"@type":"SearchAction","target":{"@type":"EntryPoint","urlTemplate":"https:\/\/www.prijedordanas.com\/?s={search_term_string}"},"query-input":"required name=search_term_string"}],"inLanguage":"en-US"},{"@type":"Organization","@id":"https:\/\/www.prijedordanas.com\/#organization","name":"PrijedorDanas.com","url":"https:\/\/www.prijedordanas.com\/","logo":{"@type":"ImageObject","inLanguage":"en-US","@id":"https:\/\/www.prijedordanas.com\/#\/schema\/logo\/image\/","url":"http:\/\/www.prijedordanas.com\/wp-content\/uploads\/2021\/12\/logopng.png","contentUrl":"http:\/\/www.prijedordanas.com\/wp-content\/uploads\/2021\/12\/logopng.png","width":1019,"height":776,"caption":"PrijedorDanas.com"},"image":{"@id":"https:\/\/www.prijedordanas.com\/#\/schema\/logo\/image\/"},"sameAs":["https:\/\/www.facebook.com\/PrijedorDanasCom\/"]},{"@type":"Person","@id":"https:\/\/www.prijedordanas.com\/#\/schema\/person\/4e08ccf29b506ca916ff86d46bb700e6","name":"admin","image":{"@type":"ImageObject","inLanguage":"en-US","@id":"https:\/\/www.prijedordanas.com\/#\/schema\/person\/image\/","url":"https:\/\/secure.gravatar.com\/avatar\/1d3fc949d550f0b53a5f0d51e06dfd79?s=96&d=mm&r=g","contentUrl":"https:\/\/secure.gravatar.com\/avatar\/1d3fc949d550f0b53a5f0d51e06dfd79?s=96&d=mm&r=g","caption":"admin"},"url":"https:\/\/www.prijedordanas.com\/?author=1"}]}},"_links":{"self":[{"href":"https:\/\/www.prijedordanas.com\/index.php?rest_route=\/wp\/v2\/posts\/136093"}],"collection":[{"href":"https:\/\/www.prijedordanas.com\/index.php?rest_route=\/wp\/v2\/posts"}],"about":[{"href":"https:\/\/www.prijedordanas.com\/index.php?rest_route=\/wp\/v2\/types\/post"}],"author":[{"embeddable":true,"href":"https:\/\/www.prijedordanas.com\/index.php?rest_route=\/wp\/v2\/users\/1"}],"replies":[{"embeddable":true,"href":"https:\/\/www.prijedordanas.com\/index.php?rest_route=%2Fwp%2Fv2%2Fcomments&post=136093"}],"version-history":[{"count":1,"href":"https:\/\/www.prijedordanas.com\/index.php?rest_route=\/wp\/v2\/posts\/136093\/revisions"}],"predecessor-version":[{"id":136094,"href":"https:\/\/www.prijedordanas.com\/index.php?rest_route=\/wp\/v2\/posts\/136093\/revisions\/136094"}],"wp:attachment":[{"href":"https:\/\/www.prijedordanas.com\/index.php?rest_route=%2Fwp%2Fv2%2Fmedia&parent=136093"}],"wp:term":[{"taxonomy":"category","embeddable":true,"href":"https:\/\/www.prijedordanas.com\/index.php?rest_route=%2Fwp%2Fv2%2Fcategories&post=136093"},{"taxonomy":"post_tag","embeddable":true,"href":"https:\/\/www.prijedordanas.com\/index.php?rest_route=%2Fwp%2Fv2%2Ftags&post=136093"}],"curies":[{"name":"wp","href":"https:\/\/api.w.org\/{rel}","templated":true}]}}