{"id":136065,"date":"2019-11-04T01:54:38","date_gmt":"2019-11-04T00:54:38","guid":{"rendered":"https:\/\/www.prijedordanas.com\/?p=136065"},"modified":"2019-11-04T01:54:38","modified_gmt":"2019-11-04T00:54:38","slug":"prijedor-edukacija-ucenika-o-znacaju-prve-i-hitne-pomoci-u-udesima-foto-video","status":"publish","type":"post","link":"https:\/\/www.prijedordanas.com\/?p=136065","title":{"rendered":"Prijedor: Edukacija u\u010denika o zna\u010daju prve i hitne pomo\u0107i u udesima &#8211; FOTO\/VIDEO"},"content":{"rendered":"<p><a href=\"https:\/\/www.prijedordanas.com\/wp-content\/uploads\/2019\/11\/edukacija-ucenika-prva-pomoc-hitna-pomoc-2.jpg\"><img loading=\"lazy\" decoding=\"async\" class=\"alignleft size-medium wp-image-136177\" src=\"https:\/\/www.prijedordanas.com\/wp-content\/uploads\/2019\/11\/edukacija-ucenika-prva-pomoc-hitna-pomoc-2-300x217.jpg\" alt=\"\" width=\"300\" height=\"217\" srcset=\"https:\/\/www.prijedordanas.com\/wp-content\/uploads\/2019\/11\/edukacija-ucenika-prva-pomoc-hitna-pomoc-2-300x217.jpg 300w, https:\/\/www.prijedordanas.com\/wp-content\/uploads\/2019\/11\/edukacija-ucenika-prva-pomoc-hitna-pomoc-2.jpg 690w\" sizes=\"(max-width: 300px) 100vw, 300px\" \/><\/a>Za u\u010denike srednjih i osnovnih \u0161kola u Prijedoru organizovana je radionica o zna\u010daju prve pomo\u0107i i ulozi hitne pomo\u0107i u bezbjednosti saobra\u0107aja u okviru projekta &#8220;Brza intervencija, manje posljedice&#8221;.<\/p>\n<p>Projekat koji zajedni\u010dki realizuju Agencija za bezbjednost saobra\u0107aja Republike Srpske, grad Prijedor, gradska Agencija za ekonomski razvoj &#8220;Preda-PD&#8221; i ovda\u0161nji Dom zdravlja i Srednjo\u0161kolski centar.<\/p>\n<p>Direktor Srednjo\u0161kolskog centra Prijedor Aleksandar Milje\u0161i\u0107 rekao je da \u010dlanovi sekcija prve pomo\u0107i godinama realizuju pokazne vje\u017ebe o realisti\u010dnim prikazima saobra\u0107ajnih nezgoda.<\/p>\n<p><a href=\"https:\/\/www.prijedordanas.com\/wp-content\/uploads\/2019\/11\/edukacija-ucenika-prva-pomoc-hitna-pomoc-1.jpg\"><img loading=\"lazy\" decoding=\"async\" class=\"alignleft size-medium wp-image-136178\" src=\"https:\/\/www.prijedordanas.com\/wp-content\/uploads\/2019\/11\/edukacija-ucenika-prva-pomoc-hitna-pomoc-1-300x217.jpg\" alt=\"\" width=\"300\" height=\"217\" srcset=\"https:\/\/www.prijedordanas.com\/wp-content\/uploads\/2019\/11\/edukacija-ucenika-prva-pomoc-hitna-pomoc-1-300x217.jpg 300w, https:\/\/www.prijedordanas.com\/wp-content\/uploads\/2019\/11\/edukacija-ucenika-prva-pomoc-hitna-pomoc-1.jpg 690w\" sizes=\"(max-width: 300px) 100vw, 300px\" \/><\/a>&#8220;To su situacije u kojima se svi mo\u017eemo na\u0107i svakodnevno i zato smo prepoznali potrebu da svoje znanje podijelimo i sa osnovcima&#8221;, rekao je Milje\u0161i\u0107 novinarima u Prijedoru.<\/p>\n<p>\u010clan ekipe prve pomo\u0107i Srednje medicinske \u0161kole David Ke\u0161in rekao je da se na ovaj na\u010din \u017eeli edukovati \u0161to vi\u0161e \u0111aka, kao i privu\u0107i pa\u017enja mla\u0111ih generacija da se bave prvom pomo\u0107i.<\/p>\n<p>&#8220;Ovdje danas imamo dva poligona gdje prikazujemo stanja, oboljenja, povrede i krvarenja i kako se to sanira dok ne do\u0111e hitna pomo\u0107, jer su nekad sekunde va\u017ene&#8221;, rekao je Ke\u0161in.<\/p>\n<p><a href=\"https:\/\/www.prijedordanas.com\/wp-content\/uploads\/2019\/11\/edukacija-ucenika-prva-pomoc-hitna-pomoc-3.jpg\"><img loading=\"lazy\" decoding=\"async\" class=\"alignleft size-medium wp-image-136179\" src=\"https:\/\/www.prijedordanas.com\/wp-content\/uploads\/2019\/11\/edukacija-ucenika-prva-pomoc-hitna-pomoc-3-300x169.jpg\" alt=\"\" width=\"300\" height=\"169\" srcset=\"https:\/\/www.prijedordanas.com\/wp-content\/uploads\/2019\/11\/edukacija-ucenika-prva-pomoc-hitna-pomoc-3-300x169.jpg 300w, https:\/\/www.prijedordanas.com\/wp-content\/uploads\/2019\/11\/edukacija-ucenika-prva-pomoc-hitna-pomoc-3.jpg 600w\" sizes=\"(max-width: 300px) 100vw, 300px\" \/><\/a>Vr\u0161ilac du\u017enosti direktora Doma zdravlja Prijedor Milica Marjanovi\u0107 rekla je da je akcenat na nabavci dodatne opreme koja se koristi isklju\u010divo u intervencijama u saobra\u0107ajnim nezgodama.<\/p>\n<p>&#8220;Od izuzetnog zna\u010daja je \u0161to se treba formirati tim za saobra\u0107ajne nezgode koji \u0107e \u010diniti najmanje dva ljekara, specijalista urgentne medicine i tri tehni\u010dara. Danas na\u0161 stru\u010dni kadar prenosi znanje na mlade ljude da se \u0161to bezbjednije kre\u0107u u saobra\u0107aju i da znaju kako pomo\u0107i unesre\u0107enima u saobra\u0107ajnim nezgodama&#8221;, navela je Marjanovi\u0107eva.<\/p>\n<p>Vr\u0161ilac du\u017enosti direktora Agencije &#8220;Preda-PD&#8221; Aleksandar Drlja\u010da rekao je da za ovu agenciju ne postoje mali i veliki projekti.<\/p>\n<p><a href=\"https:\/\/www.prijedordanas.com\/wp-content\/uploads\/2019\/11\/edukacija-ucenika-prva-pomoc-hitna-pomoc-4.jpg\"><img loading=\"lazy\" decoding=\"async\" src=\"https:\/\/www.prijedordanas.com\/wp-content\/uploads\/2019\/11\/edukacija-ucenika-prva-pomoc-hitna-pomoc-4-300x169.jpg\" alt=\"\" width=\"300\" height=\"169\" class=\"alignleft size-medium wp-image-136180\" srcset=\"https:\/\/www.prijedordanas.com\/wp-content\/uploads\/2019\/11\/edukacija-ucenika-prva-pomoc-hitna-pomoc-4-300x169.jpg 300w, https:\/\/www.prijedordanas.com\/wp-content\/uploads\/2019\/11\/edukacija-ucenika-prva-pomoc-hitna-pomoc-4.jpg 600w\" sizes=\"(max-width: 300px) 100vw, 300px\" \/><\/a>&#8220;Radimo sve da bi na\u0161i gra\u0111ani bili zadovoljni i kroz svaki projekat njima smo na usluzi&#8221;, poru\u010dio je Drlja\u010da.<\/p>\n<p>Projekat &#8220;Brza intervencija-manje posljedica&#8221; ima za cilj unapre\u0111enje bezbjednosti saobra\u0107aja kroz provo\u0111enje preventivnih i korektivnih mjera.<\/p>\n<p>Finansiraju ga Agencija za bezbjednost saobra\u0107aja Republike Srpske i grad Prijedor sa 15.000 KM. Nabavka medicinske opreme vrijedne 9.500 KM bez PDV-a namijenjena je slu\u017ebi hitne pomo\u0107i, a ostatak sredstava edukativnim aktivnostima, kao i dizajniranju, izradi i emitovanju promotivnog spota.<\/p>\n<p>SRNA<\/p>\n<p><iframe loading=\"lazy\" title=\"KAFA U 5 - Prva pomo\u0107 i u\u010denici\" width=\"500\" height=\"281\" src=\"https:\/\/www.youtube.com\/embed\/T0uC86Zq2RE?feature=oembed\" frameborder=\"0\" allow=\"accelerometer; autoplay; encrypted-media; gyroscope; picture-in-picture\" allowfullscreen><\/iframe><\/p>\n","protected":false},"excerpt":{"rendered":"<p>Za u\u010denike srednjih i osnovnih \u0161kola u Prijedoru organizovana je radionica o zna\u010daju prve pomo\u0107i i ulozi hitne pomo\u0107i u bezbjednosti saobra\u0107aja u okviru projekta &#8220;Brza intervencija, manje posljedice&#8221;. Projekat [&hellip;]<\/p>\n","protected":false},"author":1,"featured_media":0,"comment_status":"closed","ping_status":"open","sticky":false,"template":"","format":"standard","meta":{"_monsterinsights_skip_tracking":false,"_monsterinsights_sitenote_active":false,"_monsterinsights_sitenote_note":"","_monsterinsights_sitenote_category":0,"footnotes":""},"categories":[7518],"tags":[],"yoast_head":"<!-- This site is optimized with the Yoast SEO plugin v21.6 - https:\/\/yoast.com\/wordpress\/plugins\/seo\/ -->\n<title>Prijedor: Edukacija u\u010denika o zna\u010daju prve i hitne pomo\u0107i u udesima - FOTO\/VIDEO - PrijedorDanas.com - Prijedorski gradski portal<\/title>\n<meta name=\"robots\" content=\"index, follow, max-snippet:-1, max-image-preview:large, max-video-preview:-1\" \/>\n<link rel=\"canonical\" href=\"https:\/\/www.prijedordanas.com\/?p=136065\" \/>\n<meta property=\"og:locale\" content=\"en_US\" \/>\n<meta property=\"og:type\" content=\"article\" \/>\n<meta property=\"og:title\" content=\"Prijedor: Edukacija u\u010denika o zna\u010daju prve i hitne pomo\u0107i u udesima - FOTO\/VIDEO - PrijedorDanas.com - Prijedorski gradski portal\" \/>\n<meta property=\"og:description\" content=\"Za u\u010denike srednjih i osnovnih \u0161kola u Prijedoru organizovana je radionica o zna\u010daju prve pomo\u0107i i ulozi hitne pomo\u0107i u bezbjednosti saobra\u0107aja u okviru projekta &#8220;Brza intervencija, manje posljedice&#8221;. Projekat [&hellip;]\" \/>\n<meta property=\"og:url\" content=\"https:\/\/www.prijedordanas.com\/?p=136065\" \/>\n<meta property=\"og:site_name\" content=\"PrijedorDanas.com - Prijedorski gradski portal\" \/>\n<meta property=\"article:publisher\" content=\"https:\/\/www.facebook.com\/PrijedorDanasCom\/\" \/>\n<meta property=\"article:published_time\" content=\"2019-11-04T00:54:38+00:00\" \/>\n<meta property=\"og:image\" content=\"https:\/\/www.prijedordanas.com\/wp-content\/uploads\/2019\/11\/edukacija-ucenika-prva-pomoc-hitna-pomoc-2-300x217.jpg\" \/>\n<meta name=\"author\" content=\"admin\" \/>\n<meta name=\"twitter:card\" content=\"summary_large_image\" \/>\n<meta name=\"twitter:label1\" content=\"Written by\" \/>\n\t<meta name=\"twitter:data1\" content=\"admin\" \/>\n\t<meta name=\"twitter:label2\" content=\"Est. reading time\" \/>\n\t<meta name=\"twitter:data2\" content=\"2 minutes\" \/>\n<script type=\"application\/ld+json\" class=\"yoast-schema-graph\">{\"@context\":\"https:\/\/schema.org\",\"@graph\":[{\"@type\":\"Article\",\"@id\":\"https:\/\/www.prijedordanas.com\/?p=136065#article\",\"isPartOf\":{\"@id\":\"https:\/\/www.prijedordanas.com\/?p=136065\"},\"author\":{\"name\":\"admin\",\"@id\":\"https:\/\/www.prijedordanas.com\/#\/schema\/person\/4e08ccf29b506ca916ff86d46bb700e6\"},\"headline\":\"Prijedor: Edukacija u\u010denika o zna\u010daju prve i hitne pomo\u0107i u udesima &#8211; FOTO\/VIDEO\",\"datePublished\":\"2019-11-04T00:54:38+00:00\",\"dateModified\":\"2019-11-04T00:54:38+00:00\",\"mainEntityOfPage\":{\"@id\":\"https:\/\/www.prijedordanas.com\/?p=136065\"},\"wordCount\":417,\"publisher\":{\"@id\":\"https:\/\/www.prijedordanas.com\/#organization\"},\"articleSection\":[\"Mladi\"],\"inLanguage\":\"en-US\"},{\"@type\":\"WebPage\",\"@id\":\"https:\/\/www.prijedordanas.com\/?p=136065\",\"url\":\"https:\/\/www.prijedordanas.com\/?p=136065\",\"name\":\"Prijedor: Edukacija u\u010denika o zna\u010daju prve i hitne pomo\u0107i u udesima - FOTO\/VIDEO - PrijedorDanas.com - Prijedorski gradski portal\",\"isPartOf\":{\"@id\":\"https:\/\/www.prijedordanas.com\/#website\"},\"datePublished\":\"2019-11-04T00:54:38+00:00\",\"dateModified\":\"2019-11-04T00:54:38+00:00\",\"breadcrumb\":{\"@id\":\"https:\/\/www.prijedordanas.com\/?p=136065#breadcrumb\"},\"inLanguage\":\"en-US\",\"potentialAction\":[{\"@type\":\"ReadAction\",\"target\":[\"https:\/\/www.prijedordanas.com\/?p=136065\"]}]},{\"@type\":\"BreadcrumbList\",\"@id\":\"https:\/\/www.prijedordanas.com\/?p=136065#breadcrumb\",\"itemListElement\":[{\"@type\":\"ListItem\",\"position\":1,\"name\":\"Home\",\"item\":\"https:\/\/www.prijedordanas.com\/\"},{\"@type\":\"ListItem\",\"position\":2,\"name\":\"Prijedor: Edukacija u\u010denika o zna\u010daju prve i hitne pomo\u0107i u udesima &#8211; FOTO\/VIDEO\"}]},{\"@type\":\"WebSite\",\"@id\":\"https:\/\/www.prijedordanas.com\/#website\",\"url\":\"https:\/\/www.prijedordanas.com\/\",\"name\":\"PrijedorDanas.com - Prijedorski gradski portal\",\"description\":\"Portal o doga\u0111anjima u gradu Prijedoru\",\"publisher\":{\"@id\":\"https:\/\/www.prijedordanas.com\/#organization\"},\"potentialAction\":[{\"@type\":\"SearchAction\",\"target\":{\"@type\":\"EntryPoint\",\"urlTemplate\":\"https:\/\/www.prijedordanas.com\/?s={search_term_string}\"},\"query-input\":\"required name=search_term_string\"}],\"inLanguage\":\"en-US\"},{\"@type\":\"Organization\",\"@id\":\"https:\/\/www.prijedordanas.com\/#organization\",\"name\":\"PrijedorDanas.com\",\"url\":\"https:\/\/www.prijedordanas.com\/\",\"logo\":{\"@type\":\"ImageObject\",\"inLanguage\":\"en-US\",\"@id\":\"https:\/\/www.prijedordanas.com\/#\/schema\/logo\/image\/\",\"url\":\"http:\/\/www.prijedordanas.com\/wp-content\/uploads\/2021\/12\/logopng.png\",\"contentUrl\":\"http:\/\/www.prijedordanas.com\/wp-content\/uploads\/2021\/12\/logopng.png\",\"width\":1019,\"height\":776,\"caption\":\"PrijedorDanas.com\"},\"image\":{\"@id\":\"https:\/\/www.prijedordanas.com\/#\/schema\/logo\/image\/\"},\"sameAs\":[\"https:\/\/www.facebook.com\/PrijedorDanasCom\/\"]},{\"@type\":\"Person\",\"@id\":\"https:\/\/www.prijedordanas.com\/#\/schema\/person\/4e08ccf29b506ca916ff86d46bb700e6\",\"name\":\"admin\",\"image\":{\"@type\":\"ImageObject\",\"inLanguage\":\"en-US\",\"@id\":\"https:\/\/www.prijedordanas.com\/#\/schema\/person\/image\/\",\"url\":\"https:\/\/secure.gravatar.com\/avatar\/1d3fc949d550f0b53a5f0d51e06dfd79?s=96&d=mm&r=g\",\"contentUrl\":\"https:\/\/secure.gravatar.com\/avatar\/1d3fc949d550f0b53a5f0d51e06dfd79?s=96&d=mm&r=g\",\"caption\":\"admin\"},\"url\":\"https:\/\/www.prijedordanas.com\/?author=1\"}]}<\/script>\n<!-- \/ Yoast SEO plugin. -->","yoast_head_json":{"title":"Prijedor: Edukacija u\u010denika o zna\u010daju prve i hitne pomo\u0107i u udesima - FOTO\/VIDEO - PrijedorDanas.com - Prijedorski gradski portal","robots":{"index":"index","follow":"follow","max-snippet":"max-snippet:-1","max-image-preview":"max-image-preview:large","max-video-preview":"max-video-preview:-1"},"canonical":"https:\/\/www.prijedordanas.com\/?p=136065","og_locale":"en_US","og_type":"article","og_title":"Prijedor: Edukacija u\u010denika o zna\u010daju prve i hitne pomo\u0107i u udesima - FOTO\/VIDEO - PrijedorDanas.com - Prijedorski gradski portal","og_description":"Za u\u010denike srednjih i osnovnih \u0161kola u Prijedoru organizovana je radionica o zna\u010daju prve pomo\u0107i i ulozi hitne pomo\u0107i u bezbjednosti saobra\u0107aja u okviru projekta &#8220;Brza intervencija, manje posljedice&#8221;. Projekat [&hellip;]","og_url":"https:\/\/www.prijedordanas.com\/?p=136065","og_site_name":"PrijedorDanas.com - Prijedorski gradski portal","article_publisher":"https:\/\/www.facebook.com\/PrijedorDanasCom\/","article_published_time":"2019-11-04T00:54:38+00:00","og_image":[{"url":"https:\/\/www.prijedordanas.com\/wp-content\/uploads\/2019\/11\/edukacija-ucenika-prva-pomoc-hitna-pomoc-2-300x217.jpg"}],"author":"admin","twitter_card":"summary_large_image","twitter_misc":{"Written by":"admin","Est. reading time":"2 minutes"},"schema":{"@context":"https:\/\/schema.org","@graph":[{"@type":"Article","@id":"https:\/\/www.prijedordanas.com\/?p=136065#article","isPartOf":{"@id":"https:\/\/www.prijedordanas.com\/?p=136065"},"author":{"name":"admin","@id":"https:\/\/www.prijedordanas.com\/#\/schema\/person\/4e08ccf29b506ca916ff86d46bb700e6"},"headline":"Prijedor: Edukacija u\u010denika o zna\u010daju prve i hitne pomo\u0107i u udesima &#8211; FOTO\/VIDEO","datePublished":"2019-11-04T00:54:38+00:00","dateModified":"2019-11-04T00:54:38+00:00","mainEntityOfPage":{"@id":"https:\/\/www.prijedordanas.com\/?p=136065"},"wordCount":417,"publisher":{"@id":"https:\/\/www.prijedordanas.com\/#organization"},"articleSection":["Mladi"],"inLanguage":"en-US"},{"@type":"WebPage","@id":"https:\/\/www.prijedordanas.com\/?p=136065","url":"https:\/\/www.prijedordanas.com\/?p=136065","name":"Prijedor: Edukacija u\u010denika o zna\u010daju prve i hitne pomo\u0107i u udesima - FOTO\/VIDEO - PrijedorDanas.com - Prijedorski gradski portal","isPartOf":{"@id":"https:\/\/www.prijedordanas.com\/#website"},"datePublished":"2019-11-04T00:54:38+00:00","dateModified":"2019-11-04T00:54:38+00:00","breadcrumb":{"@id":"https:\/\/www.prijedordanas.com\/?p=136065#breadcrumb"},"inLanguage":"en-US","potentialAction":[{"@type":"ReadAction","target":["https:\/\/www.prijedordanas.com\/?p=136065"]}]},{"@type":"BreadcrumbList","@id":"https:\/\/www.prijedordanas.com\/?p=136065#breadcrumb","itemListElement":[{"@type":"ListItem","position":1,"name":"Home","item":"https:\/\/www.prijedordanas.com\/"},{"@type":"ListItem","position":2,"name":"Prijedor: Edukacija u\u010denika o zna\u010daju prve i hitne pomo\u0107i u udesima &#8211; FOTO\/VIDEO"}]},{"@type":"WebSite","@id":"https:\/\/www.prijedordanas.com\/#website","url":"https:\/\/www.prijedordanas.com\/","name":"PrijedorDanas.com - Prijedorski gradski portal","description":"Portal o doga\u0111anjima u gradu Prijedoru","publisher":{"@id":"https:\/\/www.prijedordanas.com\/#organization"},"potentialAction":[{"@type":"SearchAction","target":{"@type":"EntryPoint","urlTemplate":"https:\/\/www.prijedordanas.com\/?s={search_term_string}"},"query-input":"required name=search_term_string"}],"inLanguage":"en-US"},{"@type":"Organization","@id":"https:\/\/www.prijedordanas.com\/#organization","name":"PrijedorDanas.com","url":"https:\/\/www.prijedordanas.com\/","logo":{"@type":"ImageObject","inLanguage":"en-US","@id":"https:\/\/www.prijedordanas.com\/#\/schema\/logo\/image\/","url":"http:\/\/www.prijedordanas.com\/wp-content\/uploads\/2021\/12\/logopng.png","contentUrl":"http:\/\/www.prijedordanas.com\/wp-content\/uploads\/2021\/12\/logopng.png","width":1019,"height":776,"caption":"PrijedorDanas.com"},"image":{"@id":"https:\/\/www.prijedordanas.com\/#\/schema\/logo\/image\/"},"sameAs":["https:\/\/www.facebook.com\/PrijedorDanasCom\/"]},{"@type":"Person","@id":"https:\/\/www.prijedordanas.com\/#\/schema\/person\/4e08ccf29b506ca916ff86d46bb700e6","name":"admin","image":{"@type":"ImageObject","inLanguage":"en-US","@id":"https:\/\/www.prijedordanas.com\/#\/schema\/person\/image\/","url":"https:\/\/secure.gravatar.com\/avatar\/1d3fc949d550f0b53a5f0d51e06dfd79?s=96&d=mm&r=g","contentUrl":"https:\/\/secure.gravatar.com\/avatar\/1d3fc949d550f0b53a5f0d51e06dfd79?s=96&d=mm&r=g","caption":"admin"},"url":"https:\/\/www.prijedordanas.com\/?author=1"}]}},"_links":{"self":[{"href":"https:\/\/www.prijedordanas.com\/index.php?rest_route=\/wp\/v2\/posts\/136065"}],"collection":[{"href":"https:\/\/www.prijedordanas.com\/index.php?rest_route=\/wp\/v2\/posts"}],"about":[{"href":"https:\/\/www.prijedordanas.com\/index.php?rest_route=\/wp\/v2\/types\/post"}],"author":[{"embeddable":true,"href":"https:\/\/www.prijedordanas.com\/index.php?rest_route=\/wp\/v2\/users\/1"}],"replies":[{"embeddable":true,"href":"https:\/\/www.prijedordanas.com\/index.php?rest_route=%2Fwp%2Fv2%2Fcomments&post=136065"}],"version-history":[{"count":2,"href":"https:\/\/www.prijedordanas.com\/index.php?rest_route=\/wp\/v2\/posts\/136065\/revisions"}],"predecessor-version":[{"id":136181,"href":"https:\/\/www.prijedordanas.com\/index.php?rest_route=\/wp\/v2\/posts\/136065\/revisions\/136181"}],"wp:attachment":[{"href":"https:\/\/www.prijedordanas.com\/index.php?rest_route=%2Fwp%2Fv2%2Fmedia&parent=136065"}],"wp:term":[{"taxonomy":"category","embeddable":true,"href":"https:\/\/www.prijedordanas.com\/index.php?rest_route=%2Fwp%2Fv2%2Fcategories&post=136065"},{"taxonomy":"post_tag","embeddable":true,"href":"https:\/\/www.prijedordanas.com\/index.php?rest_route=%2Fwp%2Fv2%2Ftags&post=136065"}],"curies":[{"name":"wp","href":"https:\/\/api.w.org\/{rel}","templated":true}]}}