{"id":136020,"date":"2019-10-31T22:14:19","date_gmt":"2019-10-31T21:14:19","guid":{"rendered":"https:\/\/www.prijedordanas.com\/?p=136020"},"modified":"2019-10-31T22:14:19","modified_gmt":"2019-10-31T21:14:19","slug":"divljali-u-tudem-dvoristu-zbog-komentara-o-obijesnoj-voznji-brutalno-pretukli-tri-osobe","status":"publish","type":"post","link":"https:\/\/www.prijedordanas.com\/?p=136020","title":{"rendered":"Divljali u tu\u0111em dvori\u0161tu: Zbog komentara o obijesnoj vo\u017enji brutalno pretukli tri osobe"},"content":{"rendered":"<p><a href=\"https:\/\/www.prijedordanas.com\/wp-content\/uploads\/2019\/10\/blic-zandarmerija-rs.jpg\"><img loading=\"lazy\" decoding=\"async\" src=\"https:\/\/www.prijedordanas.com\/wp-content\/uploads\/2019\/10\/blic-zandarmerija-rs-300x231.jpg\" alt=\"\" width=\"300\" height=\"231\" class=\"alignleft size-medium wp-image-136021\" srcset=\"https:\/\/www.prijedordanas.com\/wp-content\/uploads\/2019\/10\/blic-zandarmerija-rs-300x231.jpg 300w, https:\/\/www.prijedordanas.com\/wp-content\/uploads\/2019\/10\/blic-zandarmerija-rs.jpg 650w\" sizes=\"(max-width: 300px) 100vw, 300px\" \/><\/a>\u017dandarmerija Policijske uprave Prijedor uhapsila je \u010detvoricu nasilnika zbog sumnje da su u utorak uve\u010de u tom gradu brutalno pretukli tri osobe, od kojih je jedna maloljetna, saznaje Srpskainfo.<\/p>\n<p>Prema na\u0161im informacijama, uhap\u0161eni su Dragan Rodi\u0107 (23), Dragan Davidovi\u0107 (40), Gordan Mr\u0111a (21), svi iz Prijedora, i Dejan Milanovi\u0107 (20) iz Banjaluke.<\/p>\n<p>Motiv da \u010dovjeka pretuku u dvori\u0161tu njegove prodi\u010dne ku\u0107e jeste to \u0161to je samo kratko prokomentarsao njihovu divlju vo\u017enju automobilom po ulicama Prijedora.<\/p>\n<p>U Policijskoj upravi Prijedor su nam potvrdili da se desio ovaj incident.<\/p>\n<p>\u2013 Brzom i efikasnom reakcijom i operativnim radom na terenu, pripadnici \u017dandarmerije su uhapsili \u010detiri osobe zbog sumnje da su tog dana dana oko 19.20 u Prvomajskoj ulici u Prijedoru izvr\u0161ili krivi\u010dno djelo nad tri osobe \u2013 rekla je portparol PU Prijedor Vesna Pa\u010dariz.<\/p>\n<p>Ona je dodala da se uhap\u0161eni sumnji\u010de da su tog dana, u dvori\u0161tu porodi\u010dne ku\u0107e, fizi\u010dki napali Prijedor\u010danina (38) i nanijeli mu te\u0161ke tjelesne povrede, dok su drugom mu\u0161karcu (46) i njegovom maloljetnom sinu nanijeli tjelesne povrede.<\/p>\n<p>Napad<\/p>\n<p>Prema saznanjima Srpskainfo, te\u0161ko pretu\u010deni Prijedor\u010danin (38) je u utorak sjedio u dvori\u0161tu svoje ku\u0107e s bratom (46) i njegovim maloljetnim sinom.<\/p>\n<p>\u2013 Tada je ispred njihove ku\u0107e velikom brzinom pro\u0161ao automobil \u201efiat bravo\u201c i taj mu\u0161karac (38) je samo prokomentarisao njihovu divlju vo\u017enju. On je rekao bratu, \u201eVidi kako ovi voze, ubi\u0107e ne\u010dije dijete\u201c \u2013 ka\u017ee izvor blizak istrazi.<br \/>\nOn je dodao da je o\u010dito na \u201efiatu\u201c bio otvoren prozor i da su to mladi\u0107i iz vozila \u010duli.<\/p>\n<p>\u2013 Samo nakon nekoliko trenutka automobil \u201efait\u201c se vratio pred njihovu ku\u0107u, mladi\u0107i su iza\u0161li iz vozila i odmah po\u010deli da galame na vlasnika i njegovog brata. Galamili su \u201eKo divlje vozi, ko \u0107e ubiti dijete?\u201c i sli\u010dne stvari \u2013 poja\u0161njava na\u0161 sagovornik.<\/p>\n<p>Hap\u0161enje<\/p>\n<p>Dodaje da su tada mladi\u0107i iz automobila napali vlasnika ku\u0107e i njegovog brata i da su ih tukli \u010dim su stigli.<\/p>\n<p>\u2013 Vlasnika ku\u0107e (38) su ba\u0161 brutalno pretukli, ali i njegov brat i brati\u0107 su tako\u0111e zadobili povrede. Poslije toga su sjeli u automobil i pobjegli. Neko je u me\u0111uvremenu pozvao policiju i ubrzo je \u017eandarmerija iza\u0161la na ulice Prijedora, prona\u0161la napada\u010de i uhapsila ih \u2013 isti\u010de izvor Srpskainfo.<\/p>\n<p>Povrije\u0111enima je ukazana pomo\u0107 u Op\u0161toj bolnici Prijedor, a te\u0161ko povrije\u0111eni Prijedor\u010danin (38) je bio prevezen u UKC Republike Srpske. Zatim je vra\u0107en u Prijedor.<\/p>\n<p>On je na kraju zadr\u017ean na lije\u010denju u prijedorskoj bolnici.<\/p>\n<p>Izvje\u0161taj tu\u017eila\u0161tvu<\/p>\n<p>Portparol PU Prijedor Vesna Pa\u010dariz rekla da je o navedenom doga\u0111aju upoznat tu\u017eilac OJT Prijedor.<\/p>\n<p>\u2013 Nakon kompletiranja predmeta, protiv osumnji\u010denih \u0107e Tu\u017eila\u0161tvu biti podnesen izvje\u0161taj zbog krivi\u010dnih djela \u201cte\u0161ka tjelesna povreda\u201d i \u201ctjelesne povrede\u201d \u2013 pojasnila je Pa\u010darizova.<\/p>\n<p>EuroBlic-srpskainfo.com<\/p>\n","protected":false},"excerpt":{"rendered":"<p>\u017dandarmerija Policijske uprave Prijedor uhapsila je \u010detvoricu nasilnika zbog sumnje da su u utorak uve\u010de u tom gradu brutalno pretukli tri osobe, od kojih je jedna maloljetna, saznaje Srpskainfo. Prema [&hellip;]<\/p>\n","protected":false},"author":1,"featured_media":0,"comment_status":"closed","ping_status":"open","sticky":false,"template":"","format":"standard","meta":{"_monsterinsights_skip_tracking":false,"_monsterinsights_sitenote_active":false,"_monsterinsights_sitenote_note":"","_monsterinsights_sitenote_category":0,"footnotes":""},"categories":[5],"tags":[],"yoast_head":"<!-- This site is optimized with the Yoast SEO plugin v21.6 - https:\/\/yoast.com\/wordpress\/plugins\/seo\/ -->\n<title>Divljali u tu\u0111em dvori\u0161tu: Zbog komentara o obijesnoj vo\u017enji brutalno pretukli tri osobe - PrijedorDanas.com - Prijedorski gradski portal<\/title>\n<meta name=\"robots\" content=\"index, follow, max-snippet:-1, max-image-preview:large, max-video-preview:-1\" \/>\n<link rel=\"canonical\" href=\"https:\/\/www.prijedordanas.com\/?p=136020\" \/>\n<meta property=\"og:locale\" content=\"en_US\" \/>\n<meta property=\"og:type\" content=\"article\" \/>\n<meta property=\"og:title\" content=\"Divljali u tu\u0111em dvori\u0161tu: Zbog komentara o obijesnoj vo\u017enji brutalno pretukli tri osobe - PrijedorDanas.com - Prijedorski gradski portal\" \/>\n<meta property=\"og:description\" content=\"\u017dandarmerija Policijske uprave Prijedor uhapsila je \u010detvoricu nasilnika zbog sumnje da su u utorak uve\u010de u tom gradu brutalno pretukli tri osobe, od kojih je jedna maloljetna, saznaje Srpskainfo. Prema [&hellip;]\" \/>\n<meta property=\"og:url\" content=\"https:\/\/www.prijedordanas.com\/?p=136020\" \/>\n<meta property=\"og:site_name\" content=\"PrijedorDanas.com - Prijedorski gradski portal\" \/>\n<meta property=\"article:publisher\" content=\"https:\/\/www.facebook.com\/PrijedorDanasCom\/\" \/>\n<meta property=\"article:published_time\" content=\"2019-10-31T21:14:19+00:00\" \/>\n<meta property=\"og:image\" content=\"https:\/\/www.prijedordanas.com\/wp-content\/uploads\/2019\/10\/blic-zandarmerija-rs-300x231.jpg\" \/>\n<meta name=\"author\" content=\"admin\" \/>\n<meta name=\"twitter:card\" content=\"summary_large_image\" \/>\n<meta name=\"twitter:label1\" content=\"Written by\" \/>\n\t<meta name=\"twitter:data1\" content=\"admin\" \/>\n\t<meta name=\"twitter:label2\" content=\"Est. reading time\" \/>\n\t<meta name=\"twitter:data2\" content=\"2 minutes\" \/>\n<script type=\"application\/ld+json\" class=\"yoast-schema-graph\">{\"@context\":\"https:\/\/schema.org\",\"@graph\":[{\"@type\":\"Article\",\"@id\":\"https:\/\/www.prijedordanas.com\/?p=136020#article\",\"isPartOf\":{\"@id\":\"https:\/\/www.prijedordanas.com\/?p=136020\"},\"author\":{\"name\":\"admin\",\"@id\":\"https:\/\/www.prijedordanas.com\/#\/schema\/person\/4e08ccf29b506ca916ff86d46bb700e6\"},\"headline\":\"Divljali u tu\u0111em dvori\u0161tu: Zbog komentara o obijesnoj vo\u017enji brutalno pretukli tri osobe\",\"datePublished\":\"2019-10-31T21:14:19+00:00\",\"dateModified\":\"2019-10-31T21:14:19+00:00\",\"mainEntityOfPage\":{\"@id\":\"https:\/\/www.prijedordanas.com\/?p=136020\"},\"wordCount\":505,\"publisher\":{\"@id\":\"https:\/\/www.prijedordanas.com\/#organization\"},\"articleSection\":[\"Hronika\"],\"inLanguage\":\"en-US\"},{\"@type\":\"WebPage\",\"@id\":\"https:\/\/www.prijedordanas.com\/?p=136020\",\"url\":\"https:\/\/www.prijedordanas.com\/?p=136020\",\"name\":\"Divljali u tu\u0111em dvori\u0161tu: Zbog komentara o obijesnoj vo\u017enji brutalno pretukli tri osobe - PrijedorDanas.com - Prijedorski gradski portal\",\"isPartOf\":{\"@id\":\"https:\/\/www.prijedordanas.com\/#website\"},\"datePublished\":\"2019-10-31T21:14:19+00:00\",\"dateModified\":\"2019-10-31T21:14:19+00:00\",\"breadcrumb\":{\"@id\":\"https:\/\/www.prijedordanas.com\/?p=136020#breadcrumb\"},\"inLanguage\":\"en-US\",\"potentialAction\":[{\"@type\":\"ReadAction\",\"target\":[\"https:\/\/www.prijedordanas.com\/?p=136020\"]}]},{\"@type\":\"BreadcrumbList\",\"@id\":\"https:\/\/www.prijedordanas.com\/?p=136020#breadcrumb\",\"itemListElement\":[{\"@type\":\"ListItem\",\"position\":1,\"name\":\"Home\",\"item\":\"https:\/\/www.prijedordanas.com\/\"},{\"@type\":\"ListItem\",\"position\":2,\"name\":\"Divljali u tu\u0111em dvori\u0161tu: Zbog komentara o obijesnoj vo\u017enji brutalno pretukli tri osobe\"}]},{\"@type\":\"WebSite\",\"@id\":\"https:\/\/www.prijedordanas.com\/#website\",\"url\":\"https:\/\/www.prijedordanas.com\/\",\"name\":\"PrijedorDanas.com - Prijedorski gradski portal\",\"description\":\"Portal o doga\u0111anjima u gradu Prijedoru\",\"publisher\":{\"@id\":\"https:\/\/www.prijedordanas.com\/#organization\"},\"potentialAction\":[{\"@type\":\"SearchAction\",\"target\":{\"@type\":\"EntryPoint\",\"urlTemplate\":\"https:\/\/www.prijedordanas.com\/?s={search_term_string}\"},\"query-input\":\"required name=search_term_string\"}],\"inLanguage\":\"en-US\"},{\"@type\":\"Organization\",\"@id\":\"https:\/\/www.prijedordanas.com\/#organization\",\"name\":\"PrijedorDanas.com\",\"url\":\"https:\/\/www.prijedordanas.com\/\",\"logo\":{\"@type\":\"ImageObject\",\"inLanguage\":\"en-US\",\"@id\":\"https:\/\/www.prijedordanas.com\/#\/schema\/logo\/image\/\",\"url\":\"http:\/\/www.prijedordanas.com\/wp-content\/uploads\/2021\/12\/logopng.png\",\"contentUrl\":\"http:\/\/www.prijedordanas.com\/wp-content\/uploads\/2021\/12\/logopng.png\",\"width\":1019,\"height\":776,\"caption\":\"PrijedorDanas.com\"},\"image\":{\"@id\":\"https:\/\/www.prijedordanas.com\/#\/schema\/logo\/image\/\"},\"sameAs\":[\"https:\/\/www.facebook.com\/PrijedorDanasCom\/\"]},{\"@type\":\"Person\",\"@id\":\"https:\/\/www.prijedordanas.com\/#\/schema\/person\/4e08ccf29b506ca916ff86d46bb700e6\",\"name\":\"admin\",\"image\":{\"@type\":\"ImageObject\",\"inLanguage\":\"en-US\",\"@id\":\"https:\/\/www.prijedordanas.com\/#\/schema\/person\/image\/\",\"url\":\"https:\/\/secure.gravatar.com\/avatar\/1d3fc949d550f0b53a5f0d51e06dfd79?s=96&d=mm&r=g\",\"contentUrl\":\"https:\/\/secure.gravatar.com\/avatar\/1d3fc949d550f0b53a5f0d51e06dfd79?s=96&d=mm&r=g\",\"caption\":\"admin\"},\"url\":\"https:\/\/www.prijedordanas.com\/?author=1\"}]}<\/script>\n<!-- \/ Yoast SEO plugin. -->","yoast_head_json":{"title":"Divljali u tu\u0111em dvori\u0161tu: Zbog komentara o obijesnoj vo\u017enji brutalno pretukli tri osobe - PrijedorDanas.com - Prijedorski gradski portal","robots":{"index":"index","follow":"follow","max-snippet":"max-snippet:-1","max-image-preview":"max-image-preview:large","max-video-preview":"max-video-preview:-1"},"canonical":"https:\/\/www.prijedordanas.com\/?p=136020","og_locale":"en_US","og_type":"article","og_title":"Divljali u tu\u0111em dvori\u0161tu: Zbog komentara o obijesnoj vo\u017enji brutalno pretukli tri osobe - PrijedorDanas.com - Prijedorski gradski portal","og_description":"\u017dandarmerija Policijske uprave Prijedor uhapsila je \u010detvoricu nasilnika zbog sumnje da su u utorak uve\u010de u tom gradu brutalno pretukli tri osobe, od kojih je jedna maloljetna, saznaje Srpskainfo. Prema [&hellip;]","og_url":"https:\/\/www.prijedordanas.com\/?p=136020","og_site_name":"PrijedorDanas.com - Prijedorski gradski portal","article_publisher":"https:\/\/www.facebook.com\/PrijedorDanasCom\/","article_published_time":"2019-10-31T21:14:19+00:00","og_image":[{"url":"https:\/\/www.prijedordanas.com\/wp-content\/uploads\/2019\/10\/blic-zandarmerija-rs-300x231.jpg"}],"author":"admin","twitter_card":"summary_large_image","twitter_misc":{"Written by":"admin","Est. reading time":"2 minutes"},"schema":{"@context":"https:\/\/schema.org","@graph":[{"@type":"Article","@id":"https:\/\/www.prijedordanas.com\/?p=136020#article","isPartOf":{"@id":"https:\/\/www.prijedordanas.com\/?p=136020"},"author":{"name":"admin","@id":"https:\/\/www.prijedordanas.com\/#\/schema\/person\/4e08ccf29b506ca916ff86d46bb700e6"},"headline":"Divljali u tu\u0111em dvori\u0161tu: Zbog komentara o obijesnoj vo\u017enji brutalno pretukli tri osobe","datePublished":"2019-10-31T21:14:19+00:00","dateModified":"2019-10-31T21:14:19+00:00","mainEntityOfPage":{"@id":"https:\/\/www.prijedordanas.com\/?p=136020"},"wordCount":505,"publisher":{"@id":"https:\/\/www.prijedordanas.com\/#organization"},"articleSection":["Hronika"],"inLanguage":"en-US"},{"@type":"WebPage","@id":"https:\/\/www.prijedordanas.com\/?p=136020","url":"https:\/\/www.prijedordanas.com\/?p=136020","name":"Divljali u tu\u0111em dvori\u0161tu: Zbog komentara o obijesnoj vo\u017enji brutalno pretukli tri osobe - PrijedorDanas.com - Prijedorski gradski portal","isPartOf":{"@id":"https:\/\/www.prijedordanas.com\/#website"},"datePublished":"2019-10-31T21:14:19+00:00","dateModified":"2019-10-31T21:14:19+00:00","breadcrumb":{"@id":"https:\/\/www.prijedordanas.com\/?p=136020#breadcrumb"},"inLanguage":"en-US","potentialAction":[{"@type":"ReadAction","target":["https:\/\/www.prijedordanas.com\/?p=136020"]}]},{"@type":"BreadcrumbList","@id":"https:\/\/www.prijedordanas.com\/?p=136020#breadcrumb","itemListElement":[{"@type":"ListItem","position":1,"name":"Home","item":"https:\/\/www.prijedordanas.com\/"},{"@type":"ListItem","position":2,"name":"Divljali u tu\u0111em dvori\u0161tu: Zbog komentara o obijesnoj vo\u017enji brutalno pretukli tri osobe"}]},{"@type":"WebSite","@id":"https:\/\/www.prijedordanas.com\/#website","url":"https:\/\/www.prijedordanas.com\/","name":"PrijedorDanas.com - Prijedorski gradski portal","description":"Portal o doga\u0111anjima u gradu Prijedoru","publisher":{"@id":"https:\/\/www.prijedordanas.com\/#organization"},"potentialAction":[{"@type":"SearchAction","target":{"@type":"EntryPoint","urlTemplate":"https:\/\/www.prijedordanas.com\/?s={search_term_string}"},"query-input":"required name=search_term_string"}],"inLanguage":"en-US"},{"@type":"Organization","@id":"https:\/\/www.prijedordanas.com\/#organization","name":"PrijedorDanas.com","url":"https:\/\/www.prijedordanas.com\/","logo":{"@type":"ImageObject","inLanguage":"en-US","@id":"https:\/\/www.prijedordanas.com\/#\/schema\/logo\/image\/","url":"http:\/\/www.prijedordanas.com\/wp-content\/uploads\/2021\/12\/logopng.png","contentUrl":"http:\/\/www.prijedordanas.com\/wp-content\/uploads\/2021\/12\/logopng.png","width":1019,"height":776,"caption":"PrijedorDanas.com"},"image":{"@id":"https:\/\/www.prijedordanas.com\/#\/schema\/logo\/image\/"},"sameAs":["https:\/\/www.facebook.com\/PrijedorDanasCom\/"]},{"@type":"Person","@id":"https:\/\/www.prijedordanas.com\/#\/schema\/person\/4e08ccf29b506ca916ff86d46bb700e6","name":"admin","image":{"@type":"ImageObject","inLanguage":"en-US","@id":"https:\/\/www.prijedordanas.com\/#\/schema\/person\/image\/","url":"https:\/\/secure.gravatar.com\/avatar\/1d3fc949d550f0b53a5f0d51e06dfd79?s=96&d=mm&r=g","contentUrl":"https:\/\/secure.gravatar.com\/avatar\/1d3fc949d550f0b53a5f0d51e06dfd79?s=96&d=mm&r=g","caption":"admin"},"url":"https:\/\/www.prijedordanas.com\/?author=1"}]}},"_links":{"self":[{"href":"https:\/\/www.prijedordanas.com\/index.php?rest_route=\/wp\/v2\/posts\/136020"}],"collection":[{"href":"https:\/\/www.prijedordanas.com\/index.php?rest_route=\/wp\/v2\/posts"}],"about":[{"href":"https:\/\/www.prijedordanas.com\/index.php?rest_route=\/wp\/v2\/types\/post"}],"author":[{"embeddable":true,"href":"https:\/\/www.prijedordanas.com\/index.php?rest_route=\/wp\/v2\/users\/1"}],"replies":[{"embeddable":true,"href":"https:\/\/www.prijedordanas.com\/index.php?rest_route=%2Fwp%2Fv2%2Fcomments&post=136020"}],"version-history":[{"count":1,"href":"https:\/\/www.prijedordanas.com\/index.php?rest_route=\/wp\/v2\/posts\/136020\/revisions"}],"predecessor-version":[{"id":136022,"href":"https:\/\/www.prijedordanas.com\/index.php?rest_route=\/wp\/v2\/posts\/136020\/revisions\/136022"}],"wp:attachment":[{"href":"https:\/\/www.prijedordanas.com\/index.php?rest_route=%2Fwp%2Fv2%2Fmedia&parent=136020"}],"wp:term":[{"taxonomy":"category","embeddable":true,"href":"https:\/\/www.prijedordanas.com\/index.php?rest_route=%2Fwp%2Fv2%2Fcategories&post=136020"},{"taxonomy":"post_tag","embeddable":true,"href":"https:\/\/www.prijedordanas.com\/index.php?rest_route=%2Fwp%2Fv2%2Ftags&post=136020"}],"curies":[{"name":"wp","href":"https:\/\/api.w.org\/{rel}","templated":true}]}}