{"id":135622,"date":"2019-10-23T18:36:45","date_gmt":"2019-10-23T16:36:45","guid":{"rendered":"https:\/\/www.prijedordanas.com\/?p=135622"},"modified":"2019-10-23T18:36:45","modified_gmt":"2019-10-23T16:36:45","slug":"velika-nagrada-i-priznanje-za-grad-prijedor-globallokal","status":"publish","type":"post","link":"https:\/\/www.prijedordanas.com\/?p=135622","title":{"rendered":"Velika nagrada i priznanje za Grad Prijedor &#8220;Globallokal&#8221;"},"content":{"rendered":"<p><a href=\"https:\/\/www.prijedordanas.com\/wp-content\/uploads\/2019\/10\/prijedor-nagrada-globallokal-1.jpg\"><img loading=\"lazy\" decoding=\"async\" class=\"alignleft size-medium wp-image-135616\" src=\"https:\/\/www.prijedordanas.com\/wp-content\/uploads\/2019\/10\/prijedor-nagrada-globallokal-1-300x217.jpg\" alt=\"\" width=\"300\" height=\"217\" srcset=\"https:\/\/www.prijedordanas.com\/wp-content\/uploads\/2019\/10\/prijedor-nagrada-globallokal-1-300x217.jpg 300w, https:\/\/www.prijedordanas.com\/wp-content\/uploads\/2019\/10\/prijedor-nagrada-globallokal-1.jpg 690w\" sizes=\"(max-width: 300px) 100vw, 300px\" \/><\/a>Grad Prijedor je dobio priznanje u kategoriji najboljih lokalnih zajednica u 2019.godini u oblasti kreiranja dobrog ambijenta za razvoj preduzetni\u0161tva u srednjoj i jugoisto\u010dnoj Evropi &#8220;Globallokal&#8221;.<\/p>\n<p>Priznanje je predstavnicima grada Prijedora dodijeljeno na drugom Svjetskom kongresu preduzetni\u0161tva (SKP) koji je od 15-18.oktobra odr\u017ean u Skoplju pod visokim pokroviteljstvom Vlade Sjeverne Makedonije, a sa ciljem promocije zna\u010daja, svrhe i kulture preduzetni\u0161tva.<\/p>\n<p>Gradona\u010delnik Prijedora Milenko \u0110akovi\u0107 je na dana\u0161njoj pres konferenciji izjavio da je grad Prijedor dobitnik jo\u0161 jednog laskavog me\u0111unarodnog priznanja na polju preduzetni\u0161tva koje grad Prijedor prepoznaje na mapi cijelog svijeta i Evrope.<\/p>\n<p><a href=\"https:\/\/www.prijedordanas.com\/wp-content\/uploads\/2019\/10\/prijedor-nagrada-globallokal-2.jpg\"><img loading=\"lazy\" decoding=\"async\" class=\"alignleft size-medium wp-image-135617\" src=\"https:\/\/www.prijedordanas.com\/wp-content\/uploads\/2019\/10\/prijedor-nagrada-globallokal-2-284x300.jpg\" alt=\"\" width=\"284\" height=\"300\" srcset=\"https:\/\/www.prijedordanas.com\/wp-content\/uploads\/2019\/10\/prijedor-nagrada-globallokal-2-284x300.jpg 284w, https:\/\/www.prijedordanas.com\/wp-content\/uploads\/2019\/10\/prijedor-nagrada-globallokal-2.jpg 568w\" sizes=\"(max-width: 284px) 100vw, 284px\" \/><\/a>&#8220;Ovaj Svjetski kongres preduzetni\u0161tva ima za cilj kontinuirane aktivnosti identifikovanja i promocije onih zajednica koje prednja\u010de u toj oblasti te je stoga i pokrenut projekat GLOBALLOKAL sa ciljem promocije i nagra\u0111ivanja najboljh zajednica za kreiranje dobrog ambijenta za razvoj preduzetni\u0161tva i srednjoj i jugoisto\u010dnoj Evropi&#8221;, rekao je \u0110akovi\u0107.<\/p>\n<p>On je dodao da je cilj javno odati priznanje i \u0161iroj javnosti predstaviti posebno uspje\u0161ne lokalne i regionalne zajednice i javne institucije koje u izazovima dana\u0161njeg veoma turbulentnog i zahtjevnog vremena originalnim i kreativnim mjerama doprinose pobolj\u0161anju poslovnog ambijenta i razvoju preduzetni\u0161tva.<br \/>\nZamjenik gradona\u010delnika Aleksandar Milju\u0161 , koji je primio ovo priznanje u Skoplju, izjavio je da mu je bila \u010dast predstavljati grad Prijedor na dodjeli ovog priznanja.<\/p>\n<p>&#8220;Grad Prijedor je dobio zlatni laureat u kategoriji i rangu sa gradovima Maribor i Osijek. Kad uporedite broj stanovnika koji se nalaze u tim gradovima i s obzirom na njihove bud\u017eetske osnove, mislim da je ovo veliki uspjeh za na\u0161 grad&#8221;, rekao je Milju\u0161.<\/p>\n<p><a href=\"https:\/\/www.prijedordanas.com\/wp-content\/uploads\/2019\/10\/prijedor-nagrada-globallokal-3.jpg\"><img loading=\"lazy\" decoding=\"async\" src=\"https:\/\/www.prijedordanas.com\/wp-content\/uploads\/2019\/10\/prijedor-nagrada-globallokal-3-300x200.jpg\" alt=\"\" width=\"300\" height=\"200\" class=\"alignleft size-medium wp-image-135618\" srcset=\"https:\/\/www.prijedordanas.com\/wp-content\/uploads\/2019\/10\/prijedor-nagrada-globallokal-3-300x200.jpg 300w, https:\/\/www.prijedordanas.com\/wp-content\/uploads\/2019\/10\/prijedor-nagrada-globallokal-3-480x320.jpg 480w, https:\/\/www.prijedordanas.com\/wp-content\/uploads\/2019\/10\/prijedor-nagrada-globallokal-3.jpg 600w\" sizes=\"(max-width: 300px) 100vw, 300px\" \/><\/a>Savjetnik gradona\u010delnika za ekonomski razvoj Mi\u0161o Relji\u0107 istakao je da je zna\u010daj ovog priznanja za grad Prijedor, kao sredinu koja nastoji da stvori povoljan poslovni ambijent za rad doma\u0107ih privrednika i da privu\u010de \u0161to je mogu\u0107e vi\u0161e investicija u razli\u010dite privredne sektore u tome \u0161to je to jo\u0161 jedno me\u0111unarodno priznanje koje \u0107e koristiti u promotivne svrhe u komunikaciji sa zainteresovanim stranama.<\/p>\n<p>Prijedor se tako na\u0161ao me\u0111u sedam lokalnih zajednica, laureata iz Hrvatske, Sjeverne Makedonije i Slovenije.Iz Republike Srpske na kongresu su nagra\u0111ene jo\u0161 i op\u0161tine Lakta\u0161i, Derventa i Gacko, grad Br\u010dko i Ministarstvo energetike i rudarstva Republike Srpske.<\/p>\n<p>Organizator ovog kongresa su 22 organizacije iz 11 zemalja svijeta, predvo\u0111ene Me\u0111unarodnim ekonomskim forumom pod nazivom &#8220;Perspektive&#8221;.<\/p>\n<p>www.prijedorgrad.org<\/p>\n<p><a href=\"https:\/\/www.prijedordanas.com\/wp-content\/uploads\/2019\/10\/prijedor-nagrada-globallokal-4.jpg\"><img loading=\"lazy\" decoding=\"async\" src=\"https:\/\/www.prijedordanas.com\/wp-content\/uploads\/2019\/10\/prijedor-nagrada-globallokal-4-300x200.jpg\" alt=\"\" width=\"300\" height=\"200\" class=\"alignleft size-medium wp-image-135619\" srcset=\"https:\/\/www.prijedordanas.com\/wp-content\/uploads\/2019\/10\/prijedor-nagrada-globallokal-4-300x200.jpg 300w, https:\/\/www.prijedordanas.com\/wp-content\/uploads\/2019\/10\/prijedor-nagrada-globallokal-4-480x320.jpg 480w, https:\/\/www.prijedordanas.com\/wp-content\/uploads\/2019\/10\/prijedor-nagrada-globallokal-4.jpg 600w\" sizes=\"(max-width: 300px) 100vw, 300px\" \/><\/a> <a href=\"https:\/\/www.prijedordanas.com\/wp-content\/uploads\/2019\/10\/prijedor-nagrada-globallokal-5.jpg\"><img loading=\"lazy\" decoding=\"async\" src=\"https:\/\/www.prijedordanas.com\/wp-content\/uploads\/2019\/10\/prijedor-nagrada-globallokal-5-300x200.jpg\" alt=\"\" width=\"300\" height=\"200\" class=\"alignleft size-medium wp-image-135620\" srcset=\"https:\/\/www.prijedordanas.com\/wp-content\/uploads\/2019\/10\/prijedor-nagrada-globallokal-5-300x200.jpg 300w, https:\/\/www.prijedordanas.com\/wp-content\/uploads\/2019\/10\/prijedor-nagrada-globallokal-5-480x320.jpg 480w, https:\/\/www.prijedordanas.com\/wp-content\/uploads\/2019\/10\/prijedor-nagrada-globallokal-5.jpg 600w\" sizes=\"(max-width: 300px) 100vw, 300px\" \/><\/a><\/p>\n","protected":false},"excerpt":{"rendered":"<p>Grad Prijedor je dobio priznanje u kategoriji najboljih lokalnih zajednica u 2019.godini u oblasti kreiranja dobrog ambijenta za razvoj preduzetni\u0161tva u srednjoj i jugoisto\u010dnoj Evropi &#8220;Globallokal&#8221;. Priznanje je predstavnicima grada [&hellip;]<\/p>\n","protected":false},"author":1,"featured_media":0,"comment_status":"closed","ping_status":"open","sticky":false,"template":"","format":"standard","meta":{"_monsterinsights_skip_tracking":false,"_monsterinsights_sitenote_active":false,"_monsterinsights_sitenote_note":"","_monsterinsights_sitenote_category":0,"footnotes":""},"categories":[4],"tags":[],"yoast_head":"<!-- This site is optimized with the Yoast SEO plugin v21.6 - https:\/\/yoast.com\/wordpress\/plugins\/seo\/ -->\n<title>Velika nagrada i priznanje za Grad Prijedor &quot;Globallokal&quot; - PrijedorDanas.com - Prijedorski gradski portal<\/title>\n<meta name=\"robots\" content=\"index, follow, max-snippet:-1, max-image-preview:large, max-video-preview:-1\" \/>\n<link rel=\"canonical\" href=\"https:\/\/www.prijedordanas.com\/?p=135622\" \/>\n<meta property=\"og:locale\" content=\"en_US\" \/>\n<meta property=\"og:type\" content=\"article\" \/>\n<meta property=\"og:title\" content=\"Velika nagrada i priznanje za Grad Prijedor &quot;Globallokal&quot; - PrijedorDanas.com - Prijedorski gradski portal\" \/>\n<meta property=\"og:description\" content=\"Grad Prijedor je dobio priznanje u kategoriji najboljih lokalnih zajednica u 2019.godini u oblasti kreiranja dobrog ambijenta za razvoj preduzetni\u0161tva u srednjoj i jugoisto\u010dnoj Evropi &#8220;Globallokal&#8221;. Priznanje je predstavnicima grada [&hellip;]\" \/>\n<meta property=\"og:url\" content=\"https:\/\/www.prijedordanas.com\/?p=135622\" \/>\n<meta property=\"og:site_name\" content=\"PrijedorDanas.com - Prijedorski gradski portal\" \/>\n<meta property=\"article:publisher\" content=\"https:\/\/www.facebook.com\/PrijedorDanasCom\/\" \/>\n<meta property=\"article:published_time\" content=\"2019-10-23T16:36:45+00:00\" \/>\n<meta property=\"og:image\" content=\"https:\/\/www.prijedordanas.com\/wp-content\/uploads\/2019\/10\/prijedor-nagrada-globallokal-1-300x217.jpg\" \/>\n<meta name=\"author\" content=\"admin\" \/>\n<meta name=\"twitter:card\" content=\"summary_large_image\" \/>\n<meta name=\"twitter:label1\" content=\"Written by\" \/>\n\t<meta name=\"twitter:data1\" content=\"admin\" \/>\n\t<meta name=\"twitter:label2\" content=\"Est. reading time\" \/>\n\t<meta name=\"twitter:data2\" content=\"2 minutes\" \/>\n<script type=\"application\/ld+json\" class=\"yoast-schema-graph\">{\"@context\":\"https:\/\/schema.org\",\"@graph\":[{\"@type\":\"Article\",\"@id\":\"https:\/\/www.prijedordanas.com\/?p=135622#article\",\"isPartOf\":{\"@id\":\"https:\/\/www.prijedordanas.com\/?p=135622\"},\"author\":{\"name\":\"admin\",\"@id\":\"https:\/\/www.prijedordanas.com\/#\/schema\/person\/4e08ccf29b506ca916ff86d46bb700e6\"},\"headline\":\"Velika nagrada i priznanje za Grad Prijedor &#8220;Globallokal&#8221;\",\"datePublished\":\"2019-10-23T16:36:45+00:00\",\"dateModified\":\"2019-10-23T16:36:45+00:00\",\"mainEntityOfPage\":{\"@id\":\"https:\/\/www.prijedordanas.com\/?p=135622\"},\"wordCount\":417,\"publisher\":{\"@id\":\"https:\/\/www.prijedordanas.com\/#organization\"},\"articleSection\":[\"Dru\u0161tvo\"],\"inLanguage\":\"en-US\"},{\"@type\":\"WebPage\",\"@id\":\"https:\/\/www.prijedordanas.com\/?p=135622\",\"url\":\"https:\/\/www.prijedordanas.com\/?p=135622\",\"name\":\"Velika nagrada i priznanje za Grad Prijedor \\\"Globallokal\\\" - PrijedorDanas.com - Prijedorski gradski portal\",\"isPartOf\":{\"@id\":\"https:\/\/www.prijedordanas.com\/#website\"},\"datePublished\":\"2019-10-23T16:36:45+00:00\",\"dateModified\":\"2019-10-23T16:36:45+00:00\",\"breadcrumb\":{\"@id\":\"https:\/\/www.prijedordanas.com\/?p=135622#breadcrumb\"},\"inLanguage\":\"en-US\",\"potentialAction\":[{\"@type\":\"ReadAction\",\"target\":[\"https:\/\/www.prijedordanas.com\/?p=135622\"]}]},{\"@type\":\"BreadcrumbList\",\"@id\":\"https:\/\/www.prijedordanas.com\/?p=135622#breadcrumb\",\"itemListElement\":[{\"@type\":\"ListItem\",\"position\":1,\"name\":\"Home\",\"item\":\"https:\/\/www.prijedordanas.com\/\"},{\"@type\":\"ListItem\",\"position\":2,\"name\":\"Velika nagrada i priznanje za Grad Prijedor &#8220;Globallokal&#8221;\"}]},{\"@type\":\"WebSite\",\"@id\":\"https:\/\/www.prijedordanas.com\/#website\",\"url\":\"https:\/\/www.prijedordanas.com\/\",\"name\":\"PrijedorDanas.com - Prijedorski gradski portal\",\"description\":\"Portal o doga\u0111anjima u gradu Prijedoru\",\"publisher\":{\"@id\":\"https:\/\/www.prijedordanas.com\/#organization\"},\"potentialAction\":[{\"@type\":\"SearchAction\",\"target\":{\"@type\":\"EntryPoint\",\"urlTemplate\":\"https:\/\/www.prijedordanas.com\/?s={search_term_string}\"},\"query-input\":\"required name=search_term_string\"}],\"inLanguage\":\"en-US\"},{\"@type\":\"Organization\",\"@id\":\"https:\/\/www.prijedordanas.com\/#organization\",\"name\":\"PrijedorDanas.com\",\"url\":\"https:\/\/www.prijedordanas.com\/\",\"logo\":{\"@type\":\"ImageObject\",\"inLanguage\":\"en-US\",\"@id\":\"https:\/\/www.prijedordanas.com\/#\/schema\/logo\/image\/\",\"url\":\"http:\/\/www.prijedordanas.com\/wp-content\/uploads\/2021\/12\/logopng.png\",\"contentUrl\":\"http:\/\/www.prijedordanas.com\/wp-content\/uploads\/2021\/12\/logopng.png\",\"width\":1019,\"height\":776,\"caption\":\"PrijedorDanas.com\"},\"image\":{\"@id\":\"https:\/\/www.prijedordanas.com\/#\/schema\/logo\/image\/\"},\"sameAs\":[\"https:\/\/www.facebook.com\/PrijedorDanasCom\/\"]},{\"@type\":\"Person\",\"@id\":\"https:\/\/www.prijedordanas.com\/#\/schema\/person\/4e08ccf29b506ca916ff86d46bb700e6\",\"name\":\"admin\",\"image\":{\"@type\":\"ImageObject\",\"inLanguage\":\"en-US\",\"@id\":\"https:\/\/www.prijedordanas.com\/#\/schema\/person\/image\/\",\"url\":\"https:\/\/secure.gravatar.com\/avatar\/1d3fc949d550f0b53a5f0d51e06dfd79?s=96&d=mm&r=g\",\"contentUrl\":\"https:\/\/secure.gravatar.com\/avatar\/1d3fc949d550f0b53a5f0d51e06dfd79?s=96&d=mm&r=g\",\"caption\":\"admin\"},\"url\":\"https:\/\/www.prijedordanas.com\/?author=1\"}]}<\/script>\n<!-- \/ Yoast SEO plugin. -->","yoast_head_json":{"title":"Velika nagrada i priznanje za Grad Prijedor \"Globallokal\" - PrijedorDanas.com - Prijedorski gradski portal","robots":{"index":"index","follow":"follow","max-snippet":"max-snippet:-1","max-image-preview":"max-image-preview:large","max-video-preview":"max-video-preview:-1"},"canonical":"https:\/\/www.prijedordanas.com\/?p=135622","og_locale":"en_US","og_type":"article","og_title":"Velika nagrada i priznanje za Grad Prijedor \"Globallokal\" - PrijedorDanas.com - Prijedorski gradski portal","og_description":"Grad Prijedor je dobio priznanje u kategoriji najboljih lokalnih zajednica u 2019.godini u oblasti kreiranja dobrog ambijenta za razvoj preduzetni\u0161tva u srednjoj i jugoisto\u010dnoj Evropi &#8220;Globallokal&#8221;. Priznanje je predstavnicima grada [&hellip;]","og_url":"https:\/\/www.prijedordanas.com\/?p=135622","og_site_name":"PrijedorDanas.com - Prijedorski gradski portal","article_publisher":"https:\/\/www.facebook.com\/PrijedorDanasCom\/","article_published_time":"2019-10-23T16:36:45+00:00","og_image":[{"url":"https:\/\/www.prijedordanas.com\/wp-content\/uploads\/2019\/10\/prijedor-nagrada-globallokal-1-300x217.jpg"}],"author":"admin","twitter_card":"summary_large_image","twitter_misc":{"Written by":"admin","Est. reading time":"2 minutes"},"schema":{"@context":"https:\/\/schema.org","@graph":[{"@type":"Article","@id":"https:\/\/www.prijedordanas.com\/?p=135622#article","isPartOf":{"@id":"https:\/\/www.prijedordanas.com\/?p=135622"},"author":{"name":"admin","@id":"https:\/\/www.prijedordanas.com\/#\/schema\/person\/4e08ccf29b506ca916ff86d46bb700e6"},"headline":"Velika nagrada i priznanje za Grad Prijedor &#8220;Globallokal&#8221;","datePublished":"2019-10-23T16:36:45+00:00","dateModified":"2019-10-23T16:36:45+00:00","mainEntityOfPage":{"@id":"https:\/\/www.prijedordanas.com\/?p=135622"},"wordCount":417,"publisher":{"@id":"https:\/\/www.prijedordanas.com\/#organization"},"articleSection":["Dru\u0161tvo"],"inLanguage":"en-US"},{"@type":"WebPage","@id":"https:\/\/www.prijedordanas.com\/?p=135622","url":"https:\/\/www.prijedordanas.com\/?p=135622","name":"Velika nagrada i priznanje za Grad Prijedor \"Globallokal\" - PrijedorDanas.com - Prijedorski gradski portal","isPartOf":{"@id":"https:\/\/www.prijedordanas.com\/#website"},"datePublished":"2019-10-23T16:36:45+00:00","dateModified":"2019-10-23T16:36:45+00:00","breadcrumb":{"@id":"https:\/\/www.prijedordanas.com\/?p=135622#breadcrumb"},"inLanguage":"en-US","potentialAction":[{"@type":"ReadAction","target":["https:\/\/www.prijedordanas.com\/?p=135622"]}]},{"@type":"BreadcrumbList","@id":"https:\/\/www.prijedordanas.com\/?p=135622#breadcrumb","itemListElement":[{"@type":"ListItem","position":1,"name":"Home","item":"https:\/\/www.prijedordanas.com\/"},{"@type":"ListItem","position":2,"name":"Velika nagrada i priznanje za Grad Prijedor &#8220;Globallokal&#8221;"}]},{"@type":"WebSite","@id":"https:\/\/www.prijedordanas.com\/#website","url":"https:\/\/www.prijedordanas.com\/","name":"PrijedorDanas.com - Prijedorski gradski portal","description":"Portal o doga\u0111anjima u gradu Prijedoru","publisher":{"@id":"https:\/\/www.prijedordanas.com\/#organization"},"potentialAction":[{"@type":"SearchAction","target":{"@type":"EntryPoint","urlTemplate":"https:\/\/www.prijedordanas.com\/?s={search_term_string}"},"query-input":"required name=search_term_string"}],"inLanguage":"en-US"},{"@type":"Organization","@id":"https:\/\/www.prijedordanas.com\/#organization","name":"PrijedorDanas.com","url":"https:\/\/www.prijedordanas.com\/","logo":{"@type":"ImageObject","inLanguage":"en-US","@id":"https:\/\/www.prijedordanas.com\/#\/schema\/logo\/image\/","url":"http:\/\/www.prijedordanas.com\/wp-content\/uploads\/2021\/12\/logopng.png","contentUrl":"http:\/\/www.prijedordanas.com\/wp-content\/uploads\/2021\/12\/logopng.png","width":1019,"height":776,"caption":"PrijedorDanas.com"},"image":{"@id":"https:\/\/www.prijedordanas.com\/#\/schema\/logo\/image\/"},"sameAs":["https:\/\/www.facebook.com\/PrijedorDanasCom\/"]},{"@type":"Person","@id":"https:\/\/www.prijedordanas.com\/#\/schema\/person\/4e08ccf29b506ca916ff86d46bb700e6","name":"admin","image":{"@type":"ImageObject","inLanguage":"en-US","@id":"https:\/\/www.prijedordanas.com\/#\/schema\/person\/image\/","url":"https:\/\/secure.gravatar.com\/avatar\/1d3fc949d550f0b53a5f0d51e06dfd79?s=96&d=mm&r=g","contentUrl":"https:\/\/secure.gravatar.com\/avatar\/1d3fc949d550f0b53a5f0d51e06dfd79?s=96&d=mm&r=g","caption":"admin"},"url":"https:\/\/www.prijedordanas.com\/?author=1"}]}},"_links":{"self":[{"href":"https:\/\/www.prijedordanas.com\/index.php?rest_route=\/wp\/v2\/posts\/135622"}],"collection":[{"href":"https:\/\/www.prijedordanas.com\/index.php?rest_route=\/wp\/v2\/posts"}],"about":[{"href":"https:\/\/www.prijedordanas.com\/index.php?rest_route=\/wp\/v2\/types\/post"}],"author":[{"embeddable":true,"href":"https:\/\/www.prijedordanas.com\/index.php?rest_route=\/wp\/v2\/users\/1"}],"replies":[{"embeddable":true,"href":"https:\/\/www.prijedordanas.com\/index.php?rest_route=%2Fwp%2Fv2%2Fcomments&post=135622"}],"version-history":[{"count":1,"href":"https:\/\/www.prijedordanas.com\/index.php?rest_route=\/wp\/v2\/posts\/135622\/revisions"}],"predecessor-version":[{"id":135623,"href":"https:\/\/www.prijedordanas.com\/index.php?rest_route=\/wp\/v2\/posts\/135622\/revisions\/135623"}],"wp:attachment":[{"href":"https:\/\/www.prijedordanas.com\/index.php?rest_route=%2Fwp%2Fv2%2Fmedia&parent=135622"}],"wp:term":[{"taxonomy":"category","embeddable":true,"href":"https:\/\/www.prijedordanas.com\/index.php?rest_route=%2Fwp%2Fv2%2Fcategories&post=135622"},{"taxonomy":"post_tag","embeddable":true,"href":"https:\/\/www.prijedordanas.com\/index.php?rest_route=%2Fwp%2Fv2%2Ftags&post=135622"}],"curies":[{"name":"wp","href":"https:\/\/api.w.org\/{rel}","templated":true}]}}