{"id":13559,"date":"2015-01-06T12:52:12","date_gmt":"2015-01-06T11:52:12","guid":{"rendered":"https:\/\/www.prijedordanas.com\/?p=13559"},"modified":"2015-01-06T12:52:12","modified_gmt":"2015-01-06T11:52:12","slug":"prijedor-badnji-dan-aranzmani-od-jedne-do-15-maraka-foto","status":"publish","type":"post","link":"https:\/\/www.prijedordanas.com\/?p=13559","title":{"rendered":"PRIJEDOR-BADNJI DAN: ARAN\u017dMANI OD JEDNE DO 15 MARAKA &#8211; FOTO"},"content":{"rendered":"<p><a href=\"https:\/\/www.prijedordanas.com\/wp-content\/uploads\/2015\/01\/aranzmani-badnji-dan-2.jpg\"><img loading=\"lazy\" decoding=\"async\" class=\"alignleft size-medium wp-image-13560\" src=\"https:\/\/www.prijedordanas.com\/wp-content\/uploads\/2015\/01\/aranzmani-badnji-dan-2-300x199.jpg\" alt=\"aranzmani-badnji dan (2)\" width=\"300\" height=\"199\" srcset=\"https:\/\/www.prijedordanas.com\/wp-content\/uploads\/2015\/01\/aranzmani-badnji-dan-2-300x199.jpg 300w, https:\/\/www.prijedordanas.com\/wp-content\/uploads\/2015\/01\/aranzmani-badnji-dan-2.jpg 600w\" sizes=\"(max-width: 300px) 100vw, 300px\" \/><\/a>Na ulicama Prijedora bo\u017ei\u0107ni aran\u017emani prodaju se po cijenama od jedne do 15 KM, a ve\u0107ina prodavaca zadovoljna je potra\u017enjom, za razliku od pro\u0161le godine.<\/p>\n<p>Ve\u0107ina prodavaca, koji su na ulicama ve\u0107 tre\u0107i dan, ka\u017ee da su cijene robe koju prodaju jednake pro\u0161logodi\u0161njima i da je na bolju prodaju uticala i ju\u010dera\u0161nja isplata penzija u Republici Srpskoj.<\/p>\n<p>Snje\u017eana Bursa\u0107 ka\u017ee da se svake godine trudi kupcima ponuditi ne\u0161to novo, a da je ove godine to spoj modernog i tradicionalnog, te su bo\u017ei\u0107ni aran\u017emani blje\u0161taviji, sve\u010daniji i prilago\u0111eniji mla\u0111im ljudima.<\/p>\n<p>&#8220;Po\u0161tujem tradiciju, ali se trudim uvesti i neke nove detalje i koristiti prirodne materijale &#8211; drvo, \u017eito, pamuk i vunu&#8221;, rekla je Bursa\u0107.<\/p>\n<p><a href=\"https:\/\/www.prijedordanas.com\/wp-content\/uploads\/2015\/01\/aranzmani-badnji-dan-1.jpg\"><img loading=\"lazy\" decoding=\"async\" src=\"https:\/\/www.prijedordanas.com\/wp-content\/uploads\/2015\/01\/aranzmani-badnji-dan-1-300x199.jpg\" alt=\"aranzmani-badnji dan (1)\" width=\"300\" height=\"199\" class=\"alignleft size-medium wp-image-13561\" srcset=\"https:\/\/www.prijedordanas.com\/wp-content\/uploads\/2015\/01\/aranzmani-badnji-dan-1-300x199.jpg 300w, https:\/\/www.prijedordanas.com\/wp-content\/uploads\/2015\/01\/aranzmani-badnji-dan-1.jpg 600w\" sizes=\"(max-width: 300px) 100vw, 300px\" \/><\/a>Bo\u017ei\u0107ne aran\u017emane uobi\u010dajeno \u010dine postolje od drveta u obliku panja, p\u0161enica, orasi, lje\u0161nici, jedna ili vi\u0161e svije\u0107a, sa ili bez srpske trobojke, gran\u010dice badnjaka, slama i mandarina.<\/p>\n<p>Neki su oboga\u0107eni kukuruzom, p\u0161enicom, suvim vo\u0107em, suvim cvije\u0107em, bosiljkom, lavandom, \u0161i\u0161arkama, bundevom i dekorativnim zlatnim ili srebrnim sjajem.<\/p>\n<p>Najjeftinija je sama p\u0161enica, gran\u010dice badnjaka ili rukohvat slame, a najskuplji su aran\u017emani u pletenim korpama od drveta napunjenim orasima i velikom granom badnjaka.<\/p>\n<p>Bo\u017ei\u0107ni aran\u017emani prodaju se na zelenoj pijaci na Pe\u0107anima, na gradskoj tr\u017enici i na \u0161tandovima na malom gradskom trgu za \u0161ta prodavci imaju odobrenje gradske uprave.<\/p>\n<p>Tekst \u2013 SRNA<br \/>\nFoto \u2013 Aleksandar Drakuli\u0107 \u2013 www.prijedordanas.com<br \/>\n<a href=\"https:\/\/www.prijedordanas.com\/wp-content\/uploads\/2015\/01\/aranzmani-badnji-dan-3.jpg\"><img loading=\"lazy\" decoding=\"async\" src=\"https:\/\/www.prijedordanas.com\/wp-content\/uploads\/2015\/01\/aranzmani-badnji-dan-3-300x199.jpg\" alt=\"aranzmani-badnji dan (3)\" width=\"300\" height=\"199\" class=\"alignleft size-medium wp-image-13562\" srcset=\"https:\/\/www.prijedordanas.com\/wp-content\/uploads\/2015\/01\/aranzmani-badnji-dan-3-300x199.jpg 300w, https:\/\/www.prijedordanas.com\/wp-content\/uploads\/2015\/01\/aranzmani-badnji-dan-3.jpg 600w\" sizes=\"(max-width: 300px) 100vw, 300px\" \/><\/a> <a href=\"https:\/\/www.prijedordanas.com\/wp-content\/uploads\/2015\/01\/aranzmani-badnji-dan-4.jpg\"><img loading=\"lazy\" decoding=\"async\" src=\"https:\/\/www.prijedordanas.com\/wp-content\/uploads\/2015\/01\/aranzmani-badnji-dan-4-300x199.jpg\" alt=\"aranzmani-badnji dan (4)\" width=\"300\" height=\"199\" class=\"alignleft size-medium wp-image-13563\" srcset=\"https:\/\/www.prijedordanas.com\/wp-content\/uploads\/2015\/01\/aranzmani-badnji-dan-4-300x199.jpg 300w, https:\/\/www.prijedordanas.com\/wp-content\/uploads\/2015\/01\/aranzmani-badnji-dan-4.jpg 600w\" sizes=\"(max-width: 300px) 100vw, 300px\" \/><\/a><\/p>\n","protected":false},"excerpt":{"rendered":"<p>Na ulicama Prijedora bo\u017ei\u0107ni aran\u017emani prodaju se po cijenama od jedne do 15 KM, a ve\u0107ina prodavaca zadovoljna je potra\u017enjom, za razliku od pro\u0161le godine. Ve\u0107ina prodavaca, koji su na [&hellip;]<\/p>\n","protected":false},"author":1,"featured_media":0,"comment_status":"closed","ping_status":"open","sticky":false,"template":"","format":"standard","meta":{"_monsterinsights_skip_tracking":false,"_monsterinsights_sitenote_active":false,"_monsterinsights_sitenote_note":"","_monsterinsights_sitenote_category":0,"footnotes":""},"categories":[4],"tags":[],"yoast_head":"<!-- This site is optimized with the Yoast SEO plugin v21.6 - https:\/\/yoast.com\/wordpress\/plugins\/seo\/ -->\n<title>PRIJEDOR-BADNJI DAN: ARAN\u017dMANI OD JEDNE DO 15 MARAKA - FOTO - PrijedorDanas.com - Prijedorski gradski portal<\/title>\n<meta name=\"robots\" content=\"index, follow, max-snippet:-1, max-image-preview:large, max-video-preview:-1\" \/>\n<link rel=\"canonical\" href=\"https:\/\/www.prijedordanas.com\/?p=13559\" \/>\n<meta property=\"og:locale\" content=\"en_US\" \/>\n<meta property=\"og:type\" content=\"article\" \/>\n<meta property=\"og:title\" content=\"PRIJEDOR-BADNJI DAN: ARAN\u017dMANI OD JEDNE DO 15 MARAKA - FOTO - PrijedorDanas.com - Prijedorski gradski portal\" \/>\n<meta property=\"og:description\" content=\"Na ulicama Prijedora bo\u017ei\u0107ni aran\u017emani prodaju se po cijenama od jedne do 15 KM, a ve\u0107ina prodavaca zadovoljna je potra\u017enjom, za razliku od pro\u0161le godine. Ve\u0107ina prodavaca, koji su na [&hellip;]\" \/>\n<meta property=\"og:url\" content=\"https:\/\/www.prijedordanas.com\/?p=13559\" \/>\n<meta property=\"og:site_name\" content=\"PrijedorDanas.com - Prijedorski gradski portal\" \/>\n<meta property=\"article:publisher\" content=\"https:\/\/www.facebook.com\/PrijedorDanasCom\/\" \/>\n<meta property=\"article:published_time\" content=\"2015-01-06T11:52:12+00:00\" \/>\n<meta property=\"og:image\" content=\"https:\/\/www.prijedordanas.com\/wp-content\/uploads\/2015\/01\/aranzmani-badnji-dan-2-300x199.jpg\" \/>\n<meta name=\"author\" content=\"admin\" \/>\n<meta name=\"twitter:card\" content=\"summary_large_image\" \/>\n<meta name=\"twitter:label1\" content=\"Written by\" \/>\n\t<meta name=\"twitter:data1\" content=\"admin\" \/>\n\t<meta name=\"twitter:label2\" content=\"Est. reading time\" \/>\n\t<meta name=\"twitter:data2\" content=\"1 minute\" \/>\n<script type=\"application\/ld+json\" class=\"yoast-schema-graph\">{\"@context\":\"https:\/\/schema.org\",\"@graph\":[{\"@type\":\"Article\",\"@id\":\"https:\/\/www.prijedordanas.com\/?p=13559#article\",\"isPartOf\":{\"@id\":\"https:\/\/www.prijedordanas.com\/?p=13559\"},\"author\":{\"name\":\"admin\",\"@id\":\"https:\/\/www.prijedordanas.com\/#\/schema\/person\/4e08ccf29b506ca916ff86d46bb700e6\"},\"headline\":\"PRIJEDOR-BADNJI DAN: ARAN\u017dMANI OD JEDNE DO 15 MARAKA &#8211; FOTO\",\"datePublished\":\"2015-01-06T11:52:12+00:00\",\"dateModified\":\"2015-01-06T11:52:12+00:00\",\"mainEntityOfPage\":{\"@id\":\"https:\/\/www.prijedordanas.com\/?p=13559\"},\"wordCount\":271,\"publisher\":{\"@id\":\"https:\/\/www.prijedordanas.com\/#organization\"},\"articleSection\":[\"Dru\u0161tvo\"],\"inLanguage\":\"en-US\"},{\"@type\":\"WebPage\",\"@id\":\"https:\/\/www.prijedordanas.com\/?p=13559\",\"url\":\"https:\/\/www.prijedordanas.com\/?p=13559\",\"name\":\"PRIJEDOR-BADNJI DAN: ARAN\u017dMANI OD JEDNE DO 15 MARAKA - FOTO - PrijedorDanas.com - Prijedorski gradski portal\",\"isPartOf\":{\"@id\":\"https:\/\/www.prijedordanas.com\/#website\"},\"datePublished\":\"2015-01-06T11:52:12+00:00\",\"dateModified\":\"2015-01-06T11:52:12+00:00\",\"breadcrumb\":{\"@id\":\"https:\/\/www.prijedordanas.com\/?p=13559#breadcrumb\"},\"inLanguage\":\"en-US\",\"potentialAction\":[{\"@type\":\"ReadAction\",\"target\":[\"https:\/\/www.prijedordanas.com\/?p=13559\"]}]},{\"@type\":\"BreadcrumbList\",\"@id\":\"https:\/\/www.prijedordanas.com\/?p=13559#breadcrumb\",\"itemListElement\":[{\"@type\":\"ListItem\",\"position\":1,\"name\":\"Home\",\"item\":\"https:\/\/www.prijedordanas.com\/\"},{\"@type\":\"ListItem\",\"position\":2,\"name\":\"PRIJEDOR-BADNJI DAN: ARAN\u017dMANI OD JEDNE DO 15 MARAKA &#8211; FOTO\"}]},{\"@type\":\"WebSite\",\"@id\":\"https:\/\/www.prijedordanas.com\/#website\",\"url\":\"https:\/\/www.prijedordanas.com\/\",\"name\":\"PrijedorDanas.com - Prijedorski gradski portal\",\"description\":\"Portal o doga\u0111anjima u gradu Prijedoru\",\"publisher\":{\"@id\":\"https:\/\/www.prijedordanas.com\/#organization\"},\"potentialAction\":[{\"@type\":\"SearchAction\",\"target\":{\"@type\":\"EntryPoint\",\"urlTemplate\":\"https:\/\/www.prijedordanas.com\/?s={search_term_string}\"},\"query-input\":\"required name=search_term_string\"}],\"inLanguage\":\"en-US\"},{\"@type\":\"Organization\",\"@id\":\"https:\/\/www.prijedordanas.com\/#organization\",\"name\":\"PrijedorDanas.com\",\"url\":\"https:\/\/www.prijedordanas.com\/\",\"logo\":{\"@type\":\"ImageObject\",\"inLanguage\":\"en-US\",\"@id\":\"https:\/\/www.prijedordanas.com\/#\/schema\/logo\/image\/\",\"url\":\"http:\/\/www.prijedordanas.com\/wp-content\/uploads\/2021\/12\/logopng.png\",\"contentUrl\":\"http:\/\/www.prijedordanas.com\/wp-content\/uploads\/2021\/12\/logopng.png\",\"width\":1019,\"height\":776,\"caption\":\"PrijedorDanas.com\"},\"image\":{\"@id\":\"https:\/\/www.prijedordanas.com\/#\/schema\/logo\/image\/\"},\"sameAs\":[\"https:\/\/www.facebook.com\/PrijedorDanasCom\/\"]},{\"@type\":\"Person\",\"@id\":\"https:\/\/www.prijedordanas.com\/#\/schema\/person\/4e08ccf29b506ca916ff86d46bb700e6\",\"name\":\"admin\",\"image\":{\"@type\":\"ImageObject\",\"inLanguage\":\"en-US\",\"@id\":\"https:\/\/www.prijedordanas.com\/#\/schema\/person\/image\/\",\"url\":\"https:\/\/secure.gravatar.com\/avatar\/1d3fc949d550f0b53a5f0d51e06dfd79?s=96&d=mm&r=g\",\"contentUrl\":\"https:\/\/secure.gravatar.com\/avatar\/1d3fc949d550f0b53a5f0d51e06dfd79?s=96&d=mm&r=g\",\"caption\":\"admin\"},\"url\":\"https:\/\/www.prijedordanas.com\/?author=1\"}]}<\/script>\n<!-- \/ Yoast SEO plugin. -->","yoast_head_json":{"title":"PRIJEDOR-BADNJI DAN: ARAN\u017dMANI OD JEDNE DO 15 MARAKA - FOTO - PrijedorDanas.com - Prijedorski gradski portal","robots":{"index":"index","follow":"follow","max-snippet":"max-snippet:-1","max-image-preview":"max-image-preview:large","max-video-preview":"max-video-preview:-1"},"canonical":"https:\/\/www.prijedordanas.com\/?p=13559","og_locale":"en_US","og_type":"article","og_title":"PRIJEDOR-BADNJI DAN: ARAN\u017dMANI OD JEDNE DO 15 MARAKA - FOTO - PrijedorDanas.com - Prijedorski gradski portal","og_description":"Na ulicama Prijedora bo\u017ei\u0107ni aran\u017emani prodaju se po cijenama od jedne do 15 KM, a ve\u0107ina prodavaca zadovoljna je potra\u017enjom, za razliku od pro\u0161le godine. Ve\u0107ina prodavaca, koji su na [&hellip;]","og_url":"https:\/\/www.prijedordanas.com\/?p=13559","og_site_name":"PrijedorDanas.com - Prijedorski gradski portal","article_publisher":"https:\/\/www.facebook.com\/PrijedorDanasCom\/","article_published_time":"2015-01-06T11:52:12+00:00","og_image":[{"url":"https:\/\/www.prijedordanas.com\/wp-content\/uploads\/2015\/01\/aranzmani-badnji-dan-2-300x199.jpg"}],"author":"admin","twitter_card":"summary_large_image","twitter_misc":{"Written by":"admin","Est. reading time":"1 minute"},"schema":{"@context":"https:\/\/schema.org","@graph":[{"@type":"Article","@id":"https:\/\/www.prijedordanas.com\/?p=13559#article","isPartOf":{"@id":"https:\/\/www.prijedordanas.com\/?p=13559"},"author":{"name":"admin","@id":"https:\/\/www.prijedordanas.com\/#\/schema\/person\/4e08ccf29b506ca916ff86d46bb700e6"},"headline":"PRIJEDOR-BADNJI DAN: ARAN\u017dMANI OD JEDNE DO 15 MARAKA &#8211; FOTO","datePublished":"2015-01-06T11:52:12+00:00","dateModified":"2015-01-06T11:52:12+00:00","mainEntityOfPage":{"@id":"https:\/\/www.prijedordanas.com\/?p=13559"},"wordCount":271,"publisher":{"@id":"https:\/\/www.prijedordanas.com\/#organization"},"articleSection":["Dru\u0161tvo"],"inLanguage":"en-US"},{"@type":"WebPage","@id":"https:\/\/www.prijedordanas.com\/?p=13559","url":"https:\/\/www.prijedordanas.com\/?p=13559","name":"PRIJEDOR-BADNJI DAN: ARAN\u017dMANI OD JEDNE DO 15 MARAKA - FOTO - PrijedorDanas.com - Prijedorski gradski portal","isPartOf":{"@id":"https:\/\/www.prijedordanas.com\/#website"},"datePublished":"2015-01-06T11:52:12+00:00","dateModified":"2015-01-06T11:52:12+00:00","breadcrumb":{"@id":"https:\/\/www.prijedordanas.com\/?p=13559#breadcrumb"},"inLanguage":"en-US","potentialAction":[{"@type":"ReadAction","target":["https:\/\/www.prijedordanas.com\/?p=13559"]}]},{"@type":"BreadcrumbList","@id":"https:\/\/www.prijedordanas.com\/?p=13559#breadcrumb","itemListElement":[{"@type":"ListItem","position":1,"name":"Home","item":"https:\/\/www.prijedordanas.com\/"},{"@type":"ListItem","position":2,"name":"PRIJEDOR-BADNJI DAN: ARAN\u017dMANI OD JEDNE DO 15 MARAKA &#8211; FOTO"}]},{"@type":"WebSite","@id":"https:\/\/www.prijedordanas.com\/#website","url":"https:\/\/www.prijedordanas.com\/","name":"PrijedorDanas.com - Prijedorski gradski portal","description":"Portal o doga\u0111anjima u gradu Prijedoru","publisher":{"@id":"https:\/\/www.prijedordanas.com\/#organization"},"potentialAction":[{"@type":"SearchAction","target":{"@type":"EntryPoint","urlTemplate":"https:\/\/www.prijedordanas.com\/?s={search_term_string}"},"query-input":"required name=search_term_string"}],"inLanguage":"en-US"},{"@type":"Organization","@id":"https:\/\/www.prijedordanas.com\/#organization","name":"PrijedorDanas.com","url":"https:\/\/www.prijedordanas.com\/","logo":{"@type":"ImageObject","inLanguage":"en-US","@id":"https:\/\/www.prijedordanas.com\/#\/schema\/logo\/image\/","url":"http:\/\/www.prijedordanas.com\/wp-content\/uploads\/2021\/12\/logopng.png","contentUrl":"http:\/\/www.prijedordanas.com\/wp-content\/uploads\/2021\/12\/logopng.png","width":1019,"height":776,"caption":"PrijedorDanas.com"},"image":{"@id":"https:\/\/www.prijedordanas.com\/#\/schema\/logo\/image\/"},"sameAs":["https:\/\/www.facebook.com\/PrijedorDanasCom\/"]},{"@type":"Person","@id":"https:\/\/www.prijedordanas.com\/#\/schema\/person\/4e08ccf29b506ca916ff86d46bb700e6","name":"admin","image":{"@type":"ImageObject","inLanguage":"en-US","@id":"https:\/\/www.prijedordanas.com\/#\/schema\/person\/image\/","url":"https:\/\/secure.gravatar.com\/avatar\/1d3fc949d550f0b53a5f0d51e06dfd79?s=96&d=mm&r=g","contentUrl":"https:\/\/secure.gravatar.com\/avatar\/1d3fc949d550f0b53a5f0d51e06dfd79?s=96&d=mm&r=g","caption":"admin"},"url":"https:\/\/www.prijedordanas.com\/?author=1"}]}},"_links":{"self":[{"href":"https:\/\/www.prijedordanas.com\/index.php?rest_route=\/wp\/v2\/posts\/13559"}],"collection":[{"href":"https:\/\/www.prijedordanas.com\/index.php?rest_route=\/wp\/v2\/posts"}],"about":[{"href":"https:\/\/www.prijedordanas.com\/index.php?rest_route=\/wp\/v2\/types\/post"}],"author":[{"embeddable":true,"href":"https:\/\/www.prijedordanas.com\/index.php?rest_route=\/wp\/v2\/users\/1"}],"replies":[{"embeddable":true,"href":"https:\/\/www.prijedordanas.com\/index.php?rest_route=%2Fwp%2Fv2%2Fcomments&post=13559"}],"version-history":[{"count":1,"href":"https:\/\/www.prijedordanas.com\/index.php?rest_route=\/wp\/v2\/posts\/13559\/revisions"}],"predecessor-version":[{"id":13564,"href":"https:\/\/www.prijedordanas.com\/index.php?rest_route=\/wp\/v2\/posts\/13559\/revisions\/13564"}],"wp:attachment":[{"href":"https:\/\/www.prijedordanas.com\/index.php?rest_route=%2Fwp%2Fv2%2Fmedia&parent=13559"}],"wp:term":[{"taxonomy":"category","embeddable":true,"href":"https:\/\/www.prijedordanas.com\/index.php?rest_route=%2Fwp%2Fv2%2Fcategories&post=13559"},{"taxonomy":"post_tag","embeddable":true,"href":"https:\/\/www.prijedordanas.com\/index.php?rest_route=%2Fwp%2Fv2%2Ftags&post=13559"}],"curies":[{"name":"wp","href":"https:\/\/api.w.org\/{rel}","templated":true}]}}