{"id":135546,"date":"2019-10-22T17:15:22","date_gmt":"2019-10-22T15:15:22","guid":{"rendered":"https:\/\/www.prijedordanas.com\/?p=135546"},"modified":"2019-10-22T17:57:56","modified_gmt":"2019-10-22T15:57:56","slug":"skupstina-grada-prijedora-povucena-informacija-o-kud-ovima-zbog-odredenih-kontroverzi","status":"publish","type":"post","link":"https:\/\/www.prijedordanas.com\/?p=135546","title":{"rendered":"Skup\u0161tina grada Prijedora: Povu\u010dena informacija o KUD-ovima zbog odre\u0111enih kontroverzi"},"content":{"rendered":"<p><a href=\"https:\/\/www.prijedordanas.com\/wp-content\/uploads\/2019\/10\/skupstina-grada-22oktobar-5.jpg\"><img loading=\"lazy\" decoding=\"async\" class=\"alignleft size-medium wp-image-135547\" src=\"https:\/\/www.prijedordanas.com\/wp-content\/uploads\/2019\/10\/skupstina-grada-22oktobar-5-300x222.jpg\" alt=\"\" width=\"300\" height=\"222\" srcset=\"https:\/\/www.prijedordanas.com\/wp-content\/uploads\/2019\/10\/skupstina-grada-22oktobar-5-300x222.jpg 300w, https:\/\/www.prijedordanas.com\/wp-content\/uploads\/2019\/10\/skupstina-grada-22oktobar-5.jpg 675w\" sizes=\"(max-width: 300px) 100vw, 300px\" \/><\/a>Skup\u0161tina grada Prijedora prihvatila je danas prijedlog odbornika DNS-a Olivere Brdar Mirkovi\u0107 da sa dnevnog reda dana\u0161nje sjednice bude povu\u010dena informacija o stanju u oblasti amaterizma u kulturi na podru\u010dju grada Prijedora, budu\u0107i da su se u vezi sa ovom ta\u010dkom pojavile odre\u0111ene kontroverze.<\/p>\n<p>Ta\u010dka nije bila na prvobitnom dnevnom redu dana\u0161njeg zasjedanja, objavljenom 15. oktobra, ali se pojavila u izmijenjenom dnevnom redu, objavljenom tri dana kasnije.<\/p>\n<p>U toj informaciji, \u010diji izvjestilac je koordinator Koordinacionog tijela kulturno-umjetni\u010dkih dru\u0161tava i udru\u017eenja u oblasti amaterizma u kulturi Neboj\u0161a Aleksi\u0107, od 14 KUD-ova i udru\u017eenja \u010diji rad se sufinansira iz bud\u017eeta grada, na\u0161lo se 13, a ne i jedno od najmla\u0111ih, najaktivnijih i u najve\u0107em usponu &#8211; Udru\u017eenje za o\u010duvanje tradicije Prijedor.<\/p>\n<p>Zbog neslaganja sa sadr\u017eajem informacije, ali i sa tim da je za izvjestioca odre\u0111en Neboj\u0161a Aleksi\u0107, otvoreno pismo odbornicima Skup\u0161tine grada Prijedora uputili su \u017deljko \u0160ormaz iz Udru\u017eenja za o\u010duvanje tradicije, Mladen Staki\u0107 iz KUD-a &#8220;Kozara&#8221; i Milana Luki\u0107 iz KUD-a &#8220;\u0160arenica&#8221; koji su podsjetili na to da je krajem pro\u0161le godine osnovano i Koordinaciono tijelo KUD-ova i udru\u017eenja u oblasti amaterizma u kulturi radi bolje me\u0111usobne saradnje.<\/p>\n<p>&#8220;Na jednom od sastanaka ovog tijela, odr\u017eanog po\u010detkom septembra, postignut je dogovor u vezi sa poku\u0161ajem rje\u0161avanja problematike sa kojom se susre\u0107u udru\u017eenja koja se bave kulturnim amaterizmom u svom radu. Dogovor je bio da tro\u010dlana, tog dana imenovana komisija, pripremi odre\u0111en tekst i da ga, nakon toga, donese na sastanak Koordinacionog tijela na kojem bi svi prisutni predstavnici prijedorskih udru\u017eenja usaglasili kona\u010dnu verziju teksta i takvu je poslali na izlaganje na sjednici gradskog parlamenta&#8221;, navodi se u otvorenom pismu kulturnjaka.<\/p>\n<p>Oni u pismu tvrde da je tada, tako\u0111e, dogovoreno da izvjestilac o ovome bude Dejan Karlica, da komisija nije imala nikakav drugi zadatak ni ovla\u0161tenje osim pripreme teksta za sastanak Koordinacionog tijela, da je bilo vi\u0161e od mjesec dana vremena da se tekst pripremi i na vrijeme usaglasi kako bi se kvalitetno predstavio na sjednici.<\/p>\n<p>&#8220;Tekst nije pripremljen, sastanak nije ni sazvan ni odr\u017ean, pa samim tim nikakvi stavovi nisu usagla\u0161eni, a iz najave rada gradske skup\u0161tine saznali smo da \u0107e se na dnevnom redu na\u0107i i ova problematika. Zbog svega navedenog, obra\u0107amo vam se sa molbom da ovu ta\u010dku ne razmatrate dok se ne odr\u017ei sastanak Koordinacionog tijela i ne usaglase stavovi&#8221;, navodi se u otvorenom pismu.<\/p>\n<p>Osim Koordinacionog tijela, grad Prijedor osnovao je Komisiju za pra\u0107enje rada KUD-ova i udru\u017eenja iz oblasti amaterizma u kulturi koje sufinansira bud\u017eet grada, a njena obaveza je da jednom godi\u0161nje sagleda rad svih dru\u0161tava i udur\u017eenja i da da preporuke za unapre\u0111enje stanja u ovoj oblasti.<\/p>\n<p>SRNA<\/p>\n<p>Vezane vijesti:<\/p>\n<p><a href=\"https:\/\/www.prijedordanas.com\/?p=135522\" rel=\"noopener noreferrer\" target=\"_blank\">Kulturni radnici i rukovodioci udru\u017eenja uputili Otvoreno pismo odbornicima Skup\u0161tine grada Prijedora<\/a><\/p>\n","protected":false},"excerpt":{"rendered":"<p>Skup\u0161tina grada Prijedora prihvatila je danas prijedlog odbornika DNS-a Olivere Brdar Mirkovi\u0107 da sa dnevnog reda dana\u0161nje sjednice bude povu\u010dena informacija o stanju u oblasti amaterizma u kulturi na podru\u010dju [&hellip;]<\/p>\n","protected":false},"author":1,"featured_media":0,"comment_status":"closed","ping_status":"open","sticky":false,"template":"","format":"standard","meta":{"_monsterinsights_skip_tracking":false,"_monsterinsights_sitenote_active":false,"_monsterinsights_sitenote_note":"","_monsterinsights_sitenote_category":0,"footnotes":""},"categories":[4],"tags":[],"yoast_head":"<!-- This site is optimized with the Yoast SEO plugin v21.6 - https:\/\/yoast.com\/wordpress\/plugins\/seo\/ -->\n<title>Skup\u0161tina grada Prijedora: Povu\u010dena informacija o KUD-ovima zbog odre\u0111enih kontroverzi - PrijedorDanas.com - Prijedorski gradski portal<\/title>\n<meta name=\"robots\" content=\"index, follow, max-snippet:-1, max-image-preview:large, max-video-preview:-1\" \/>\n<link rel=\"canonical\" href=\"https:\/\/www.prijedordanas.com\/?p=135546\" \/>\n<meta property=\"og:locale\" content=\"en_US\" \/>\n<meta property=\"og:type\" content=\"article\" \/>\n<meta property=\"og:title\" content=\"Skup\u0161tina grada Prijedora: Povu\u010dena informacija o KUD-ovima zbog odre\u0111enih kontroverzi - PrijedorDanas.com - Prijedorski gradski portal\" \/>\n<meta property=\"og:description\" content=\"Skup\u0161tina grada Prijedora prihvatila je danas prijedlog odbornika DNS-a Olivere Brdar Mirkovi\u0107 da sa dnevnog reda dana\u0161nje sjednice bude povu\u010dena informacija o stanju u oblasti amaterizma u kulturi na podru\u010dju [&hellip;]\" \/>\n<meta property=\"og:url\" content=\"https:\/\/www.prijedordanas.com\/?p=135546\" \/>\n<meta property=\"og:site_name\" content=\"PrijedorDanas.com - Prijedorski gradski portal\" \/>\n<meta property=\"article:publisher\" content=\"https:\/\/www.facebook.com\/PrijedorDanasCom\/\" \/>\n<meta property=\"article:published_time\" content=\"2019-10-22T15:15:22+00:00\" \/>\n<meta property=\"article:modified_time\" content=\"2019-10-22T15:57:56+00:00\" \/>\n<meta property=\"og:image\" content=\"https:\/\/www.prijedordanas.com\/wp-content\/uploads\/2019\/10\/skupstina-grada-22oktobar-5-300x222.jpg\" \/>\n<meta name=\"author\" content=\"admin\" \/>\n<meta name=\"twitter:card\" content=\"summary_large_image\" \/>\n<meta name=\"twitter:label1\" content=\"Written by\" \/>\n\t<meta name=\"twitter:data1\" content=\"admin\" \/>\n\t<meta name=\"twitter:label2\" content=\"Est. reading time\" \/>\n\t<meta name=\"twitter:data2\" content=\"3 minutes\" \/>\n<script type=\"application\/ld+json\" class=\"yoast-schema-graph\">{\"@context\":\"https:\/\/schema.org\",\"@graph\":[{\"@type\":\"Article\",\"@id\":\"https:\/\/www.prijedordanas.com\/?p=135546#article\",\"isPartOf\":{\"@id\":\"https:\/\/www.prijedordanas.com\/?p=135546\"},\"author\":{\"name\":\"admin\",\"@id\":\"https:\/\/www.prijedordanas.com\/#\/schema\/person\/4e08ccf29b506ca916ff86d46bb700e6\"},\"headline\":\"Skup\u0161tina grada Prijedora: Povu\u010dena informacija o KUD-ovima zbog odre\u0111enih kontroverzi\",\"datePublished\":\"2019-10-22T15:15:22+00:00\",\"dateModified\":\"2019-10-22T15:57:56+00:00\",\"mainEntityOfPage\":{\"@id\":\"https:\/\/www.prijedordanas.com\/?p=135546\"},\"wordCount\":515,\"publisher\":{\"@id\":\"https:\/\/www.prijedordanas.com\/#organization\"},\"articleSection\":[\"Dru\u0161tvo\"],\"inLanguage\":\"en-US\"},{\"@type\":\"WebPage\",\"@id\":\"https:\/\/www.prijedordanas.com\/?p=135546\",\"url\":\"https:\/\/www.prijedordanas.com\/?p=135546\",\"name\":\"Skup\u0161tina grada Prijedora: Povu\u010dena informacija o KUD-ovima zbog odre\u0111enih kontroverzi - PrijedorDanas.com - Prijedorski gradski portal\",\"isPartOf\":{\"@id\":\"https:\/\/www.prijedordanas.com\/#website\"},\"datePublished\":\"2019-10-22T15:15:22+00:00\",\"dateModified\":\"2019-10-22T15:57:56+00:00\",\"breadcrumb\":{\"@id\":\"https:\/\/www.prijedordanas.com\/?p=135546#breadcrumb\"},\"inLanguage\":\"en-US\",\"potentialAction\":[{\"@type\":\"ReadAction\",\"target\":[\"https:\/\/www.prijedordanas.com\/?p=135546\"]}]},{\"@type\":\"BreadcrumbList\",\"@id\":\"https:\/\/www.prijedordanas.com\/?p=135546#breadcrumb\",\"itemListElement\":[{\"@type\":\"ListItem\",\"position\":1,\"name\":\"Home\",\"item\":\"https:\/\/www.prijedordanas.com\/\"},{\"@type\":\"ListItem\",\"position\":2,\"name\":\"Skup\u0161tina grada Prijedora: Povu\u010dena informacija o KUD-ovima zbog odre\u0111enih kontroverzi\"}]},{\"@type\":\"WebSite\",\"@id\":\"https:\/\/www.prijedordanas.com\/#website\",\"url\":\"https:\/\/www.prijedordanas.com\/\",\"name\":\"PrijedorDanas.com - Prijedorski gradski portal\",\"description\":\"Portal o doga\u0111anjima u gradu Prijedoru\",\"publisher\":{\"@id\":\"https:\/\/www.prijedordanas.com\/#organization\"},\"potentialAction\":[{\"@type\":\"SearchAction\",\"target\":{\"@type\":\"EntryPoint\",\"urlTemplate\":\"https:\/\/www.prijedordanas.com\/?s={search_term_string}\"},\"query-input\":\"required name=search_term_string\"}],\"inLanguage\":\"en-US\"},{\"@type\":\"Organization\",\"@id\":\"https:\/\/www.prijedordanas.com\/#organization\",\"name\":\"PrijedorDanas.com\",\"url\":\"https:\/\/www.prijedordanas.com\/\",\"logo\":{\"@type\":\"ImageObject\",\"inLanguage\":\"en-US\",\"@id\":\"https:\/\/www.prijedordanas.com\/#\/schema\/logo\/image\/\",\"url\":\"http:\/\/www.prijedordanas.com\/wp-content\/uploads\/2021\/12\/logopng.png\",\"contentUrl\":\"http:\/\/www.prijedordanas.com\/wp-content\/uploads\/2021\/12\/logopng.png\",\"width\":1019,\"height\":776,\"caption\":\"PrijedorDanas.com\"},\"image\":{\"@id\":\"https:\/\/www.prijedordanas.com\/#\/schema\/logo\/image\/\"},\"sameAs\":[\"https:\/\/www.facebook.com\/PrijedorDanasCom\/\"]},{\"@type\":\"Person\",\"@id\":\"https:\/\/www.prijedordanas.com\/#\/schema\/person\/4e08ccf29b506ca916ff86d46bb700e6\",\"name\":\"admin\",\"image\":{\"@type\":\"ImageObject\",\"inLanguage\":\"en-US\",\"@id\":\"https:\/\/www.prijedordanas.com\/#\/schema\/person\/image\/\",\"url\":\"https:\/\/secure.gravatar.com\/avatar\/1d3fc949d550f0b53a5f0d51e06dfd79?s=96&d=mm&r=g\",\"contentUrl\":\"https:\/\/secure.gravatar.com\/avatar\/1d3fc949d550f0b53a5f0d51e06dfd79?s=96&d=mm&r=g\",\"caption\":\"admin\"},\"url\":\"https:\/\/www.prijedordanas.com\/?author=1\"}]}<\/script>\n<!-- \/ Yoast SEO plugin. -->","yoast_head_json":{"title":"Skup\u0161tina grada Prijedora: Povu\u010dena informacija o KUD-ovima zbog odre\u0111enih kontroverzi - PrijedorDanas.com - Prijedorski gradski portal","robots":{"index":"index","follow":"follow","max-snippet":"max-snippet:-1","max-image-preview":"max-image-preview:large","max-video-preview":"max-video-preview:-1"},"canonical":"https:\/\/www.prijedordanas.com\/?p=135546","og_locale":"en_US","og_type":"article","og_title":"Skup\u0161tina grada Prijedora: Povu\u010dena informacija o KUD-ovima zbog odre\u0111enih kontroverzi - PrijedorDanas.com - Prijedorski gradski portal","og_description":"Skup\u0161tina grada Prijedora prihvatila je danas prijedlog odbornika DNS-a Olivere Brdar Mirkovi\u0107 da sa dnevnog reda dana\u0161nje sjednice bude povu\u010dena informacija o stanju u oblasti amaterizma u kulturi na podru\u010dju [&hellip;]","og_url":"https:\/\/www.prijedordanas.com\/?p=135546","og_site_name":"PrijedorDanas.com - Prijedorski gradski portal","article_publisher":"https:\/\/www.facebook.com\/PrijedorDanasCom\/","article_published_time":"2019-10-22T15:15:22+00:00","article_modified_time":"2019-10-22T15:57:56+00:00","og_image":[{"url":"https:\/\/www.prijedordanas.com\/wp-content\/uploads\/2019\/10\/skupstina-grada-22oktobar-5-300x222.jpg"}],"author":"admin","twitter_card":"summary_large_image","twitter_misc":{"Written by":"admin","Est. reading time":"3 minutes"},"schema":{"@context":"https:\/\/schema.org","@graph":[{"@type":"Article","@id":"https:\/\/www.prijedordanas.com\/?p=135546#article","isPartOf":{"@id":"https:\/\/www.prijedordanas.com\/?p=135546"},"author":{"name":"admin","@id":"https:\/\/www.prijedordanas.com\/#\/schema\/person\/4e08ccf29b506ca916ff86d46bb700e6"},"headline":"Skup\u0161tina grada Prijedora: Povu\u010dena informacija o KUD-ovima zbog odre\u0111enih kontroverzi","datePublished":"2019-10-22T15:15:22+00:00","dateModified":"2019-10-22T15:57:56+00:00","mainEntityOfPage":{"@id":"https:\/\/www.prijedordanas.com\/?p=135546"},"wordCount":515,"publisher":{"@id":"https:\/\/www.prijedordanas.com\/#organization"},"articleSection":["Dru\u0161tvo"],"inLanguage":"en-US"},{"@type":"WebPage","@id":"https:\/\/www.prijedordanas.com\/?p=135546","url":"https:\/\/www.prijedordanas.com\/?p=135546","name":"Skup\u0161tina grada Prijedora: Povu\u010dena informacija o KUD-ovima zbog odre\u0111enih kontroverzi - PrijedorDanas.com - Prijedorski gradski portal","isPartOf":{"@id":"https:\/\/www.prijedordanas.com\/#website"},"datePublished":"2019-10-22T15:15:22+00:00","dateModified":"2019-10-22T15:57:56+00:00","breadcrumb":{"@id":"https:\/\/www.prijedordanas.com\/?p=135546#breadcrumb"},"inLanguage":"en-US","potentialAction":[{"@type":"ReadAction","target":["https:\/\/www.prijedordanas.com\/?p=135546"]}]},{"@type":"BreadcrumbList","@id":"https:\/\/www.prijedordanas.com\/?p=135546#breadcrumb","itemListElement":[{"@type":"ListItem","position":1,"name":"Home","item":"https:\/\/www.prijedordanas.com\/"},{"@type":"ListItem","position":2,"name":"Skup\u0161tina grada Prijedora: Povu\u010dena informacija o KUD-ovima zbog odre\u0111enih kontroverzi"}]},{"@type":"WebSite","@id":"https:\/\/www.prijedordanas.com\/#website","url":"https:\/\/www.prijedordanas.com\/","name":"PrijedorDanas.com - Prijedorski gradski portal","description":"Portal o doga\u0111anjima u gradu Prijedoru","publisher":{"@id":"https:\/\/www.prijedordanas.com\/#organization"},"potentialAction":[{"@type":"SearchAction","target":{"@type":"EntryPoint","urlTemplate":"https:\/\/www.prijedordanas.com\/?s={search_term_string}"},"query-input":"required name=search_term_string"}],"inLanguage":"en-US"},{"@type":"Organization","@id":"https:\/\/www.prijedordanas.com\/#organization","name":"PrijedorDanas.com","url":"https:\/\/www.prijedordanas.com\/","logo":{"@type":"ImageObject","inLanguage":"en-US","@id":"https:\/\/www.prijedordanas.com\/#\/schema\/logo\/image\/","url":"http:\/\/www.prijedordanas.com\/wp-content\/uploads\/2021\/12\/logopng.png","contentUrl":"http:\/\/www.prijedordanas.com\/wp-content\/uploads\/2021\/12\/logopng.png","width":1019,"height":776,"caption":"PrijedorDanas.com"},"image":{"@id":"https:\/\/www.prijedordanas.com\/#\/schema\/logo\/image\/"},"sameAs":["https:\/\/www.facebook.com\/PrijedorDanasCom\/"]},{"@type":"Person","@id":"https:\/\/www.prijedordanas.com\/#\/schema\/person\/4e08ccf29b506ca916ff86d46bb700e6","name":"admin","image":{"@type":"ImageObject","inLanguage":"en-US","@id":"https:\/\/www.prijedordanas.com\/#\/schema\/person\/image\/","url":"https:\/\/secure.gravatar.com\/avatar\/1d3fc949d550f0b53a5f0d51e06dfd79?s=96&d=mm&r=g","contentUrl":"https:\/\/secure.gravatar.com\/avatar\/1d3fc949d550f0b53a5f0d51e06dfd79?s=96&d=mm&r=g","caption":"admin"},"url":"https:\/\/www.prijedordanas.com\/?author=1"}]}},"_links":{"self":[{"href":"https:\/\/www.prijedordanas.com\/index.php?rest_route=\/wp\/v2\/posts\/135546"}],"collection":[{"href":"https:\/\/www.prijedordanas.com\/index.php?rest_route=\/wp\/v2\/posts"}],"about":[{"href":"https:\/\/www.prijedordanas.com\/index.php?rest_route=\/wp\/v2\/types\/post"}],"author":[{"embeddable":true,"href":"https:\/\/www.prijedordanas.com\/index.php?rest_route=\/wp\/v2\/users\/1"}],"replies":[{"embeddable":true,"href":"https:\/\/www.prijedordanas.com\/index.php?rest_route=%2Fwp%2Fv2%2Fcomments&post=135546"}],"version-history":[{"count":3,"href":"https:\/\/www.prijedordanas.com\/index.php?rest_route=\/wp\/v2\/posts\/135546\/revisions"}],"predecessor-version":[{"id":135550,"href":"https:\/\/www.prijedordanas.com\/index.php?rest_route=\/wp\/v2\/posts\/135546\/revisions\/135550"}],"wp:attachment":[{"href":"https:\/\/www.prijedordanas.com\/index.php?rest_route=%2Fwp%2Fv2%2Fmedia&parent=135546"}],"wp:term":[{"taxonomy":"category","embeddable":true,"href":"https:\/\/www.prijedordanas.com\/index.php?rest_route=%2Fwp%2Fv2%2Fcategories&post=135546"},{"taxonomy":"post_tag","embeddable":true,"href":"https:\/\/www.prijedordanas.com\/index.php?rest_route=%2Fwp%2Fv2%2Ftags&post=135546"}],"curies":[{"name":"wp","href":"https:\/\/api.w.org\/{rel}","templated":true}]}}