{"id":135511,"date":"2019-10-22T09:41:35","date_gmt":"2019-10-22T07:41:35","guid":{"rendered":"https:\/\/www.prijedordanas.com\/?p=135511"},"modified":"2019-10-22T09:41:35","modified_gmt":"2019-10-22T07:41:35","slug":"pocinju-veceri-kulturnog-stvaralastva-donji-petrov-gaj-prvi-domacin","status":"publish","type":"post","link":"https:\/\/www.prijedordanas.com\/?p=135511","title":{"rendered":"Po\u010dinju &#8220;Ve\u010deri kulturnog stvarala\u0161tva&#8221;: Donji Petrov Gaj prvi doma\u0107in"},"content":{"rendered":"<p><a href=\"https:\/\/www.prijedordanas.com\/wp-content\/uploads\/2019\/10\/vece-kulturnog-stvaralastva-donji-petrov-gaj-plakat-2019.jpg\"><img loading=\"lazy\" decoding=\"async\" src=\"https:\/\/www.prijedordanas.com\/wp-content\/uploads\/2019\/10\/vece-kulturnog-stvaralastva-donji-petrov-gaj-plakat-2019-214x300.jpg\" alt=\"\" width=\"214\" height=\"300\" class=\"alignleft size-medium wp-image-135512\" srcset=\"https:\/\/www.prijedordanas.com\/wp-content\/uploads\/2019\/10\/vece-kulturnog-stvaralastva-donji-petrov-gaj-plakat-2019-214x300.jpg 214w, https:\/\/www.prijedordanas.com\/wp-content\/uploads\/2019\/10\/vece-kulturnog-stvaralastva-donji-petrov-gaj-plakat-2019.jpg 453w\" sizes=\"(max-width: 214px) 100vw, 214px\" \/><\/a>Prvo ovosezonsko \u201eVe\u010de kulturnog stvarala\u0161tva\u201c bic\u0301e odr\u017eano u petak 25.oktobra, u dru\u0161tvenom domu u Donjem Petrovom Gaju, s po\u010detkom u 19 \u010dasova.<\/p>\n<p>U programu manifestacije u\u010destvovac\u0301e: u\u010denici JU O\u0160 \u201eC\u0301irilo i Metodije\u201c iz Trnopolja i Podru\u010dnog odjeljenja Donji Petrov Gaj, \u010dlanovi KUD \u201eOmarska\u201c, vokalni solisti, izvorne grupe, glumci, muzi\u010dari i narodni umjetnici. <\/p>\n<p>Voditelj programa je Sa\u0161a Goronja a ulaz je besplatan.<\/p>\n<p>Cilj manifestacije je promovisanje i podsticanje rada kulturnih stvaralaca, svih generacija i \u201evrac\u0301anje\u201c kulturnih sadr\u017eaja u dru\u0161tvene domove, koji su, u proteklih desetak godina, u zna\u010dajnom broju rekonstruisani. <\/p>\n<p>Pokrovitelj manifestacije je Grad Prijedor a njen prijatelj &#8220;Autotransport&#8221; Prijedor.<\/p>\n","protected":false},"excerpt":{"rendered":"<p>Prvo ovosezonsko \u201eVe\u010de kulturnog stvarala\u0161tva\u201c bic\u0301e odr\u017eano u petak 25.oktobra, u dru\u0161tvenom domu u Donjem Petrovom Gaju, s po\u010detkom u 19 \u010dasova. U programu manifestacije u\u010destvovac\u0301e: u\u010denici JU O\u0160 \u201eC\u0301irilo [&hellip;]<\/p>\n","protected":false},"author":1,"featured_media":0,"comment_status":"closed","ping_status":"open","sticky":false,"template":"","format":"standard","meta":{"_monsterinsights_skip_tracking":false,"_monsterinsights_sitenote_active":false,"_monsterinsights_sitenote_note":"","_monsterinsights_sitenote_category":0,"footnotes":""},"categories":[6],"tags":[],"yoast_head":"<!-- This site is optimized with the Yoast SEO plugin v21.6 - https:\/\/yoast.com\/wordpress\/plugins\/seo\/ -->\n<title>Po\u010dinju &quot;Ve\u010deri kulturnog stvarala\u0161tva&quot;: Donji Petrov Gaj prvi doma\u0107in - PrijedorDanas.com - Prijedorski gradski portal<\/title>\n<meta name=\"robots\" content=\"index, follow, max-snippet:-1, max-image-preview:large, max-video-preview:-1\" \/>\n<link rel=\"canonical\" href=\"https:\/\/www.prijedordanas.com\/?p=135511\" \/>\n<meta property=\"og:locale\" content=\"en_US\" \/>\n<meta property=\"og:type\" content=\"article\" \/>\n<meta property=\"og:title\" content=\"Po\u010dinju &quot;Ve\u010deri kulturnog stvarala\u0161tva&quot;: Donji Petrov Gaj prvi doma\u0107in - PrijedorDanas.com - Prijedorski gradski portal\" \/>\n<meta property=\"og:description\" content=\"Prvo ovosezonsko \u201eVe\u010de kulturnog stvarala\u0161tva\u201c bic\u0301e odr\u017eano u petak 25.oktobra, u dru\u0161tvenom domu u Donjem Petrovom Gaju, s po\u010detkom u 19 \u010dasova. U programu manifestacije u\u010destvovac\u0301e: u\u010denici JU O\u0160 \u201eC\u0301irilo [&hellip;]\" \/>\n<meta property=\"og:url\" content=\"https:\/\/www.prijedordanas.com\/?p=135511\" \/>\n<meta property=\"og:site_name\" content=\"PrijedorDanas.com - Prijedorski gradski portal\" \/>\n<meta property=\"article:publisher\" content=\"https:\/\/www.facebook.com\/PrijedorDanasCom\/\" \/>\n<meta property=\"article:published_time\" content=\"2019-10-22T07:41:35+00:00\" \/>\n<meta property=\"og:image\" content=\"https:\/\/www.prijedordanas.com\/wp-content\/uploads\/2019\/10\/vece-kulturnog-stvaralastva-donji-petrov-gaj-plakat-2019-214x300.jpg\" \/>\n<meta name=\"author\" content=\"admin\" \/>\n<meta name=\"twitter:card\" content=\"summary_large_image\" \/>\n<meta name=\"twitter:label1\" content=\"Written by\" \/>\n\t<meta name=\"twitter:data1\" content=\"admin\" \/>\n\t<meta name=\"twitter:label2\" content=\"Est. reading time\" \/>\n\t<meta name=\"twitter:data2\" content=\"1 minute\" \/>\n<script type=\"application\/ld+json\" class=\"yoast-schema-graph\">{\"@context\":\"https:\/\/schema.org\",\"@graph\":[{\"@type\":\"Article\",\"@id\":\"https:\/\/www.prijedordanas.com\/?p=135511#article\",\"isPartOf\":{\"@id\":\"https:\/\/www.prijedordanas.com\/?p=135511\"},\"author\":{\"name\":\"admin\",\"@id\":\"https:\/\/www.prijedordanas.com\/#\/schema\/person\/4e08ccf29b506ca916ff86d46bb700e6\"},\"headline\":\"Po\u010dinju &#8220;Ve\u010deri kulturnog stvarala\u0161tva&#8221;: Donji Petrov Gaj prvi doma\u0107in\",\"datePublished\":\"2019-10-22T07:41:35+00:00\",\"dateModified\":\"2019-10-22T07:41:35+00:00\",\"mainEntityOfPage\":{\"@id\":\"https:\/\/www.prijedordanas.com\/?p=135511\"},\"wordCount\":128,\"publisher\":{\"@id\":\"https:\/\/www.prijedordanas.com\/#organization\"},\"articleSection\":[\"Kultura\"],\"inLanguage\":\"en-US\"},{\"@type\":\"WebPage\",\"@id\":\"https:\/\/www.prijedordanas.com\/?p=135511\",\"url\":\"https:\/\/www.prijedordanas.com\/?p=135511\",\"name\":\"Po\u010dinju \\\"Ve\u010deri kulturnog stvarala\u0161tva\\\": Donji Petrov Gaj prvi doma\u0107in - PrijedorDanas.com - Prijedorski gradski portal\",\"isPartOf\":{\"@id\":\"https:\/\/www.prijedordanas.com\/#website\"},\"datePublished\":\"2019-10-22T07:41:35+00:00\",\"dateModified\":\"2019-10-22T07:41:35+00:00\",\"breadcrumb\":{\"@id\":\"https:\/\/www.prijedordanas.com\/?p=135511#breadcrumb\"},\"inLanguage\":\"en-US\",\"potentialAction\":[{\"@type\":\"ReadAction\",\"target\":[\"https:\/\/www.prijedordanas.com\/?p=135511\"]}]},{\"@type\":\"BreadcrumbList\",\"@id\":\"https:\/\/www.prijedordanas.com\/?p=135511#breadcrumb\",\"itemListElement\":[{\"@type\":\"ListItem\",\"position\":1,\"name\":\"Home\",\"item\":\"https:\/\/www.prijedordanas.com\/\"},{\"@type\":\"ListItem\",\"position\":2,\"name\":\"Po\u010dinju &#8220;Ve\u010deri kulturnog stvarala\u0161tva&#8221;: Donji Petrov Gaj prvi doma\u0107in\"}]},{\"@type\":\"WebSite\",\"@id\":\"https:\/\/www.prijedordanas.com\/#website\",\"url\":\"https:\/\/www.prijedordanas.com\/\",\"name\":\"PrijedorDanas.com - Prijedorski gradski portal\",\"description\":\"Portal o doga\u0111anjima u gradu Prijedoru\",\"publisher\":{\"@id\":\"https:\/\/www.prijedordanas.com\/#organization\"},\"potentialAction\":[{\"@type\":\"SearchAction\",\"target\":{\"@type\":\"EntryPoint\",\"urlTemplate\":\"https:\/\/www.prijedordanas.com\/?s={search_term_string}\"},\"query-input\":\"required name=search_term_string\"}],\"inLanguage\":\"en-US\"},{\"@type\":\"Organization\",\"@id\":\"https:\/\/www.prijedordanas.com\/#organization\",\"name\":\"PrijedorDanas.com\",\"url\":\"https:\/\/www.prijedordanas.com\/\",\"logo\":{\"@type\":\"ImageObject\",\"inLanguage\":\"en-US\",\"@id\":\"https:\/\/www.prijedordanas.com\/#\/schema\/logo\/image\/\",\"url\":\"http:\/\/www.prijedordanas.com\/wp-content\/uploads\/2021\/12\/logopng.png\",\"contentUrl\":\"http:\/\/www.prijedordanas.com\/wp-content\/uploads\/2021\/12\/logopng.png\",\"width\":1019,\"height\":776,\"caption\":\"PrijedorDanas.com\"},\"image\":{\"@id\":\"https:\/\/www.prijedordanas.com\/#\/schema\/logo\/image\/\"},\"sameAs\":[\"https:\/\/www.facebook.com\/PrijedorDanasCom\/\"]},{\"@type\":\"Person\",\"@id\":\"https:\/\/www.prijedordanas.com\/#\/schema\/person\/4e08ccf29b506ca916ff86d46bb700e6\",\"name\":\"admin\",\"image\":{\"@type\":\"ImageObject\",\"inLanguage\":\"en-US\",\"@id\":\"https:\/\/www.prijedordanas.com\/#\/schema\/person\/image\/\",\"url\":\"https:\/\/secure.gravatar.com\/avatar\/1d3fc949d550f0b53a5f0d51e06dfd79?s=96&d=mm&r=g\",\"contentUrl\":\"https:\/\/secure.gravatar.com\/avatar\/1d3fc949d550f0b53a5f0d51e06dfd79?s=96&d=mm&r=g\",\"caption\":\"admin\"},\"url\":\"https:\/\/www.prijedordanas.com\/?author=1\"}]}<\/script>\n<!-- \/ Yoast SEO plugin. -->","yoast_head_json":{"title":"Po\u010dinju \"Ve\u010deri kulturnog stvarala\u0161tva\": Donji Petrov Gaj prvi doma\u0107in - PrijedorDanas.com - Prijedorski gradski portal","robots":{"index":"index","follow":"follow","max-snippet":"max-snippet:-1","max-image-preview":"max-image-preview:large","max-video-preview":"max-video-preview:-1"},"canonical":"https:\/\/www.prijedordanas.com\/?p=135511","og_locale":"en_US","og_type":"article","og_title":"Po\u010dinju \"Ve\u010deri kulturnog stvarala\u0161tva\": Donji Petrov Gaj prvi doma\u0107in - PrijedorDanas.com - Prijedorski gradski portal","og_description":"Prvo ovosezonsko \u201eVe\u010de kulturnog stvarala\u0161tva\u201c bic\u0301e odr\u017eano u petak 25.oktobra, u dru\u0161tvenom domu u Donjem Petrovom Gaju, s po\u010detkom u 19 \u010dasova. U programu manifestacije u\u010destvovac\u0301e: u\u010denici JU O\u0160 \u201eC\u0301irilo [&hellip;]","og_url":"https:\/\/www.prijedordanas.com\/?p=135511","og_site_name":"PrijedorDanas.com - Prijedorski gradski portal","article_publisher":"https:\/\/www.facebook.com\/PrijedorDanasCom\/","article_published_time":"2019-10-22T07:41:35+00:00","og_image":[{"url":"https:\/\/www.prijedordanas.com\/wp-content\/uploads\/2019\/10\/vece-kulturnog-stvaralastva-donji-petrov-gaj-plakat-2019-214x300.jpg"}],"author":"admin","twitter_card":"summary_large_image","twitter_misc":{"Written by":"admin","Est. reading time":"1 minute"},"schema":{"@context":"https:\/\/schema.org","@graph":[{"@type":"Article","@id":"https:\/\/www.prijedordanas.com\/?p=135511#article","isPartOf":{"@id":"https:\/\/www.prijedordanas.com\/?p=135511"},"author":{"name":"admin","@id":"https:\/\/www.prijedordanas.com\/#\/schema\/person\/4e08ccf29b506ca916ff86d46bb700e6"},"headline":"Po\u010dinju &#8220;Ve\u010deri kulturnog stvarala\u0161tva&#8221;: Donji Petrov Gaj prvi doma\u0107in","datePublished":"2019-10-22T07:41:35+00:00","dateModified":"2019-10-22T07:41:35+00:00","mainEntityOfPage":{"@id":"https:\/\/www.prijedordanas.com\/?p=135511"},"wordCount":128,"publisher":{"@id":"https:\/\/www.prijedordanas.com\/#organization"},"articleSection":["Kultura"],"inLanguage":"en-US"},{"@type":"WebPage","@id":"https:\/\/www.prijedordanas.com\/?p=135511","url":"https:\/\/www.prijedordanas.com\/?p=135511","name":"Po\u010dinju \"Ve\u010deri kulturnog stvarala\u0161tva\": Donji Petrov Gaj prvi doma\u0107in - PrijedorDanas.com - Prijedorski gradski portal","isPartOf":{"@id":"https:\/\/www.prijedordanas.com\/#website"},"datePublished":"2019-10-22T07:41:35+00:00","dateModified":"2019-10-22T07:41:35+00:00","breadcrumb":{"@id":"https:\/\/www.prijedordanas.com\/?p=135511#breadcrumb"},"inLanguage":"en-US","potentialAction":[{"@type":"ReadAction","target":["https:\/\/www.prijedordanas.com\/?p=135511"]}]},{"@type":"BreadcrumbList","@id":"https:\/\/www.prijedordanas.com\/?p=135511#breadcrumb","itemListElement":[{"@type":"ListItem","position":1,"name":"Home","item":"https:\/\/www.prijedordanas.com\/"},{"@type":"ListItem","position":2,"name":"Po\u010dinju &#8220;Ve\u010deri kulturnog stvarala\u0161tva&#8221;: Donji Petrov Gaj prvi doma\u0107in"}]},{"@type":"WebSite","@id":"https:\/\/www.prijedordanas.com\/#website","url":"https:\/\/www.prijedordanas.com\/","name":"PrijedorDanas.com - Prijedorski gradski portal","description":"Portal o doga\u0111anjima u gradu Prijedoru","publisher":{"@id":"https:\/\/www.prijedordanas.com\/#organization"},"potentialAction":[{"@type":"SearchAction","target":{"@type":"EntryPoint","urlTemplate":"https:\/\/www.prijedordanas.com\/?s={search_term_string}"},"query-input":"required name=search_term_string"}],"inLanguage":"en-US"},{"@type":"Organization","@id":"https:\/\/www.prijedordanas.com\/#organization","name":"PrijedorDanas.com","url":"https:\/\/www.prijedordanas.com\/","logo":{"@type":"ImageObject","inLanguage":"en-US","@id":"https:\/\/www.prijedordanas.com\/#\/schema\/logo\/image\/","url":"http:\/\/www.prijedordanas.com\/wp-content\/uploads\/2021\/12\/logopng.png","contentUrl":"http:\/\/www.prijedordanas.com\/wp-content\/uploads\/2021\/12\/logopng.png","width":1019,"height":776,"caption":"PrijedorDanas.com"},"image":{"@id":"https:\/\/www.prijedordanas.com\/#\/schema\/logo\/image\/"},"sameAs":["https:\/\/www.facebook.com\/PrijedorDanasCom\/"]},{"@type":"Person","@id":"https:\/\/www.prijedordanas.com\/#\/schema\/person\/4e08ccf29b506ca916ff86d46bb700e6","name":"admin","image":{"@type":"ImageObject","inLanguage":"en-US","@id":"https:\/\/www.prijedordanas.com\/#\/schema\/person\/image\/","url":"https:\/\/secure.gravatar.com\/avatar\/1d3fc949d550f0b53a5f0d51e06dfd79?s=96&d=mm&r=g","contentUrl":"https:\/\/secure.gravatar.com\/avatar\/1d3fc949d550f0b53a5f0d51e06dfd79?s=96&d=mm&r=g","caption":"admin"},"url":"https:\/\/www.prijedordanas.com\/?author=1"}]}},"_links":{"self":[{"href":"https:\/\/www.prijedordanas.com\/index.php?rest_route=\/wp\/v2\/posts\/135511"}],"collection":[{"href":"https:\/\/www.prijedordanas.com\/index.php?rest_route=\/wp\/v2\/posts"}],"about":[{"href":"https:\/\/www.prijedordanas.com\/index.php?rest_route=\/wp\/v2\/types\/post"}],"author":[{"embeddable":true,"href":"https:\/\/www.prijedordanas.com\/index.php?rest_route=\/wp\/v2\/users\/1"}],"replies":[{"embeddable":true,"href":"https:\/\/www.prijedordanas.com\/index.php?rest_route=%2Fwp%2Fv2%2Fcomments&post=135511"}],"version-history":[{"count":1,"href":"https:\/\/www.prijedordanas.com\/index.php?rest_route=\/wp\/v2\/posts\/135511\/revisions"}],"predecessor-version":[{"id":135513,"href":"https:\/\/www.prijedordanas.com\/index.php?rest_route=\/wp\/v2\/posts\/135511\/revisions\/135513"}],"wp:attachment":[{"href":"https:\/\/www.prijedordanas.com\/index.php?rest_route=%2Fwp%2Fv2%2Fmedia&parent=135511"}],"wp:term":[{"taxonomy":"category","embeddable":true,"href":"https:\/\/www.prijedordanas.com\/index.php?rest_route=%2Fwp%2Fv2%2Fcategories&post=135511"},{"taxonomy":"post_tag","embeddable":true,"href":"https:\/\/www.prijedordanas.com\/index.php?rest_route=%2Fwp%2Fv2%2Ftags&post=135511"}],"curies":[{"name":"wp","href":"https:\/\/api.w.org\/{rel}","templated":true}]}}