{"id":135483,"date":"2019-10-21T14:36:03","date_gmt":"2019-10-21T12:36:03","guid":{"rendered":"https:\/\/www.prijedordanas.com\/?p=135483"},"modified":"2019-10-21T14:36:03","modified_gmt":"2019-10-21T12:36:03","slug":"pocinje-zimsko-racunanje-vremena-u-nedjelju-pomjeranje-kazaljki-jedan-cas-unazad","status":"publish","type":"post","link":"https:\/\/www.prijedordanas.com\/?p=135483","title":{"rendered":"Po\u010dinje zimsko ra\u010dunanje vremena: U nedjelju pomjeranje kazaljki jedan \u010das unazad"},"content":{"rendered":"<p><a href=\"https:\/\/www.prijedordanas.com\/wp-content\/uploads\/2016\/10\/zimsko-racunanje-vremena.jpg\"><img loading=\"lazy\" decoding=\"async\" src=\"https:\/\/www.prijedordanas.com\/wp-content\/uploads\/2016\/10\/zimsko-racunanje-vremena-300x220.jpg\" alt=\"\" width=\"300\" height=\"220\" class=\"alignleft size-medium wp-image-63908\" srcset=\"https:\/\/www.prijedordanas.com\/wp-content\/uploads\/2016\/10\/zimsko-racunanje-vremena-300x220.jpg 300w, https:\/\/www.prijedordanas.com\/wp-content\/uploads\/2016\/10\/zimsko-racunanje-vremena-100x73.jpg 100w, https:\/\/www.prijedordanas.com\/wp-content\/uploads\/2016\/10\/zimsko-racunanje-vremena.jpg 683w\" sizes=\"(max-width: 300px) 100vw, 300px\" \/><\/a>Zimsko ra\u010dunanje vremena po\u010dinje u nedjelju, 27. oktobra, kada se kazaljke pomjeraju jedan \u010das unazad.<\/p>\n<p>U nedjelju u 3.00 \u010dasa, kazaljke treba pomjeriti jedan sat unazad tako da se vrijeme u 3.00 \u010dasa ra\u010duna kao 2.00.<\/p>\n<p>Zimsko ra\u010dunanje vremena traje do posljednjeg vikenda u martu 2020. godine.<\/p>\n<p>Evropski parlament je 4. marta ove godine izglasao da se ukida pomjeranje sata od 2021. godine, pa \u0107e tako sve zemlje EU morati da odaberu ljetno ili zimsko ra\u010dunanje vremena.<\/p>\n<p>Zagovornici ove odluke tvrde da je ukidanje ljetnog i zimskog ra\u010dunanja vremena korisno za u\u0161tedu energije, dok protivnici tvrde suprotno.<\/p>\n<p>Predlo\u017eeno je da izmjena vremena posljednje nedjelje u martu 2021. godine treba da bude i posljednja za zemlje EU koje se odlu\u010de za ljetno ra\u010dunanje vremena.<\/p>\n<p>\u010clanice EU koje \u017eele da zadr\u017ee standardno ili zimsko ra\u010dunanje vremena treba da izmjene vrijeme ili pomjere sat posljednji put zadnje nedjelje u oktobru 2021. godine.<\/p>\n<p>Pomjeranje sata uspostavljeno je sedamdesetih godina pro\u0161log vijeka, kao poku\u0161aj u\u0161tede energije zbog naftne krize.<\/p>\n<p>LJetno ra\u010dunanje vremena u biv\u0161oj Jugoslaviji uvedeno je 27. marta 1983. godine. Od 2002. godine Evropska unija, kao i ostale zemlje u Evropi odredile su da po\u010detak ljetnog ra\u010dunanja vremena po\u010dinje posljednje nedjelje u martu i zavr\u0161ava posljednje nedjelje u oktobru.<\/p>\n<p>Pomjeranje kazaljki uvedeno je uz obrazlo\u017eenje da se time &#8220;produ\u017eava&#8221; dan, omogu\u0107ava u\u0161teda u potro\u0161nji elektri\u010dne energije, pove\u0107ava produktivnost, pobolj\u0161ava prilago\u0111avanje ljudi i radni dan \u010dini efikasnijim.<\/p>\n<p>Pojedini astronomi su protiv vje\u0161ta\u010dkog &#8220;produ\u017eenja&#8221; dana, jer smatraju da prirodu ne treba &#8220;mu\u010diti&#8221;, makar se to pravdalo i ekonomskom ra\u010dunicom.<\/p>\n<p>SRNA<br \/>\nFoto &#8211; ilustracija<\/p>\n","protected":false},"excerpt":{"rendered":"<p>Zimsko ra\u010dunanje vremena po\u010dinje u nedjelju, 27. oktobra, kada se kazaljke pomjeraju jedan \u010das unazad. U nedjelju u 3.00 \u010dasa, kazaljke treba pomjeriti jedan sat unazad tako da se vrijeme [&hellip;]<\/p>\n","protected":false},"author":1,"featured_media":0,"comment_status":"closed","ping_status":"open","sticky":false,"template":"","format":"standard","meta":{"_monsterinsights_skip_tracking":false,"_monsterinsights_sitenote_active":false,"_monsterinsights_sitenote_note":"","_monsterinsights_sitenote_category":0,"footnotes":""},"categories":[4],"tags":[],"yoast_head":"<!-- This site is optimized with the Yoast SEO plugin v21.6 - https:\/\/yoast.com\/wordpress\/plugins\/seo\/ -->\n<title>Po\u010dinje zimsko ra\u010dunanje vremena: U nedjelju pomjeranje kazaljki jedan \u010das unazad - PrijedorDanas.com - Prijedorski gradski portal<\/title>\n<meta name=\"robots\" content=\"index, follow, max-snippet:-1, max-image-preview:large, max-video-preview:-1\" \/>\n<link rel=\"canonical\" href=\"https:\/\/www.prijedordanas.com\/?p=135483\" \/>\n<meta property=\"og:locale\" content=\"en_US\" \/>\n<meta property=\"og:type\" content=\"article\" \/>\n<meta property=\"og:title\" content=\"Po\u010dinje zimsko ra\u010dunanje vremena: U nedjelju pomjeranje kazaljki jedan \u010das unazad - PrijedorDanas.com - Prijedorski gradski portal\" \/>\n<meta property=\"og:description\" content=\"Zimsko ra\u010dunanje vremena po\u010dinje u nedjelju, 27. oktobra, kada se kazaljke pomjeraju jedan \u010das unazad. U nedjelju u 3.00 \u010dasa, kazaljke treba pomjeriti jedan sat unazad tako da se vrijeme [&hellip;]\" \/>\n<meta property=\"og:url\" content=\"https:\/\/www.prijedordanas.com\/?p=135483\" \/>\n<meta property=\"og:site_name\" content=\"PrijedorDanas.com - Prijedorski gradski portal\" \/>\n<meta property=\"article:publisher\" content=\"https:\/\/www.facebook.com\/PrijedorDanasCom\/\" \/>\n<meta property=\"article:published_time\" content=\"2019-10-21T12:36:03+00:00\" \/>\n<meta property=\"og:image\" content=\"https:\/\/www.prijedordanas.com\/wp-content\/uploads\/2016\/10\/zimsko-racunanje-vremena-300x220.jpg\" \/>\n<meta name=\"author\" content=\"admin\" \/>\n<meta name=\"twitter:card\" content=\"summary_large_image\" \/>\n<meta name=\"twitter:label1\" content=\"Written by\" \/>\n\t<meta name=\"twitter:data1\" content=\"admin\" \/>\n\t<meta name=\"twitter:label2\" content=\"Est. reading time\" \/>\n\t<meta name=\"twitter:data2\" content=\"1 minute\" \/>\n<script type=\"application\/ld+json\" class=\"yoast-schema-graph\">{\"@context\":\"https:\/\/schema.org\",\"@graph\":[{\"@type\":\"Article\",\"@id\":\"https:\/\/www.prijedordanas.com\/?p=135483#article\",\"isPartOf\":{\"@id\":\"https:\/\/www.prijedordanas.com\/?p=135483\"},\"author\":{\"name\":\"admin\",\"@id\":\"https:\/\/www.prijedordanas.com\/#\/schema\/person\/4e08ccf29b506ca916ff86d46bb700e6\"},\"headline\":\"Po\u010dinje zimsko ra\u010dunanje vremena: U nedjelju pomjeranje kazaljki jedan \u010das unazad\",\"datePublished\":\"2019-10-21T12:36:03+00:00\",\"dateModified\":\"2019-10-21T12:36:03+00:00\",\"mainEntityOfPage\":{\"@id\":\"https:\/\/www.prijedordanas.com\/?p=135483\"},\"wordCount\":293,\"publisher\":{\"@id\":\"https:\/\/www.prijedordanas.com\/#organization\"},\"articleSection\":[\"Dru\u0161tvo\"],\"inLanguage\":\"en-US\"},{\"@type\":\"WebPage\",\"@id\":\"https:\/\/www.prijedordanas.com\/?p=135483\",\"url\":\"https:\/\/www.prijedordanas.com\/?p=135483\",\"name\":\"Po\u010dinje zimsko ra\u010dunanje vremena: U nedjelju pomjeranje kazaljki jedan \u010das unazad - PrijedorDanas.com - Prijedorski gradski portal\",\"isPartOf\":{\"@id\":\"https:\/\/www.prijedordanas.com\/#website\"},\"datePublished\":\"2019-10-21T12:36:03+00:00\",\"dateModified\":\"2019-10-21T12:36:03+00:00\",\"breadcrumb\":{\"@id\":\"https:\/\/www.prijedordanas.com\/?p=135483#breadcrumb\"},\"inLanguage\":\"en-US\",\"potentialAction\":[{\"@type\":\"ReadAction\",\"target\":[\"https:\/\/www.prijedordanas.com\/?p=135483\"]}]},{\"@type\":\"BreadcrumbList\",\"@id\":\"https:\/\/www.prijedordanas.com\/?p=135483#breadcrumb\",\"itemListElement\":[{\"@type\":\"ListItem\",\"position\":1,\"name\":\"Home\",\"item\":\"https:\/\/www.prijedordanas.com\/\"},{\"@type\":\"ListItem\",\"position\":2,\"name\":\"Po\u010dinje zimsko ra\u010dunanje vremena: U nedjelju pomjeranje kazaljki jedan \u010das unazad\"}]},{\"@type\":\"WebSite\",\"@id\":\"https:\/\/www.prijedordanas.com\/#website\",\"url\":\"https:\/\/www.prijedordanas.com\/\",\"name\":\"PrijedorDanas.com - Prijedorski gradski portal\",\"description\":\"Portal o doga\u0111anjima u gradu Prijedoru\",\"publisher\":{\"@id\":\"https:\/\/www.prijedordanas.com\/#organization\"},\"potentialAction\":[{\"@type\":\"SearchAction\",\"target\":{\"@type\":\"EntryPoint\",\"urlTemplate\":\"https:\/\/www.prijedordanas.com\/?s={search_term_string}\"},\"query-input\":\"required name=search_term_string\"}],\"inLanguage\":\"en-US\"},{\"@type\":\"Organization\",\"@id\":\"https:\/\/www.prijedordanas.com\/#organization\",\"name\":\"PrijedorDanas.com\",\"url\":\"https:\/\/www.prijedordanas.com\/\",\"logo\":{\"@type\":\"ImageObject\",\"inLanguage\":\"en-US\",\"@id\":\"https:\/\/www.prijedordanas.com\/#\/schema\/logo\/image\/\",\"url\":\"http:\/\/www.prijedordanas.com\/wp-content\/uploads\/2021\/12\/logopng.png\",\"contentUrl\":\"http:\/\/www.prijedordanas.com\/wp-content\/uploads\/2021\/12\/logopng.png\",\"width\":1019,\"height\":776,\"caption\":\"PrijedorDanas.com\"},\"image\":{\"@id\":\"https:\/\/www.prijedordanas.com\/#\/schema\/logo\/image\/\"},\"sameAs\":[\"https:\/\/www.facebook.com\/PrijedorDanasCom\/\"]},{\"@type\":\"Person\",\"@id\":\"https:\/\/www.prijedordanas.com\/#\/schema\/person\/4e08ccf29b506ca916ff86d46bb700e6\",\"name\":\"admin\",\"image\":{\"@type\":\"ImageObject\",\"inLanguage\":\"en-US\",\"@id\":\"https:\/\/www.prijedordanas.com\/#\/schema\/person\/image\/\",\"url\":\"https:\/\/secure.gravatar.com\/avatar\/1d3fc949d550f0b53a5f0d51e06dfd79?s=96&d=mm&r=g\",\"contentUrl\":\"https:\/\/secure.gravatar.com\/avatar\/1d3fc949d550f0b53a5f0d51e06dfd79?s=96&d=mm&r=g\",\"caption\":\"admin\"},\"url\":\"https:\/\/www.prijedordanas.com\/?author=1\"}]}<\/script>\n<!-- \/ Yoast SEO plugin. -->","yoast_head_json":{"title":"Po\u010dinje zimsko ra\u010dunanje vremena: U nedjelju pomjeranje kazaljki jedan \u010das unazad - PrijedorDanas.com - Prijedorski gradski portal","robots":{"index":"index","follow":"follow","max-snippet":"max-snippet:-1","max-image-preview":"max-image-preview:large","max-video-preview":"max-video-preview:-1"},"canonical":"https:\/\/www.prijedordanas.com\/?p=135483","og_locale":"en_US","og_type":"article","og_title":"Po\u010dinje zimsko ra\u010dunanje vremena: U nedjelju pomjeranje kazaljki jedan \u010das unazad - PrijedorDanas.com - Prijedorski gradski portal","og_description":"Zimsko ra\u010dunanje vremena po\u010dinje u nedjelju, 27. oktobra, kada se kazaljke pomjeraju jedan \u010das unazad. U nedjelju u 3.00 \u010dasa, kazaljke treba pomjeriti jedan sat unazad tako da se vrijeme [&hellip;]","og_url":"https:\/\/www.prijedordanas.com\/?p=135483","og_site_name":"PrijedorDanas.com - Prijedorski gradski portal","article_publisher":"https:\/\/www.facebook.com\/PrijedorDanasCom\/","article_published_time":"2019-10-21T12:36:03+00:00","og_image":[{"url":"https:\/\/www.prijedordanas.com\/wp-content\/uploads\/2016\/10\/zimsko-racunanje-vremena-300x220.jpg"}],"author":"admin","twitter_card":"summary_large_image","twitter_misc":{"Written by":"admin","Est. reading time":"1 minute"},"schema":{"@context":"https:\/\/schema.org","@graph":[{"@type":"Article","@id":"https:\/\/www.prijedordanas.com\/?p=135483#article","isPartOf":{"@id":"https:\/\/www.prijedordanas.com\/?p=135483"},"author":{"name":"admin","@id":"https:\/\/www.prijedordanas.com\/#\/schema\/person\/4e08ccf29b506ca916ff86d46bb700e6"},"headline":"Po\u010dinje zimsko ra\u010dunanje vremena: U nedjelju pomjeranje kazaljki jedan \u010das unazad","datePublished":"2019-10-21T12:36:03+00:00","dateModified":"2019-10-21T12:36:03+00:00","mainEntityOfPage":{"@id":"https:\/\/www.prijedordanas.com\/?p=135483"},"wordCount":293,"publisher":{"@id":"https:\/\/www.prijedordanas.com\/#organization"},"articleSection":["Dru\u0161tvo"],"inLanguage":"en-US"},{"@type":"WebPage","@id":"https:\/\/www.prijedordanas.com\/?p=135483","url":"https:\/\/www.prijedordanas.com\/?p=135483","name":"Po\u010dinje zimsko ra\u010dunanje vremena: U nedjelju pomjeranje kazaljki jedan \u010das unazad - PrijedorDanas.com - Prijedorski gradski portal","isPartOf":{"@id":"https:\/\/www.prijedordanas.com\/#website"},"datePublished":"2019-10-21T12:36:03+00:00","dateModified":"2019-10-21T12:36:03+00:00","breadcrumb":{"@id":"https:\/\/www.prijedordanas.com\/?p=135483#breadcrumb"},"inLanguage":"en-US","potentialAction":[{"@type":"ReadAction","target":["https:\/\/www.prijedordanas.com\/?p=135483"]}]},{"@type":"BreadcrumbList","@id":"https:\/\/www.prijedordanas.com\/?p=135483#breadcrumb","itemListElement":[{"@type":"ListItem","position":1,"name":"Home","item":"https:\/\/www.prijedordanas.com\/"},{"@type":"ListItem","position":2,"name":"Po\u010dinje zimsko ra\u010dunanje vremena: U nedjelju pomjeranje kazaljki jedan \u010das unazad"}]},{"@type":"WebSite","@id":"https:\/\/www.prijedordanas.com\/#website","url":"https:\/\/www.prijedordanas.com\/","name":"PrijedorDanas.com - Prijedorski gradski portal","description":"Portal o doga\u0111anjima u gradu Prijedoru","publisher":{"@id":"https:\/\/www.prijedordanas.com\/#organization"},"potentialAction":[{"@type":"SearchAction","target":{"@type":"EntryPoint","urlTemplate":"https:\/\/www.prijedordanas.com\/?s={search_term_string}"},"query-input":"required name=search_term_string"}],"inLanguage":"en-US"},{"@type":"Organization","@id":"https:\/\/www.prijedordanas.com\/#organization","name":"PrijedorDanas.com","url":"https:\/\/www.prijedordanas.com\/","logo":{"@type":"ImageObject","inLanguage":"en-US","@id":"https:\/\/www.prijedordanas.com\/#\/schema\/logo\/image\/","url":"http:\/\/www.prijedordanas.com\/wp-content\/uploads\/2021\/12\/logopng.png","contentUrl":"http:\/\/www.prijedordanas.com\/wp-content\/uploads\/2021\/12\/logopng.png","width":1019,"height":776,"caption":"PrijedorDanas.com"},"image":{"@id":"https:\/\/www.prijedordanas.com\/#\/schema\/logo\/image\/"},"sameAs":["https:\/\/www.facebook.com\/PrijedorDanasCom\/"]},{"@type":"Person","@id":"https:\/\/www.prijedordanas.com\/#\/schema\/person\/4e08ccf29b506ca916ff86d46bb700e6","name":"admin","image":{"@type":"ImageObject","inLanguage":"en-US","@id":"https:\/\/www.prijedordanas.com\/#\/schema\/person\/image\/","url":"https:\/\/secure.gravatar.com\/avatar\/1d3fc949d550f0b53a5f0d51e06dfd79?s=96&d=mm&r=g","contentUrl":"https:\/\/secure.gravatar.com\/avatar\/1d3fc949d550f0b53a5f0d51e06dfd79?s=96&d=mm&r=g","caption":"admin"},"url":"https:\/\/www.prijedordanas.com\/?author=1"}]}},"_links":{"self":[{"href":"https:\/\/www.prijedordanas.com\/index.php?rest_route=\/wp\/v2\/posts\/135483"}],"collection":[{"href":"https:\/\/www.prijedordanas.com\/index.php?rest_route=\/wp\/v2\/posts"}],"about":[{"href":"https:\/\/www.prijedordanas.com\/index.php?rest_route=\/wp\/v2\/types\/post"}],"author":[{"embeddable":true,"href":"https:\/\/www.prijedordanas.com\/index.php?rest_route=\/wp\/v2\/users\/1"}],"replies":[{"embeddable":true,"href":"https:\/\/www.prijedordanas.com\/index.php?rest_route=%2Fwp%2Fv2%2Fcomments&post=135483"}],"version-history":[{"count":2,"href":"https:\/\/www.prijedordanas.com\/index.php?rest_route=\/wp\/v2\/posts\/135483\/revisions"}],"predecessor-version":[{"id":156686,"href":"https:\/\/www.prijedordanas.com\/index.php?rest_route=\/wp\/v2\/posts\/135483\/revisions\/156686"}],"wp:attachment":[{"href":"https:\/\/www.prijedordanas.com\/index.php?rest_route=%2Fwp%2Fv2%2Fmedia&parent=135483"}],"wp:term":[{"taxonomy":"category","embeddable":true,"href":"https:\/\/www.prijedordanas.com\/index.php?rest_route=%2Fwp%2Fv2%2Fcategories&post=135483"},{"taxonomy":"post_tag","embeddable":true,"href":"https:\/\/www.prijedordanas.com\/index.php?rest_route=%2Fwp%2Fv2%2Ftags&post=135483"}],"curies":[{"name":"wp","href":"https:\/\/api.w.org\/{rel}","templated":true}]}}