{"id":135314,"date":"2019-10-17T18:33:50","date_gmt":"2019-10-17T16:33:50","guid":{"rendered":"https:\/\/www.prijedordanas.com\/?p=135314"},"modified":"2019-10-17T18:33:50","modified_gmt":"2019-10-17T16:33:50","slug":"agencija-za-ekonomski-razvoj-preda-pd-prijedor-hub-u-petak-radionica-moja-digital-nomad-avantura","status":"publish","type":"post","link":"https:\/\/www.prijedordanas.com\/?p=135314","title":{"rendered":"Agencija za ekonomski razvoj &#8220;PREDA-PD&#8221; &#8211; Prijedor Hub : U petak radionica &#8220;Moja Digital Nomad avantura&#8221;"},"content":{"rendered":"<p><a href=\"https:\/\/www.prijedordanas.com\/wp-content\/uploads\/2019\/10\/denis-djukic-radionica-moja-digital-nomad-avantura-1.jpg\"><img loading=\"lazy\" decoding=\"async\" class=\"alignleft size-medium wp-image-135315\" src=\"https:\/\/www.prijedordanas.com\/wp-content\/uploads\/2019\/10\/denis-djukic-radionica-moja-digital-nomad-avantura-1-300x217.jpg\" alt=\"\" width=\"300\" height=\"217\" srcset=\"https:\/\/www.prijedordanas.com\/wp-content\/uploads\/2019\/10\/denis-djukic-radionica-moja-digital-nomad-avantura-1-300x217.jpg 300w, https:\/\/www.prijedordanas.com\/wp-content\/uploads\/2019\/10\/denis-djukic-radionica-moja-digital-nomad-avantura-1.jpg 690w\" sizes=\"(max-width: 300px) 100vw, 300px\" \/><\/a>Agencija za ekonomski razvoj grada Prijedora \u201ePREDA-PD\u201c pozvala je zainteresovane za IT sektor da sutra prisustvuju radionici \u201eMoja Digital Nomad avantura\u201c koja bi trebalo da odgovori na pitanja kako zapo\u010deti svoju karijeru u IT sektoru i svoju poslovnu ideju pretvoriti u uspje\u0161no poslovanje.<\/p>\n<p>Najprije c\u0301e biti predstavljeni servisi HUB Playground i IT radionice koje slijede u okviru ovih servisa, a li\u010dna iskustva iz vlastitog IT poslovanja, trendove na tom polju i savjete buduc\u0301im mladim preduzetnicima na podru\u010dju IT i kreativne industrije predstavic\u0301e Prijedor\u010danin Denis \u0110ukic\u0301, diplomirani in\u017eenjer i master elektrotehnike i ra\u010dunarstva.<\/p>\n<p>Njegove klju\u010dne kompetencije su administracija Oracle baza podataka, programiranje u SQL, PLSQL-u, Apex-u, Linux administracija i bash programiranje, SCRUM i Kanban projektno vo\u0111enje, upravljenje organizacijama ADIZES metodologijom i mnoga druga znanja.<\/p>\n<p><a href=\"https:\/\/www.prijedordanas.com\/wp-content\/uploads\/2019\/10\/denis-djukic-radionica-moja-digital-nomad-avantura-2.jpg\"><img loading=\"lazy\" decoding=\"async\" src=\"https:\/\/www.prijedordanas.com\/wp-content\/uploads\/2019\/10\/denis-djukic-radionica-moja-digital-nomad-avantura-2-300x207.jpg\" alt=\"\" width=\"300\" height=\"207\" class=\"alignleft size-medium wp-image-135316\" srcset=\"https:\/\/www.prijedordanas.com\/wp-content\/uploads\/2019\/10\/denis-djukic-radionica-moja-digital-nomad-avantura-2-300x207.jpg 300w, https:\/\/www.prijedordanas.com\/wp-content\/uploads\/2019\/10\/denis-djukic-radionica-moja-digital-nomad-avantura-2.jpg 600w\" sizes=\"(max-width: 300px) 100vw, 300px\" \/><\/a>\u0110ukic\u0301 je radio za me\u0111unarodne kompanije, a od 2011. godine vodi svoju firmu. Rad preko interneta omoguc\u0301ava mu takozvano digitalno noma\u0111enje, te \u010desto radi iz udaljenih destinacija poput Kanarskih ostrva, Tajlanda, Balija, Filipina, Indije, \u0160ri Lanke, Singapura i Malezije, a tako\u0111e \u010desto boravi u kovorking prostorima \u0161irom svijeta.<\/p>\n<p>Radionica \u201eMoja Digital Nomad avantura\u201c odr\u017eac\u0301e se u sutra kovorking prostoru Agencije \u201ePREDA-PD\u201c s po\u010detkom u 17.00 \u010dasova, a svi zainteresovani mogu se registrovati onlajn.<\/p>\n<p>Registracija za u\u010de\u0161\u0107e je OBAVEZNA a to mo\u017eete u\u010diniti <a href=\"http:\/\/www.prijedorhub.com\/radionica-u-hubu-denis-dukic-moja-digital-nomad-avantura\/\" target=\"_blank\" rel=\"noopener noreferrer\">OVDJE<\/a><\/p>\n","protected":false},"excerpt":{"rendered":"<p>Agencija za ekonomski razvoj grada Prijedora \u201ePREDA-PD\u201c pozvala je zainteresovane za IT sektor da sutra prisustvuju radionici \u201eMoja Digital Nomad avantura\u201c koja bi trebalo da odgovori na pitanja kako zapo\u010deti [&hellip;]<\/p>\n","protected":false},"author":1,"featured_media":0,"comment_status":"closed","ping_status":"open","sticky":false,"template":"","format":"standard","meta":{"_monsterinsights_skip_tracking":false,"_monsterinsights_sitenote_active":false,"_monsterinsights_sitenote_note":"","_monsterinsights_sitenote_category":0,"footnotes":""},"categories":[8],"tags":[],"yoast_head":"<!-- This site is optimized with the Yoast SEO plugin v21.6 - https:\/\/yoast.com\/wordpress\/plugins\/seo\/ -->\n<title>Agencija za ekonomski razvoj &quot;PREDA-PD&quot; - Prijedor Hub : U petak radionica &quot;Moja Digital Nomad avantura&quot; - PrijedorDanas.com - Prijedorski gradski portal<\/title>\n<meta name=\"robots\" content=\"index, follow, max-snippet:-1, max-image-preview:large, max-video-preview:-1\" \/>\n<link rel=\"canonical\" href=\"https:\/\/www.prijedordanas.com\/?p=135314\" \/>\n<meta property=\"og:locale\" content=\"en_US\" \/>\n<meta property=\"og:type\" content=\"article\" \/>\n<meta property=\"og:title\" content=\"Agencija za ekonomski razvoj &quot;PREDA-PD&quot; - Prijedor Hub : U petak radionica &quot;Moja Digital Nomad avantura&quot; - PrijedorDanas.com - Prijedorski gradski portal\" \/>\n<meta property=\"og:description\" content=\"Agencija za ekonomski razvoj grada Prijedora \u201ePREDA-PD\u201c pozvala je zainteresovane za IT sektor da sutra prisustvuju radionici \u201eMoja Digital Nomad avantura\u201c koja bi trebalo da odgovori na pitanja kako zapo\u010deti [&hellip;]\" \/>\n<meta property=\"og:url\" content=\"https:\/\/www.prijedordanas.com\/?p=135314\" \/>\n<meta property=\"og:site_name\" content=\"PrijedorDanas.com - Prijedorski gradski portal\" \/>\n<meta property=\"article:publisher\" content=\"https:\/\/www.facebook.com\/PrijedorDanasCom\/\" \/>\n<meta property=\"article:published_time\" content=\"2019-10-17T16:33:50+00:00\" \/>\n<meta property=\"og:image\" content=\"https:\/\/www.prijedordanas.com\/wp-content\/uploads\/2019\/10\/denis-djukic-radionica-moja-digital-nomad-avantura-1-300x217.jpg\" \/>\n<meta name=\"author\" content=\"admin\" \/>\n<meta name=\"twitter:card\" content=\"summary_large_image\" \/>\n<meta name=\"twitter:label1\" content=\"Written by\" \/>\n\t<meta name=\"twitter:data1\" content=\"admin\" \/>\n\t<meta name=\"twitter:label2\" content=\"Est. reading time\" \/>\n\t<meta name=\"twitter:data2\" content=\"1 minute\" \/>\n<script type=\"application\/ld+json\" class=\"yoast-schema-graph\">{\"@context\":\"https:\/\/schema.org\",\"@graph\":[{\"@type\":\"Article\",\"@id\":\"https:\/\/www.prijedordanas.com\/?p=135314#article\",\"isPartOf\":{\"@id\":\"https:\/\/www.prijedordanas.com\/?p=135314\"},\"author\":{\"name\":\"admin\",\"@id\":\"https:\/\/www.prijedordanas.com\/#\/schema\/person\/4e08ccf29b506ca916ff86d46bb700e6\"},\"headline\":\"Agencija za ekonomski razvoj &#8220;PREDA-PD&#8221; &#8211; Prijedor Hub : U petak radionica &#8220;Moja Digital Nomad avantura&#8221;\",\"datePublished\":\"2019-10-17T16:33:50+00:00\",\"dateModified\":\"2019-10-17T16:33:50+00:00\",\"mainEntityOfPage\":{\"@id\":\"https:\/\/www.prijedordanas.com\/?p=135314\"},\"wordCount\":242,\"publisher\":{\"@id\":\"https:\/\/www.prijedordanas.com\/#organization\"},\"articleSection\":[\"Svakodnevno\"],\"inLanguage\":\"en-US\"},{\"@type\":\"WebPage\",\"@id\":\"https:\/\/www.prijedordanas.com\/?p=135314\",\"url\":\"https:\/\/www.prijedordanas.com\/?p=135314\",\"name\":\"Agencija za ekonomski razvoj \\\"PREDA-PD\\\" - Prijedor Hub : U petak radionica \\\"Moja Digital Nomad avantura\\\" - PrijedorDanas.com - Prijedorski gradski portal\",\"isPartOf\":{\"@id\":\"https:\/\/www.prijedordanas.com\/#website\"},\"datePublished\":\"2019-10-17T16:33:50+00:00\",\"dateModified\":\"2019-10-17T16:33:50+00:00\",\"breadcrumb\":{\"@id\":\"https:\/\/www.prijedordanas.com\/?p=135314#breadcrumb\"},\"inLanguage\":\"en-US\",\"potentialAction\":[{\"@type\":\"ReadAction\",\"target\":[\"https:\/\/www.prijedordanas.com\/?p=135314\"]}]},{\"@type\":\"BreadcrumbList\",\"@id\":\"https:\/\/www.prijedordanas.com\/?p=135314#breadcrumb\",\"itemListElement\":[{\"@type\":\"ListItem\",\"position\":1,\"name\":\"Home\",\"item\":\"https:\/\/www.prijedordanas.com\/\"},{\"@type\":\"ListItem\",\"position\":2,\"name\":\"Agencija za ekonomski razvoj &#8220;PREDA-PD&#8221; &#8211; Prijedor Hub : U petak radionica &#8220;Moja Digital Nomad avantura&#8221;\"}]},{\"@type\":\"WebSite\",\"@id\":\"https:\/\/www.prijedordanas.com\/#website\",\"url\":\"https:\/\/www.prijedordanas.com\/\",\"name\":\"PrijedorDanas.com - Prijedorski gradski portal\",\"description\":\"Portal o doga\u0111anjima u gradu Prijedoru\",\"publisher\":{\"@id\":\"https:\/\/www.prijedordanas.com\/#organization\"},\"potentialAction\":[{\"@type\":\"SearchAction\",\"target\":{\"@type\":\"EntryPoint\",\"urlTemplate\":\"https:\/\/www.prijedordanas.com\/?s={search_term_string}\"},\"query-input\":\"required name=search_term_string\"}],\"inLanguage\":\"en-US\"},{\"@type\":\"Organization\",\"@id\":\"https:\/\/www.prijedordanas.com\/#organization\",\"name\":\"PrijedorDanas.com\",\"url\":\"https:\/\/www.prijedordanas.com\/\",\"logo\":{\"@type\":\"ImageObject\",\"inLanguage\":\"en-US\",\"@id\":\"https:\/\/www.prijedordanas.com\/#\/schema\/logo\/image\/\",\"url\":\"http:\/\/www.prijedordanas.com\/wp-content\/uploads\/2021\/12\/logopng.png\",\"contentUrl\":\"http:\/\/www.prijedordanas.com\/wp-content\/uploads\/2021\/12\/logopng.png\",\"width\":1019,\"height\":776,\"caption\":\"PrijedorDanas.com\"},\"image\":{\"@id\":\"https:\/\/www.prijedordanas.com\/#\/schema\/logo\/image\/\"},\"sameAs\":[\"https:\/\/www.facebook.com\/PrijedorDanasCom\/\"]},{\"@type\":\"Person\",\"@id\":\"https:\/\/www.prijedordanas.com\/#\/schema\/person\/4e08ccf29b506ca916ff86d46bb700e6\",\"name\":\"admin\",\"image\":{\"@type\":\"ImageObject\",\"inLanguage\":\"en-US\",\"@id\":\"https:\/\/www.prijedordanas.com\/#\/schema\/person\/image\/\",\"url\":\"https:\/\/secure.gravatar.com\/avatar\/1d3fc949d550f0b53a5f0d51e06dfd79?s=96&d=mm&r=g\",\"contentUrl\":\"https:\/\/secure.gravatar.com\/avatar\/1d3fc949d550f0b53a5f0d51e06dfd79?s=96&d=mm&r=g\",\"caption\":\"admin\"},\"url\":\"https:\/\/www.prijedordanas.com\/?author=1\"}]}<\/script>\n<!-- \/ Yoast SEO plugin. -->","yoast_head_json":{"title":"Agencija za ekonomski razvoj \"PREDA-PD\" - Prijedor Hub : U petak radionica \"Moja Digital Nomad avantura\" - PrijedorDanas.com - Prijedorski gradski portal","robots":{"index":"index","follow":"follow","max-snippet":"max-snippet:-1","max-image-preview":"max-image-preview:large","max-video-preview":"max-video-preview:-1"},"canonical":"https:\/\/www.prijedordanas.com\/?p=135314","og_locale":"en_US","og_type":"article","og_title":"Agencija za ekonomski razvoj \"PREDA-PD\" - Prijedor Hub : U petak radionica \"Moja Digital Nomad avantura\" - PrijedorDanas.com - Prijedorski gradski portal","og_description":"Agencija za ekonomski razvoj grada Prijedora \u201ePREDA-PD\u201c pozvala je zainteresovane za IT sektor da sutra prisustvuju radionici \u201eMoja Digital Nomad avantura\u201c koja bi trebalo da odgovori na pitanja kako zapo\u010deti [&hellip;]","og_url":"https:\/\/www.prijedordanas.com\/?p=135314","og_site_name":"PrijedorDanas.com - Prijedorski gradski portal","article_publisher":"https:\/\/www.facebook.com\/PrijedorDanasCom\/","article_published_time":"2019-10-17T16:33:50+00:00","og_image":[{"url":"https:\/\/www.prijedordanas.com\/wp-content\/uploads\/2019\/10\/denis-djukic-radionica-moja-digital-nomad-avantura-1-300x217.jpg"}],"author":"admin","twitter_card":"summary_large_image","twitter_misc":{"Written by":"admin","Est. reading time":"1 minute"},"schema":{"@context":"https:\/\/schema.org","@graph":[{"@type":"Article","@id":"https:\/\/www.prijedordanas.com\/?p=135314#article","isPartOf":{"@id":"https:\/\/www.prijedordanas.com\/?p=135314"},"author":{"name":"admin","@id":"https:\/\/www.prijedordanas.com\/#\/schema\/person\/4e08ccf29b506ca916ff86d46bb700e6"},"headline":"Agencija za ekonomski razvoj &#8220;PREDA-PD&#8221; &#8211; Prijedor Hub : U petak radionica &#8220;Moja Digital Nomad avantura&#8221;","datePublished":"2019-10-17T16:33:50+00:00","dateModified":"2019-10-17T16:33:50+00:00","mainEntityOfPage":{"@id":"https:\/\/www.prijedordanas.com\/?p=135314"},"wordCount":242,"publisher":{"@id":"https:\/\/www.prijedordanas.com\/#organization"},"articleSection":["Svakodnevno"],"inLanguage":"en-US"},{"@type":"WebPage","@id":"https:\/\/www.prijedordanas.com\/?p=135314","url":"https:\/\/www.prijedordanas.com\/?p=135314","name":"Agencija za ekonomski razvoj \"PREDA-PD\" - Prijedor Hub : U petak radionica \"Moja Digital Nomad avantura\" - PrijedorDanas.com - Prijedorski gradski portal","isPartOf":{"@id":"https:\/\/www.prijedordanas.com\/#website"},"datePublished":"2019-10-17T16:33:50+00:00","dateModified":"2019-10-17T16:33:50+00:00","breadcrumb":{"@id":"https:\/\/www.prijedordanas.com\/?p=135314#breadcrumb"},"inLanguage":"en-US","potentialAction":[{"@type":"ReadAction","target":["https:\/\/www.prijedordanas.com\/?p=135314"]}]},{"@type":"BreadcrumbList","@id":"https:\/\/www.prijedordanas.com\/?p=135314#breadcrumb","itemListElement":[{"@type":"ListItem","position":1,"name":"Home","item":"https:\/\/www.prijedordanas.com\/"},{"@type":"ListItem","position":2,"name":"Agencija za ekonomski razvoj &#8220;PREDA-PD&#8221; &#8211; Prijedor Hub : U petak radionica &#8220;Moja Digital Nomad avantura&#8221;"}]},{"@type":"WebSite","@id":"https:\/\/www.prijedordanas.com\/#website","url":"https:\/\/www.prijedordanas.com\/","name":"PrijedorDanas.com - Prijedorski gradski portal","description":"Portal o doga\u0111anjima u gradu Prijedoru","publisher":{"@id":"https:\/\/www.prijedordanas.com\/#organization"},"potentialAction":[{"@type":"SearchAction","target":{"@type":"EntryPoint","urlTemplate":"https:\/\/www.prijedordanas.com\/?s={search_term_string}"},"query-input":"required name=search_term_string"}],"inLanguage":"en-US"},{"@type":"Organization","@id":"https:\/\/www.prijedordanas.com\/#organization","name":"PrijedorDanas.com","url":"https:\/\/www.prijedordanas.com\/","logo":{"@type":"ImageObject","inLanguage":"en-US","@id":"https:\/\/www.prijedordanas.com\/#\/schema\/logo\/image\/","url":"http:\/\/www.prijedordanas.com\/wp-content\/uploads\/2021\/12\/logopng.png","contentUrl":"http:\/\/www.prijedordanas.com\/wp-content\/uploads\/2021\/12\/logopng.png","width":1019,"height":776,"caption":"PrijedorDanas.com"},"image":{"@id":"https:\/\/www.prijedordanas.com\/#\/schema\/logo\/image\/"},"sameAs":["https:\/\/www.facebook.com\/PrijedorDanasCom\/"]},{"@type":"Person","@id":"https:\/\/www.prijedordanas.com\/#\/schema\/person\/4e08ccf29b506ca916ff86d46bb700e6","name":"admin","image":{"@type":"ImageObject","inLanguage":"en-US","@id":"https:\/\/www.prijedordanas.com\/#\/schema\/person\/image\/","url":"https:\/\/secure.gravatar.com\/avatar\/1d3fc949d550f0b53a5f0d51e06dfd79?s=96&d=mm&r=g","contentUrl":"https:\/\/secure.gravatar.com\/avatar\/1d3fc949d550f0b53a5f0d51e06dfd79?s=96&d=mm&r=g","caption":"admin"},"url":"https:\/\/www.prijedordanas.com\/?author=1"}]}},"_links":{"self":[{"href":"https:\/\/www.prijedordanas.com\/index.php?rest_route=\/wp\/v2\/posts\/135314"}],"collection":[{"href":"https:\/\/www.prijedordanas.com\/index.php?rest_route=\/wp\/v2\/posts"}],"about":[{"href":"https:\/\/www.prijedordanas.com\/index.php?rest_route=\/wp\/v2\/types\/post"}],"author":[{"embeddable":true,"href":"https:\/\/www.prijedordanas.com\/index.php?rest_route=\/wp\/v2\/users\/1"}],"replies":[{"embeddable":true,"href":"https:\/\/www.prijedordanas.com\/index.php?rest_route=%2Fwp%2Fv2%2Fcomments&post=135314"}],"version-history":[{"count":1,"href":"https:\/\/www.prijedordanas.com\/index.php?rest_route=\/wp\/v2\/posts\/135314\/revisions"}],"predecessor-version":[{"id":135317,"href":"https:\/\/www.prijedordanas.com\/index.php?rest_route=\/wp\/v2\/posts\/135314\/revisions\/135317"}],"wp:attachment":[{"href":"https:\/\/www.prijedordanas.com\/index.php?rest_route=%2Fwp%2Fv2%2Fmedia&parent=135314"}],"wp:term":[{"taxonomy":"category","embeddable":true,"href":"https:\/\/www.prijedordanas.com\/index.php?rest_route=%2Fwp%2Fv2%2Fcategories&post=135314"},{"taxonomy":"post_tag","embeddable":true,"href":"https:\/\/www.prijedordanas.com\/index.php?rest_route=%2Fwp%2Fv2%2Ftags&post=135314"}],"curies":[{"name":"wp","href":"https:\/\/api.w.org\/{rel}","templated":true}]}}