{"id":135312,"date":"2019-10-17T19:30:45","date_gmt":"2019-10-17T17:30:45","guid":{"rendered":"https:\/\/www.prijedordanas.com\/?p=135312"},"modified":"2019-10-17T19:30:45","modified_gmt":"2019-10-17T17:30:45","slug":"prijedoru-dodijeljeno-priznanje-za-plasman-medu-tri-najbolje-lokalne-zajednice-u-drugom-ciklusu-projekta-meg-foto","status":"publish","type":"post","link":"https:\/\/www.prijedordanas.com\/?p=135312","title":{"rendered":"Prijedoru dodijeljeno priznanje za plasman me\u0111u tri najbolje lokalne zajednice u drugom ciklusu Projekta MEG &#8211; FOTO"},"content":{"rendered":"<p><a href=\"https:\/\/www.prijedordanas.com\/wp-content\/uploads\/2019\/10\/prijedorgradorg-meg-nagrada-1.jpg\"><img loading=\"lazy\" decoding=\"async\" class=\"alignleft size-medium wp-image-135318\" src=\"https:\/\/www.prijedordanas.com\/wp-content\/uploads\/2019\/10\/prijedorgradorg-meg-nagrada-1-300x220.jpg\" alt=\"\" width=\"300\" height=\"220\" srcset=\"https:\/\/www.prijedordanas.com\/wp-content\/uploads\/2019\/10\/prijedorgradorg-meg-nagrada-1-300x220.jpg 300w, https:\/\/www.prijedordanas.com\/wp-content\/uploads\/2019\/10\/prijedorgradorg-meg-nagrada-1.jpg 681w\" sizes=\"(max-width: 300px) 100vw, 300px\" \/><\/a>U okviru podr\u0161ke partnerskim jedinicama lokalne samouprave, Projekat op\u0161tinskog i ekonomskog upravljanja (MEG) je organizovao dvodnevnu konferenciju na temu: &#8220;Ja\u010danje saradnje sa civilnim i privatnim sektorom, podizanje nivoa transparentnosti u radu lokalne uprave, socijalna inkluzija i rodna ravnopravnost&#8221;.<\/p>\n<p>Konferencija je odr\u017eana 15. i 16. oktobra 2019. godine na Jahorini.<\/p>\n<p>Na konferenciji su u\u010destvovali \u010dlanovi Tima za implementaciju Projekta MEG Gradske uprave Prijedor, na \u010delu sa gradona\u010delnikom Milenkom \u0110akovi\u0107 i predsjednikom Skup\u0161tine grada Ajdinom Me\u0161i\u0107em.<\/p>\n<p>Cilj ove konferencije je da se dodatno unaprijedi saradnja sa civilnim i privatnim sektorom, transparentnost,socijalna inkluzija i rodna ravnopravnost u partnerskim jedinicama lokalne samouprave (JLS), kroz upoznavanje sa najboljim praksama iz BiH i regiona, te aktuelnim izazovima sa kojima se JLS suo\u010davaju.<\/p>\n<p><a href=\"https:\/\/www.prijedordanas.com\/wp-content\/uploads\/2019\/10\/prijedorgradorg-meg-nagrada-2.jpg\"><img loading=\"lazy\" decoding=\"async\" class=\"alignleft size-medium wp-image-135319\" src=\"https:\/\/www.prijedordanas.com\/wp-content\/uploads\/2019\/10\/prijedorgradorg-meg-nagrada-2-300x224.jpg\" alt=\"\" width=\"300\" height=\"224\" srcset=\"https:\/\/www.prijedordanas.com\/wp-content\/uploads\/2019\/10\/prijedorgradorg-meg-nagrada-2-300x224.jpg 300w, https:\/\/www.prijedordanas.com\/wp-content\/uploads\/2019\/10\/prijedorgradorg-meg-nagrada-2-640x480.jpg 640w, https:\/\/www.prijedordanas.com\/wp-content\/uploads\/2019\/10\/prijedorgradorg-meg-nagrada-2.jpg 669w\" sizes=\"(max-width: 300px) 100vw, 300px\" \/><\/a>Cilj je da partnerske JLS ostvare dodatni napredak u okviru sistema upravljanja rezultatima MEG projekta, \u0161to \u0107e dovesti do boljeg i kvalitetnijeg pru\u017eanja usluga gra\u0111anima i podr\u0161ke razvoju privrede.<\/p>\n<p>Na konferenciji su uru\u010dena i priznanja za tri najuspje\u0161nije jedinice lokalne samouprave u periodu 2018-2019. godina, od ukupno 18 JLS iz cijele BiH, koje u\u010destvuju u Projektu MEG.<\/p>\n<p>Grad Prijedor je osvojio drugo mjesto u ukupnom poretku od 18 op\u0161tina i gradova koji u\u010destvuju u MEG projektu, \u010dime je ostvario pravo da, pored redovnog iznosa granta od 90.000 \u0161vajcarskih franaka, dobije i bonus na ostvareni grant u iznosu od 70.000 \u0161vajcarskih franaka (ukupno 160.000 CHF).<\/p>\n<p>Priznanje za Grad Prijedor je primio gradona\u010delnik Milenko \u0110akovi\u0107.<\/p>\n<p><a href=\"https:\/\/www.prijedordanas.com\/wp-content\/uploads\/2019\/10\/prijedorgradorg-meg-nagrada-5.jpg\"><img loading=\"lazy\" decoding=\"async\" src=\"https:\/\/www.prijedordanas.com\/wp-content\/uploads\/2019\/10\/prijedorgradorg-meg-nagrada-5-300x200.jpg\" alt=\"\" width=\"300\" height=\"200\" class=\"alignleft size-medium wp-image-135320\" srcset=\"https:\/\/www.prijedordanas.com\/wp-content\/uploads\/2019\/10\/prijedorgradorg-meg-nagrada-5-300x200.jpg 300w, https:\/\/www.prijedordanas.com\/wp-content\/uploads\/2019\/10\/prijedorgradorg-meg-nagrada-5-480x320.jpg 480w, https:\/\/www.prijedordanas.com\/wp-content\/uploads\/2019\/10\/prijedorgradorg-meg-nagrada-5.jpg 600w\" sizes=\"(max-width: 300px) 100vw, 300px\" \/><\/a>Plasmanom u top 3 JLS, Grad Prijedor, koji u projektu MEG u\u010destvuje od 2016. godine, je ostvario izuzetan napredak u svom svakodnevnom radu, radu svoje administracije, kao i pobolj\u0161anje u radu komunalnog preduze\u0107a &#8220;Vodovod&#8221; a.d. Prijedor.<\/p>\n<p>Nagrada koju su dobile samo tri najbolje plasirane JLS iznosi 85.000 \u0161vajcarskih franaka za svaku JLS, \u0161to zna\u010di da je Grad Prijedor, u drugom ciklusu dodjele finansijske pomo\u0107i u okviru projekta MEG, ostvario ukupni grant u iznosu od 245.000 CHF ili oko 427.000 KM. Ova sredstva \u0107e biti upotrebljena za rekonstrukciju sekundarne vodovodne mre\u017ee i ku\u0107nih priklju\u010daka u ulicama Ive Andri\u0107a i VI Kraji\u0161ke brigade u naselju Gomjenica i u dijelu naselja \u010cirkin Polje. Grad Prijedor \u0107e iz bud\u017eeta izdvojiti dodatnih oko 500.000 KM u realizaciju ovih projekata, \u0161to ukupno iznosi oko 1 milion KM.<\/p>\n<p>Projekat op\u0161tinskog ekonomskog i okoli\u0161nog upravljanja (MEG) finansira Vlada \u0160vajcarske, a realizuje Razvojni program Ujedinjenih Nacija (UNDP) u saradnji sa 18 partnerskih JLS.<\/p>\n<p>www.prijedorgrad.org<\/p>\n<p><a href=\"https:\/\/www.prijedordanas.com\/wp-content\/uploads\/2019\/10\/prijedorgradorg-meg-nagrada-3.jpg\"><img loading=\"lazy\" decoding=\"async\" src=\"https:\/\/www.prijedordanas.com\/wp-content\/uploads\/2019\/10\/prijedorgradorg-meg-nagrada-3-300x200.jpg\" alt=\"\" width=\"300\" height=\"200\" class=\"alignleft size-medium wp-image-135321\" srcset=\"https:\/\/www.prijedordanas.com\/wp-content\/uploads\/2019\/10\/prijedorgradorg-meg-nagrada-3-300x200.jpg 300w, https:\/\/www.prijedordanas.com\/wp-content\/uploads\/2019\/10\/prijedorgradorg-meg-nagrada-3-480x320.jpg 480w, https:\/\/www.prijedordanas.com\/wp-content\/uploads\/2019\/10\/prijedorgradorg-meg-nagrada-3.jpg 600w\" sizes=\"(max-width: 300px) 100vw, 300px\" \/><\/a> <a href=\"https:\/\/www.prijedordanas.com\/wp-content\/uploads\/2019\/10\/prijedorgradorg-meg-nagrada-4.jpg\"><img loading=\"lazy\" decoding=\"async\" src=\"https:\/\/www.prijedordanas.com\/wp-content\/uploads\/2019\/10\/prijedorgradorg-meg-nagrada-4-300x200.jpg\" alt=\"\" width=\"300\" height=\"200\" class=\"alignleft size-medium wp-image-135322\" srcset=\"https:\/\/www.prijedordanas.com\/wp-content\/uploads\/2019\/10\/prijedorgradorg-meg-nagrada-4-300x200.jpg 300w, https:\/\/www.prijedordanas.com\/wp-content\/uploads\/2019\/10\/prijedorgradorg-meg-nagrada-4-480x320.jpg 480w, https:\/\/www.prijedordanas.com\/wp-content\/uploads\/2019\/10\/prijedorgradorg-meg-nagrada-4.jpg 600w\" sizes=\"(max-width: 300px) 100vw, 300px\" \/><\/a> <a href=\"https:\/\/www.prijedordanas.com\/wp-content\/uploads\/2019\/10\/prijedorgradorg-meg-nagrada-6.jpg\"><img loading=\"lazy\" decoding=\"async\" src=\"https:\/\/www.prijedordanas.com\/wp-content\/uploads\/2019\/10\/prijedorgradorg-meg-nagrada-6-300x200.jpg\" alt=\"\" width=\"300\" height=\"200\" class=\"alignleft size-medium wp-image-135323\" srcset=\"https:\/\/www.prijedordanas.com\/wp-content\/uploads\/2019\/10\/prijedorgradorg-meg-nagrada-6-300x200.jpg 300w, https:\/\/www.prijedordanas.com\/wp-content\/uploads\/2019\/10\/prijedorgradorg-meg-nagrada-6-480x320.jpg 480w, https:\/\/www.prijedordanas.com\/wp-content\/uploads\/2019\/10\/prijedorgradorg-meg-nagrada-6.jpg 600w\" sizes=\"(max-width: 300px) 100vw, 300px\" \/><\/a> <a href=\"https:\/\/www.prijedordanas.com\/wp-content\/uploads\/2019\/10\/prijedorgradorg-meg-nagrada-7.jpg\"><img loading=\"lazy\" decoding=\"async\" src=\"https:\/\/www.prijedordanas.com\/wp-content\/uploads\/2019\/10\/prijedorgradorg-meg-nagrada-7-300x200.jpg\" alt=\"\" width=\"300\" height=\"200\" class=\"alignleft size-medium wp-image-135324\" srcset=\"https:\/\/www.prijedordanas.com\/wp-content\/uploads\/2019\/10\/prijedorgradorg-meg-nagrada-7-300x200.jpg 300w, https:\/\/www.prijedordanas.com\/wp-content\/uploads\/2019\/10\/prijedorgradorg-meg-nagrada-7-480x320.jpg 480w, https:\/\/www.prijedordanas.com\/wp-content\/uploads\/2019\/10\/prijedorgradorg-meg-nagrada-7.jpg 600w\" sizes=\"(max-width: 300px) 100vw, 300px\" \/><\/a><\/p>\n","protected":false},"excerpt":{"rendered":"<p>U okviru podr\u0161ke partnerskim jedinicama lokalne samouprave, Projekat op\u0161tinskog i ekonomskog upravljanja (MEG) je organizovao dvodnevnu konferenciju na temu: &#8220;Ja\u010danje saradnje sa civilnim i privatnim sektorom, podizanje nivoa transparentnosti u [&hellip;]<\/p>\n","protected":false},"author":1,"featured_media":0,"comment_status":"closed","ping_status":"open","sticky":false,"template":"","format":"standard","meta":{"_monsterinsights_skip_tracking":false,"_monsterinsights_sitenote_active":false,"_monsterinsights_sitenote_note":"","_monsterinsights_sitenote_category":0,"footnotes":""},"categories":[4],"tags":[],"yoast_head":"<!-- This site is optimized with the Yoast SEO plugin v21.6 - https:\/\/yoast.com\/wordpress\/plugins\/seo\/ -->\n<title>Prijedoru dodijeljeno priznanje za plasman me\u0111u tri najbolje lokalne zajednice u drugom ciklusu Projekta MEG - FOTO - PrijedorDanas.com - Prijedorski gradski portal<\/title>\n<meta name=\"robots\" content=\"index, follow, max-snippet:-1, max-image-preview:large, max-video-preview:-1\" \/>\n<link rel=\"canonical\" href=\"https:\/\/www.prijedordanas.com\/?p=135312\" \/>\n<meta property=\"og:locale\" content=\"en_US\" \/>\n<meta property=\"og:type\" content=\"article\" \/>\n<meta property=\"og:title\" content=\"Prijedoru dodijeljeno priznanje za plasman me\u0111u tri najbolje lokalne zajednice u drugom ciklusu Projekta MEG - FOTO - PrijedorDanas.com - Prijedorski gradski portal\" \/>\n<meta property=\"og:description\" content=\"U okviru podr\u0161ke partnerskim jedinicama lokalne samouprave, Projekat op\u0161tinskog i ekonomskog upravljanja (MEG) je organizovao dvodnevnu konferenciju na temu: &#8220;Ja\u010danje saradnje sa civilnim i privatnim sektorom, podizanje nivoa transparentnosti u [&hellip;]\" \/>\n<meta property=\"og:url\" content=\"https:\/\/www.prijedordanas.com\/?p=135312\" \/>\n<meta property=\"og:site_name\" content=\"PrijedorDanas.com - Prijedorski gradski portal\" \/>\n<meta property=\"article:publisher\" content=\"https:\/\/www.facebook.com\/PrijedorDanasCom\/\" \/>\n<meta property=\"article:published_time\" content=\"2019-10-17T17:30:45+00:00\" \/>\n<meta property=\"og:image\" content=\"https:\/\/www.prijedordanas.com\/wp-content\/uploads\/2019\/10\/prijedorgradorg-meg-nagrada-1-300x220.jpg\" \/>\n<meta name=\"author\" content=\"admin\" \/>\n<meta name=\"twitter:card\" content=\"summary_large_image\" \/>\n<meta name=\"twitter:label1\" content=\"Written by\" \/>\n\t<meta name=\"twitter:data1\" content=\"admin\" \/>\n\t<meta name=\"twitter:label2\" content=\"Est. reading time\" \/>\n\t<meta name=\"twitter:data2\" content=\"2 minutes\" \/>\n<script type=\"application\/ld+json\" class=\"yoast-schema-graph\">{\"@context\":\"https:\/\/schema.org\",\"@graph\":[{\"@type\":\"Article\",\"@id\":\"https:\/\/www.prijedordanas.com\/?p=135312#article\",\"isPartOf\":{\"@id\":\"https:\/\/www.prijedordanas.com\/?p=135312\"},\"author\":{\"name\":\"admin\",\"@id\":\"https:\/\/www.prijedordanas.com\/#\/schema\/person\/4e08ccf29b506ca916ff86d46bb700e6\"},\"headline\":\"Prijedoru dodijeljeno priznanje za plasman me\u0111u tri najbolje lokalne zajednice u drugom ciklusu Projekta MEG &#8211; FOTO\",\"datePublished\":\"2019-10-17T17:30:45+00:00\",\"dateModified\":\"2019-10-17T17:30:45+00:00\",\"mainEntityOfPage\":{\"@id\":\"https:\/\/www.prijedordanas.com\/?p=135312\"},\"wordCount\":422,\"publisher\":{\"@id\":\"https:\/\/www.prijedordanas.com\/#organization\"},\"articleSection\":[\"Dru\u0161tvo\"],\"inLanguage\":\"en-US\"},{\"@type\":\"WebPage\",\"@id\":\"https:\/\/www.prijedordanas.com\/?p=135312\",\"url\":\"https:\/\/www.prijedordanas.com\/?p=135312\",\"name\":\"Prijedoru dodijeljeno priznanje za plasman me\u0111u tri najbolje lokalne zajednice u drugom ciklusu Projekta MEG - FOTO - PrijedorDanas.com - Prijedorski gradski portal\",\"isPartOf\":{\"@id\":\"https:\/\/www.prijedordanas.com\/#website\"},\"datePublished\":\"2019-10-17T17:30:45+00:00\",\"dateModified\":\"2019-10-17T17:30:45+00:00\",\"breadcrumb\":{\"@id\":\"https:\/\/www.prijedordanas.com\/?p=135312#breadcrumb\"},\"inLanguage\":\"en-US\",\"potentialAction\":[{\"@type\":\"ReadAction\",\"target\":[\"https:\/\/www.prijedordanas.com\/?p=135312\"]}]},{\"@type\":\"BreadcrumbList\",\"@id\":\"https:\/\/www.prijedordanas.com\/?p=135312#breadcrumb\",\"itemListElement\":[{\"@type\":\"ListItem\",\"position\":1,\"name\":\"Home\",\"item\":\"https:\/\/www.prijedordanas.com\/\"},{\"@type\":\"ListItem\",\"position\":2,\"name\":\"Prijedoru dodijeljeno priznanje za plasman me\u0111u tri najbolje lokalne zajednice u drugom ciklusu Projekta MEG &#8211; FOTO\"}]},{\"@type\":\"WebSite\",\"@id\":\"https:\/\/www.prijedordanas.com\/#website\",\"url\":\"https:\/\/www.prijedordanas.com\/\",\"name\":\"PrijedorDanas.com - Prijedorski gradski portal\",\"description\":\"Portal o doga\u0111anjima u gradu Prijedoru\",\"publisher\":{\"@id\":\"https:\/\/www.prijedordanas.com\/#organization\"},\"potentialAction\":[{\"@type\":\"SearchAction\",\"target\":{\"@type\":\"EntryPoint\",\"urlTemplate\":\"https:\/\/www.prijedordanas.com\/?s={search_term_string}\"},\"query-input\":\"required name=search_term_string\"}],\"inLanguage\":\"en-US\"},{\"@type\":\"Organization\",\"@id\":\"https:\/\/www.prijedordanas.com\/#organization\",\"name\":\"PrijedorDanas.com\",\"url\":\"https:\/\/www.prijedordanas.com\/\",\"logo\":{\"@type\":\"ImageObject\",\"inLanguage\":\"en-US\",\"@id\":\"https:\/\/www.prijedordanas.com\/#\/schema\/logo\/image\/\",\"url\":\"http:\/\/www.prijedordanas.com\/wp-content\/uploads\/2021\/12\/logopng.png\",\"contentUrl\":\"http:\/\/www.prijedordanas.com\/wp-content\/uploads\/2021\/12\/logopng.png\",\"width\":1019,\"height\":776,\"caption\":\"PrijedorDanas.com\"},\"image\":{\"@id\":\"https:\/\/www.prijedordanas.com\/#\/schema\/logo\/image\/\"},\"sameAs\":[\"https:\/\/www.facebook.com\/PrijedorDanasCom\/\"]},{\"@type\":\"Person\",\"@id\":\"https:\/\/www.prijedordanas.com\/#\/schema\/person\/4e08ccf29b506ca916ff86d46bb700e6\",\"name\":\"admin\",\"image\":{\"@type\":\"ImageObject\",\"inLanguage\":\"en-US\",\"@id\":\"https:\/\/www.prijedordanas.com\/#\/schema\/person\/image\/\",\"url\":\"https:\/\/secure.gravatar.com\/avatar\/1d3fc949d550f0b53a5f0d51e06dfd79?s=96&d=mm&r=g\",\"contentUrl\":\"https:\/\/secure.gravatar.com\/avatar\/1d3fc949d550f0b53a5f0d51e06dfd79?s=96&d=mm&r=g\",\"caption\":\"admin\"},\"url\":\"https:\/\/www.prijedordanas.com\/?author=1\"}]}<\/script>\n<!-- \/ Yoast SEO plugin. -->","yoast_head_json":{"title":"Prijedoru dodijeljeno priznanje za plasman me\u0111u tri najbolje lokalne zajednice u drugom ciklusu Projekta MEG - FOTO - PrijedorDanas.com - Prijedorski gradski portal","robots":{"index":"index","follow":"follow","max-snippet":"max-snippet:-1","max-image-preview":"max-image-preview:large","max-video-preview":"max-video-preview:-1"},"canonical":"https:\/\/www.prijedordanas.com\/?p=135312","og_locale":"en_US","og_type":"article","og_title":"Prijedoru dodijeljeno priznanje za plasman me\u0111u tri najbolje lokalne zajednice u drugom ciklusu Projekta MEG - FOTO - PrijedorDanas.com - Prijedorski gradski portal","og_description":"U okviru podr\u0161ke partnerskim jedinicama lokalne samouprave, Projekat op\u0161tinskog i ekonomskog upravljanja (MEG) je organizovao dvodnevnu konferenciju na temu: &#8220;Ja\u010danje saradnje sa civilnim i privatnim sektorom, podizanje nivoa transparentnosti u [&hellip;]","og_url":"https:\/\/www.prijedordanas.com\/?p=135312","og_site_name":"PrijedorDanas.com - Prijedorski gradski portal","article_publisher":"https:\/\/www.facebook.com\/PrijedorDanasCom\/","article_published_time":"2019-10-17T17:30:45+00:00","og_image":[{"url":"https:\/\/www.prijedordanas.com\/wp-content\/uploads\/2019\/10\/prijedorgradorg-meg-nagrada-1-300x220.jpg"}],"author":"admin","twitter_card":"summary_large_image","twitter_misc":{"Written by":"admin","Est. reading time":"2 minutes"},"schema":{"@context":"https:\/\/schema.org","@graph":[{"@type":"Article","@id":"https:\/\/www.prijedordanas.com\/?p=135312#article","isPartOf":{"@id":"https:\/\/www.prijedordanas.com\/?p=135312"},"author":{"name":"admin","@id":"https:\/\/www.prijedordanas.com\/#\/schema\/person\/4e08ccf29b506ca916ff86d46bb700e6"},"headline":"Prijedoru dodijeljeno priznanje za plasman me\u0111u tri najbolje lokalne zajednice u drugom ciklusu Projekta MEG &#8211; FOTO","datePublished":"2019-10-17T17:30:45+00:00","dateModified":"2019-10-17T17:30:45+00:00","mainEntityOfPage":{"@id":"https:\/\/www.prijedordanas.com\/?p=135312"},"wordCount":422,"publisher":{"@id":"https:\/\/www.prijedordanas.com\/#organization"},"articleSection":["Dru\u0161tvo"],"inLanguage":"en-US"},{"@type":"WebPage","@id":"https:\/\/www.prijedordanas.com\/?p=135312","url":"https:\/\/www.prijedordanas.com\/?p=135312","name":"Prijedoru dodijeljeno priznanje za plasman me\u0111u tri najbolje lokalne zajednice u drugom ciklusu Projekta MEG - FOTO - PrijedorDanas.com - Prijedorski gradski portal","isPartOf":{"@id":"https:\/\/www.prijedordanas.com\/#website"},"datePublished":"2019-10-17T17:30:45+00:00","dateModified":"2019-10-17T17:30:45+00:00","breadcrumb":{"@id":"https:\/\/www.prijedordanas.com\/?p=135312#breadcrumb"},"inLanguage":"en-US","potentialAction":[{"@type":"ReadAction","target":["https:\/\/www.prijedordanas.com\/?p=135312"]}]},{"@type":"BreadcrumbList","@id":"https:\/\/www.prijedordanas.com\/?p=135312#breadcrumb","itemListElement":[{"@type":"ListItem","position":1,"name":"Home","item":"https:\/\/www.prijedordanas.com\/"},{"@type":"ListItem","position":2,"name":"Prijedoru dodijeljeno priznanje za plasman me\u0111u tri najbolje lokalne zajednice u drugom ciklusu Projekta MEG &#8211; FOTO"}]},{"@type":"WebSite","@id":"https:\/\/www.prijedordanas.com\/#website","url":"https:\/\/www.prijedordanas.com\/","name":"PrijedorDanas.com - Prijedorski gradski portal","description":"Portal o doga\u0111anjima u gradu Prijedoru","publisher":{"@id":"https:\/\/www.prijedordanas.com\/#organization"},"potentialAction":[{"@type":"SearchAction","target":{"@type":"EntryPoint","urlTemplate":"https:\/\/www.prijedordanas.com\/?s={search_term_string}"},"query-input":"required name=search_term_string"}],"inLanguage":"en-US"},{"@type":"Organization","@id":"https:\/\/www.prijedordanas.com\/#organization","name":"PrijedorDanas.com","url":"https:\/\/www.prijedordanas.com\/","logo":{"@type":"ImageObject","inLanguage":"en-US","@id":"https:\/\/www.prijedordanas.com\/#\/schema\/logo\/image\/","url":"http:\/\/www.prijedordanas.com\/wp-content\/uploads\/2021\/12\/logopng.png","contentUrl":"http:\/\/www.prijedordanas.com\/wp-content\/uploads\/2021\/12\/logopng.png","width":1019,"height":776,"caption":"PrijedorDanas.com"},"image":{"@id":"https:\/\/www.prijedordanas.com\/#\/schema\/logo\/image\/"},"sameAs":["https:\/\/www.facebook.com\/PrijedorDanasCom\/"]},{"@type":"Person","@id":"https:\/\/www.prijedordanas.com\/#\/schema\/person\/4e08ccf29b506ca916ff86d46bb700e6","name":"admin","image":{"@type":"ImageObject","inLanguage":"en-US","@id":"https:\/\/www.prijedordanas.com\/#\/schema\/person\/image\/","url":"https:\/\/secure.gravatar.com\/avatar\/1d3fc949d550f0b53a5f0d51e06dfd79?s=96&d=mm&r=g","contentUrl":"https:\/\/secure.gravatar.com\/avatar\/1d3fc949d550f0b53a5f0d51e06dfd79?s=96&d=mm&r=g","caption":"admin"},"url":"https:\/\/www.prijedordanas.com\/?author=1"}]}},"_links":{"self":[{"href":"https:\/\/www.prijedordanas.com\/index.php?rest_route=\/wp\/v2\/posts\/135312"}],"collection":[{"href":"https:\/\/www.prijedordanas.com\/index.php?rest_route=\/wp\/v2\/posts"}],"about":[{"href":"https:\/\/www.prijedordanas.com\/index.php?rest_route=\/wp\/v2\/types\/post"}],"author":[{"embeddable":true,"href":"https:\/\/www.prijedordanas.com\/index.php?rest_route=\/wp\/v2\/users\/1"}],"replies":[{"embeddable":true,"href":"https:\/\/www.prijedordanas.com\/index.php?rest_route=%2Fwp%2Fv2%2Fcomments&post=135312"}],"version-history":[{"count":2,"href":"https:\/\/www.prijedordanas.com\/index.php?rest_route=\/wp\/v2\/posts\/135312\/revisions"}],"predecessor-version":[{"id":135325,"href":"https:\/\/www.prijedordanas.com\/index.php?rest_route=\/wp\/v2\/posts\/135312\/revisions\/135325"}],"wp:attachment":[{"href":"https:\/\/www.prijedordanas.com\/index.php?rest_route=%2Fwp%2Fv2%2Fmedia&parent=135312"}],"wp:term":[{"taxonomy":"category","embeddable":true,"href":"https:\/\/www.prijedordanas.com\/index.php?rest_route=%2Fwp%2Fv2%2Fcategories&post=135312"},{"taxonomy":"post_tag","embeddable":true,"href":"https:\/\/www.prijedordanas.com\/index.php?rest_route=%2Fwp%2Fv2%2Ftags&post=135312"}],"curies":[{"name":"wp","href":"https:\/\/api.w.org\/{rel}","templated":true}]}}