{"id":135196,"date":"2019-10-15T17:14:59","date_gmt":"2019-10-15T15:14:59","guid":{"rendered":"https:\/\/www.prijedordanas.com\/?p=135196"},"modified":"2019-10-15T17:14:59","modified_gmt":"2019-10-15T15:14:59","slug":"fudbalere-rudar-prijedora-napali-u-svlacionici","status":"publish","type":"post","link":"https:\/\/www.prijedordanas.com\/?p=135196","title":{"rendered":"Fudbalere Rudar-Prijedora napali u svla\u010dionici"},"content":{"rendered":"<p><a href=\"https:\/\/www.prijedordanas.com\/wp-content\/uploads\/2019\/10\/rudar-prijedor-jankovic-milunovic-stevic.jpg\"><img loading=\"lazy\" decoding=\"async\" src=\"https:\/\/www.prijedordanas.com\/wp-content\/uploads\/2019\/10\/rudar-prijedor-jankovic-milunovic-stevic-300x222.jpg\" alt=\"\" width=\"300\" height=\"222\" class=\"alignleft size-medium wp-image-135197\" srcset=\"https:\/\/www.prijedordanas.com\/wp-content\/uploads\/2019\/10\/rudar-prijedor-jankovic-milunovic-stevic-300x222.jpg 300w, https:\/\/www.prijedordanas.com\/wp-content\/uploads\/2019\/10\/rudar-prijedor-jankovic-milunovic-stevic.jpg 675w\" sizes=\"(max-width: 300px) 100vw, 300px\" \/><\/a>Za sada neidentifikovana lica upala su u svla\u010dionicu i napali igra\u010de Rudar-Prijedora nakon \u0161to je zavr\u0161ena utakmica u Br\u010dkom protiv Jedinstva, a najdeblji kraj izvukli su sportski direktor Sa\u0161a Stevi\u0107 i prvotimac Mihajlo Savanovi\u0107.<\/p>\n<p>Uvertira je napravljena jo\u0161 na tribinama stadiona Lokomotive u Br\u010dkom izme\u0111u doma\u0107ih simpatizera i grupe gostuju\u0107ih navija\u010da, ali ni\u0161ta nije slutilo na ovakav rasplet.<\/p>\n<p>&#8211; Sve je kratko trajalo jer su odmah reagovali predstavnici Jedinstva i sprije\u010dili te\u017ei incident, na \u010demu smo im jako zahvalni. Ipak, ostaje nejasno otkud nepoznata i nepozvana lica u svla\u010dionici. Mo\u017eda su nervozu izazvala de\u0161avanja na terenu, jer mi nismo dobili priliku zbog kriterijuma su\u0111enja da poka\u017eemo \u0161ta znamo. Ne tra\u017eimo alibi, ali zaista ne znam \u010dime smo zaslu\u017eili takav tretman od strane sudija &#8211; naglasio je predsjednik Rudar-Prijedora Darko Milunovi\u0107.<\/p>\n<p>Prema njegovim rije\u010dima, ni na terenu ni na tribinama nije bilo povoda za incident.<\/p>\n<p>&#8211; Bila je to utakmica kao i svaka druga. Na tribinama je bilo oko 250 ljubitelja fudbala me\u0111u kojima i na\u0161ih petnaestak navija\u010da koji Rudar prate na skoro svim gostovanjima. Utakmica je zavr\u0161ena korektno (0:0), mi sigurno nismo bili zadovoljni rezultatom, ali smo doma\u0107inu sportski pru\u017eili ruku, jer je Jedinstvo u potpunosti zaslu\u017eilo taj bod. I onda upad u svla\u010dionicu, zaista ne znam za\u0161to &#8211; rekao je Milunovi\u0107.<\/p>\n<p>Sa druge strane, u taboru Jedinstva su prili\u010dno iznena\u0111eni tvrdnjama Prijedor\u010dana i za sve okrivljuju upravo gostuju\u0107e navija\u010de.<\/p>\n<p>&#8211; Navija\u010di su prouzrokovali sve to \u0161to se desilo nakon me\u010da. Zna se na\u010din na koji gostuju\u0107e pristalice mogu da do\u0111u, uz najavu klubu doma\u0107inu kako bi on mogao da organizuje obezbje\u0111enje, a to Prijedor\u010dani nisu uradili. Na\u0161a publika je pozori\u0161na, mi i nemamo navija\u010de i nije bilo problema tokom utakmice. Ali nakon toga na izlazu sa stadiona, na suprotnoj strani od upravne zgrade, do\u0161lo je do verbalnog sukoba gostuju\u0107ih navija\u010da sa nekim od br\u010danskih ljubitelja fudbala, ali se sve zavr\u0161ilo bez incidenata &#8211; tvrdi sekretar Jedinstva Rade Cvjetkovi\u0107.<\/p>\n<p>\u0160to se ti\u010de sukoba u slu\u017ebenim prostorijama, prvi operativac Br\u010daka isti\u010de kako ima informaciju da je jedan od gostuju\u0107ih funkcionera isprovocirao sukob.<\/p>\n<p>&#8211; Nisam bio u svla\u010dionici i ne mogu da ka\u017eem \u0161ta se desilo. Ali, prema informacijama koje sam dobio od ljudi koji su tu bili prisutni, jedan od \u010dlanova uprave Rudara je isprovocirao sukob i onda pobjegao u svla\u010dionicu svog tima. Uostalom, policija je bila prisutna, odmah je reagovala, uzela izjave svih prisutnih i sada je sve na njima. Siguran sam da ovakvi i sli\u010dni, potpuno nepotrebni incidenti, ne\u0107e poremetiti dobre odnose koji vladaju izme\u0111u Jedinstvo i Rudar Prijedor &#8211; poru\u010dio je Cvjetkovi\u0107.<\/p>\n<p>Nije izgovor za lo\u0161u igru <\/p>\n<p>Prvi \u010dovjek prijedorskog prvoliga\u0161a Darko Milunovi\u0107 naglasio je da su savr\u0161eno svjesni lo\u0161e forme i da ne tra\u017ee opravdanje.<\/p>\n<p>&#8211; Nije ovo skretanje teme sa na\u0161e trenutno lo\u0161e forme. Od Kup utakmice sa Rudarom iz Kaknja u blagom smo padu i ne igramo onako kako bi se od ove ekipe o\u010dekivalo. Odgovorno tvrdim da Igor Jankovi\u0107 i njegovi saradnici imaju na\u0161u punu podr\u0161ku i vjerujem da \u0107emo vrlo brzo ponovo biti pravi &#8211; poru\u010dio je Milunovi\u0107.<\/p>\n<p>Glas Srpske<\/p>\n","protected":false},"excerpt":{"rendered":"<p>Za sada neidentifikovana lica upala su u svla\u010dionicu i napali igra\u010de Rudar-Prijedora nakon \u0161to je zavr\u0161ena utakmica u Br\u010dkom protiv Jedinstva, a najdeblji kraj izvukli su sportski direktor Sa\u0161a Stevi\u0107 [&hellip;]<\/p>\n","protected":false},"author":1,"featured_media":0,"comment_status":"closed","ping_status":"open","sticky":false,"template":"","format":"standard","meta":{"_monsterinsights_skip_tracking":false,"_monsterinsights_sitenote_active":false,"_monsterinsights_sitenote_note":"","_monsterinsights_sitenote_category":0,"footnotes":""},"categories":[7],"tags":[],"yoast_head":"<!-- This site is optimized with the Yoast SEO plugin v21.6 - https:\/\/yoast.com\/wordpress\/plugins\/seo\/ -->\n<title>Fudbalere Rudar-Prijedora napali u svla\u010dionici - PrijedorDanas.com - Prijedorski gradski portal<\/title>\n<meta name=\"robots\" content=\"index, follow, max-snippet:-1, max-image-preview:large, max-video-preview:-1\" \/>\n<link rel=\"canonical\" href=\"https:\/\/www.prijedordanas.com\/?p=135196\" \/>\n<meta property=\"og:locale\" content=\"en_US\" \/>\n<meta property=\"og:type\" content=\"article\" \/>\n<meta property=\"og:title\" content=\"Fudbalere Rudar-Prijedora napali u svla\u010dionici - PrijedorDanas.com - Prijedorski gradski portal\" \/>\n<meta property=\"og:description\" content=\"Za sada neidentifikovana lica upala su u svla\u010dionicu i napali igra\u010de Rudar-Prijedora nakon \u0161to je zavr\u0161ena utakmica u Br\u010dkom protiv Jedinstva, a najdeblji kraj izvukli su sportski direktor Sa\u0161a Stevi\u0107 [&hellip;]\" \/>\n<meta property=\"og:url\" content=\"https:\/\/www.prijedordanas.com\/?p=135196\" \/>\n<meta property=\"og:site_name\" content=\"PrijedorDanas.com - Prijedorski gradski portal\" \/>\n<meta property=\"article:publisher\" content=\"https:\/\/www.facebook.com\/PrijedorDanasCom\/\" \/>\n<meta property=\"article:published_time\" content=\"2019-10-15T15:14:59+00:00\" \/>\n<meta property=\"og:image\" content=\"https:\/\/www.prijedordanas.com\/wp-content\/uploads\/2019\/10\/rudar-prijedor-jankovic-milunovic-stevic-300x222.jpg\" \/>\n<meta name=\"author\" content=\"admin\" \/>\n<meta name=\"twitter:card\" content=\"summary_large_image\" \/>\n<meta name=\"twitter:label1\" content=\"Written by\" \/>\n\t<meta name=\"twitter:data1\" content=\"admin\" \/>\n\t<meta name=\"twitter:label2\" content=\"Est. reading time\" \/>\n\t<meta name=\"twitter:data2\" content=\"3 minutes\" \/>\n<script type=\"application\/ld+json\" class=\"yoast-schema-graph\">{\"@context\":\"https:\/\/schema.org\",\"@graph\":[{\"@type\":\"Article\",\"@id\":\"https:\/\/www.prijedordanas.com\/?p=135196#article\",\"isPartOf\":{\"@id\":\"https:\/\/www.prijedordanas.com\/?p=135196\"},\"author\":{\"name\":\"admin\",\"@id\":\"https:\/\/www.prijedordanas.com\/#\/schema\/person\/4e08ccf29b506ca916ff86d46bb700e6\"},\"headline\":\"Fudbalere Rudar-Prijedora napali u svla\u010dionici\",\"datePublished\":\"2019-10-15T15:14:59+00:00\",\"dateModified\":\"2019-10-15T15:14:59+00:00\",\"mainEntityOfPage\":{\"@id\":\"https:\/\/www.prijedordanas.com\/?p=135196\"},\"wordCount\":585,\"publisher\":{\"@id\":\"https:\/\/www.prijedordanas.com\/#organization\"},\"articleSection\":[\"Sport\"],\"inLanguage\":\"en-US\"},{\"@type\":\"WebPage\",\"@id\":\"https:\/\/www.prijedordanas.com\/?p=135196\",\"url\":\"https:\/\/www.prijedordanas.com\/?p=135196\",\"name\":\"Fudbalere Rudar-Prijedora napali u svla\u010dionici - PrijedorDanas.com - Prijedorski gradski portal\",\"isPartOf\":{\"@id\":\"https:\/\/www.prijedordanas.com\/#website\"},\"datePublished\":\"2019-10-15T15:14:59+00:00\",\"dateModified\":\"2019-10-15T15:14:59+00:00\",\"breadcrumb\":{\"@id\":\"https:\/\/www.prijedordanas.com\/?p=135196#breadcrumb\"},\"inLanguage\":\"en-US\",\"potentialAction\":[{\"@type\":\"ReadAction\",\"target\":[\"https:\/\/www.prijedordanas.com\/?p=135196\"]}]},{\"@type\":\"BreadcrumbList\",\"@id\":\"https:\/\/www.prijedordanas.com\/?p=135196#breadcrumb\",\"itemListElement\":[{\"@type\":\"ListItem\",\"position\":1,\"name\":\"Home\",\"item\":\"https:\/\/www.prijedordanas.com\/\"},{\"@type\":\"ListItem\",\"position\":2,\"name\":\"Fudbalere Rudar-Prijedora napali u svla\u010dionici\"}]},{\"@type\":\"WebSite\",\"@id\":\"https:\/\/www.prijedordanas.com\/#website\",\"url\":\"https:\/\/www.prijedordanas.com\/\",\"name\":\"PrijedorDanas.com - Prijedorski gradski portal\",\"description\":\"Portal o doga\u0111anjima u gradu Prijedoru\",\"publisher\":{\"@id\":\"https:\/\/www.prijedordanas.com\/#organization\"},\"potentialAction\":[{\"@type\":\"SearchAction\",\"target\":{\"@type\":\"EntryPoint\",\"urlTemplate\":\"https:\/\/www.prijedordanas.com\/?s={search_term_string}\"},\"query-input\":\"required name=search_term_string\"}],\"inLanguage\":\"en-US\"},{\"@type\":\"Organization\",\"@id\":\"https:\/\/www.prijedordanas.com\/#organization\",\"name\":\"PrijedorDanas.com\",\"url\":\"https:\/\/www.prijedordanas.com\/\",\"logo\":{\"@type\":\"ImageObject\",\"inLanguage\":\"en-US\",\"@id\":\"https:\/\/www.prijedordanas.com\/#\/schema\/logo\/image\/\",\"url\":\"http:\/\/www.prijedordanas.com\/wp-content\/uploads\/2021\/12\/logopng.png\",\"contentUrl\":\"http:\/\/www.prijedordanas.com\/wp-content\/uploads\/2021\/12\/logopng.png\",\"width\":1019,\"height\":776,\"caption\":\"PrijedorDanas.com\"},\"image\":{\"@id\":\"https:\/\/www.prijedordanas.com\/#\/schema\/logo\/image\/\"},\"sameAs\":[\"https:\/\/www.facebook.com\/PrijedorDanasCom\/\"]},{\"@type\":\"Person\",\"@id\":\"https:\/\/www.prijedordanas.com\/#\/schema\/person\/4e08ccf29b506ca916ff86d46bb700e6\",\"name\":\"admin\",\"image\":{\"@type\":\"ImageObject\",\"inLanguage\":\"en-US\",\"@id\":\"https:\/\/www.prijedordanas.com\/#\/schema\/person\/image\/\",\"url\":\"https:\/\/secure.gravatar.com\/avatar\/1d3fc949d550f0b53a5f0d51e06dfd79?s=96&d=mm&r=g\",\"contentUrl\":\"https:\/\/secure.gravatar.com\/avatar\/1d3fc949d550f0b53a5f0d51e06dfd79?s=96&d=mm&r=g\",\"caption\":\"admin\"},\"url\":\"https:\/\/www.prijedordanas.com\/?author=1\"}]}<\/script>\n<!-- \/ Yoast SEO plugin. -->","yoast_head_json":{"title":"Fudbalere Rudar-Prijedora napali u svla\u010dionici - PrijedorDanas.com - Prijedorski gradski portal","robots":{"index":"index","follow":"follow","max-snippet":"max-snippet:-1","max-image-preview":"max-image-preview:large","max-video-preview":"max-video-preview:-1"},"canonical":"https:\/\/www.prijedordanas.com\/?p=135196","og_locale":"en_US","og_type":"article","og_title":"Fudbalere Rudar-Prijedora napali u svla\u010dionici - PrijedorDanas.com - Prijedorski gradski portal","og_description":"Za sada neidentifikovana lica upala su u svla\u010dionicu i napali igra\u010de Rudar-Prijedora nakon \u0161to je zavr\u0161ena utakmica u Br\u010dkom protiv Jedinstva, a najdeblji kraj izvukli su sportski direktor Sa\u0161a Stevi\u0107 [&hellip;]","og_url":"https:\/\/www.prijedordanas.com\/?p=135196","og_site_name":"PrijedorDanas.com - Prijedorski gradski portal","article_publisher":"https:\/\/www.facebook.com\/PrijedorDanasCom\/","article_published_time":"2019-10-15T15:14:59+00:00","og_image":[{"url":"https:\/\/www.prijedordanas.com\/wp-content\/uploads\/2019\/10\/rudar-prijedor-jankovic-milunovic-stevic-300x222.jpg"}],"author":"admin","twitter_card":"summary_large_image","twitter_misc":{"Written by":"admin","Est. reading time":"3 minutes"},"schema":{"@context":"https:\/\/schema.org","@graph":[{"@type":"Article","@id":"https:\/\/www.prijedordanas.com\/?p=135196#article","isPartOf":{"@id":"https:\/\/www.prijedordanas.com\/?p=135196"},"author":{"name":"admin","@id":"https:\/\/www.prijedordanas.com\/#\/schema\/person\/4e08ccf29b506ca916ff86d46bb700e6"},"headline":"Fudbalere Rudar-Prijedora napali u svla\u010dionici","datePublished":"2019-10-15T15:14:59+00:00","dateModified":"2019-10-15T15:14:59+00:00","mainEntityOfPage":{"@id":"https:\/\/www.prijedordanas.com\/?p=135196"},"wordCount":585,"publisher":{"@id":"https:\/\/www.prijedordanas.com\/#organization"},"articleSection":["Sport"],"inLanguage":"en-US"},{"@type":"WebPage","@id":"https:\/\/www.prijedordanas.com\/?p=135196","url":"https:\/\/www.prijedordanas.com\/?p=135196","name":"Fudbalere Rudar-Prijedora napali u svla\u010dionici - PrijedorDanas.com - Prijedorski gradski portal","isPartOf":{"@id":"https:\/\/www.prijedordanas.com\/#website"},"datePublished":"2019-10-15T15:14:59+00:00","dateModified":"2019-10-15T15:14:59+00:00","breadcrumb":{"@id":"https:\/\/www.prijedordanas.com\/?p=135196#breadcrumb"},"inLanguage":"en-US","potentialAction":[{"@type":"ReadAction","target":["https:\/\/www.prijedordanas.com\/?p=135196"]}]},{"@type":"BreadcrumbList","@id":"https:\/\/www.prijedordanas.com\/?p=135196#breadcrumb","itemListElement":[{"@type":"ListItem","position":1,"name":"Home","item":"https:\/\/www.prijedordanas.com\/"},{"@type":"ListItem","position":2,"name":"Fudbalere Rudar-Prijedora napali u svla\u010dionici"}]},{"@type":"WebSite","@id":"https:\/\/www.prijedordanas.com\/#website","url":"https:\/\/www.prijedordanas.com\/","name":"PrijedorDanas.com - Prijedorski gradski portal","description":"Portal o doga\u0111anjima u gradu Prijedoru","publisher":{"@id":"https:\/\/www.prijedordanas.com\/#organization"},"potentialAction":[{"@type":"SearchAction","target":{"@type":"EntryPoint","urlTemplate":"https:\/\/www.prijedordanas.com\/?s={search_term_string}"},"query-input":"required name=search_term_string"}],"inLanguage":"en-US"},{"@type":"Organization","@id":"https:\/\/www.prijedordanas.com\/#organization","name":"PrijedorDanas.com","url":"https:\/\/www.prijedordanas.com\/","logo":{"@type":"ImageObject","inLanguage":"en-US","@id":"https:\/\/www.prijedordanas.com\/#\/schema\/logo\/image\/","url":"http:\/\/www.prijedordanas.com\/wp-content\/uploads\/2021\/12\/logopng.png","contentUrl":"http:\/\/www.prijedordanas.com\/wp-content\/uploads\/2021\/12\/logopng.png","width":1019,"height":776,"caption":"PrijedorDanas.com"},"image":{"@id":"https:\/\/www.prijedordanas.com\/#\/schema\/logo\/image\/"},"sameAs":["https:\/\/www.facebook.com\/PrijedorDanasCom\/"]},{"@type":"Person","@id":"https:\/\/www.prijedordanas.com\/#\/schema\/person\/4e08ccf29b506ca916ff86d46bb700e6","name":"admin","image":{"@type":"ImageObject","inLanguage":"en-US","@id":"https:\/\/www.prijedordanas.com\/#\/schema\/person\/image\/","url":"https:\/\/secure.gravatar.com\/avatar\/1d3fc949d550f0b53a5f0d51e06dfd79?s=96&d=mm&r=g","contentUrl":"https:\/\/secure.gravatar.com\/avatar\/1d3fc949d550f0b53a5f0d51e06dfd79?s=96&d=mm&r=g","caption":"admin"},"url":"https:\/\/www.prijedordanas.com\/?author=1"}]}},"_links":{"self":[{"href":"https:\/\/www.prijedordanas.com\/index.php?rest_route=\/wp\/v2\/posts\/135196"}],"collection":[{"href":"https:\/\/www.prijedordanas.com\/index.php?rest_route=\/wp\/v2\/posts"}],"about":[{"href":"https:\/\/www.prijedordanas.com\/index.php?rest_route=\/wp\/v2\/types\/post"}],"author":[{"embeddable":true,"href":"https:\/\/www.prijedordanas.com\/index.php?rest_route=\/wp\/v2\/users\/1"}],"replies":[{"embeddable":true,"href":"https:\/\/www.prijedordanas.com\/index.php?rest_route=%2Fwp%2Fv2%2Fcomments&post=135196"}],"version-history":[{"count":1,"href":"https:\/\/www.prijedordanas.com\/index.php?rest_route=\/wp\/v2\/posts\/135196\/revisions"}],"predecessor-version":[{"id":135198,"href":"https:\/\/www.prijedordanas.com\/index.php?rest_route=\/wp\/v2\/posts\/135196\/revisions\/135198"}],"wp:attachment":[{"href":"https:\/\/www.prijedordanas.com\/index.php?rest_route=%2Fwp%2Fv2%2Fmedia&parent=135196"}],"wp:term":[{"taxonomy":"category","embeddable":true,"href":"https:\/\/www.prijedordanas.com\/index.php?rest_route=%2Fwp%2Fv2%2Fcategories&post=135196"},{"taxonomy":"post_tag","embeddable":true,"href":"https:\/\/www.prijedordanas.com\/index.php?rest_route=%2Fwp%2Fv2%2Ftags&post=135196"}],"curies":[{"name":"wp","href":"https:\/\/api.w.org\/{rel}","templated":true}]}}