{"id":135166,"date":"2019-10-14T22:29:52","date_gmt":"2019-10-14T20:29:52","guid":{"rendered":"https:\/\/www.prijedordanas.com\/?p=135166"},"modified":"2019-10-14T22:29:52","modified_gmt":"2019-10-14T20:29:52","slug":"nedjelja-djeteta-prijedorski-pcelari-poklonili-med-djeci-iz-vrtica-radost-foto","status":"publish","type":"post","link":"https:\/\/www.prijedordanas.com\/?p=135166","title":{"rendered":"Nedjelja djeteta: Prijedorski p\u010delari poklonili med djeci iz vrti\u0107a &#8220;Radost&#8221; &#8211; FOTO"},"content":{"rendered":"<p><a href=\"https:\/\/www.prijedordanas.com\/wp-content\/uploads\/2019\/10\/prva-pcela-prijedor-med-za-vrtic-radost-1.jpg\"><img loading=\"lazy\" decoding=\"async\" class=\"alignleft size-medium wp-image-135177\" src=\"https:\/\/www.prijedordanas.com\/wp-content\/uploads\/2019\/10\/prva-pcela-prijedor-med-za-vrtic-radost-1-300x217.jpg\" alt=\"\" width=\"300\" height=\"217\" srcset=\"https:\/\/www.prijedordanas.com\/wp-content\/uploads\/2019\/10\/prva-pcela-prijedor-med-za-vrtic-radost-1-300x217.jpg 300w, https:\/\/www.prijedordanas.com\/wp-content\/uploads\/2019\/10\/prva-pcela-prijedor-med-za-vrtic-radost-1.jpg 690w\" sizes=\"(max-width: 300px) 100vw, 300px\" \/><\/a>Predstavnici Udru\u017eenja &#8220;Prva p\u010dela&#8221; Prijedor posjetili su danas prijedorski vrti\u0107 &#8220;Radost&#8221; i ustanovi koja brine o najmla\u0111im sugra\u0111anima poklonili med.<\/p>\n<p>Predsjednik Udru\u017eenja &#8220;Prva p\u010dela&#8221; \u0110uro Kuni\u0107 istakao je da je ovo petnaesta godina da p\u010delari dolaze u posjetu najmla\u0111ima povodom Nedjelje djeteta.<\/p>\n<p>&#8220;To je, u stvari, uzvratna posjeta jer nas djeca iz vrti\u0107a `Radost`posje\u0107uju krajem septembra kada se odr\u017eavaju Dani meda&#8221;, rekao je Kuni\u0107 novinarima u Prijedoru.<\/p>\n<p>On je potvrdio da je godina bila lo\u0161a za poljoprivredu uop\u0161te, pa i p\u010delarstvo, ali da za najmla\u0111e uvijek mora biti meda.<\/p>\n<p><a href=\"https:\/\/www.prijedordanas.com\/wp-content\/uploads\/2019\/10\/prva-pcela-prijedor-med-za-vrtic-radost-2.jpg\"><img loading=\"lazy\" decoding=\"async\" src=\"https:\/\/www.prijedordanas.com\/wp-content\/uploads\/2019\/10\/prva-pcela-prijedor-med-za-vrtic-radost-2-300x199.jpg\" alt=\"\" width=\"300\" height=\"199\" class=\"alignleft size-medium wp-image-135178\" srcset=\"https:\/\/www.prijedordanas.com\/wp-content\/uploads\/2019\/10\/prva-pcela-prijedor-med-za-vrtic-radost-2-300x199.jpg 300w, https:\/\/www.prijedordanas.com\/wp-content\/uploads\/2019\/10\/prva-pcela-prijedor-med-za-vrtic-radost-2-480x320.jpg 480w, https:\/\/www.prijedordanas.com\/wp-content\/uploads\/2019\/10\/prva-pcela-prijedor-med-za-vrtic-radost-2.jpg 600w\" sizes=\"(max-width: 300px) 100vw, 300px\" \/><\/a>&#8220;Dane meda organizuju ovo udru\u017eenje i Gradska uprava i mi smo im zahvalni za pomo\u0107. Nadamo se da \u0107emo to zajedno raditi i ubudu\u0107e&#8221;, dodao je Kuni\u0107.<\/p>\n<p>On je naveo da Udru\u017eenje &#8220;Prva p\u010dela&#8221; ima 70 do 80 aktivnih \u010dlanova, a da je na podru\u010dju grada broj p\u010delara, mo\u017eda, tri puta ve\u0107i.<\/p>\n<p>Vrti\u0107 &#8220;Radost&#8221;, koji u \u0161est objekata poha\u0111a 470 djece, obilje\u017eio je Nedjelju djeteta nizom aktivnosti kao \u0161to su maskenbal, posjeta Gradskoj upravi i prijem za gradona\u010delnika, a u svim vaspitnim grupama realizovane su interne aktivnosti posve\u0107ene pravima djeteta.<\/p>\n<p>Osim javne pred\u0161kolske ustanove, u Prijedoru rade i privatni vrti\u0107i &#8220;Miki i Mini&#8221; sa 80 polaznika, te &#8220;Huli&#8221; sa 50.<\/p>\n<p>SRNA<\/p>\n<p><a href=\"https:\/\/www.prijedordanas.com\/wp-content\/uploads\/2019\/10\/prva-pcela-prijedor-med-za-vrtic-radost-3.jpg\"><img loading=\"lazy\" decoding=\"async\" src=\"https:\/\/www.prijedordanas.com\/wp-content\/uploads\/2019\/10\/prva-pcela-prijedor-med-za-vrtic-radost-3-300x199.jpg\" alt=\"\" width=\"300\" height=\"199\" class=\"alignleft size-medium wp-image-135179\" srcset=\"https:\/\/www.prijedordanas.com\/wp-content\/uploads\/2019\/10\/prva-pcela-prijedor-med-za-vrtic-radost-3-300x199.jpg 300w, https:\/\/www.prijedordanas.com\/wp-content\/uploads\/2019\/10\/prva-pcela-prijedor-med-za-vrtic-radost-3-480x320.jpg 480w, https:\/\/www.prijedordanas.com\/wp-content\/uploads\/2019\/10\/prva-pcela-prijedor-med-za-vrtic-radost-3.jpg 600w\" sizes=\"(max-width: 300px) 100vw, 300px\" \/><\/a><\/p>\n","protected":false},"excerpt":{"rendered":"<p>Predstavnici Udru\u017eenja &#8220;Prva p\u010dela&#8221; Prijedor posjetili su danas prijedorski vrti\u0107 &#8220;Radost&#8221; i ustanovi koja brine o najmla\u0111im sugra\u0111anima poklonili med. Predsjednik Udru\u017eenja &#8220;Prva p\u010dela&#8221; \u0110uro Kuni\u0107 istakao je da je [&hellip;]<\/p>\n","protected":false},"author":1,"featured_media":0,"comment_status":"closed","ping_status":"open","sticky":false,"template":"","format":"standard","meta":{"_monsterinsights_skip_tracking":false,"_monsterinsights_sitenote_active":false,"_monsterinsights_sitenote_note":"","_monsterinsights_sitenote_category":0,"footnotes":""},"categories":[7518],"tags":[],"yoast_head":"<!-- This site is optimized with the Yoast SEO plugin v21.6 - https:\/\/yoast.com\/wordpress\/plugins\/seo\/ -->\n<title>Nedjelja djeteta: Prijedorski p\u010delari poklonili med djeci iz vrti\u0107a &quot;Radost&quot; - FOTO - PrijedorDanas.com - Prijedorski gradski portal<\/title>\n<meta name=\"robots\" content=\"index, follow, max-snippet:-1, max-image-preview:large, max-video-preview:-1\" \/>\n<link rel=\"canonical\" href=\"https:\/\/www.prijedordanas.com\/?p=135166\" \/>\n<meta property=\"og:locale\" content=\"en_US\" \/>\n<meta property=\"og:type\" content=\"article\" \/>\n<meta property=\"og:title\" content=\"Nedjelja djeteta: Prijedorski p\u010delari poklonili med djeci iz vrti\u0107a &quot;Radost&quot; - FOTO - PrijedorDanas.com - Prijedorski gradski portal\" \/>\n<meta property=\"og:description\" content=\"Predstavnici Udru\u017eenja &#8220;Prva p\u010dela&#8221; Prijedor posjetili su danas prijedorski vrti\u0107 &#8220;Radost&#8221; i ustanovi koja brine o najmla\u0111im sugra\u0111anima poklonili med. Predsjednik Udru\u017eenja &#8220;Prva p\u010dela&#8221; \u0110uro Kuni\u0107 istakao je da je [&hellip;]\" \/>\n<meta property=\"og:url\" content=\"https:\/\/www.prijedordanas.com\/?p=135166\" \/>\n<meta property=\"og:site_name\" content=\"PrijedorDanas.com - Prijedorski gradski portal\" \/>\n<meta property=\"article:publisher\" content=\"https:\/\/www.facebook.com\/PrijedorDanasCom\/\" \/>\n<meta property=\"article:published_time\" content=\"2019-10-14T20:29:52+00:00\" \/>\n<meta property=\"og:image\" content=\"https:\/\/www.prijedordanas.com\/wp-content\/uploads\/2019\/10\/prva-pcela-prijedor-med-za-vrtic-radost-1-300x217.jpg\" \/>\n<meta name=\"author\" content=\"admin\" \/>\n<meta name=\"twitter:card\" content=\"summary_large_image\" \/>\n<meta name=\"twitter:label1\" content=\"Written by\" \/>\n\t<meta name=\"twitter:data1\" content=\"admin\" \/>\n\t<meta name=\"twitter:label2\" content=\"Est. reading time\" \/>\n\t<meta name=\"twitter:data2\" content=\"1 minute\" \/>\n<script type=\"application\/ld+json\" class=\"yoast-schema-graph\">{\"@context\":\"https:\/\/schema.org\",\"@graph\":[{\"@type\":\"Article\",\"@id\":\"https:\/\/www.prijedordanas.com\/?p=135166#article\",\"isPartOf\":{\"@id\":\"https:\/\/www.prijedordanas.com\/?p=135166\"},\"author\":{\"name\":\"admin\",\"@id\":\"https:\/\/www.prijedordanas.com\/#\/schema\/person\/4e08ccf29b506ca916ff86d46bb700e6\"},\"headline\":\"Nedjelja djeteta: Prijedorski p\u010delari poklonili med djeci iz vrti\u0107a &#8220;Radost&#8221; &#8211; FOTO\",\"datePublished\":\"2019-10-14T20:29:52+00:00\",\"dateModified\":\"2019-10-14T20:29:52+00:00\",\"mainEntityOfPage\":{\"@id\":\"https:\/\/www.prijedordanas.com\/?p=135166\"},\"wordCount\":239,\"publisher\":{\"@id\":\"https:\/\/www.prijedordanas.com\/#organization\"},\"articleSection\":[\"Mladi\"],\"inLanguage\":\"en-US\"},{\"@type\":\"WebPage\",\"@id\":\"https:\/\/www.prijedordanas.com\/?p=135166\",\"url\":\"https:\/\/www.prijedordanas.com\/?p=135166\",\"name\":\"Nedjelja djeteta: Prijedorski p\u010delari poklonili med djeci iz vrti\u0107a \\\"Radost\\\" - FOTO - PrijedorDanas.com - Prijedorski gradski portal\",\"isPartOf\":{\"@id\":\"https:\/\/www.prijedordanas.com\/#website\"},\"datePublished\":\"2019-10-14T20:29:52+00:00\",\"dateModified\":\"2019-10-14T20:29:52+00:00\",\"breadcrumb\":{\"@id\":\"https:\/\/www.prijedordanas.com\/?p=135166#breadcrumb\"},\"inLanguage\":\"en-US\",\"potentialAction\":[{\"@type\":\"ReadAction\",\"target\":[\"https:\/\/www.prijedordanas.com\/?p=135166\"]}]},{\"@type\":\"BreadcrumbList\",\"@id\":\"https:\/\/www.prijedordanas.com\/?p=135166#breadcrumb\",\"itemListElement\":[{\"@type\":\"ListItem\",\"position\":1,\"name\":\"Home\",\"item\":\"https:\/\/www.prijedordanas.com\/\"},{\"@type\":\"ListItem\",\"position\":2,\"name\":\"Nedjelja djeteta: Prijedorski p\u010delari poklonili med djeci iz vrti\u0107a &#8220;Radost&#8221; &#8211; FOTO\"}]},{\"@type\":\"WebSite\",\"@id\":\"https:\/\/www.prijedordanas.com\/#website\",\"url\":\"https:\/\/www.prijedordanas.com\/\",\"name\":\"PrijedorDanas.com - Prijedorski gradski portal\",\"description\":\"Portal o doga\u0111anjima u gradu Prijedoru\",\"publisher\":{\"@id\":\"https:\/\/www.prijedordanas.com\/#organization\"},\"potentialAction\":[{\"@type\":\"SearchAction\",\"target\":{\"@type\":\"EntryPoint\",\"urlTemplate\":\"https:\/\/www.prijedordanas.com\/?s={search_term_string}\"},\"query-input\":\"required name=search_term_string\"}],\"inLanguage\":\"en-US\"},{\"@type\":\"Organization\",\"@id\":\"https:\/\/www.prijedordanas.com\/#organization\",\"name\":\"PrijedorDanas.com\",\"url\":\"https:\/\/www.prijedordanas.com\/\",\"logo\":{\"@type\":\"ImageObject\",\"inLanguage\":\"en-US\",\"@id\":\"https:\/\/www.prijedordanas.com\/#\/schema\/logo\/image\/\",\"url\":\"http:\/\/www.prijedordanas.com\/wp-content\/uploads\/2021\/12\/logopng.png\",\"contentUrl\":\"http:\/\/www.prijedordanas.com\/wp-content\/uploads\/2021\/12\/logopng.png\",\"width\":1019,\"height\":776,\"caption\":\"PrijedorDanas.com\"},\"image\":{\"@id\":\"https:\/\/www.prijedordanas.com\/#\/schema\/logo\/image\/\"},\"sameAs\":[\"https:\/\/www.facebook.com\/PrijedorDanasCom\/\"]},{\"@type\":\"Person\",\"@id\":\"https:\/\/www.prijedordanas.com\/#\/schema\/person\/4e08ccf29b506ca916ff86d46bb700e6\",\"name\":\"admin\",\"image\":{\"@type\":\"ImageObject\",\"inLanguage\":\"en-US\",\"@id\":\"https:\/\/www.prijedordanas.com\/#\/schema\/person\/image\/\",\"url\":\"https:\/\/secure.gravatar.com\/avatar\/1d3fc949d550f0b53a5f0d51e06dfd79?s=96&d=mm&r=g\",\"contentUrl\":\"https:\/\/secure.gravatar.com\/avatar\/1d3fc949d550f0b53a5f0d51e06dfd79?s=96&d=mm&r=g\",\"caption\":\"admin\"},\"url\":\"https:\/\/www.prijedordanas.com\/?author=1\"}]}<\/script>\n<!-- \/ Yoast SEO plugin. -->","yoast_head_json":{"title":"Nedjelja djeteta: Prijedorski p\u010delari poklonili med djeci iz vrti\u0107a \"Radost\" - FOTO - PrijedorDanas.com - Prijedorski gradski portal","robots":{"index":"index","follow":"follow","max-snippet":"max-snippet:-1","max-image-preview":"max-image-preview:large","max-video-preview":"max-video-preview:-1"},"canonical":"https:\/\/www.prijedordanas.com\/?p=135166","og_locale":"en_US","og_type":"article","og_title":"Nedjelja djeteta: Prijedorski p\u010delari poklonili med djeci iz vrti\u0107a \"Radost\" - FOTO - PrijedorDanas.com - Prijedorski gradski portal","og_description":"Predstavnici Udru\u017eenja &#8220;Prva p\u010dela&#8221; Prijedor posjetili su danas prijedorski vrti\u0107 &#8220;Radost&#8221; i ustanovi koja brine o najmla\u0111im sugra\u0111anima poklonili med. Predsjednik Udru\u017eenja &#8220;Prva p\u010dela&#8221; \u0110uro Kuni\u0107 istakao je da je [&hellip;]","og_url":"https:\/\/www.prijedordanas.com\/?p=135166","og_site_name":"PrijedorDanas.com - Prijedorski gradski portal","article_publisher":"https:\/\/www.facebook.com\/PrijedorDanasCom\/","article_published_time":"2019-10-14T20:29:52+00:00","og_image":[{"url":"https:\/\/www.prijedordanas.com\/wp-content\/uploads\/2019\/10\/prva-pcela-prijedor-med-za-vrtic-radost-1-300x217.jpg"}],"author":"admin","twitter_card":"summary_large_image","twitter_misc":{"Written by":"admin","Est. reading time":"1 minute"},"schema":{"@context":"https:\/\/schema.org","@graph":[{"@type":"Article","@id":"https:\/\/www.prijedordanas.com\/?p=135166#article","isPartOf":{"@id":"https:\/\/www.prijedordanas.com\/?p=135166"},"author":{"name":"admin","@id":"https:\/\/www.prijedordanas.com\/#\/schema\/person\/4e08ccf29b506ca916ff86d46bb700e6"},"headline":"Nedjelja djeteta: Prijedorski p\u010delari poklonili med djeci iz vrti\u0107a &#8220;Radost&#8221; &#8211; FOTO","datePublished":"2019-10-14T20:29:52+00:00","dateModified":"2019-10-14T20:29:52+00:00","mainEntityOfPage":{"@id":"https:\/\/www.prijedordanas.com\/?p=135166"},"wordCount":239,"publisher":{"@id":"https:\/\/www.prijedordanas.com\/#organization"},"articleSection":["Mladi"],"inLanguage":"en-US"},{"@type":"WebPage","@id":"https:\/\/www.prijedordanas.com\/?p=135166","url":"https:\/\/www.prijedordanas.com\/?p=135166","name":"Nedjelja djeteta: Prijedorski p\u010delari poklonili med djeci iz vrti\u0107a \"Radost\" - FOTO - PrijedorDanas.com - Prijedorski gradski portal","isPartOf":{"@id":"https:\/\/www.prijedordanas.com\/#website"},"datePublished":"2019-10-14T20:29:52+00:00","dateModified":"2019-10-14T20:29:52+00:00","breadcrumb":{"@id":"https:\/\/www.prijedordanas.com\/?p=135166#breadcrumb"},"inLanguage":"en-US","potentialAction":[{"@type":"ReadAction","target":["https:\/\/www.prijedordanas.com\/?p=135166"]}]},{"@type":"BreadcrumbList","@id":"https:\/\/www.prijedordanas.com\/?p=135166#breadcrumb","itemListElement":[{"@type":"ListItem","position":1,"name":"Home","item":"https:\/\/www.prijedordanas.com\/"},{"@type":"ListItem","position":2,"name":"Nedjelja djeteta: Prijedorski p\u010delari poklonili med djeci iz vrti\u0107a &#8220;Radost&#8221; &#8211; FOTO"}]},{"@type":"WebSite","@id":"https:\/\/www.prijedordanas.com\/#website","url":"https:\/\/www.prijedordanas.com\/","name":"PrijedorDanas.com - Prijedorski gradski portal","description":"Portal o doga\u0111anjima u gradu Prijedoru","publisher":{"@id":"https:\/\/www.prijedordanas.com\/#organization"},"potentialAction":[{"@type":"SearchAction","target":{"@type":"EntryPoint","urlTemplate":"https:\/\/www.prijedordanas.com\/?s={search_term_string}"},"query-input":"required name=search_term_string"}],"inLanguage":"en-US"},{"@type":"Organization","@id":"https:\/\/www.prijedordanas.com\/#organization","name":"PrijedorDanas.com","url":"https:\/\/www.prijedordanas.com\/","logo":{"@type":"ImageObject","inLanguage":"en-US","@id":"https:\/\/www.prijedordanas.com\/#\/schema\/logo\/image\/","url":"http:\/\/www.prijedordanas.com\/wp-content\/uploads\/2021\/12\/logopng.png","contentUrl":"http:\/\/www.prijedordanas.com\/wp-content\/uploads\/2021\/12\/logopng.png","width":1019,"height":776,"caption":"PrijedorDanas.com"},"image":{"@id":"https:\/\/www.prijedordanas.com\/#\/schema\/logo\/image\/"},"sameAs":["https:\/\/www.facebook.com\/PrijedorDanasCom\/"]},{"@type":"Person","@id":"https:\/\/www.prijedordanas.com\/#\/schema\/person\/4e08ccf29b506ca916ff86d46bb700e6","name":"admin","image":{"@type":"ImageObject","inLanguage":"en-US","@id":"https:\/\/www.prijedordanas.com\/#\/schema\/person\/image\/","url":"https:\/\/secure.gravatar.com\/avatar\/1d3fc949d550f0b53a5f0d51e06dfd79?s=96&d=mm&r=g","contentUrl":"https:\/\/secure.gravatar.com\/avatar\/1d3fc949d550f0b53a5f0d51e06dfd79?s=96&d=mm&r=g","caption":"admin"},"url":"https:\/\/www.prijedordanas.com\/?author=1"}]}},"_links":{"self":[{"href":"https:\/\/www.prijedordanas.com\/index.php?rest_route=\/wp\/v2\/posts\/135166"}],"collection":[{"href":"https:\/\/www.prijedordanas.com\/index.php?rest_route=\/wp\/v2\/posts"}],"about":[{"href":"https:\/\/www.prijedordanas.com\/index.php?rest_route=\/wp\/v2\/types\/post"}],"author":[{"embeddable":true,"href":"https:\/\/www.prijedordanas.com\/index.php?rest_route=\/wp\/v2\/users\/1"}],"replies":[{"embeddable":true,"href":"https:\/\/www.prijedordanas.com\/index.php?rest_route=%2Fwp%2Fv2%2Fcomments&post=135166"}],"version-history":[{"count":2,"href":"https:\/\/www.prijedordanas.com\/index.php?rest_route=\/wp\/v2\/posts\/135166\/revisions"}],"predecessor-version":[{"id":135180,"href":"https:\/\/www.prijedordanas.com\/index.php?rest_route=\/wp\/v2\/posts\/135166\/revisions\/135180"}],"wp:attachment":[{"href":"https:\/\/www.prijedordanas.com\/index.php?rest_route=%2Fwp%2Fv2%2Fmedia&parent=135166"}],"wp:term":[{"taxonomy":"category","embeddable":true,"href":"https:\/\/www.prijedordanas.com\/index.php?rest_route=%2Fwp%2Fv2%2Fcategories&post=135166"},{"taxonomy":"post_tag","embeddable":true,"href":"https:\/\/www.prijedordanas.com\/index.php?rest_route=%2Fwp%2Fv2%2Ftags&post=135166"}],"curies":[{"name":"wp","href":"https:\/\/api.w.org\/{rel}","templated":true}]}}