{"id":134974,"date":"2019-10-11T13:34:34","date_gmt":"2019-10-11T11:34:34","guid":{"rendered":"https:\/\/www.prijedordanas.com\/?p=134974"},"modified":"2019-10-11T15:57:08","modified_gmt":"2019-10-11T13:57:08","slug":"pozoriste-prijedor-otvara-novu-sezonu-premijera-predstave-nije-covjek-ko-ne-umre-i-promocija-publikacije-i-izlozba-fotografija-posvecenih-radenku-bilbiji","status":"publish","type":"post","link":"https:\/\/www.prijedordanas.com\/?p=134974","title":{"rendered":"Pozori\u0161te Prijedor otvara novu sezonu: Premijera predstave &#8220;Nije \u010dovjek ko ne umre&#8221; i promocija publikacije i izlo\u017eba fotografija posve\u0107enih Radenku Bilbiji"},"content":{"rendered":"<p><a href=\"https:\/\/www.prijedordanas.com\/wp-content\/uploads\/2019\/10\/pozoriste-prijedor-pocinje-nova-sezona.jpg\"><img loading=\"lazy\" decoding=\"async\" class=\"alignleft size-medium wp-image-134976\" src=\"https:\/\/www.prijedordanas.com\/wp-content\/uploads\/2019\/10\/pozoriste-prijedor-pocinje-nova-sezona-300x225.jpg\" alt=\"\" width=\"300\" height=\"225\" srcset=\"https:\/\/www.prijedordanas.com\/wp-content\/uploads\/2019\/10\/pozoriste-prijedor-pocinje-nova-sezona-300x225.jpg 300w, https:\/\/www.prijedordanas.com\/wp-content\/uploads\/2019\/10\/pozoriste-prijedor-pocinje-nova-sezona-100x75.jpg 100w, https:\/\/www.prijedordanas.com\/wp-content\/uploads\/2019\/10\/pozoriste-prijedor-pocinje-nova-sezona-640x480.jpg 640w, https:\/\/www.prijedordanas.com\/wp-content\/uploads\/2019\/10\/pozoriste-prijedor-pocinje-nova-sezona.jpg 667w\" sizes=\"(max-width: 300px) 100vw, 300px\" \/><\/a>Pozori\u0161te Prijedor otvori\u0107e u nedjelju, 13. oktobra, 67. sezonu promocijom publikacije i izlo\u017ebom fotografija posve\u0107enih preminulom glumcu, re\u017eiseru i scenografu ove ku\u0107e Radenku Bilbiji, a potom i premijerom predstave &#8220;Nije \u010dovjek ko ne umre&#8221;, najavio je danas direktor ove ku\u0107e Zoran Baro\u0161.<\/p>\n<p>&#8220;Na ovaj na\u010din jo\u0161 jednom se prisje\u0107amo Radenka Bilbije koji je u Pozori\u0161tu Prijedor ostavio neizbrisiv trag sa vi\u0161e od 60 uloga, od kojih je dobar dio, da ne ka\u017eem ve\u0107ina, glavnih uloga; koji je potpisao vi\u0161e od 20 re\u017eija i koji je uradio idejna rje\u0161enja za 25 scenografija. Dakle, to su fascinantne brojke za svako pozori\u0161te u regionu, pogotovo za na\u0161e&#8221;, rekao je Baro\u0161 na konferenciji za novinare.<\/p>\n<p>Autor izdanja &#8220;U sje\u0107anju Radenko Bilbija&#8221; jeste Marko Misira\u010da, a izdava\u010d Pozori\u0161te Prijedor.<\/p>\n<p>&#8220;To je ne\u0161to \u0161to o \u010demu Marko Misira\u010da, Darko Cvijeti\u0107 i ja pri\u010damo posljednje dvije godine da \u0107emo uraditi i evo stekli su se uslovi da spojimo Markov boravak ovdje i na\u0161e mogu\u0107nosti da to uradimo&#8221;, naveo je Baro\u0161.<\/p>\n<p><a href=\"https:\/\/www.prijedordanas.com\/wp-content\/uploads\/2019\/10\/pozoriste-prijedor-u-sjecanju-radenko-bilbija.jpg\"><img loading=\"lazy\" decoding=\"async\" class=\"alignleft size-medium wp-image-134977\" src=\"https:\/\/www.prijedordanas.com\/wp-content\/uploads\/2019\/10\/pozoriste-prijedor-u-sjecanju-radenko-bilbija-300x300.jpg\" alt=\"\" width=\"300\" height=\"300\" srcset=\"https:\/\/www.prijedordanas.com\/wp-content\/uploads\/2019\/10\/pozoriste-prijedor-u-sjecanju-radenko-bilbija-300x300.jpg 300w, https:\/\/www.prijedordanas.com\/wp-content\/uploads\/2019\/10\/pozoriste-prijedor-u-sjecanju-radenko-bilbija-150x150.jpg 150w, https:\/\/www.prijedordanas.com\/wp-content\/uploads\/2019\/10\/pozoriste-prijedor-u-sjecanju-radenko-bilbija-100x100.jpg 100w, https:\/\/www.prijedordanas.com\/wp-content\/uploads\/2019\/10\/pozoriste-prijedor-u-sjecanju-radenko-bilbija-50x50.jpg 50w, https:\/\/www.prijedordanas.com\/wp-content\/uploads\/2019\/10\/pozoriste-prijedor-u-sjecanju-radenko-bilbija.jpg 600w\" sizes=\"(max-width: 300px) 100vw, 300px\" \/><\/a>Promocija ove publikacije i izlo\u017eba fotografija Radenka Bilbije i predstava odr\u017ea\u0107e se u holu Pozori\u0161ta Prijedor u 19.30 \u010dasova, a prva premijera u ovoj sezoni u 20.00 \u010dasova.<\/p>\n<p>Rije\u010d je o tekstu Velimira Velje Stojanovi\u0107a u adaptaciji i re\u017eiji Marka Misira\u010de.<\/p>\n<p>Dramaturg je Darko Cvijeti\u0107 kojem je u sezoni 1991\/92. ovaj tekst bio rediteljski debi u Pozori\u0161tu Prijedor, kada su igrali Radenko Bilbija, Rade Stupar, Almir Sinanagi\u0107, Zlata Kogelnik i Sead Bleki\u0107.<\/p>\n<p>Re\u017eiser Marko Misira\u010da rekao je da je u\u017eivao rade\u0107i ovaj komad koji je vi\u0161e puta ra\u0111en u biv\u0161oj Jugoslaviji, ali ne i u poslijeratnom periodu, te da su, osim tragikomi\u010dne pri\u010de o zatvorenosti i zato\u010denosti i mentalnoj i fizi\u010dkoj, sada pridodati i obrisi ovog vremena.<\/p>\n<p>&#8220;Sada su ti ljudi, koji su i nacionalno, etni\u010dki razli\u010diti, svi bili i u\u010desnici rata i to je bio zanimljiv prostor za dodatne bizarne, nevjerovatne tragikomi\u010dne situacije i te situacije su glumci briljanto iskoristili&#8221;, rekao je Misira\u010da.<\/p>\n<p><a href=\"https:\/\/www.prijedordanas.com\/wp-content\/uploads\/2019\/10\/nije-covjek-ko-ne-umre-plakat.jpg\"><img loading=\"lazy\" decoding=\"async\" src=\"https:\/\/www.prijedordanas.com\/wp-content\/uploads\/2019\/10\/nije-covjek-ko-ne-umre-plakat-171x300.jpg\" alt=\"\" width=\"171\" height=\"300\" class=\"alignleft size-medium wp-image-134978\" srcset=\"https:\/\/www.prijedordanas.com\/wp-content\/uploads\/2019\/10\/nije-covjek-ko-ne-umre-plakat-171x300.jpg 171w, https:\/\/www.prijedordanas.com\/wp-content\/uploads\/2019\/10\/nije-covjek-ko-ne-umre-plakat-57x100.jpg 57w, https:\/\/www.prijedordanas.com\/wp-content\/uploads\/2019\/10\/nije-covjek-ko-ne-umre-plakat.jpg 398w\" sizes=\"(max-width: 171px) 100vw, 171px\" \/><\/a>U predstavi igraju kao gost Aleksandar Stojkovi\u0107, glumac Narodnog pozori\u0161ta Republike Srpske, te glumci Pozori\u0161ta Prijedor Mirela Predojevi\u0107, Dean Batoz, \u017delimir Rivi\u0107 i Sini\u0161a Vu\u010di\u0107evi\u0107.<\/p>\n<p>Glumica Mirela Predojevi\u0107 rekla je da ovom predstavom teatar ispunjava svoju ulogu da edukuje i ukazuje na probleme sa kojima se ljudi susre\u0107u i na dobre i lo\u0161e stvari.<\/p>\n<p>&#8220;I dalje mislim da tekst ima mnogo \u0161ta da ka\u017ee i da \u0107e to publika da prepozna. Reditelj je minimalnim, ali preciznim i jasnim uplitanjima u tekst, dao jedan lijep okvir i svoje vi\u0111enje koje treba svaki reditelj da daje, a, na\u017ealost, ponekad se to ne de\u0161ava&#8221;, rekla je Predojevi\u0107eva.<\/p>\n<p>Glumac Dean Batoz rekao je da tuma\u010di lik Ivana, \u0161e\u0107era\u0161a i ratnog veterana koji boluje od PTSP-a.<\/p>\n<p>&#8220;To se mo\u017eda i malo krije kod nas, a dosta je zastupljeno kod ljudi koji su pro\u0161li kroz rat. Trudili smo se da malo potcrtamo tu liniju&#8221;, dodao je Batoz.<\/p>\n<p>U predstavi &#8220;Nije \u010dovjek ko ne umre&#8221; grupu ljudi razli\u010ditih vjera, smje\u0161tenih u jednu bolni\u010dku sobu, razdvaja mnogo toga, ali ih ve\u017ee zajedni\u010dka muka &#8211; bolest. Poku\u0161avaju prona\u0107i izlaz iz za\u010daranog kruga i pobijediti surovu realnost.<\/p>\n<p>Cijena ulaznice za premjeru je sedam KM, a pet KM za prvu reprizu koja \u0107e biti odigrana u srijedu, 16. oktobra.<\/p>\n<p>SRNA<\/p>\n","protected":false},"excerpt":{"rendered":"<p>Pozori\u0161te Prijedor otvori\u0107e u nedjelju, 13. oktobra, 67. sezonu promocijom publikacije i izlo\u017ebom fotografija posve\u0107enih preminulom glumcu, re\u017eiseru i scenografu ove ku\u0107e Radenku Bilbiji, a potom i premijerom predstave &#8220;Nije [&hellip;]<\/p>\n","protected":false},"author":1,"featured_media":0,"comment_status":"closed","ping_status":"open","sticky":false,"template":"","format":"standard","meta":{"_monsterinsights_skip_tracking":false,"_monsterinsights_sitenote_active":false,"_monsterinsights_sitenote_note":"","_monsterinsights_sitenote_category":0,"footnotes":""},"categories":[6],"tags":[],"yoast_head":"<!-- This site is optimized with the Yoast SEO plugin v21.6 - https:\/\/yoast.com\/wordpress\/plugins\/seo\/ -->\n<title>Pozori\u0161te Prijedor otvara novu sezonu: Premijera predstave &quot;Nije \u010dovjek ko ne umre&quot; i promocija publikacije i izlo\u017eba fotografija posve\u0107enih Radenku Bilbiji - PrijedorDanas.com - Prijedorski gradski portal<\/title>\n<meta name=\"robots\" content=\"index, follow, max-snippet:-1, max-image-preview:large, max-video-preview:-1\" \/>\n<link rel=\"canonical\" href=\"https:\/\/www.prijedordanas.com\/?p=134974\" \/>\n<meta property=\"og:locale\" content=\"en_US\" \/>\n<meta property=\"og:type\" content=\"article\" \/>\n<meta property=\"og:title\" content=\"Pozori\u0161te Prijedor otvara novu sezonu: Premijera predstave &quot;Nije \u010dovjek ko ne umre&quot; i promocija publikacije i izlo\u017eba fotografija posve\u0107enih Radenku Bilbiji - PrijedorDanas.com - Prijedorski gradski portal\" \/>\n<meta property=\"og:description\" content=\"Pozori\u0161te Prijedor otvori\u0107e u nedjelju, 13. oktobra, 67. sezonu promocijom publikacije i izlo\u017ebom fotografija posve\u0107enih preminulom glumcu, re\u017eiseru i scenografu ove ku\u0107e Radenku Bilbiji, a potom i premijerom predstave &#8220;Nije [&hellip;]\" \/>\n<meta property=\"og:url\" content=\"https:\/\/www.prijedordanas.com\/?p=134974\" \/>\n<meta property=\"og:site_name\" content=\"PrijedorDanas.com - Prijedorski gradski portal\" \/>\n<meta property=\"article:publisher\" content=\"https:\/\/www.facebook.com\/PrijedorDanasCom\/\" \/>\n<meta property=\"article:published_time\" content=\"2019-10-11T11:34:34+00:00\" \/>\n<meta property=\"article:modified_time\" content=\"2019-10-11T13:57:08+00:00\" \/>\n<meta property=\"og:image\" content=\"https:\/\/www.prijedordanas.com\/wp-content\/uploads\/2019\/10\/pozoriste-prijedor-pocinje-nova-sezona-300x225.jpg\" \/>\n<meta name=\"author\" content=\"admin\" \/>\n<meta name=\"twitter:card\" content=\"summary_large_image\" \/>\n<meta name=\"twitter:label1\" content=\"Written by\" \/>\n\t<meta name=\"twitter:data1\" content=\"admin\" \/>\n\t<meta name=\"twitter:label2\" content=\"Est. reading time\" \/>\n\t<meta name=\"twitter:data2\" content=\"3 minutes\" \/>\n<script type=\"application\/ld+json\" class=\"yoast-schema-graph\">{\"@context\":\"https:\/\/schema.org\",\"@graph\":[{\"@type\":\"Article\",\"@id\":\"https:\/\/www.prijedordanas.com\/?p=134974#article\",\"isPartOf\":{\"@id\":\"https:\/\/www.prijedordanas.com\/?p=134974\"},\"author\":{\"name\":\"admin\",\"@id\":\"https:\/\/www.prijedordanas.com\/#\/schema\/person\/4e08ccf29b506ca916ff86d46bb700e6\"},\"headline\":\"Pozori\u0161te Prijedor otvara novu sezonu: Premijera predstave &#8220;Nije \u010dovjek ko ne umre&#8221; i promocija publikacije i izlo\u017eba fotografija posve\u0107enih Radenku Bilbiji\",\"datePublished\":\"2019-10-11T11:34:34+00:00\",\"dateModified\":\"2019-10-11T13:57:08+00:00\",\"mainEntityOfPage\":{\"@id\":\"https:\/\/www.prijedordanas.com\/?p=134974\"},\"wordCount\":616,\"publisher\":{\"@id\":\"https:\/\/www.prijedordanas.com\/#organization\"},\"articleSection\":[\"Kultura\"],\"inLanguage\":\"en-US\"},{\"@type\":\"WebPage\",\"@id\":\"https:\/\/www.prijedordanas.com\/?p=134974\",\"url\":\"https:\/\/www.prijedordanas.com\/?p=134974\",\"name\":\"Pozori\u0161te Prijedor otvara novu sezonu: Premijera predstave \\\"Nije \u010dovjek ko ne umre\\\" i promocija publikacije i izlo\u017eba fotografija posve\u0107enih Radenku Bilbiji - PrijedorDanas.com - Prijedorski gradski portal\",\"isPartOf\":{\"@id\":\"https:\/\/www.prijedordanas.com\/#website\"},\"datePublished\":\"2019-10-11T11:34:34+00:00\",\"dateModified\":\"2019-10-11T13:57:08+00:00\",\"breadcrumb\":{\"@id\":\"https:\/\/www.prijedordanas.com\/?p=134974#breadcrumb\"},\"inLanguage\":\"en-US\",\"potentialAction\":[{\"@type\":\"ReadAction\",\"target\":[\"https:\/\/www.prijedordanas.com\/?p=134974\"]}]},{\"@type\":\"BreadcrumbList\",\"@id\":\"https:\/\/www.prijedordanas.com\/?p=134974#breadcrumb\",\"itemListElement\":[{\"@type\":\"ListItem\",\"position\":1,\"name\":\"Home\",\"item\":\"https:\/\/www.prijedordanas.com\/\"},{\"@type\":\"ListItem\",\"position\":2,\"name\":\"Pozori\u0161te Prijedor otvara novu sezonu: Premijera predstave &#8220;Nije \u010dovjek ko ne umre&#8221; i promocija publikacije i izlo\u017eba fotografija posve\u0107enih Radenku Bilbiji\"}]},{\"@type\":\"WebSite\",\"@id\":\"https:\/\/www.prijedordanas.com\/#website\",\"url\":\"https:\/\/www.prijedordanas.com\/\",\"name\":\"PrijedorDanas.com - Prijedorski gradski portal\",\"description\":\"Portal o doga\u0111anjima u gradu Prijedoru\",\"publisher\":{\"@id\":\"https:\/\/www.prijedordanas.com\/#organization\"},\"potentialAction\":[{\"@type\":\"SearchAction\",\"target\":{\"@type\":\"EntryPoint\",\"urlTemplate\":\"https:\/\/www.prijedordanas.com\/?s={search_term_string}\"},\"query-input\":\"required name=search_term_string\"}],\"inLanguage\":\"en-US\"},{\"@type\":\"Organization\",\"@id\":\"https:\/\/www.prijedordanas.com\/#organization\",\"name\":\"PrijedorDanas.com\",\"url\":\"https:\/\/www.prijedordanas.com\/\",\"logo\":{\"@type\":\"ImageObject\",\"inLanguage\":\"en-US\",\"@id\":\"https:\/\/www.prijedordanas.com\/#\/schema\/logo\/image\/\",\"url\":\"http:\/\/www.prijedordanas.com\/wp-content\/uploads\/2021\/12\/logopng.png\",\"contentUrl\":\"http:\/\/www.prijedordanas.com\/wp-content\/uploads\/2021\/12\/logopng.png\",\"width\":1019,\"height\":776,\"caption\":\"PrijedorDanas.com\"},\"image\":{\"@id\":\"https:\/\/www.prijedordanas.com\/#\/schema\/logo\/image\/\"},\"sameAs\":[\"https:\/\/www.facebook.com\/PrijedorDanasCom\/\"]},{\"@type\":\"Person\",\"@id\":\"https:\/\/www.prijedordanas.com\/#\/schema\/person\/4e08ccf29b506ca916ff86d46bb700e6\",\"name\":\"admin\",\"image\":{\"@type\":\"ImageObject\",\"inLanguage\":\"en-US\",\"@id\":\"https:\/\/www.prijedordanas.com\/#\/schema\/person\/image\/\",\"url\":\"https:\/\/secure.gravatar.com\/avatar\/1d3fc949d550f0b53a5f0d51e06dfd79?s=96&d=mm&r=g\",\"contentUrl\":\"https:\/\/secure.gravatar.com\/avatar\/1d3fc949d550f0b53a5f0d51e06dfd79?s=96&d=mm&r=g\",\"caption\":\"admin\"},\"url\":\"https:\/\/www.prijedordanas.com\/?author=1\"}]}<\/script>\n<!-- \/ Yoast SEO plugin. -->","yoast_head_json":{"title":"Pozori\u0161te Prijedor otvara novu sezonu: Premijera predstave \"Nije \u010dovjek ko ne umre\" i promocija publikacije i izlo\u017eba fotografija posve\u0107enih Radenku Bilbiji - PrijedorDanas.com - Prijedorski gradski portal","robots":{"index":"index","follow":"follow","max-snippet":"max-snippet:-1","max-image-preview":"max-image-preview:large","max-video-preview":"max-video-preview:-1"},"canonical":"https:\/\/www.prijedordanas.com\/?p=134974","og_locale":"en_US","og_type":"article","og_title":"Pozori\u0161te Prijedor otvara novu sezonu: Premijera predstave \"Nije \u010dovjek ko ne umre\" i promocija publikacije i izlo\u017eba fotografija posve\u0107enih Radenku Bilbiji - PrijedorDanas.com - Prijedorski gradski portal","og_description":"Pozori\u0161te Prijedor otvori\u0107e u nedjelju, 13. oktobra, 67. sezonu promocijom publikacije i izlo\u017ebom fotografija posve\u0107enih preminulom glumcu, re\u017eiseru i scenografu ove ku\u0107e Radenku Bilbiji, a potom i premijerom predstave &#8220;Nije [&hellip;]","og_url":"https:\/\/www.prijedordanas.com\/?p=134974","og_site_name":"PrijedorDanas.com - Prijedorski gradski portal","article_publisher":"https:\/\/www.facebook.com\/PrijedorDanasCom\/","article_published_time":"2019-10-11T11:34:34+00:00","article_modified_time":"2019-10-11T13:57:08+00:00","og_image":[{"url":"https:\/\/www.prijedordanas.com\/wp-content\/uploads\/2019\/10\/pozoriste-prijedor-pocinje-nova-sezona-300x225.jpg"}],"author":"admin","twitter_card":"summary_large_image","twitter_misc":{"Written by":"admin","Est. reading time":"3 minutes"},"schema":{"@context":"https:\/\/schema.org","@graph":[{"@type":"Article","@id":"https:\/\/www.prijedordanas.com\/?p=134974#article","isPartOf":{"@id":"https:\/\/www.prijedordanas.com\/?p=134974"},"author":{"name":"admin","@id":"https:\/\/www.prijedordanas.com\/#\/schema\/person\/4e08ccf29b506ca916ff86d46bb700e6"},"headline":"Pozori\u0161te Prijedor otvara novu sezonu: Premijera predstave &#8220;Nije \u010dovjek ko ne umre&#8221; i promocija publikacije i izlo\u017eba fotografija posve\u0107enih Radenku Bilbiji","datePublished":"2019-10-11T11:34:34+00:00","dateModified":"2019-10-11T13:57:08+00:00","mainEntityOfPage":{"@id":"https:\/\/www.prijedordanas.com\/?p=134974"},"wordCount":616,"publisher":{"@id":"https:\/\/www.prijedordanas.com\/#organization"},"articleSection":["Kultura"],"inLanguage":"en-US"},{"@type":"WebPage","@id":"https:\/\/www.prijedordanas.com\/?p=134974","url":"https:\/\/www.prijedordanas.com\/?p=134974","name":"Pozori\u0161te Prijedor otvara novu sezonu: Premijera predstave \"Nije \u010dovjek ko ne umre\" i promocija publikacije i izlo\u017eba fotografija posve\u0107enih Radenku Bilbiji - PrijedorDanas.com - Prijedorski gradski portal","isPartOf":{"@id":"https:\/\/www.prijedordanas.com\/#website"},"datePublished":"2019-10-11T11:34:34+00:00","dateModified":"2019-10-11T13:57:08+00:00","breadcrumb":{"@id":"https:\/\/www.prijedordanas.com\/?p=134974#breadcrumb"},"inLanguage":"en-US","potentialAction":[{"@type":"ReadAction","target":["https:\/\/www.prijedordanas.com\/?p=134974"]}]},{"@type":"BreadcrumbList","@id":"https:\/\/www.prijedordanas.com\/?p=134974#breadcrumb","itemListElement":[{"@type":"ListItem","position":1,"name":"Home","item":"https:\/\/www.prijedordanas.com\/"},{"@type":"ListItem","position":2,"name":"Pozori\u0161te Prijedor otvara novu sezonu: Premijera predstave &#8220;Nije \u010dovjek ko ne umre&#8221; i promocija publikacije i izlo\u017eba fotografija posve\u0107enih Radenku Bilbiji"}]},{"@type":"WebSite","@id":"https:\/\/www.prijedordanas.com\/#website","url":"https:\/\/www.prijedordanas.com\/","name":"PrijedorDanas.com - Prijedorski gradski portal","description":"Portal o doga\u0111anjima u gradu Prijedoru","publisher":{"@id":"https:\/\/www.prijedordanas.com\/#organization"},"potentialAction":[{"@type":"SearchAction","target":{"@type":"EntryPoint","urlTemplate":"https:\/\/www.prijedordanas.com\/?s={search_term_string}"},"query-input":"required name=search_term_string"}],"inLanguage":"en-US"},{"@type":"Organization","@id":"https:\/\/www.prijedordanas.com\/#organization","name":"PrijedorDanas.com","url":"https:\/\/www.prijedordanas.com\/","logo":{"@type":"ImageObject","inLanguage":"en-US","@id":"https:\/\/www.prijedordanas.com\/#\/schema\/logo\/image\/","url":"http:\/\/www.prijedordanas.com\/wp-content\/uploads\/2021\/12\/logopng.png","contentUrl":"http:\/\/www.prijedordanas.com\/wp-content\/uploads\/2021\/12\/logopng.png","width":1019,"height":776,"caption":"PrijedorDanas.com"},"image":{"@id":"https:\/\/www.prijedordanas.com\/#\/schema\/logo\/image\/"},"sameAs":["https:\/\/www.facebook.com\/PrijedorDanasCom\/"]},{"@type":"Person","@id":"https:\/\/www.prijedordanas.com\/#\/schema\/person\/4e08ccf29b506ca916ff86d46bb700e6","name":"admin","image":{"@type":"ImageObject","inLanguage":"en-US","@id":"https:\/\/www.prijedordanas.com\/#\/schema\/person\/image\/","url":"https:\/\/secure.gravatar.com\/avatar\/1d3fc949d550f0b53a5f0d51e06dfd79?s=96&d=mm&r=g","contentUrl":"https:\/\/secure.gravatar.com\/avatar\/1d3fc949d550f0b53a5f0d51e06dfd79?s=96&d=mm&r=g","caption":"admin"},"url":"https:\/\/www.prijedordanas.com\/?author=1"}]}},"_links":{"self":[{"href":"https:\/\/www.prijedordanas.com\/index.php?rest_route=\/wp\/v2\/posts\/134974"}],"collection":[{"href":"https:\/\/www.prijedordanas.com\/index.php?rest_route=\/wp\/v2\/posts"}],"about":[{"href":"https:\/\/www.prijedordanas.com\/index.php?rest_route=\/wp\/v2\/types\/post"}],"author":[{"embeddable":true,"href":"https:\/\/www.prijedordanas.com\/index.php?rest_route=\/wp\/v2\/users\/1"}],"replies":[{"embeddable":true,"href":"https:\/\/www.prijedordanas.com\/index.php?rest_route=%2Fwp%2Fv2%2Fcomments&post=134974"}],"version-history":[{"count":3,"href":"https:\/\/www.prijedordanas.com\/index.php?rest_route=\/wp\/v2\/posts\/134974\/revisions"}],"predecessor-version":[{"id":134991,"href":"https:\/\/www.prijedordanas.com\/index.php?rest_route=\/wp\/v2\/posts\/134974\/revisions\/134991"}],"wp:attachment":[{"href":"https:\/\/www.prijedordanas.com\/index.php?rest_route=%2Fwp%2Fv2%2Fmedia&parent=134974"}],"wp:term":[{"taxonomy":"category","embeddable":true,"href":"https:\/\/www.prijedordanas.com\/index.php?rest_route=%2Fwp%2Fv2%2Fcategories&post=134974"},{"taxonomy":"post_tag","embeddable":true,"href":"https:\/\/www.prijedordanas.com\/index.php?rest_route=%2Fwp%2Fv2%2Ftags&post=134974"}],"curies":[{"name":"wp","href":"https:\/\/api.w.org\/{rel}","templated":true}]}}