{"id":134779,"date":"2019-10-07T18:43:41","date_gmt":"2019-10-07T16:43:41","guid":{"rendered":"https:\/\/www.prijedordanas.com\/?p=134779"},"modified":"2019-10-07T18:43:41","modified_gmt":"2019-10-07T16:43:41","slug":"nedjelja-djeteta-gradonacelnik-dakovic-urucio-sertifikate-polaznicima-obuke-za-hranitelje-foto","status":"publish","type":"post","link":"https:\/\/www.prijedordanas.com\/?p=134779","title":{"rendered":"Nedjelja djeteta: Gradona\u010delnik \u0110akovi\u0107 uru\u010dio sertifikate polaznicima obuke za hranitelje &#8211; FOTO"},"content":{"rendered":"<p><a href=\"https:\/\/www.prijedordanas.com\/wp-content\/uploads\/2019\/10\/prijedorgradorg-djakovic-polaznici-obuke-za-hranitelje-1.jpg\"><img loading=\"lazy\" decoding=\"async\" class=\"alignleft size-medium wp-image-134780\" src=\"https:\/\/www.prijedordanas.com\/wp-content\/uploads\/2019\/10\/prijedorgradorg-djakovic-polaznici-obuke-za-hranitelje-1-300x261.jpg\" alt=\"\" width=\"300\" height=\"261\" srcset=\"https:\/\/www.prijedordanas.com\/wp-content\/uploads\/2019\/10\/prijedorgradorg-djakovic-polaznici-obuke-za-hranitelje-1-300x261.jpg 300w, https:\/\/www.prijedordanas.com\/wp-content\/uploads\/2019\/10\/prijedorgradorg-djakovic-polaznici-obuke-za-hranitelje-1-100x87.jpg 100w, https:\/\/www.prijedordanas.com\/wp-content\/uploads\/2019\/10\/prijedorgradorg-djakovic-polaznici-obuke-za-hranitelje-1.jpg 600w\" sizes=\"(max-width: 300px) 100vw, 300px\" \/><\/a>Program obilje\u017eavanja Dje\u010dije nedjelje Ministarstva zdravlja i socijalne za\u0161tite Republike Srpske ove godine provodi se pod sloganom &#8220;Moja sedmica, moja godina&#8221;, a Centar za socijalni rad Prijedor je od raspolo\u017eivih tema odabrao za\u0161titu djece bez roditeljskog staranja.<\/p>\n<p>Tim povodom, danas su u Centru za socijalni rad Prijedor uru\u010deni sertifikati za osam polaznika, koji su pro\u0161li kroz obuku za hranitelje radi sticanja statusa hranitelja koja je u Centru provedena tokom septembra.<\/p>\n<p>Direktor Centra za socijalni rad Branislav Vujasin je izjavio da se na evidenciji Centra za socijalni rad Prijedor nalazi 60 djece bez roditeljskog staranja, od \u010dega je njih 40 smje\u0161teno u hraniteljske porodice, dok se 20 nalazi u specijalizovanim ustanovama.<\/p>\n<p><a href=\"https:\/\/www.prijedordanas.com\/wp-content\/uploads\/2019\/10\/prijedorgradorg-djakovic-polaznici-obuke-za-hranitelje-2.jpg\"><img loading=\"lazy\" decoding=\"async\" class=\"alignleft size-medium wp-image-134781\" src=\"https:\/\/www.prijedordanas.com\/wp-content\/uploads\/2019\/10\/prijedorgradorg-djakovic-polaznici-obuke-za-hranitelje-2-300x225.jpg\" alt=\"\" width=\"300\" height=\"225\" srcset=\"https:\/\/www.prijedordanas.com\/wp-content\/uploads\/2019\/10\/prijedorgradorg-djakovic-polaznici-obuke-za-hranitelje-2-300x225.jpg 300w, https:\/\/www.prijedordanas.com\/wp-content\/uploads\/2019\/10\/prijedorgradorg-djakovic-polaznici-obuke-za-hranitelje-2-100x75.jpg 100w, https:\/\/www.prijedordanas.com\/wp-content\/uploads\/2019\/10\/prijedorgradorg-djakovic-polaznici-obuke-za-hranitelje-2-640x480.jpg 640w, https:\/\/www.prijedordanas.com\/wp-content\/uploads\/2019\/10\/prijedorgradorg-djakovic-polaznici-obuke-za-hranitelje-2.jpg 667w\" sizes=\"(max-width: 300px) 100vw, 300px\" \/><\/a>&#8220;Centar za socijalni rad podr\u017eava i promovi\u0161e hraniteljstvo kao jedan od najhumanijih vidova zbrinjavanja djece bez roditeljskog staranja&#8221; istakao je Vujasin.<\/p>\n<p>On je pojasnio da je cilj provedene obuke koja je trajala petnaestak dana bio da se zainteresovana lica obu\u010de i pripreme za obavljanje hraniteljstva, ovaj put posebno za zbrinjavanje maloljetnih lica u njihove porodice.<\/p>\n<p>Gradona\u010delnik Prijedora Milenko \u0110akovi\u0107 je izjavio da se Gradska uprava zala\u017ee da pitanje dje\u010dije za\u0161tite bude \u0161to kvalitetnije rije\u0161eno pa tako i kroz podr\u0161ku Centru za socijalni rad.<\/p>\n<p><a href=\"https:\/\/www.prijedordanas.com\/wp-content\/uploads\/2019\/10\/prijedorgradorg-djakovic-polaznici-obuke-za-hranitelje-7.jpg\"><img loading=\"lazy\" decoding=\"async\" src=\"https:\/\/www.prijedordanas.com\/wp-content\/uploads\/2019\/10\/prijedorgradorg-djakovic-polaznici-obuke-za-hranitelje-7-300x225.jpg\" alt=\"\" width=\"300\" height=\"225\" class=\"alignleft size-medium wp-image-134782\" srcset=\"https:\/\/www.prijedordanas.com\/wp-content\/uploads\/2019\/10\/prijedorgradorg-djakovic-polaznici-obuke-za-hranitelje-7-300x225.jpg 300w, https:\/\/www.prijedordanas.com\/wp-content\/uploads\/2019\/10\/prijedorgradorg-djakovic-polaznici-obuke-za-hranitelje-7-100x75.jpg 100w, https:\/\/www.prijedordanas.com\/wp-content\/uploads\/2019\/10\/prijedorgradorg-djakovic-polaznici-obuke-za-hranitelje-7-640x480.jpg 640w, https:\/\/www.prijedordanas.com\/wp-content\/uploads\/2019\/10\/prijedorgradorg-djakovic-polaznici-obuke-za-hranitelje-7.jpg 667w\" sizes=\"(max-width: 300px) 100vw, 300px\" \/><\/a>&#8220;Mi \u0107emo nastaviti dalje sa svim vidovima socijalne pomo\u0107i i to je jedan neprekidan proces koji traje uz stalno pove\u0107avanje sredstava namijenjenih za izvr\u0161avanje planova i zadataka Centra za socijalni rad&#8221;, naglasio je \u0110akovi\u0107.<\/p>\n<p>Za sutra je u Centru najavljena kreativna radionica sa djecom o temi &#8220;Moja hraniteljska porodica&#8221;, gdje \u0107e u\u010desnicima biti uru\u010deni prigodni pokloni.<\/p>\n<p>U petak \u0107e u prostorijama Centra biti organizovan okrugli sto o temi &#8220;Za\u0161tita djece bez roditeljskog staranja nakon izlaska iz sistema socijalne za\u0161tite&#8221;.<\/p>\n<p>Okruglom stolu \u0107e prisustvovati predstavnici institucija koje zajedno mogu raditi na unapre\u0111enju \u017eivota djece bez roditeljskog staranja nakon zavr\u0161etka \u0161kolovanja i napu\u0161tanja doma odnosno hraniteljske porodice.<\/p>\n<p>Nedjelja djeteta traje do 13.oktobra.<\/p>\n<p>www.prijedorgrad.org<\/p>\n<p><a href=\"https:\/\/www.prijedordanas.com\/wp-content\/uploads\/2019\/10\/prijedorgradorg-djakovic-polaznici-obuke-za-hranitelje-6.jpg\"><img loading=\"lazy\" decoding=\"async\" src=\"https:\/\/www.prijedordanas.com\/wp-content\/uploads\/2019\/10\/prijedorgradorg-djakovic-polaznici-obuke-za-hranitelje-6-231x300.jpg\" alt=\"\" width=\"231\" height=\"300\" class=\"alignleft size-medium wp-image-134783\" srcset=\"https:\/\/www.prijedordanas.com\/wp-content\/uploads\/2019\/10\/prijedorgradorg-djakovic-polaznici-obuke-za-hranitelje-6-231x300.jpg 231w, https:\/\/www.prijedordanas.com\/wp-content\/uploads\/2019\/10\/prijedorgradorg-djakovic-polaznici-obuke-za-hranitelje-6-77x100.jpg 77w, https:\/\/www.prijedordanas.com\/wp-content\/uploads\/2019\/10\/prijedorgradorg-djakovic-polaznici-obuke-za-hranitelje-6.jpg 461w\" sizes=\"(max-width: 231px) 100vw, 231px\" \/><\/a> <a href=\"https:\/\/www.prijedordanas.com\/wp-content\/uploads\/2019\/10\/prijedorgradorg-djakovic-polaznici-obuke-za-hranitelje-5.jpg\"><img loading=\"lazy\" decoding=\"async\" src=\"https:\/\/www.prijedordanas.com\/wp-content\/uploads\/2019\/10\/prijedorgradorg-djakovic-polaznici-obuke-za-hranitelje-5-255x300.jpg\" alt=\"\" width=\"255\" height=\"300\" class=\"alignleft size-medium wp-image-134784\" srcset=\"https:\/\/www.prijedordanas.com\/wp-content\/uploads\/2019\/10\/prijedorgradorg-djakovic-polaznici-obuke-za-hranitelje-5-255x300.jpg 255w, https:\/\/www.prijedordanas.com\/wp-content\/uploads\/2019\/10\/prijedorgradorg-djakovic-polaznici-obuke-za-hranitelje-5-85x100.jpg 85w, https:\/\/www.prijedordanas.com\/wp-content\/uploads\/2019\/10\/prijedorgradorg-djakovic-polaznici-obuke-za-hranitelje-5.jpg 509w\" sizes=\"(max-width: 255px) 100vw, 255px\" \/><\/a> <a href=\"https:\/\/www.prijedordanas.com\/wp-content\/uploads\/2019\/10\/prijedorgradorg-djakovic-polaznici-obuke-za-hranitelje-3.jpg\"><img loading=\"lazy\" decoding=\"async\" src=\"https:\/\/www.prijedordanas.com\/wp-content\/uploads\/2019\/10\/prijedorgradorg-djakovic-polaznici-obuke-za-hranitelje-3-252x300.jpg\" alt=\"\" width=\"252\" height=\"300\" class=\"alignleft size-medium wp-image-134785\" srcset=\"https:\/\/www.prijedordanas.com\/wp-content\/uploads\/2019\/10\/prijedorgradorg-djakovic-polaznici-obuke-za-hranitelje-3-252x300.jpg 252w, https:\/\/www.prijedordanas.com\/wp-content\/uploads\/2019\/10\/prijedorgradorg-djakovic-polaznici-obuke-za-hranitelje-3-84x100.jpg 84w, https:\/\/www.prijedordanas.com\/wp-content\/uploads\/2019\/10\/prijedorgradorg-djakovic-polaznici-obuke-za-hranitelje-3.jpg 503w\" sizes=\"(max-width: 252px) 100vw, 252px\" \/><\/a><\/p>\n","protected":false},"excerpt":{"rendered":"<p>Program obilje\u017eavanja Dje\u010dije nedjelje Ministarstva zdravlja i socijalne za\u0161tite Republike Srpske ove godine provodi se pod sloganom &#8220;Moja sedmica, moja godina&#8221;, a Centar za socijalni rad Prijedor je od raspolo\u017eivih [&hellip;]<\/p>\n","protected":false},"author":1,"featured_media":0,"comment_status":"closed","ping_status":"open","sticky":false,"template":"","format":"standard","meta":{"_monsterinsights_skip_tracking":false,"_monsterinsights_sitenote_active":false,"_monsterinsights_sitenote_note":"","_monsterinsights_sitenote_category":0,"footnotes":""},"categories":[4],"tags":[],"yoast_head":"<!-- This site is optimized with the Yoast SEO plugin v21.6 - https:\/\/yoast.com\/wordpress\/plugins\/seo\/ -->\n<title>Nedjelja djeteta: Gradona\u010delnik \u0110akovi\u0107 uru\u010dio sertifikate polaznicima obuke za hranitelje - FOTO - PrijedorDanas.com - Prijedorski gradski portal<\/title>\n<meta name=\"robots\" content=\"index, follow, max-snippet:-1, max-image-preview:large, max-video-preview:-1\" \/>\n<link rel=\"canonical\" href=\"https:\/\/www.prijedordanas.com\/?p=134779\" \/>\n<meta property=\"og:locale\" content=\"en_US\" \/>\n<meta property=\"og:type\" content=\"article\" \/>\n<meta property=\"og:title\" content=\"Nedjelja djeteta: Gradona\u010delnik \u0110akovi\u0107 uru\u010dio sertifikate polaznicima obuke za hranitelje - FOTO - PrijedorDanas.com - Prijedorski gradski portal\" \/>\n<meta property=\"og:description\" content=\"Program obilje\u017eavanja Dje\u010dije nedjelje Ministarstva zdravlja i socijalne za\u0161tite Republike Srpske ove godine provodi se pod sloganom &#8220;Moja sedmica, moja godina&#8221;, a Centar za socijalni rad Prijedor je od raspolo\u017eivih [&hellip;]\" \/>\n<meta property=\"og:url\" content=\"https:\/\/www.prijedordanas.com\/?p=134779\" \/>\n<meta property=\"og:site_name\" content=\"PrijedorDanas.com - Prijedorski gradski portal\" \/>\n<meta property=\"article:publisher\" content=\"https:\/\/www.facebook.com\/PrijedorDanasCom\/\" \/>\n<meta property=\"article:published_time\" content=\"2019-10-07T16:43:41+00:00\" \/>\n<meta property=\"og:image\" content=\"https:\/\/www.prijedordanas.com\/wp-content\/uploads\/2019\/10\/prijedorgradorg-djakovic-polaznici-obuke-za-hranitelje-1-300x261.jpg\" \/>\n<meta name=\"author\" content=\"admin\" \/>\n<meta name=\"twitter:card\" content=\"summary_large_image\" \/>\n<meta name=\"twitter:label1\" content=\"Written by\" \/>\n\t<meta name=\"twitter:data1\" content=\"admin\" \/>\n\t<meta name=\"twitter:label2\" content=\"Est. reading time\" \/>\n\t<meta name=\"twitter:data2\" content=\"2 minutes\" \/>\n<script type=\"application\/ld+json\" class=\"yoast-schema-graph\">{\"@context\":\"https:\/\/schema.org\",\"@graph\":[{\"@type\":\"Article\",\"@id\":\"https:\/\/www.prijedordanas.com\/?p=134779#article\",\"isPartOf\":{\"@id\":\"https:\/\/www.prijedordanas.com\/?p=134779\"},\"author\":{\"name\":\"admin\",\"@id\":\"https:\/\/www.prijedordanas.com\/#\/schema\/person\/4e08ccf29b506ca916ff86d46bb700e6\"},\"headline\":\"Nedjelja djeteta: Gradona\u010delnik \u0110akovi\u0107 uru\u010dio sertifikate polaznicima obuke za hranitelje &#8211; FOTO\",\"datePublished\":\"2019-10-07T16:43:41+00:00\",\"dateModified\":\"2019-10-07T16:43:41+00:00\",\"mainEntityOfPage\":{\"@id\":\"https:\/\/www.prijedordanas.com\/?p=134779\"},\"wordCount\":344,\"publisher\":{\"@id\":\"https:\/\/www.prijedordanas.com\/#organization\"},\"articleSection\":[\"Dru\u0161tvo\"],\"inLanguage\":\"en-US\"},{\"@type\":\"WebPage\",\"@id\":\"https:\/\/www.prijedordanas.com\/?p=134779\",\"url\":\"https:\/\/www.prijedordanas.com\/?p=134779\",\"name\":\"Nedjelja djeteta: Gradona\u010delnik \u0110akovi\u0107 uru\u010dio sertifikate polaznicima obuke za hranitelje - FOTO - PrijedorDanas.com - Prijedorski gradski portal\",\"isPartOf\":{\"@id\":\"https:\/\/www.prijedordanas.com\/#website\"},\"datePublished\":\"2019-10-07T16:43:41+00:00\",\"dateModified\":\"2019-10-07T16:43:41+00:00\",\"breadcrumb\":{\"@id\":\"https:\/\/www.prijedordanas.com\/?p=134779#breadcrumb\"},\"inLanguage\":\"en-US\",\"potentialAction\":[{\"@type\":\"ReadAction\",\"target\":[\"https:\/\/www.prijedordanas.com\/?p=134779\"]}]},{\"@type\":\"BreadcrumbList\",\"@id\":\"https:\/\/www.prijedordanas.com\/?p=134779#breadcrumb\",\"itemListElement\":[{\"@type\":\"ListItem\",\"position\":1,\"name\":\"Home\",\"item\":\"https:\/\/www.prijedordanas.com\/\"},{\"@type\":\"ListItem\",\"position\":2,\"name\":\"Nedjelja djeteta: Gradona\u010delnik \u0110akovi\u0107 uru\u010dio sertifikate polaznicima obuke za hranitelje &#8211; FOTO\"}]},{\"@type\":\"WebSite\",\"@id\":\"https:\/\/www.prijedordanas.com\/#website\",\"url\":\"https:\/\/www.prijedordanas.com\/\",\"name\":\"PrijedorDanas.com - Prijedorski gradski portal\",\"description\":\"Portal o doga\u0111anjima u gradu Prijedoru\",\"publisher\":{\"@id\":\"https:\/\/www.prijedordanas.com\/#organization\"},\"potentialAction\":[{\"@type\":\"SearchAction\",\"target\":{\"@type\":\"EntryPoint\",\"urlTemplate\":\"https:\/\/www.prijedordanas.com\/?s={search_term_string}\"},\"query-input\":\"required name=search_term_string\"}],\"inLanguage\":\"en-US\"},{\"@type\":\"Organization\",\"@id\":\"https:\/\/www.prijedordanas.com\/#organization\",\"name\":\"PrijedorDanas.com\",\"url\":\"https:\/\/www.prijedordanas.com\/\",\"logo\":{\"@type\":\"ImageObject\",\"inLanguage\":\"en-US\",\"@id\":\"https:\/\/www.prijedordanas.com\/#\/schema\/logo\/image\/\",\"url\":\"http:\/\/www.prijedordanas.com\/wp-content\/uploads\/2021\/12\/logopng.png\",\"contentUrl\":\"http:\/\/www.prijedordanas.com\/wp-content\/uploads\/2021\/12\/logopng.png\",\"width\":1019,\"height\":776,\"caption\":\"PrijedorDanas.com\"},\"image\":{\"@id\":\"https:\/\/www.prijedordanas.com\/#\/schema\/logo\/image\/\"},\"sameAs\":[\"https:\/\/www.facebook.com\/PrijedorDanasCom\/\"]},{\"@type\":\"Person\",\"@id\":\"https:\/\/www.prijedordanas.com\/#\/schema\/person\/4e08ccf29b506ca916ff86d46bb700e6\",\"name\":\"admin\",\"image\":{\"@type\":\"ImageObject\",\"inLanguage\":\"en-US\",\"@id\":\"https:\/\/www.prijedordanas.com\/#\/schema\/person\/image\/\",\"url\":\"https:\/\/secure.gravatar.com\/avatar\/1d3fc949d550f0b53a5f0d51e06dfd79?s=96&d=mm&r=g\",\"contentUrl\":\"https:\/\/secure.gravatar.com\/avatar\/1d3fc949d550f0b53a5f0d51e06dfd79?s=96&d=mm&r=g\",\"caption\":\"admin\"},\"url\":\"https:\/\/www.prijedordanas.com\/?author=1\"}]}<\/script>\n<!-- \/ Yoast SEO plugin. -->","yoast_head_json":{"title":"Nedjelja djeteta: Gradona\u010delnik \u0110akovi\u0107 uru\u010dio sertifikate polaznicima obuke za hranitelje - FOTO - PrijedorDanas.com - Prijedorski gradski portal","robots":{"index":"index","follow":"follow","max-snippet":"max-snippet:-1","max-image-preview":"max-image-preview:large","max-video-preview":"max-video-preview:-1"},"canonical":"https:\/\/www.prijedordanas.com\/?p=134779","og_locale":"en_US","og_type":"article","og_title":"Nedjelja djeteta: Gradona\u010delnik \u0110akovi\u0107 uru\u010dio sertifikate polaznicima obuke za hranitelje - FOTO - PrijedorDanas.com - Prijedorski gradski portal","og_description":"Program obilje\u017eavanja Dje\u010dije nedjelje Ministarstva zdravlja i socijalne za\u0161tite Republike Srpske ove godine provodi se pod sloganom &#8220;Moja sedmica, moja godina&#8221;, a Centar za socijalni rad Prijedor je od raspolo\u017eivih [&hellip;]","og_url":"https:\/\/www.prijedordanas.com\/?p=134779","og_site_name":"PrijedorDanas.com - Prijedorski gradski portal","article_publisher":"https:\/\/www.facebook.com\/PrijedorDanasCom\/","article_published_time":"2019-10-07T16:43:41+00:00","og_image":[{"url":"https:\/\/www.prijedordanas.com\/wp-content\/uploads\/2019\/10\/prijedorgradorg-djakovic-polaznici-obuke-za-hranitelje-1-300x261.jpg"}],"author":"admin","twitter_card":"summary_large_image","twitter_misc":{"Written by":"admin","Est. reading time":"2 minutes"},"schema":{"@context":"https:\/\/schema.org","@graph":[{"@type":"Article","@id":"https:\/\/www.prijedordanas.com\/?p=134779#article","isPartOf":{"@id":"https:\/\/www.prijedordanas.com\/?p=134779"},"author":{"name":"admin","@id":"https:\/\/www.prijedordanas.com\/#\/schema\/person\/4e08ccf29b506ca916ff86d46bb700e6"},"headline":"Nedjelja djeteta: Gradona\u010delnik \u0110akovi\u0107 uru\u010dio sertifikate polaznicima obuke za hranitelje &#8211; FOTO","datePublished":"2019-10-07T16:43:41+00:00","dateModified":"2019-10-07T16:43:41+00:00","mainEntityOfPage":{"@id":"https:\/\/www.prijedordanas.com\/?p=134779"},"wordCount":344,"publisher":{"@id":"https:\/\/www.prijedordanas.com\/#organization"},"articleSection":["Dru\u0161tvo"],"inLanguage":"en-US"},{"@type":"WebPage","@id":"https:\/\/www.prijedordanas.com\/?p=134779","url":"https:\/\/www.prijedordanas.com\/?p=134779","name":"Nedjelja djeteta: Gradona\u010delnik \u0110akovi\u0107 uru\u010dio sertifikate polaznicima obuke za hranitelje - FOTO - PrijedorDanas.com - Prijedorski gradski portal","isPartOf":{"@id":"https:\/\/www.prijedordanas.com\/#website"},"datePublished":"2019-10-07T16:43:41+00:00","dateModified":"2019-10-07T16:43:41+00:00","breadcrumb":{"@id":"https:\/\/www.prijedordanas.com\/?p=134779#breadcrumb"},"inLanguage":"en-US","potentialAction":[{"@type":"ReadAction","target":["https:\/\/www.prijedordanas.com\/?p=134779"]}]},{"@type":"BreadcrumbList","@id":"https:\/\/www.prijedordanas.com\/?p=134779#breadcrumb","itemListElement":[{"@type":"ListItem","position":1,"name":"Home","item":"https:\/\/www.prijedordanas.com\/"},{"@type":"ListItem","position":2,"name":"Nedjelja djeteta: Gradona\u010delnik \u0110akovi\u0107 uru\u010dio sertifikate polaznicima obuke za hranitelje &#8211; FOTO"}]},{"@type":"WebSite","@id":"https:\/\/www.prijedordanas.com\/#website","url":"https:\/\/www.prijedordanas.com\/","name":"PrijedorDanas.com - Prijedorski gradski portal","description":"Portal o doga\u0111anjima u gradu Prijedoru","publisher":{"@id":"https:\/\/www.prijedordanas.com\/#organization"},"potentialAction":[{"@type":"SearchAction","target":{"@type":"EntryPoint","urlTemplate":"https:\/\/www.prijedordanas.com\/?s={search_term_string}"},"query-input":"required name=search_term_string"}],"inLanguage":"en-US"},{"@type":"Organization","@id":"https:\/\/www.prijedordanas.com\/#organization","name":"PrijedorDanas.com","url":"https:\/\/www.prijedordanas.com\/","logo":{"@type":"ImageObject","inLanguage":"en-US","@id":"https:\/\/www.prijedordanas.com\/#\/schema\/logo\/image\/","url":"http:\/\/www.prijedordanas.com\/wp-content\/uploads\/2021\/12\/logopng.png","contentUrl":"http:\/\/www.prijedordanas.com\/wp-content\/uploads\/2021\/12\/logopng.png","width":1019,"height":776,"caption":"PrijedorDanas.com"},"image":{"@id":"https:\/\/www.prijedordanas.com\/#\/schema\/logo\/image\/"},"sameAs":["https:\/\/www.facebook.com\/PrijedorDanasCom\/"]},{"@type":"Person","@id":"https:\/\/www.prijedordanas.com\/#\/schema\/person\/4e08ccf29b506ca916ff86d46bb700e6","name":"admin","image":{"@type":"ImageObject","inLanguage":"en-US","@id":"https:\/\/www.prijedordanas.com\/#\/schema\/person\/image\/","url":"https:\/\/secure.gravatar.com\/avatar\/1d3fc949d550f0b53a5f0d51e06dfd79?s=96&d=mm&r=g","contentUrl":"https:\/\/secure.gravatar.com\/avatar\/1d3fc949d550f0b53a5f0d51e06dfd79?s=96&d=mm&r=g","caption":"admin"},"url":"https:\/\/www.prijedordanas.com\/?author=1"}]}},"_links":{"self":[{"href":"https:\/\/www.prijedordanas.com\/index.php?rest_route=\/wp\/v2\/posts\/134779"}],"collection":[{"href":"https:\/\/www.prijedordanas.com\/index.php?rest_route=\/wp\/v2\/posts"}],"about":[{"href":"https:\/\/www.prijedordanas.com\/index.php?rest_route=\/wp\/v2\/types\/post"}],"author":[{"embeddable":true,"href":"https:\/\/www.prijedordanas.com\/index.php?rest_route=\/wp\/v2\/users\/1"}],"replies":[{"embeddable":true,"href":"https:\/\/www.prijedordanas.com\/index.php?rest_route=%2Fwp%2Fv2%2Fcomments&post=134779"}],"version-history":[{"count":1,"href":"https:\/\/www.prijedordanas.com\/index.php?rest_route=\/wp\/v2\/posts\/134779\/revisions"}],"predecessor-version":[{"id":134786,"href":"https:\/\/www.prijedordanas.com\/index.php?rest_route=\/wp\/v2\/posts\/134779\/revisions\/134786"}],"wp:attachment":[{"href":"https:\/\/www.prijedordanas.com\/index.php?rest_route=%2Fwp%2Fv2%2Fmedia&parent=134779"}],"wp:term":[{"taxonomy":"category","embeddable":true,"href":"https:\/\/www.prijedordanas.com\/index.php?rest_route=%2Fwp%2Fv2%2Fcategories&post=134779"},{"taxonomy":"post_tag","embeddable":true,"href":"https:\/\/www.prijedordanas.com\/index.php?rest_route=%2Fwp%2Fv2%2Ftags&post=134779"}],"curies":[{"name":"wp","href":"https:\/\/api.w.org\/{rel}","templated":true}]}}