{"id":134373,"date":"2019-10-02T06:51:15","date_gmt":"2019-10-02T04:51:15","guid":{"rendered":"https:\/\/www.prijedordanas.com\/?p=134373"},"modified":"2019-10-02T06:51:15","modified_gmt":"2019-10-02T04:51:15","slug":"prijedor-hrastova-mrezasta-stjenica-nije-uocena-u-vocnjacima","status":"publish","type":"post","link":"https:\/\/www.prijedordanas.com\/?p=134373","title":{"rendered":"Prijedor: Hrastova mre\u017easta stjenica nije uo\u010dena u vo\u0107njacima"},"content":{"rendered":"<p><a href=\"https:\/\/www.prijedordanas.com\/wp-content\/uploads\/2019\/09\/nezavisne-hrastova-stjenica.jpg\"><img loading=\"lazy\" decoding=\"async\" src=\"https:\/\/www.prijedordanas.com\/wp-content\/uploads\/2019\/09\/nezavisne-hrastova-stjenica-300x222.jpg\" alt=\"\" width=\"300\" height=\"222\" class=\"alignleft size-medium wp-image-133435\" srcset=\"https:\/\/www.prijedordanas.com\/wp-content\/uploads\/2019\/09\/nezavisne-hrastova-stjenica-300x222.jpg 300w, https:\/\/www.prijedordanas.com\/wp-content\/uploads\/2019\/09\/nezavisne-hrastova-stjenica-100x74.jpg 100w, https:\/\/www.prijedordanas.com\/wp-content\/uploads\/2019\/09\/nezavisne-hrastova-stjenica.jpg 675w\" sizes=\"(max-width: 300px) 100vw, 300px\" \/><\/a>Hrastove \u0161ume na podru\u010dju Kozare zahva\u0107ene su hrastovom mre\u017eastom stjenicom, dok u vo\u0107njacima koji gravitiraju ovoj planini nije evidentirano \u0161irenje ove \u0161teto\u010dine, rekao je Nemanja Cviji\u0107 iz \u0160umskog gazdinstva Prijedor.<\/p>\n<p>&#8220;\u0160umsko gazdinstvo Prijedor je trenutno fokusirano na pra\u0107enje eventualnog \u0161irenja \u0161teto\u010dine i na to da li napada vo\u0107ke. Zasad tako ne\u0161to nije zabilje\u017eeno&#8221;, rekao je Cviji\u0107.<\/p>\n<p>On je pojasnio da situaciju ote\u017eava to \u0161to nije poznata mjera protiv ove vrste, koja je nova i kao takva nema ovdje prirodnih neprijatelja.<\/p>\n<p>&#8220;S obzirom na to da je rije\u010d o relativno skoro determinisanoj alohtonoj vrsti, jo\u0161 nisu poznati prirodni neprijatelji koji bi imali uticaj na brojnost ove vrste u svrhu uspostavljanja biolo\u0161ke ravnote\u017ee&#8221;, rekao je Cviji\u0107.<\/p>\n<p>On je podsjetio na to da insekt poti\u010de iz Sjeverne Amerike i da se u Evropi pojavio prvi put 2000. godine u Italiji, zatim 2013. godine u Hrvatskoj, a 2017. godine u isto\u010dnim dijelovima BiH, da bi danas njime bile zahva\u0107ene gotovo sve hrastove \u0161ume u BiH, kao \u0161to je to slu\u010daj i sa Slovenijom i Ma\u0111arskom.<\/p>\n<p>&#8220;Insekt ne izaziva direktno su\u0161enje stabala, ve\u0107, hrane\u0107i se unutar lista, uzrokuje promjenu boje lista u julu i avgustu, \u0161to skra\u0107uje proces fotosinteze odnosno ishranu u toku vegetacijskog perioda&#8221;, pojasnio je Cviji\u0107.<\/p>\n<p>On isti\u010de da to dovodi do fiziolo\u0161kog slabljenja stabala kada su ona pogodnija za napad sekundarnih \u0161teto\u010dina poput hrastove pepelnice ili hrastove imele.<\/p>\n<p>Cviji\u0107 je ovo naveo u informaciji dostavljenoj Forumu za bezbjednost zajednice grada Prijedora.<\/p>\n<p>On je precizirao da \u0161tetno djelovanje mo\u017ee uzrokovati smanjenje prirasta i prijevremeni urod \u017eira, a time i ugroziti prirodnu obnovu.<\/p>\n<p>Cviji\u0107 navodi da se ciklus razvi\u0107a od jajeta do odrasle jedinke odvija se na nali\u010dju lista \u0161to ote\u017eava eventualni tretman hemijskim sredstvima, pa prskanje &#8220;odozdo&#8221; ne bi dalo \u017eeljene rezultate.<\/p>\n<p>SRNA<br \/>\nFoto &#8211; ilustracija<\/p>\n","protected":false},"excerpt":{"rendered":"<p>Hrastove \u0161ume na podru\u010dju Kozare zahva\u0107ene su hrastovom mre\u017eastom stjenicom, dok u vo\u0107njacima koji gravitiraju ovoj planini nije evidentirano \u0161irenje ove \u0161teto\u010dine, rekao je Nemanja Cviji\u0107 iz \u0160umskog gazdinstva Prijedor. [&hellip;]<\/p>\n","protected":false},"author":1,"featured_media":0,"comment_status":"closed","ping_status":"open","sticky":false,"template":"","format":"standard","meta":{"_monsterinsights_skip_tracking":false,"_monsterinsights_sitenote_active":false,"_monsterinsights_sitenote_note":"","_monsterinsights_sitenote_category":0,"footnotes":""},"categories":[8],"tags":[],"yoast_head":"<!-- This site is optimized with the Yoast SEO plugin v21.6 - https:\/\/yoast.com\/wordpress\/plugins\/seo\/ -->\n<title>Prijedor: Hrastova mre\u017easta stjenica nije uo\u010dena u vo\u0107njacima - PrijedorDanas.com - Prijedorski gradski portal<\/title>\n<meta name=\"robots\" content=\"index, follow, max-snippet:-1, max-image-preview:large, max-video-preview:-1\" \/>\n<link rel=\"canonical\" href=\"https:\/\/www.prijedordanas.com\/?p=134373\" \/>\n<meta property=\"og:locale\" content=\"en_US\" \/>\n<meta property=\"og:type\" content=\"article\" \/>\n<meta property=\"og:title\" content=\"Prijedor: Hrastova mre\u017easta stjenica nije uo\u010dena u vo\u0107njacima - PrijedorDanas.com - Prijedorski gradski portal\" \/>\n<meta property=\"og:description\" content=\"Hrastove \u0161ume na podru\u010dju Kozare zahva\u0107ene su hrastovom mre\u017eastom stjenicom, dok u vo\u0107njacima koji gravitiraju ovoj planini nije evidentirano \u0161irenje ove \u0161teto\u010dine, rekao je Nemanja Cviji\u0107 iz \u0160umskog gazdinstva Prijedor. [&hellip;]\" \/>\n<meta property=\"og:url\" content=\"https:\/\/www.prijedordanas.com\/?p=134373\" \/>\n<meta property=\"og:site_name\" content=\"PrijedorDanas.com - Prijedorski gradski portal\" \/>\n<meta property=\"article:publisher\" content=\"https:\/\/www.facebook.com\/PrijedorDanasCom\/\" \/>\n<meta property=\"article:published_time\" content=\"2019-10-02T04:51:15+00:00\" \/>\n<meta property=\"og:image\" content=\"https:\/\/www.prijedordanas.com\/wp-content\/uploads\/2019\/09\/nezavisne-hrastova-stjenica-300x222.jpg\" \/>\n<meta name=\"author\" content=\"admin\" \/>\n<meta name=\"twitter:card\" content=\"summary_large_image\" \/>\n<meta name=\"twitter:label1\" content=\"Written by\" \/>\n\t<meta name=\"twitter:data1\" content=\"admin\" \/>\n\t<meta name=\"twitter:label2\" content=\"Est. reading time\" \/>\n\t<meta name=\"twitter:data2\" content=\"2 minutes\" \/>\n<script type=\"application\/ld+json\" class=\"yoast-schema-graph\">{\"@context\":\"https:\/\/schema.org\",\"@graph\":[{\"@type\":\"Article\",\"@id\":\"https:\/\/www.prijedordanas.com\/?p=134373#article\",\"isPartOf\":{\"@id\":\"https:\/\/www.prijedordanas.com\/?p=134373\"},\"author\":{\"name\":\"admin\",\"@id\":\"https:\/\/www.prijedordanas.com\/#\/schema\/person\/4e08ccf29b506ca916ff86d46bb700e6\"},\"headline\":\"Prijedor: Hrastova mre\u017easta stjenica nije uo\u010dena u vo\u0107njacima\",\"datePublished\":\"2019-10-02T04:51:15+00:00\",\"dateModified\":\"2019-10-02T04:51:15+00:00\",\"mainEntityOfPage\":{\"@id\":\"https:\/\/www.prijedordanas.com\/?p=134373\"},\"wordCount\":329,\"publisher\":{\"@id\":\"https:\/\/www.prijedordanas.com\/#organization\"},\"articleSection\":[\"Svakodnevno\"],\"inLanguage\":\"en-US\"},{\"@type\":\"WebPage\",\"@id\":\"https:\/\/www.prijedordanas.com\/?p=134373\",\"url\":\"https:\/\/www.prijedordanas.com\/?p=134373\",\"name\":\"Prijedor: Hrastova mre\u017easta stjenica nije uo\u010dena u vo\u0107njacima - PrijedorDanas.com - Prijedorski gradski portal\",\"isPartOf\":{\"@id\":\"https:\/\/www.prijedordanas.com\/#website\"},\"datePublished\":\"2019-10-02T04:51:15+00:00\",\"dateModified\":\"2019-10-02T04:51:15+00:00\",\"breadcrumb\":{\"@id\":\"https:\/\/www.prijedordanas.com\/?p=134373#breadcrumb\"},\"inLanguage\":\"en-US\",\"potentialAction\":[{\"@type\":\"ReadAction\",\"target\":[\"https:\/\/www.prijedordanas.com\/?p=134373\"]}]},{\"@type\":\"BreadcrumbList\",\"@id\":\"https:\/\/www.prijedordanas.com\/?p=134373#breadcrumb\",\"itemListElement\":[{\"@type\":\"ListItem\",\"position\":1,\"name\":\"Home\",\"item\":\"https:\/\/www.prijedordanas.com\/\"},{\"@type\":\"ListItem\",\"position\":2,\"name\":\"Prijedor: Hrastova mre\u017easta stjenica nije uo\u010dena u vo\u0107njacima\"}]},{\"@type\":\"WebSite\",\"@id\":\"https:\/\/www.prijedordanas.com\/#website\",\"url\":\"https:\/\/www.prijedordanas.com\/\",\"name\":\"PrijedorDanas.com - Prijedorski gradski portal\",\"description\":\"Portal o doga\u0111anjima u gradu Prijedoru\",\"publisher\":{\"@id\":\"https:\/\/www.prijedordanas.com\/#organization\"},\"potentialAction\":[{\"@type\":\"SearchAction\",\"target\":{\"@type\":\"EntryPoint\",\"urlTemplate\":\"https:\/\/www.prijedordanas.com\/?s={search_term_string}\"},\"query-input\":\"required name=search_term_string\"}],\"inLanguage\":\"en-US\"},{\"@type\":\"Organization\",\"@id\":\"https:\/\/www.prijedordanas.com\/#organization\",\"name\":\"PrijedorDanas.com\",\"url\":\"https:\/\/www.prijedordanas.com\/\",\"logo\":{\"@type\":\"ImageObject\",\"inLanguage\":\"en-US\",\"@id\":\"https:\/\/www.prijedordanas.com\/#\/schema\/logo\/image\/\",\"url\":\"http:\/\/www.prijedordanas.com\/wp-content\/uploads\/2021\/12\/logopng.png\",\"contentUrl\":\"http:\/\/www.prijedordanas.com\/wp-content\/uploads\/2021\/12\/logopng.png\",\"width\":1019,\"height\":776,\"caption\":\"PrijedorDanas.com\"},\"image\":{\"@id\":\"https:\/\/www.prijedordanas.com\/#\/schema\/logo\/image\/\"},\"sameAs\":[\"https:\/\/www.facebook.com\/PrijedorDanasCom\/\"]},{\"@type\":\"Person\",\"@id\":\"https:\/\/www.prijedordanas.com\/#\/schema\/person\/4e08ccf29b506ca916ff86d46bb700e6\",\"name\":\"admin\",\"image\":{\"@type\":\"ImageObject\",\"inLanguage\":\"en-US\",\"@id\":\"https:\/\/www.prijedordanas.com\/#\/schema\/person\/image\/\",\"url\":\"https:\/\/secure.gravatar.com\/avatar\/1d3fc949d550f0b53a5f0d51e06dfd79?s=96&d=mm&r=g\",\"contentUrl\":\"https:\/\/secure.gravatar.com\/avatar\/1d3fc949d550f0b53a5f0d51e06dfd79?s=96&d=mm&r=g\",\"caption\":\"admin\"},\"url\":\"https:\/\/www.prijedordanas.com\/?author=1\"}]}<\/script>\n<!-- \/ Yoast SEO plugin. -->","yoast_head_json":{"title":"Prijedor: Hrastova mre\u017easta stjenica nije uo\u010dena u vo\u0107njacima - PrijedorDanas.com - Prijedorski gradski portal","robots":{"index":"index","follow":"follow","max-snippet":"max-snippet:-1","max-image-preview":"max-image-preview:large","max-video-preview":"max-video-preview:-1"},"canonical":"https:\/\/www.prijedordanas.com\/?p=134373","og_locale":"en_US","og_type":"article","og_title":"Prijedor: Hrastova mre\u017easta stjenica nije uo\u010dena u vo\u0107njacima - PrijedorDanas.com - Prijedorski gradski portal","og_description":"Hrastove \u0161ume na podru\u010dju Kozare zahva\u0107ene su hrastovom mre\u017eastom stjenicom, dok u vo\u0107njacima koji gravitiraju ovoj planini nije evidentirano \u0161irenje ove \u0161teto\u010dine, rekao je Nemanja Cviji\u0107 iz \u0160umskog gazdinstva Prijedor. [&hellip;]","og_url":"https:\/\/www.prijedordanas.com\/?p=134373","og_site_name":"PrijedorDanas.com - Prijedorski gradski portal","article_publisher":"https:\/\/www.facebook.com\/PrijedorDanasCom\/","article_published_time":"2019-10-02T04:51:15+00:00","og_image":[{"url":"https:\/\/www.prijedordanas.com\/wp-content\/uploads\/2019\/09\/nezavisne-hrastova-stjenica-300x222.jpg"}],"author":"admin","twitter_card":"summary_large_image","twitter_misc":{"Written by":"admin","Est. reading time":"2 minutes"},"schema":{"@context":"https:\/\/schema.org","@graph":[{"@type":"Article","@id":"https:\/\/www.prijedordanas.com\/?p=134373#article","isPartOf":{"@id":"https:\/\/www.prijedordanas.com\/?p=134373"},"author":{"name":"admin","@id":"https:\/\/www.prijedordanas.com\/#\/schema\/person\/4e08ccf29b506ca916ff86d46bb700e6"},"headline":"Prijedor: Hrastova mre\u017easta stjenica nije uo\u010dena u vo\u0107njacima","datePublished":"2019-10-02T04:51:15+00:00","dateModified":"2019-10-02T04:51:15+00:00","mainEntityOfPage":{"@id":"https:\/\/www.prijedordanas.com\/?p=134373"},"wordCount":329,"publisher":{"@id":"https:\/\/www.prijedordanas.com\/#organization"},"articleSection":["Svakodnevno"],"inLanguage":"en-US"},{"@type":"WebPage","@id":"https:\/\/www.prijedordanas.com\/?p=134373","url":"https:\/\/www.prijedordanas.com\/?p=134373","name":"Prijedor: Hrastova mre\u017easta stjenica nije uo\u010dena u vo\u0107njacima - PrijedorDanas.com - Prijedorski gradski portal","isPartOf":{"@id":"https:\/\/www.prijedordanas.com\/#website"},"datePublished":"2019-10-02T04:51:15+00:00","dateModified":"2019-10-02T04:51:15+00:00","breadcrumb":{"@id":"https:\/\/www.prijedordanas.com\/?p=134373#breadcrumb"},"inLanguage":"en-US","potentialAction":[{"@type":"ReadAction","target":["https:\/\/www.prijedordanas.com\/?p=134373"]}]},{"@type":"BreadcrumbList","@id":"https:\/\/www.prijedordanas.com\/?p=134373#breadcrumb","itemListElement":[{"@type":"ListItem","position":1,"name":"Home","item":"https:\/\/www.prijedordanas.com\/"},{"@type":"ListItem","position":2,"name":"Prijedor: Hrastova mre\u017easta stjenica nije uo\u010dena u vo\u0107njacima"}]},{"@type":"WebSite","@id":"https:\/\/www.prijedordanas.com\/#website","url":"https:\/\/www.prijedordanas.com\/","name":"PrijedorDanas.com - Prijedorski gradski portal","description":"Portal o doga\u0111anjima u gradu Prijedoru","publisher":{"@id":"https:\/\/www.prijedordanas.com\/#organization"},"potentialAction":[{"@type":"SearchAction","target":{"@type":"EntryPoint","urlTemplate":"https:\/\/www.prijedordanas.com\/?s={search_term_string}"},"query-input":"required name=search_term_string"}],"inLanguage":"en-US"},{"@type":"Organization","@id":"https:\/\/www.prijedordanas.com\/#organization","name":"PrijedorDanas.com","url":"https:\/\/www.prijedordanas.com\/","logo":{"@type":"ImageObject","inLanguage":"en-US","@id":"https:\/\/www.prijedordanas.com\/#\/schema\/logo\/image\/","url":"http:\/\/www.prijedordanas.com\/wp-content\/uploads\/2021\/12\/logopng.png","contentUrl":"http:\/\/www.prijedordanas.com\/wp-content\/uploads\/2021\/12\/logopng.png","width":1019,"height":776,"caption":"PrijedorDanas.com"},"image":{"@id":"https:\/\/www.prijedordanas.com\/#\/schema\/logo\/image\/"},"sameAs":["https:\/\/www.facebook.com\/PrijedorDanasCom\/"]},{"@type":"Person","@id":"https:\/\/www.prijedordanas.com\/#\/schema\/person\/4e08ccf29b506ca916ff86d46bb700e6","name":"admin","image":{"@type":"ImageObject","inLanguage":"en-US","@id":"https:\/\/www.prijedordanas.com\/#\/schema\/person\/image\/","url":"https:\/\/secure.gravatar.com\/avatar\/1d3fc949d550f0b53a5f0d51e06dfd79?s=96&d=mm&r=g","contentUrl":"https:\/\/secure.gravatar.com\/avatar\/1d3fc949d550f0b53a5f0d51e06dfd79?s=96&d=mm&r=g","caption":"admin"},"url":"https:\/\/www.prijedordanas.com\/?author=1"}]}},"_links":{"self":[{"href":"https:\/\/www.prijedordanas.com\/index.php?rest_route=\/wp\/v2\/posts\/134373"}],"collection":[{"href":"https:\/\/www.prijedordanas.com\/index.php?rest_route=\/wp\/v2\/posts"}],"about":[{"href":"https:\/\/www.prijedordanas.com\/index.php?rest_route=\/wp\/v2\/types\/post"}],"author":[{"embeddable":true,"href":"https:\/\/www.prijedordanas.com\/index.php?rest_route=\/wp\/v2\/users\/1"}],"replies":[{"embeddable":true,"href":"https:\/\/www.prijedordanas.com\/index.php?rest_route=%2Fwp%2Fv2%2Fcomments&post=134373"}],"version-history":[{"count":2,"href":"https:\/\/www.prijedordanas.com\/index.php?rest_route=\/wp\/v2\/posts\/134373\/revisions"}],"predecessor-version":[{"id":134457,"href":"https:\/\/www.prijedordanas.com\/index.php?rest_route=\/wp\/v2\/posts\/134373\/revisions\/134457"}],"wp:attachment":[{"href":"https:\/\/www.prijedordanas.com\/index.php?rest_route=%2Fwp%2Fv2%2Fmedia&parent=134373"}],"wp:term":[{"taxonomy":"category","embeddable":true,"href":"https:\/\/www.prijedordanas.com\/index.php?rest_route=%2Fwp%2Fv2%2Fcategories&post=134373"},{"taxonomy":"post_tag","embeddable":true,"href":"https:\/\/www.prijedordanas.com\/index.php?rest_route=%2Fwp%2Fv2%2Ftags&post=134373"}],"curies":[{"name":"wp","href":"https:\/\/api.w.org\/{rel}","templated":true}]}}