{"id":134219,"date":"2019-09-26T14:29:47","date_gmt":"2019-09-26T12:29:47","guid":{"rendered":"https:\/\/www.prijedordanas.com\/?p=134219"},"modified":"2019-09-26T14:29:47","modified_gmt":"2019-09-26T12:29:47","slug":"prijedor-obiljezen-evropski-dan-bez-poginulih-u-saobracaju-foto","status":"publish","type":"post","link":"https:\/\/www.prijedordanas.com\/?p=134219","title":{"rendered":"Prijedor: Obilje\u017een evropski dan bez poginulih u saobra\u0107aju &#8211; FOTO"},"content":{"rendered":"<p><a href=\"https:\/\/www.prijedordanas.com\/wp-content\/uploads\/2019\/09\/evropski-dan-bez-poginulih-u-saobracaju-1.jpg\"><img loading=\"lazy\" decoding=\"async\" class=\"alignleft size-medium wp-image-134220\" src=\"https:\/\/www.prijedordanas.com\/wp-content\/uploads\/2019\/09\/evropski-dan-bez-poginulih-u-saobracaju-1-300x217.jpg\" alt=\"\" width=\"300\" height=\"217\" srcset=\"https:\/\/www.prijedordanas.com\/wp-content\/uploads\/2019\/09\/evropski-dan-bez-poginulih-u-saobracaju-1-300x217.jpg 300w, https:\/\/www.prijedordanas.com\/wp-content\/uploads\/2019\/09\/evropski-dan-bez-poginulih-u-saobracaju-1-100x72.jpg 100w, https:\/\/www.prijedordanas.com\/wp-content\/uploads\/2019\/09\/evropski-dan-bez-poginulih-u-saobracaju-1.jpg 690w\" sizes=\"(max-width: 300px) 100vw, 300px\" \/><\/a>Prezentacijom ure\u0111aja koji simuliraju situacije u saobra\u0107aju koje dovode do saobra\u0107ajnih nezgoda u Prijedoru je danas obilje\u017een Evropski dan bez poginulih u saobra\u0107aju.<\/p>\n<p>Gradona\u010delnik Prijedora Milenko \u0110akovi\u0107 rekao je da grad Prijedor podr\u017eava sve aktivnosti koje vode ve\u0107oj bezbjednosti u saobra\u0107aju.<\/p>\n<p>&#8220;Dana\u0161nji prikaz \u0107e mnogima biti upozorenje kao i vrsta \u0161ok terapije na mogu\u0107e doga\u0111aje u saobra\u0107aju. Pri\u010da o bezbjednosti saobra\u0107aja je trajna pri\u010da koja se vodi izme\u0111u MUP-a, Ministarstva saobra\u0107aja i veza, Agencije za bezbjednost saobra\u0107aja i lokalnih zajednica i svi se trudimo da razrije\u0161imo mnoge situacije koje mogu djelovati preventivno&#8221;, rekao je \u0110akovi\u0107.<\/p>\n<p><a href=\"https:\/\/www.prijedordanas.com\/wp-content\/uploads\/2019\/09\/evropski-dan-bez-poginulih-u-saobracaju-2.jpg\"><img loading=\"lazy\" decoding=\"async\" class=\"alignleft size-medium wp-image-134221\" src=\"https:\/\/www.prijedordanas.com\/wp-content\/uploads\/2019\/09\/evropski-dan-bez-poginulih-u-saobracaju-2-300x222.jpg\" alt=\"\" width=\"300\" height=\"222\" srcset=\"https:\/\/www.prijedordanas.com\/wp-content\/uploads\/2019\/09\/evropski-dan-bez-poginulih-u-saobracaju-2-300x222.jpg 300w, https:\/\/www.prijedordanas.com\/wp-content\/uploads\/2019\/09\/evropski-dan-bez-poginulih-u-saobracaju-2-100x74.jpg 100w, https:\/\/www.prijedordanas.com\/wp-content\/uploads\/2019\/09\/evropski-dan-bez-poginulih-u-saobracaju-2.jpg 675w\" sizes=\"(max-width: 300px) 100vw, 300px\" \/><\/a>Pomo\u0107nik ministra saobra\u0107aja i veza Republike Srpske Nata\u0161a Kosti\u0107 rekla je da su brojne aktivnosti i kampanje kojima se nastoji podi\u0107i svijest o zna\u010daju dru\u0161tveno prihvatljivog pona\u0161anja u saobra\u0107aju, navode\u0107i da su danas u Prijedoru predstavljeni ure\u0111aji za simulaciju prevrtanja vozila, frontalnog udara vozila u prepreku i vo\u017enje pod dejstvom alkohola.<\/p>\n<p>&#8220;Jako su bitna ova tri simulatora zato \u0161to su alkohol, brzina i nekori\u0161tenje bezbjednosnih pojaseva najve\u0107i uzroci poginulih i te\u0161ko povrije\u0111enih na na\u0161im putevima&#8221;, rekla je Kosti\u0107eva.<\/p>\n<p>Ona je navela da je prezentaciji na Trgu majora Zorana Karlice u centru grada prethodio radni sastanak u Gradskoj upravi o aktivnostima koje \u0107e uslijediti na podru\u010dju Prijedora.<\/p>\n<p><a href=\"https:\/\/www.prijedordanas.com\/wp-content\/uploads\/2019\/09\/evropski-dan-bez-poginulih-u-saobracaju-3.jpg\"><img loading=\"lazy\" decoding=\"async\" src=\"https:\/\/www.prijedordanas.com\/wp-content\/uploads\/2019\/09\/evropski-dan-bez-poginulih-u-saobracaju-3-300x222.jpg\" alt=\"\" width=\"300\" height=\"222\" class=\"alignleft size-medium wp-image-134222\" srcset=\"https:\/\/www.prijedordanas.com\/wp-content\/uploads\/2019\/09\/evropski-dan-bez-poginulih-u-saobracaju-3-300x222.jpg 300w, https:\/\/www.prijedordanas.com\/wp-content\/uploads\/2019\/09\/evropski-dan-bez-poginulih-u-saobracaju-3-100x74.jpg 100w, https:\/\/www.prijedordanas.com\/wp-content\/uploads\/2019\/09\/evropski-dan-bez-poginulih-u-saobracaju-3.jpg 675w\" sizes=\"(max-width: 300px) 100vw, 300px\" \/><\/a>&#8220;Stanje bezbjednosti saobra\u0107aja u Prijedoru je bolje nego \u0161to je to nekada bilo, ali ovo je podru\u010dje na kojem stalno treba raditi&#8221;, dodala je Kosti\u0107eva.<\/p>\n<p>Direktor Agencije za bezbjednost saobra\u0107aja Republike Srpske Milija Radovi\u0107 rekao je da je tokom razgovora sa gradona\u010delnikom Prijedora dogovoren niz predstoje\u0107ih koraka za ovu lokalnu zajednicu, a prije svega rekonstrukcija savjeta za saobra\u0107aj i dono\u0161enje strategije za bezbjednost saobra\u0107aja.<\/p>\n<p>&#8220;Po\u0161tuju\u0107i ta neka osnovna pravila u\u010de\u0161\u0107a u saobra\u0107aju, mo\u017eemo mnogo doprinijeti da smanjimo rizik od u\u010de\u0161\u0107a u saobra\u0107ajnim nezgodama i da smanjimo broj smrtno stradalih i te\u0161ko povrije\u0111enih&#8221;, poru\u010dio je Radovi\u0107.<\/p>\n<p><a href=\"https:\/\/www.prijedordanas.com\/wp-content\/uploads\/2019\/09\/prijedorgradorg-evropski-dan-bez-poginulih-u-saobracaju.jpg\"><img loading=\"lazy\" decoding=\"async\" src=\"https:\/\/www.prijedordanas.com\/wp-content\/uploads\/2019\/09\/prijedorgradorg-evropski-dan-bez-poginulih-u-saobracaju-300x225.jpg\" alt=\"\" width=\"300\" height=\"225\" class=\"alignleft size-medium wp-image-134223\" srcset=\"https:\/\/www.prijedordanas.com\/wp-content\/uploads\/2019\/09\/prijedorgradorg-evropski-dan-bez-poginulih-u-saobracaju-300x225.jpg 300w, https:\/\/www.prijedordanas.com\/wp-content\/uploads\/2019\/09\/prijedorgradorg-evropski-dan-bez-poginulih-u-saobracaju-100x75.jpg 100w, https:\/\/www.prijedordanas.com\/wp-content\/uploads\/2019\/09\/prijedorgradorg-evropski-dan-bez-poginulih-u-saobracaju.jpg 600w\" sizes=\"(max-width: 300px) 100vw, 300px\" \/><\/a>On je podsjetio na podatke MUP-a Republike Srpske da su za prvih osam mjeseci ove godine smrtno stradala 83 lica na putevima Srpske, a lani u istom periodu 88.<\/p>\n<p>&#8220;Najvi\u0161e smrtnih slu\u010dajeva ima izme\u0111u pono\u0107i i \u010detiri sata ujutro. Dakle, kad imamo najmanje saobra\u0107aja, mi imamo najvi\u0161e smrtnih slu\u010dajeva&#8221;, naveo je Radovi\u0107.<br \/>\nNa\u010delnik Policijske uprave Prijedor Sretoja Vujanovi\u0107 rekao je da je na podru\u010dju ove uprave u ovoj godini bilo 688 saobra\u0107ajnih nezgoda od kojih je svaka tre\u0107a sa povrije\u0111enim licima, a da je smrtno stradalih 12.<\/p>\n<p>U aktivnosti obilje\u017eavanja &#8220;Evropskog dana bez poginulih na putevima&#8221; u\u010destvovali su i predstavnici Auto-moto saveza Republike Srpske i Auto-moto dru\u0161tva Prijedor.<\/p>\n<p>www.prijedorgrad.org<\/p>\n<p><a href=\"https:\/\/www.prijedordanas.com\/wp-content\/uploads\/2019\/09\/evropski-dan-bez-poginulih-u-saobracaju-4.jpg\"><img loading=\"lazy\" decoding=\"async\" src=\"https:\/\/www.prijedordanas.com\/wp-content\/uploads\/2019\/09\/evropski-dan-bez-poginulih-u-saobracaju-4-300x200.jpg\" alt=\"\" width=\"300\" height=\"200\" class=\"alignleft size-medium wp-image-134224\" srcset=\"https:\/\/www.prijedordanas.com\/wp-content\/uploads\/2019\/09\/evropski-dan-bez-poginulih-u-saobracaju-4-300x200.jpg 300w, https:\/\/www.prijedordanas.com\/wp-content\/uploads\/2019\/09\/evropski-dan-bez-poginulih-u-saobracaju-4-100x67.jpg 100w, https:\/\/www.prijedordanas.com\/wp-content\/uploads\/2019\/09\/evropski-dan-bez-poginulih-u-saobracaju-4-480x320.jpg 480w, https:\/\/www.prijedordanas.com\/wp-content\/uploads\/2019\/09\/evropski-dan-bez-poginulih-u-saobracaju-4.jpg 600w\" sizes=\"(max-width: 300px) 100vw, 300px\" \/><\/a> <a href=\"https:\/\/www.prijedordanas.com\/wp-content\/uploads\/2019\/09\/evropski-dan-bez-poginulih-u-saobracaju-5.jpg\"><img loading=\"lazy\" decoding=\"async\" src=\"https:\/\/www.prijedordanas.com\/wp-content\/uploads\/2019\/09\/evropski-dan-bez-poginulih-u-saobracaju-5-300x200.jpg\" alt=\"\" width=\"300\" height=\"200\" class=\"alignleft size-medium wp-image-134225\" srcset=\"https:\/\/www.prijedordanas.com\/wp-content\/uploads\/2019\/09\/evropski-dan-bez-poginulih-u-saobracaju-5-300x200.jpg 300w, https:\/\/www.prijedordanas.com\/wp-content\/uploads\/2019\/09\/evropski-dan-bez-poginulih-u-saobracaju-5-100x67.jpg 100w, https:\/\/www.prijedordanas.com\/wp-content\/uploads\/2019\/09\/evropski-dan-bez-poginulih-u-saobracaju-5-480x320.jpg 480w, https:\/\/www.prijedordanas.com\/wp-content\/uploads\/2019\/09\/evropski-dan-bez-poginulih-u-saobracaju-5.jpg 600w\" sizes=\"(max-width: 300px) 100vw, 300px\" \/><\/a> <a href=\"https:\/\/www.prijedordanas.com\/wp-content\/uploads\/2019\/09\/evropski-dan-bez-poginulih-u-saobracaju-6.jpg\"><img loading=\"lazy\" decoding=\"async\" src=\"https:\/\/www.prijedordanas.com\/wp-content\/uploads\/2019\/09\/evropski-dan-bez-poginulih-u-saobracaju-6-300x200.jpg\" alt=\"\" width=\"300\" height=\"200\" class=\"alignleft size-medium wp-image-134226\" srcset=\"https:\/\/www.prijedordanas.com\/wp-content\/uploads\/2019\/09\/evropski-dan-bez-poginulih-u-saobracaju-6-300x200.jpg 300w, https:\/\/www.prijedordanas.com\/wp-content\/uploads\/2019\/09\/evropski-dan-bez-poginulih-u-saobracaju-6-100x67.jpg 100w, https:\/\/www.prijedordanas.com\/wp-content\/uploads\/2019\/09\/evropski-dan-bez-poginulih-u-saobracaju-6-480x320.jpg 480w, https:\/\/www.prijedordanas.com\/wp-content\/uploads\/2019\/09\/evropski-dan-bez-poginulih-u-saobracaju-6.jpg 600w\" sizes=\"(max-width: 300px) 100vw, 300px\" \/><\/a> <a href=\"https:\/\/www.prijedordanas.com\/wp-content\/uploads\/2019\/09\/evropski-dan-bez-poginulih-u-saobracaju-7.jpg\"><img loading=\"lazy\" decoding=\"async\" src=\"https:\/\/www.prijedordanas.com\/wp-content\/uploads\/2019\/09\/evropski-dan-bez-poginulih-u-saobracaju-7-300x200.jpg\" alt=\"\" width=\"300\" height=\"200\" class=\"alignleft size-medium wp-image-134227\" srcset=\"https:\/\/www.prijedordanas.com\/wp-content\/uploads\/2019\/09\/evropski-dan-bez-poginulih-u-saobracaju-7-300x200.jpg 300w, https:\/\/www.prijedordanas.com\/wp-content\/uploads\/2019\/09\/evropski-dan-bez-poginulih-u-saobracaju-7-100x67.jpg 100w, https:\/\/www.prijedordanas.com\/wp-content\/uploads\/2019\/09\/evropski-dan-bez-poginulih-u-saobracaju-7-480x320.jpg 480w, https:\/\/www.prijedordanas.com\/wp-content\/uploads\/2019\/09\/evropski-dan-bez-poginulih-u-saobracaju-7.jpg 600w\" sizes=\"(max-width: 300px) 100vw, 300px\" \/><\/a><\/p>\n","protected":false},"excerpt":{"rendered":"<p>Prezentacijom ure\u0111aja koji simuliraju situacije u saobra\u0107aju koje dovode do saobra\u0107ajnih nezgoda u Prijedoru je danas obilje\u017een Evropski dan bez poginulih u saobra\u0107aju. Gradona\u010delnik Prijedora Milenko \u0110akovi\u0107 rekao je da [&hellip;]<\/p>\n","protected":false},"author":1,"featured_media":0,"comment_status":"closed","ping_status":"open","sticky":false,"template":"","format":"standard","meta":{"_monsterinsights_skip_tracking":false,"_monsterinsights_sitenote_active":false,"_monsterinsights_sitenote_note":"","_monsterinsights_sitenote_category":0,"footnotes":""},"categories":[4],"tags":[],"yoast_head":"<!-- This site is optimized with the Yoast SEO plugin v21.6 - https:\/\/yoast.com\/wordpress\/plugins\/seo\/ -->\n<title>Prijedor: Obilje\u017een evropski dan bez poginulih u saobra\u0107aju - FOTO - PrijedorDanas.com - Prijedorski gradski portal<\/title>\n<meta name=\"robots\" content=\"index, follow, max-snippet:-1, max-image-preview:large, max-video-preview:-1\" \/>\n<link rel=\"canonical\" href=\"https:\/\/www.prijedordanas.com\/?p=134219\" \/>\n<meta property=\"og:locale\" content=\"en_US\" \/>\n<meta property=\"og:type\" content=\"article\" \/>\n<meta property=\"og:title\" content=\"Prijedor: Obilje\u017een evropski dan bez poginulih u saobra\u0107aju - FOTO - PrijedorDanas.com - Prijedorski gradski portal\" \/>\n<meta property=\"og:description\" content=\"Prezentacijom ure\u0111aja koji simuliraju situacije u saobra\u0107aju koje dovode do saobra\u0107ajnih nezgoda u Prijedoru je danas obilje\u017een Evropski dan bez poginulih u saobra\u0107aju. Gradona\u010delnik Prijedora Milenko \u0110akovi\u0107 rekao je da [&hellip;]\" \/>\n<meta property=\"og:url\" content=\"https:\/\/www.prijedordanas.com\/?p=134219\" \/>\n<meta property=\"og:site_name\" content=\"PrijedorDanas.com - Prijedorski gradski portal\" \/>\n<meta property=\"article:publisher\" content=\"https:\/\/www.facebook.com\/PrijedorDanasCom\/\" \/>\n<meta property=\"article:published_time\" content=\"2019-09-26T12:29:47+00:00\" \/>\n<meta property=\"og:image\" content=\"https:\/\/www.prijedordanas.com\/wp-content\/uploads\/2019\/09\/evropski-dan-bez-poginulih-u-saobracaju-1-300x217.jpg\" \/>\n<meta name=\"author\" content=\"admin\" \/>\n<meta name=\"twitter:card\" content=\"summary_large_image\" \/>\n<meta name=\"twitter:label1\" content=\"Written by\" \/>\n\t<meta name=\"twitter:data1\" content=\"admin\" \/>\n\t<meta name=\"twitter:label2\" content=\"Est. reading time\" \/>\n\t<meta name=\"twitter:data2\" content=\"2 minutes\" \/>\n<script type=\"application\/ld+json\" class=\"yoast-schema-graph\">{\"@context\":\"https:\/\/schema.org\",\"@graph\":[{\"@type\":\"Article\",\"@id\":\"https:\/\/www.prijedordanas.com\/?p=134219#article\",\"isPartOf\":{\"@id\":\"https:\/\/www.prijedordanas.com\/?p=134219\"},\"author\":{\"name\":\"admin\",\"@id\":\"https:\/\/www.prijedordanas.com\/#\/schema\/person\/4e08ccf29b506ca916ff86d46bb700e6\"},\"headline\":\"Prijedor: Obilje\u017een evropski dan bez poginulih u saobra\u0107aju &#8211; FOTO\",\"datePublished\":\"2019-09-26T12:29:47+00:00\",\"dateModified\":\"2019-09-26T12:29:47+00:00\",\"mainEntityOfPage\":{\"@id\":\"https:\/\/www.prijedordanas.com\/?p=134219\"},\"wordCount\":489,\"publisher\":{\"@id\":\"https:\/\/www.prijedordanas.com\/#organization\"},\"articleSection\":[\"Dru\u0161tvo\"],\"inLanguage\":\"en-US\"},{\"@type\":\"WebPage\",\"@id\":\"https:\/\/www.prijedordanas.com\/?p=134219\",\"url\":\"https:\/\/www.prijedordanas.com\/?p=134219\",\"name\":\"Prijedor: Obilje\u017een evropski dan bez poginulih u saobra\u0107aju - FOTO - PrijedorDanas.com - Prijedorski gradski portal\",\"isPartOf\":{\"@id\":\"https:\/\/www.prijedordanas.com\/#website\"},\"datePublished\":\"2019-09-26T12:29:47+00:00\",\"dateModified\":\"2019-09-26T12:29:47+00:00\",\"breadcrumb\":{\"@id\":\"https:\/\/www.prijedordanas.com\/?p=134219#breadcrumb\"},\"inLanguage\":\"en-US\",\"potentialAction\":[{\"@type\":\"ReadAction\",\"target\":[\"https:\/\/www.prijedordanas.com\/?p=134219\"]}]},{\"@type\":\"BreadcrumbList\",\"@id\":\"https:\/\/www.prijedordanas.com\/?p=134219#breadcrumb\",\"itemListElement\":[{\"@type\":\"ListItem\",\"position\":1,\"name\":\"Home\",\"item\":\"https:\/\/www.prijedordanas.com\/\"},{\"@type\":\"ListItem\",\"position\":2,\"name\":\"Prijedor: Obilje\u017een evropski dan bez poginulih u saobra\u0107aju &#8211; FOTO\"}]},{\"@type\":\"WebSite\",\"@id\":\"https:\/\/www.prijedordanas.com\/#website\",\"url\":\"https:\/\/www.prijedordanas.com\/\",\"name\":\"PrijedorDanas.com - Prijedorski gradski portal\",\"description\":\"Portal o doga\u0111anjima u gradu Prijedoru\",\"publisher\":{\"@id\":\"https:\/\/www.prijedordanas.com\/#organization\"},\"potentialAction\":[{\"@type\":\"SearchAction\",\"target\":{\"@type\":\"EntryPoint\",\"urlTemplate\":\"https:\/\/www.prijedordanas.com\/?s={search_term_string}\"},\"query-input\":\"required name=search_term_string\"}],\"inLanguage\":\"en-US\"},{\"@type\":\"Organization\",\"@id\":\"https:\/\/www.prijedordanas.com\/#organization\",\"name\":\"PrijedorDanas.com\",\"url\":\"https:\/\/www.prijedordanas.com\/\",\"logo\":{\"@type\":\"ImageObject\",\"inLanguage\":\"en-US\",\"@id\":\"https:\/\/www.prijedordanas.com\/#\/schema\/logo\/image\/\",\"url\":\"http:\/\/www.prijedordanas.com\/wp-content\/uploads\/2021\/12\/logopng.png\",\"contentUrl\":\"http:\/\/www.prijedordanas.com\/wp-content\/uploads\/2021\/12\/logopng.png\",\"width\":1019,\"height\":776,\"caption\":\"PrijedorDanas.com\"},\"image\":{\"@id\":\"https:\/\/www.prijedordanas.com\/#\/schema\/logo\/image\/\"},\"sameAs\":[\"https:\/\/www.facebook.com\/PrijedorDanasCom\/\"]},{\"@type\":\"Person\",\"@id\":\"https:\/\/www.prijedordanas.com\/#\/schema\/person\/4e08ccf29b506ca916ff86d46bb700e6\",\"name\":\"admin\",\"image\":{\"@type\":\"ImageObject\",\"inLanguage\":\"en-US\",\"@id\":\"https:\/\/www.prijedordanas.com\/#\/schema\/person\/image\/\",\"url\":\"https:\/\/secure.gravatar.com\/avatar\/1d3fc949d550f0b53a5f0d51e06dfd79?s=96&d=mm&r=g\",\"contentUrl\":\"https:\/\/secure.gravatar.com\/avatar\/1d3fc949d550f0b53a5f0d51e06dfd79?s=96&d=mm&r=g\",\"caption\":\"admin\"},\"url\":\"https:\/\/www.prijedordanas.com\/?author=1\"}]}<\/script>\n<!-- \/ Yoast SEO plugin. -->","yoast_head_json":{"title":"Prijedor: Obilje\u017een evropski dan bez poginulih u saobra\u0107aju - FOTO - PrijedorDanas.com - Prijedorski gradski portal","robots":{"index":"index","follow":"follow","max-snippet":"max-snippet:-1","max-image-preview":"max-image-preview:large","max-video-preview":"max-video-preview:-1"},"canonical":"https:\/\/www.prijedordanas.com\/?p=134219","og_locale":"en_US","og_type":"article","og_title":"Prijedor: Obilje\u017een evropski dan bez poginulih u saobra\u0107aju - FOTO - PrijedorDanas.com - Prijedorski gradski portal","og_description":"Prezentacijom ure\u0111aja koji simuliraju situacije u saobra\u0107aju koje dovode do saobra\u0107ajnih nezgoda u Prijedoru je danas obilje\u017een Evropski dan bez poginulih u saobra\u0107aju. Gradona\u010delnik Prijedora Milenko \u0110akovi\u0107 rekao je da [&hellip;]","og_url":"https:\/\/www.prijedordanas.com\/?p=134219","og_site_name":"PrijedorDanas.com - Prijedorski gradski portal","article_publisher":"https:\/\/www.facebook.com\/PrijedorDanasCom\/","article_published_time":"2019-09-26T12:29:47+00:00","og_image":[{"url":"https:\/\/www.prijedordanas.com\/wp-content\/uploads\/2019\/09\/evropski-dan-bez-poginulih-u-saobracaju-1-300x217.jpg"}],"author":"admin","twitter_card":"summary_large_image","twitter_misc":{"Written by":"admin","Est. reading time":"2 minutes"},"schema":{"@context":"https:\/\/schema.org","@graph":[{"@type":"Article","@id":"https:\/\/www.prijedordanas.com\/?p=134219#article","isPartOf":{"@id":"https:\/\/www.prijedordanas.com\/?p=134219"},"author":{"name":"admin","@id":"https:\/\/www.prijedordanas.com\/#\/schema\/person\/4e08ccf29b506ca916ff86d46bb700e6"},"headline":"Prijedor: Obilje\u017een evropski dan bez poginulih u saobra\u0107aju &#8211; FOTO","datePublished":"2019-09-26T12:29:47+00:00","dateModified":"2019-09-26T12:29:47+00:00","mainEntityOfPage":{"@id":"https:\/\/www.prijedordanas.com\/?p=134219"},"wordCount":489,"publisher":{"@id":"https:\/\/www.prijedordanas.com\/#organization"},"articleSection":["Dru\u0161tvo"],"inLanguage":"en-US"},{"@type":"WebPage","@id":"https:\/\/www.prijedordanas.com\/?p=134219","url":"https:\/\/www.prijedordanas.com\/?p=134219","name":"Prijedor: Obilje\u017een evropski dan bez poginulih u saobra\u0107aju - FOTO - PrijedorDanas.com - Prijedorski gradski portal","isPartOf":{"@id":"https:\/\/www.prijedordanas.com\/#website"},"datePublished":"2019-09-26T12:29:47+00:00","dateModified":"2019-09-26T12:29:47+00:00","breadcrumb":{"@id":"https:\/\/www.prijedordanas.com\/?p=134219#breadcrumb"},"inLanguage":"en-US","potentialAction":[{"@type":"ReadAction","target":["https:\/\/www.prijedordanas.com\/?p=134219"]}]},{"@type":"BreadcrumbList","@id":"https:\/\/www.prijedordanas.com\/?p=134219#breadcrumb","itemListElement":[{"@type":"ListItem","position":1,"name":"Home","item":"https:\/\/www.prijedordanas.com\/"},{"@type":"ListItem","position":2,"name":"Prijedor: Obilje\u017een evropski dan bez poginulih u saobra\u0107aju &#8211; FOTO"}]},{"@type":"WebSite","@id":"https:\/\/www.prijedordanas.com\/#website","url":"https:\/\/www.prijedordanas.com\/","name":"PrijedorDanas.com - Prijedorski gradski portal","description":"Portal o doga\u0111anjima u gradu Prijedoru","publisher":{"@id":"https:\/\/www.prijedordanas.com\/#organization"},"potentialAction":[{"@type":"SearchAction","target":{"@type":"EntryPoint","urlTemplate":"https:\/\/www.prijedordanas.com\/?s={search_term_string}"},"query-input":"required name=search_term_string"}],"inLanguage":"en-US"},{"@type":"Organization","@id":"https:\/\/www.prijedordanas.com\/#organization","name":"PrijedorDanas.com","url":"https:\/\/www.prijedordanas.com\/","logo":{"@type":"ImageObject","inLanguage":"en-US","@id":"https:\/\/www.prijedordanas.com\/#\/schema\/logo\/image\/","url":"http:\/\/www.prijedordanas.com\/wp-content\/uploads\/2021\/12\/logopng.png","contentUrl":"http:\/\/www.prijedordanas.com\/wp-content\/uploads\/2021\/12\/logopng.png","width":1019,"height":776,"caption":"PrijedorDanas.com"},"image":{"@id":"https:\/\/www.prijedordanas.com\/#\/schema\/logo\/image\/"},"sameAs":["https:\/\/www.facebook.com\/PrijedorDanasCom\/"]},{"@type":"Person","@id":"https:\/\/www.prijedordanas.com\/#\/schema\/person\/4e08ccf29b506ca916ff86d46bb700e6","name":"admin","image":{"@type":"ImageObject","inLanguage":"en-US","@id":"https:\/\/www.prijedordanas.com\/#\/schema\/person\/image\/","url":"https:\/\/secure.gravatar.com\/avatar\/1d3fc949d550f0b53a5f0d51e06dfd79?s=96&d=mm&r=g","contentUrl":"https:\/\/secure.gravatar.com\/avatar\/1d3fc949d550f0b53a5f0d51e06dfd79?s=96&d=mm&r=g","caption":"admin"},"url":"https:\/\/www.prijedordanas.com\/?author=1"}]}},"_links":{"self":[{"href":"https:\/\/www.prijedordanas.com\/index.php?rest_route=\/wp\/v2\/posts\/134219"}],"collection":[{"href":"https:\/\/www.prijedordanas.com\/index.php?rest_route=\/wp\/v2\/posts"}],"about":[{"href":"https:\/\/www.prijedordanas.com\/index.php?rest_route=\/wp\/v2\/types\/post"}],"author":[{"embeddable":true,"href":"https:\/\/www.prijedordanas.com\/index.php?rest_route=\/wp\/v2\/users\/1"}],"replies":[{"embeddable":true,"href":"https:\/\/www.prijedordanas.com\/index.php?rest_route=%2Fwp%2Fv2%2Fcomments&post=134219"}],"version-history":[{"count":1,"href":"https:\/\/www.prijedordanas.com\/index.php?rest_route=\/wp\/v2\/posts\/134219\/revisions"}],"predecessor-version":[{"id":134228,"href":"https:\/\/www.prijedordanas.com\/index.php?rest_route=\/wp\/v2\/posts\/134219\/revisions\/134228"}],"wp:attachment":[{"href":"https:\/\/www.prijedordanas.com\/index.php?rest_route=%2Fwp%2Fv2%2Fmedia&parent=134219"}],"wp:term":[{"taxonomy":"category","embeddable":true,"href":"https:\/\/www.prijedordanas.com\/index.php?rest_route=%2Fwp%2Fv2%2Fcategories&post=134219"},{"taxonomy":"post_tag","embeddable":true,"href":"https:\/\/www.prijedordanas.com\/index.php?rest_route=%2Fwp%2Fv2%2Ftags&post=134219"}],"curies":[{"name":"wp","href":"https:\/\/api.w.org\/{rel}","templated":true}]}}