{"id":134029,"date":"2019-09-23T18:11:01","date_gmt":"2019-09-23T16:11:01","guid":{"rendered":"https:\/\/www.prijedordanas.com\/?p=134029"},"modified":"2019-09-23T18:11:01","modified_gmt":"2019-09-23T16:11:01","slug":"kozara-hrastova-mrezasta-stjenica-pustosi-sume-a-prijeti-i-vocnjacima-video","status":"publish","type":"post","link":"https:\/\/www.prijedordanas.com\/?p=134029","title":{"rendered":"Kozara: Hrastova mre\u017easta stjenica pusto\u0161i \u0161ume, a prijeti i vo\u0107njacima &#8211; VIDEO"},"content":{"rendered":"<p><a href=\"https:\/\/www.prijedordanas.com\/wp-content\/uploads\/2019\/09\/ilustracija-hrastova-mrezasta-stjenica.jpg\"><img loading=\"lazy\" decoding=\"async\" src=\"https:\/\/www.prijedordanas.com\/wp-content\/uploads\/2019\/09\/ilustracija-hrastova-mrezasta-stjenica-300x300.jpg\" alt=\"\" width=\"300\" height=\"300\" class=\"alignleft size-medium wp-image-134031\" srcset=\"https:\/\/www.prijedordanas.com\/wp-content\/uploads\/2019\/09\/ilustracija-hrastova-mrezasta-stjenica-300x300.jpg 300w, https:\/\/www.prijedordanas.com\/wp-content\/uploads\/2019\/09\/ilustracija-hrastova-mrezasta-stjenica-150x150.jpg 150w, https:\/\/www.prijedordanas.com\/wp-content\/uploads\/2019\/09\/ilustracija-hrastova-mrezasta-stjenica-100x100.jpg 100w, https:\/\/www.prijedordanas.com\/wp-content\/uploads\/2019\/09\/ilustracija-hrastova-mrezasta-stjenica-50x50.jpg 50w, https:\/\/www.prijedordanas.com\/wp-content\/uploads\/2019\/09\/ilustracija-hrastova-mrezasta-stjenica.jpg 600w\" sizes=\"(max-width: 300px) 100vw, 300px\" \/><\/a>U \u0161umama na Kozari, ali i \u0161irom Srpske, pojavio se \u0161tetni insekt hrastova mre\u017easta stjenica. Pojedina stabla hrasta se su\u0161e, a vo\u0107ari strahuju da bi ova \u0161teto\u010dina mogla da se uni\u0161ti vo\u0107njake.<\/p>\n<p>Hrastova mre\u017easta stjenica insekt je porijeklom iz Sjeverne Amerike. Tamo je dio ekosistema i ne \u010dini veliku \u0161tetu. Me\u0111utim, u Evropi nema prirodnog neprijatelja i brzo se \u0161iri.<\/p>\n<p>&#8211; Na podru\u010dju Srpske je ogromna povr\u0161ina hrasta pod napadom, negdje oko 200.000 hektara &#8211; rekao je Zoran Stanivukovi\u0107 sa \u0160umarskog fakulteta iz Banjaluke.<\/p>\n<p>Stru\u010dnjaci ka\u017eu da se djelovanjem stjenice vegetacioni period hrasta smanjuje za mjesec dana. U \u0160umskom gazdinstvu Prijedor isti\u010du da ne o\u010dekuju da \u0107e do\u0107i do ve\u0107eg su\u0161enja \u0161uma, ali mogu\u0107e je slabljenje stabala.<\/p>\n<p>&#8211; Nismo primjetili da ime nekih ve\u0107ih \u0161teta na drugim \u0161umskim vrstama, ali vidje\u0107emo, pratimo stanje. Poku\u0161ali smo do\u0107i do informacija kako su Hrvati odreagovali, jer oni ve\u0107 imaju taj problem, ovo im je tre\u0107a godina sada. Nemaju rje\u0161enja ni oni, nema rje\u0161enja niko u Evropi, bi\u0107e se jako te\u0161ko sa tim boriti, ne znamo \u0161ta nas \u010deka &#8211; istakao je Sa\u0161a Bursa\u0107 direktor \u0160umskog gazdinstva Prijedor.<\/p>\n<p>Vo\u0107njaci na Kozari i u Potkozarju nalaze se u blizini \u0161uma. Vo\u0107ari strahuju da bi se hrastova mre\u017easta stjenica mogla pro\u0161iriti i na njihove zasade. Zabilje\u017eeni su napadi na divlje jabuke, kupine, maline i zeljaste biljke.<\/p>\n<p>&#8211; Na vo\u0107kama jo\u0161 uvijek nema da smo primjetili da pravi \u0161tete. Me\u0111utim, ne mo\u017eemo da o\u010dekujemo da ne\u0107e pre\u0107i i na vo\u0107e, tako da o\u010dekujemo da Institut i ostale nadle\u017ene institucije odrade svoj posao, da utvrde na koji na\u010din da se borimo &#8211; smatra Mladen Marjanovi\u0107 predsjednik Udru\u017eenja vo\u0107ara grada Prijedora.<\/p>\n<p>Pomo\u0107nik ministra poljopriverede, \u0161umarstva i vodoprivrede Srpske Goran Zubi\u0107 dodao je da nije registrovano da ova stjenica napada vo\u0107e.<\/p>\n<p>Stru\u010dnjaci ka\u017eu da je hrastova mre\u017easta stjenica pokazala otpornost na sve preparate. U Hrvtskoj su u toku poku\u0161aji suzbijanja stjenice jednom vrstom gljivica. S obzirom na to da su poku\u0161aji u ranoj fazi, rezultati jo\u0161 nisu poznati.<\/p>\n<p>RTRS<\/p>\n<div style=\"width: 640px;\" class=\"wp-video\"><!--[if lt IE 9]><script>document.createElement('video');<\/script><![endif]-->\n<video class=\"wp-video-shortcode\" id=\"video-134029-1\" width=\"640\" height=\"360\" preload=\"metadata\" controls=\"controls\"><source type=\"video\/mp4\" src=\"https:\/\/arh3.rtrs.tv\/arhiva\/2019\/09\/23\/tvclip038981.mp4?_=1\" \/><a href=\"https:\/\/arh3.rtrs.tv\/arhiva\/2019\/09\/23\/tvclip038981.mp4\">https:\/\/arh3.rtrs.tv\/arhiva\/2019\/09\/23\/tvclip038981.mp4<\/a><\/video><\/div>\n","protected":false},"excerpt":{"rendered":"<p>U \u0161umama na Kozari, ali i \u0161irom Srpske, pojavio se \u0161tetni insekt hrastova mre\u017easta stjenica. Pojedina stabla hrasta se su\u0161e, a vo\u0107ari strahuju da bi ova \u0161teto\u010dina mogla da se [&hellip;]<\/p>\n","protected":false},"author":1,"featured_media":0,"comment_status":"closed","ping_status":"open","sticky":false,"template":"","format":"standard","meta":{"_monsterinsights_skip_tracking":false,"_monsterinsights_sitenote_active":false,"_monsterinsights_sitenote_note":"","_monsterinsights_sitenote_category":0,"footnotes":""},"categories":[8],"tags":[],"yoast_head":"<!-- This site is optimized with the Yoast SEO plugin v21.6 - https:\/\/yoast.com\/wordpress\/plugins\/seo\/ -->\n<title>Kozara: Hrastova mre\u017easta stjenica pusto\u0161i \u0161ume, a prijeti i vo\u0107njacima - VIDEO - PrijedorDanas.com - Prijedorski gradski portal<\/title>\n<meta name=\"robots\" content=\"index, follow, max-snippet:-1, max-image-preview:large, max-video-preview:-1\" \/>\n<link rel=\"canonical\" href=\"https:\/\/www.prijedordanas.com\/?p=134029\" \/>\n<meta property=\"og:locale\" content=\"en_US\" \/>\n<meta property=\"og:type\" content=\"article\" \/>\n<meta property=\"og:title\" content=\"Kozara: Hrastova mre\u017easta stjenica pusto\u0161i \u0161ume, a prijeti i vo\u0107njacima - VIDEO - PrijedorDanas.com - Prijedorski gradski portal\" \/>\n<meta property=\"og:description\" content=\"U \u0161umama na Kozari, ali i \u0161irom Srpske, pojavio se \u0161tetni insekt hrastova mre\u017easta stjenica. Pojedina stabla hrasta se su\u0161e, a vo\u0107ari strahuju da bi ova \u0161teto\u010dina mogla da se [&hellip;]\" \/>\n<meta property=\"og:url\" content=\"https:\/\/www.prijedordanas.com\/?p=134029\" \/>\n<meta property=\"og:site_name\" content=\"PrijedorDanas.com - Prijedorski gradski portal\" \/>\n<meta property=\"article:publisher\" content=\"https:\/\/www.facebook.com\/PrijedorDanasCom\/\" \/>\n<meta property=\"article:published_time\" content=\"2019-09-23T16:11:01+00:00\" \/>\n<meta property=\"og:image\" content=\"https:\/\/www.prijedordanas.com\/wp-content\/uploads\/2019\/09\/ilustracija-hrastova-mrezasta-stjenica-300x300.jpg\" \/>\n<meta name=\"author\" content=\"admin\" \/>\n<meta name=\"twitter:card\" content=\"summary_large_image\" \/>\n<meta name=\"twitter:label1\" content=\"Written by\" \/>\n\t<meta name=\"twitter:data1\" content=\"admin\" \/>\n\t<meta name=\"twitter:label2\" content=\"Est. reading time\" \/>\n\t<meta name=\"twitter:data2\" content=\"2 minutes\" \/>\n<script type=\"application\/ld+json\" class=\"yoast-schema-graph\">{\"@context\":\"https:\/\/schema.org\",\"@graph\":[{\"@type\":\"Article\",\"@id\":\"https:\/\/www.prijedordanas.com\/?p=134029#article\",\"isPartOf\":{\"@id\":\"https:\/\/www.prijedordanas.com\/?p=134029\"},\"author\":{\"name\":\"admin\",\"@id\":\"https:\/\/www.prijedordanas.com\/#\/schema\/person\/4e08ccf29b506ca916ff86d46bb700e6\"},\"headline\":\"Kozara: Hrastova mre\u017easta stjenica pusto\u0161i \u0161ume, a prijeti i vo\u0107njacima &#8211; VIDEO\",\"datePublished\":\"2019-09-23T16:11:01+00:00\",\"dateModified\":\"2019-09-23T16:11:01+00:00\",\"mainEntityOfPage\":{\"@id\":\"https:\/\/www.prijedordanas.com\/?p=134029\"},\"wordCount\":402,\"publisher\":{\"@id\":\"https:\/\/www.prijedordanas.com\/#organization\"},\"articleSection\":[\"Svakodnevno\"],\"inLanguage\":\"en-US\"},{\"@type\":\"WebPage\",\"@id\":\"https:\/\/www.prijedordanas.com\/?p=134029\",\"url\":\"https:\/\/www.prijedordanas.com\/?p=134029\",\"name\":\"Kozara: Hrastova mre\u017easta stjenica pusto\u0161i \u0161ume, a prijeti i vo\u0107njacima - VIDEO - PrijedorDanas.com - Prijedorski gradski portal\",\"isPartOf\":{\"@id\":\"https:\/\/www.prijedordanas.com\/#website\"},\"datePublished\":\"2019-09-23T16:11:01+00:00\",\"dateModified\":\"2019-09-23T16:11:01+00:00\",\"breadcrumb\":{\"@id\":\"https:\/\/www.prijedordanas.com\/?p=134029#breadcrumb\"},\"inLanguage\":\"en-US\",\"potentialAction\":[{\"@type\":\"ReadAction\",\"target\":[\"https:\/\/www.prijedordanas.com\/?p=134029\"]}]},{\"@type\":\"BreadcrumbList\",\"@id\":\"https:\/\/www.prijedordanas.com\/?p=134029#breadcrumb\",\"itemListElement\":[{\"@type\":\"ListItem\",\"position\":1,\"name\":\"Home\",\"item\":\"https:\/\/www.prijedordanas.com\/\"},{\"@type\":\"ListItem\",\"position\":2,\"name\":\"Kozara: Hrastova mre\u017easta stjenica pusto\u0161i \u0161ume, a prijeti i vo\u0107njacima &#8211; VIDEO\"}]},{\"@type\":\"WebSite\",\"@id\":\"https:\/\/www.prijedordanas.com\/#website\",\"url\":\"https:\/\/www.prijedordanas.com\/\",\"name\":\"PrijedorDanas.com - Prijedorski gradski portal\",\"description\":\"Portal o doga\u0111anjima u gradu Prijedoru\",\"publisher\":{\"@id\":\"https:\/\/www.prijedordanas.com\/#organization\"},\"potentialAction\":[{\"@type\":\"SearchAction\",\"target\":{\"@type\":\"EntryPoint\",\"urlTemplate\":\"https:\/\/www.prijedordanas.com\/?s={search_term_string}\"},\"query-input\":\"required name=search_term_string\"}],\"inLanguage\":\"en-US\"},{\"@type\":\"Organization\",\"@id\":\"https:\/\/www.prijedordanas.com\/#organization\",\"name\":\"PrijedorDanas.com\",\"url\":\"https:\/\/www.prijedordanas.com\/\",\"logo\":{\"@type\":\"ImageObject\",\"inLanguage\":\"en-US\",\"@id\":\"https:\/\/www.prijedordanas.com\/#\/schema\/logo\/image\/\",\"url\":\"http:\/\/www.prijedordanas.com\/wp-content\/uploads\/2021\/12\/logopng.png\",\"contentUrl\":\"http:\/\/www.prijedordanas.com\/wp-content\/uploads\/2021\/12\/logopng.png\",\"width\":1019,\"height\":776,\"caption\":\"PrijedorDanas.com\"},\"image\":{\"@id\":\"https:\/\/www.prijedordanas.com\/#\/schema\/logo\/image\/\"},\"sameAs\":[\"https:\/\/www.facebook.com\/PrijedorDanasCom\/\"]},{\"@type\":\"Person\",\"@id\":\"https:\/\/www.prijedordanas.com\/#\/schema\/person\/4e08ccf29b506ca916ff86d46bb700e6\",\"name\":\"admin\",\"image\":{\"@type\":\"ImageObject\",\"inLanguage\":\"en-US\",\"@id\":\"https:\/\/www.prijedordanas.com\/#\/schema\/person\/image\/\",\"url\":\"https:\/\/secure.gravatar.com\/avatar\/1d3fc949d550f0b53a5f0d51e06dfd79?s=96&d=mm&r=g\",\"contentUrl\":\"https:\/\/secure.gravatar.com\/avatar\/1d3fc949d550f0b53a5f0d51e06dfd79?s=96&d=mm&r=g\",\"caption\":\"admin\"},\"url\":\"https:\/\/www.prijedordanas.com\/?author=1\"}]}<\/script>\n<!-- \/ Yoast SEO plugin. -->","yoast_head_json":{"title":"Kozara: Hrastova mre\u017easta stjenica pusto\u0161i \u0161ume, a prijeti i vo\u0107njacima - VIDEO - PrijedorDanas.com - Prijedorski gradski portal","robots":{"index":"index","follow":"follow","max-snippet":"max-snippet:-1","max-image-preview":"max-image-preview:large","max-video-preview":"max-video-preview:-1"},"canonical":"https:\/\/www.prijedordanas.com\/?p=134029","og_locale":"en_US","og_type":"article","og_title":"Kozara: Hrastova mre\u017easta stjenica pusto\u0161i \u0161ume, a prijeti i vo\u0107njacima - VIDEO - PrijedorDanas.com - Prijedorski gradski portal","og_description":"U \u0161umama na Kozari, ali i \u0161irom Srpske, pojavio se \u0161tetni insekt hrastova mre\u017easta stjenica. Pojedina stabla hrasta se su\u0161e, a vo\u0107ari strahuju da bi ova \u0161teto\u010dina mogla da se [&hellip;]","og_url":"https:\/\/www.prijedordanas.com\/?p=134029","og_site_name":"PrijedorDanas.com - Prijedorski gradski portal","article_publisher":"https:\/\/www.facebook.com\/PrijedorDanasCom\/","article_published_time":"2019-09-23T16:11:01+00:00","og_image":[{"url":"https:\/\/www.prijedordanas.com\/wp-content\/uploads\/2019\/09\/ilustracija-hrastova-mrezasta-stjenica-300x300.jpg"}],"author":"admin","twitter_card":"summary_large_image","twitter_misc":{"Written by":"admin","Est. reading time":"2 minutes"},"schema":{"@context":"https:\/\/schema.org","@graph":[{"@type":"Article","@id":"https:\/\/www.prijedordanas.com\/?p=134029#article","isPartOf":{"@id":"https:\/\/www.prijedordanas.com\/?p=134029"},"author":{"name":"admin","@id":"https:\/\/www.prijedordanas.com\/#\/schema\/person\/4e08ccf29b506ca916ff86d46bb700e6"},"headline":"Kozara: Hrastova mre\u017easta stjenica pusto\u0161i \u0161ume, a prijeti i vo\u0107njacima &#8211; VIDEO","datePublished":"2019-09-23T16:11:01+00:00","dateModified":"2019-09-23T16:11:01+00:00","mainEntityOfPage":{"@id":"https:\/\/www.prijedordanas.com\/?p=134029"},"wordCount":402,"publisher":{"@id":"https:\/\/www.prijedordanas.com\/#organization"},"articleSection":["Svakodnevno"],"inLanguage":"en-US"},{"@type":"WebPage","@id":"https:\/\/www.prijedordanas.com\/?p=134029","url":"https:\/\/www.prijedordanas.com\/?p=134029","name":"Kozara: Hrastova mre\u017easta stjenica pusto\u0161i \u0161ume, a prijeti i vo\u0107njacima - VIDEO - PrijedorDanas.com - Prijedorski gradski portal","isPartOf":{"@id":"https:\/\/www.prijedordanas.com\/#website"},"datePublished":"2019-09-23T16:11:01+00:00","dateModified":"2019-09-23T16:11:01+00:00","breadcrumb":{"@id":"https:\/\/www.prijedordanas.com\/?p=134029#breadcrumb"},"inLanguage":"en-US","potentialAction":[{"@type":"ReadAction","target":["https:\/\/www.prijedordanas.com\/?p=134029"]}]},{"@type":"BreadcrumbList","@id":"https:\/\/www.prijedordanas.com\/?p=134029#breadcrumb","itemListElement":[{"@type":"ListItem","position":1,"name":"Home","item":"https:\/\/www.prijedordanas.com\/"},{"@type":"ListItem","position":2,"name":"Kozara: Hrastova mre\u017easta stjenica pusto\u0161i \u0161ume, a prijeti i vo\u0107njacima &#8211; VIDEO"}]},{"@type":"WebSite","@id":"https:\/\/www.prijedordanas.com\/#website","url":"https:\/\/www.prijedordanas.com\/","name":"PrijedorDanas.com - Prijedorski gradski portal","description":"Portal o doga\u0111anjima u gradu Prijedoru","publisher":{"@id":"https:\/\/www.prijedordanas.com\/#organization"},"potentialAction":[{"@type":"SearchAction","target":{"@type":"EntryPoint","urlTemplate":"https:\/\/www.prijedordanas.com\/?s={search_term_string}"},"query-input":"required name=search_term_string"}],"inLanguage":"en-US"},{"@type":"Organization","@id":"https:\/\/www.prijedordanas.com\/#organization","name":"PrijedorDanas.com","url":"https:\/\/www.prijedordanas.com\/","logo":{"@type":"ImageObject","inLanguage":"en-US","@id":"https:\/\/www.prijedordanas.com\/#\/schema\/logo\/image\/","url":"http:\/\/www.prijedordanas.com\/wp-content\/uploads\/2021\/12\/logopng.png","contentUrl":"http:\/\/www.prijedordanas.com\/wp-content\/uploads\/2021\/12\/logopng.png","width":1019,"height":776,"caption":"PrijedorDanas.com"},"image":{"@id":"https:\/\/www.prijedordanas.com\/#\/schema\/logo\/image\/"},"sameAs":["https:\/\/www.facebook.com\/PrijedorDanasCom\/"]},{"@type":"Person","@id":"https:\/\/www.prijedordanas.com\/#\/schema\/person\/4e08ccf29b506ca916ff86d46bb700e6","name":"admin","image":{"@type":"ImageObject","inLanguage":"en-US","@id":"https:\/\/www.prijedordanas.com\/#\/schema\/person\/image\/","url":"https:\/\/secure.gravatar.com\/avatar\/1d3fc949d550f0b53a5f0d51e06dfd79?s=96&d=mm&r=g","contentUrl":"https:\/\/secure.gravatar.com\/avatar\/1d3fc949d550f0b53a5f0d51e06dfd79?s=96&d=mm&r=g","caption":"admin"},"url":"https:\/\/www.prijedordanas.com\/?author=1"}]}},"_links":{"self":[{"href":"https:\/\/www.prijedordanas.com\/index.php?rest_route=\/wp\/v2\/posts\/134029"}],"collection":[{"href":"https:\/\/www.prijedordanas.com\/index.php?rest_route=\/wp\/v2\/posts"}],"about":[{"href":"https:\/\/www.prijedordanas.com\/index.php?rest_route=\/wp\/v2\/types\/post"}],"author":[{"embeddable":true,"href":"https:\/\/www.prijedordanas.com\/index.php?rest_route=\/wp\/v2\/users\/1"}],"replies":[{"embeddable":true,"href":"https:\/\/www.prijedordanas.com\/index.php?rest_route=%2Fwp%2Fv2%2Fcomments&post=134029"}],"version-history":[{"count":2,"href":"https:\/\/www.prijedordanas.com\/index.php?rest_route=\/wp\/v2\/posts\/134029\/revisions"}],"predecessor-version":[{"id":134033,"href":"https:\/\/www.prijedordanas.com\/index.php?rest_route=\/wp\/v2\/posts\/134029\/revisions\/134033"}],"wp:attachment":[{"href":"https:\/\/www.prijedordanas.com\/index.php?rest_route=%2Fwp%2Fv2%2Fmedia&parent=134029"}],"wp:term":[{"taxonomy":"category","embeddable":true,"href":"https:\/\/www.prijedordanas.com\/index.php?rest_route=%2Fwp%2Fv2%2Fcategories&post=134029"},{"taxonomy":"post_tag","embeddable":true,"href":"https:\/\/www.prijedordanas.com\/index.php?rest_route=%2Fwp%2Fv2%2Ftags&post=134029"}],"curies":[{"name":"wp","href":"https:\/\/api.w.org\/{rel}","templated":true}]}}