{"id":133521,"date":"2019-09-15T13:48:55","date_gmt":"2019-09-15T11:48:55","guid":{"rendered":"https:\/\/www.prijedordanas.com\/?p=133521"},"modified":"2019-09-15T13:48:55","modified_gmt":"2019-09-15T11:48:55","slug":"prijedor-obiljezen-dan-poginulih-i-zarobljenih-boraca-i-nestalih-civila-republike-srpske-foto","status":"publish","type":"post","link":"https:\/\/www.prijedordanas.com\/?p=133521","title":{"rendered":"Prijedor: Obilje\u017een Dan poginulih i zarobljenih boraca i nestalih civila Republike Srpske &#8211; FOTO"},"content":{"rendered":"<p><a href=\"https:\/\/www.prijedordanas.com\/wp-content\/uploads\/2019\/09\/dan-poginulih-i-zarobljenih-boraca-i-nestalih-civila-rs-2019-1.jpg\"><img loading=\"lazy\" decoding=\"async\" class=\"alignleft size-medium wp-image-133522\" src=\"https:\/\/www.prijedordanas.com\/wp-content\/uploads\/2019\/09\/dan-poginulih-i-zarobljenih-boraca-i-nestalih-civila-rs-2019-1-300x225.jpg\" alt=\"\" width=\"300\" height=\"225\" srcset=\"https:\/\/www.prijedordanas.com\/wp-content\/uploads\/2019\/09\/dan-poginulih-i-zarobljenih-boraca-i-nestalih-civila-rs-2019-1-300x225.jpg 300w, https:\/\/www.prijedordanas.com\/wp-content\/uploads\/2019\/09\/dan-poginulih-i-zarobljenih-boraca-i-nestalih-civila-rs-2019-1-100x75.jpg 100w, https:\/\/www.prijedordanas.com\/wp-content\/uploads\/2019\/09\/dan-poginulih-i-zarobljenih-boraca-i-nestalih-civila-rs-2019-1-640x480.jpg 640w, https:\/\/www.prijedordanas.com\/wp-content\/uploads\/2019\/09\/dan-poginulih-i-zarobljenih-boraca-i-nestalih-civila-rs-2019-1.jpg 667w\" sizes=\"(max-width: 300px) 100vw, 300px\" \/><\/a>Paljenjem svije\u0107a i polaganjem vijenaca ispred centralnog spomen-obilje\u017eja borcima poginulim u odbrambeno-otad\u017ebinskom ratu &#8220;Za krst \u010dasni&#8221;, u Prijedoru je obilje\u017een 15. septembar &#8211; Dan poginulih i zarobljenih boraca i nestalih civila Republike Srpske.<\/p>\n<p>Predsjednik Organizacije porodica zarobljenih i poginulih boraca i nestalih civila Prijedor Zdravka Karlica izjavila je sino\u0107 novinarima da se ovaj dan ve\u0107 godinama obilje\u017eava i da ve\u0107 \u010detiri-pet godina nema nikakvih rezultata da je neko ekshumiran, da je prona\u0111en i da i te porodice na\u0111u svoj mir , a da se tijela sahrane dostojanstveno, bez obzira kako se ko zvao.<\/p>\n<p>&#8220;Jako sam \u017ealosna jer sam imala slu\u010daj u porodici gdje je od mog oca otac ili brat nestao na Kozari i nikad ih nije sahranio , imao je tada \u0161est godina i stalno je plakao \u0161to nema spomenik i zato saosje\u0107am sa svima onima koji nisu uspjeli svoje sahraniti&#8221;, izjavila je Karlica.<\/p>\n<p><a href=\"https:\/\/www.prijedordanas.com\/wp-content\/uploads\/2019\/09\/dan-poginulih-i-zarobljenih-boraca-i-nestalih-civila-rs-2019-2.jpg\"><img loading=\"lazy\" decoding=\"async\" class=\"alignleft size-medium wp-image-133523\" src=\"https:\/\/www.prijedordanas.com\/wp-content\/uploads\/2019\/09\/dan-poginulih-i-zarobljenih-boraca-i-nestalih-civila-rs-2019-2-300x225.jpg\" alt=\"\" width=\"300\" height=\"225\" srcset=\"https:\/\/www.prijedordanas.com\/wp-content\/uploads\/2019\/09\/dan-poginulih-i-zarobljenih-boraca-i-nestalih-civila-rs-2019-2-300x225.jpg 300w, https:\/\/www.prijedordanas.com\/wp-content\/uploads\/2019\/09\/dan-poginulih-i-zarobljenih-boraca-i-nestalih-civila-rs-2019-2-100x75.jpg 100w, https:\/\/www.prijedordanas.com\/wp-content\/uploads\/2019\/09\/dan-poginulih-i-zarobljenih-boraca-i-nestalih-civila-rs-2019-2-640x480.jpg 640w, https:\/\/www.prijedordanas.com\/wp-content\/uploads\/2019\/09\/dan-poginulih-i-zarobljenih-boraca-i-nestalih-civila-rs-2019-2.jpg 667w\" sizes=\"(max-width: 300px) 100vw, 300px\" \/><\/a>Ona je dodala da je ovaj rat donio toliko toga \u0161to ne valja da ima osje\u0107aj da se na neki na\u010din neko i bogati na osnovu toga.<\/p>\n<p>&#8220;Institut je toliko para dobio za tra\u017eenje nestalih, a kako je prene\u0161eno tamo na nivo BiH od tada je stvarno sve zamrlo bar \u0161to se ti\u010de srpskih \u017ertava&#8221;, naglasila je Karlica.<\/p>\n<p>Ona je dodala da moli sve one koji znaju za bilo \u010dije tijelo bilo kako da se zove da bar anonimno upute na institucije bilo na Centar za dokazivanje ratnih zlo\u010dina bilo na ovu organizaciju, ali da bi bio red da se taj broj drasti\u010dno smanji.<\/p>\n<p><a href=\"https:\/\/www.prijedordanas.com\/wp-content\/uploads\/2019\/09\/dan-poginulih-i-zarobljenih-boraca-i-nestalih-civila-rs-2019-6.jpg\"><img loading=\"lazy\" decoding=\"async\" class=\"alignleft size-medium wp-image-133524\" src=\"https:\/\/www.prijedordanas.com\/wp-content\/uploads\/2019\/09\/dan-poginulih-i-zarobljenih-boraca-i-nestalih-civila-rs-2019-6-225x300.jpg\" alt=\"\" width=\"225\" height=\"300\" srcset=\"https:\/\/www.prijedordanas.com\/wp-content\/uploads\/2019\/09\/dan-poginulih-i-zarobljenih-boraca-i-nestalih-civila-rs-2019-6-225x300.jpg 225w, https:\/\/www.prijedordanas.com\/wp-content\/uploads\/2019\/09\/dan-poginulih-i-zarobljenih-boraca-i-nestalih-civila-rs-2019-6-75x100.jpg 75w, https:\/\/www.prijedordanas.com\/wp-content\/uploads\/2019\/09\/dan-poginulih-i-zarobljenih-boraca-i-nestalih-civila-rs-2019-6.jpg 450w\" sizes=\"(max-width: 225px) 100vw, 225px\" \/><\/a>&#8220;Na regiji Prijedor jo\u0161 uvijek se traga za 83 lica, od toga 43 vojnika, a ostalo su civili i ,iskreno re\u010deno, ve\u0107 su godine pro\u0161le da vi\u0161e niko i ne dolazi pitati ho\u0107e li se na\u0107i ili ne\u0107e \u010dekaju to ako \u0107e ko koga pozvati da se DNA podudara i da je \u010dinjenica da se mnogi od njih ne\u0107e nikada ni prona\u0107i ni identifikovati&#8221; istakla je Karlica.<\/p>\n<p>Zamjenik gradona\u010delnika Prijedora Aleksandar Milju\u0161 je istakao da je ovo prilika da se, kao i svake godine, prisjetimo na\u0161ih poginulih , stradalih i nestalih.<\/p>\n<p>&#8220;Pomen dajemo njima i opominjemo i, naravno, \u017eelimo su\u017eivot i mir na ovim prostorima. Grad Prijedor je ovdje i ve\u010deras prisutan i gradska administracija u sklopu obilje\u017eavanja Dana poginulih i nestalih kao centralne manifestacije koja se odr\u017eava sutra u Banja Luci&#8221;, rekao je Milju\u0161.<\/p>\n<p><a href=\"https:\/\/www.prijedordanas.com\/wp-content\/uploads\/2019\/09\/dan-poginulih-i-zarobljenih-boraca-i-nestalih-civila-rs-2019-5.jpg\"><img loading=\"lazy\" decoding=\"async\" src=\"https:\/\/www.prijedordanas.com\/wp-content\/uploads\/2019\/09\/dan-poginulih-i-zarobljenih-boraca-i-nestalih-civila-rs-2019-5-300x225.jpg\" alt=\"\" width=\"300\" height=\"225\" class=\"alignleft size-medium wp-image-133525\" srcset=\"https:\/\/www.prijedordanas.com\/wp-content\/uploads\/2019\/09\/dan-poginulih-i-zarobljenih-boraca-i-nestalih-civila-rs-2019-5-300x225.jpg 300w, https:\/\/www.prijedordanas.com\/wp-content\/uploads\/2019\/09\/dan-poginulih-i-zarobljenih-boraca-i-nestalih-civila-rs-2019-5-100x75.jpg 100w, https:\/\/www.prijedordanas.com\/wp-content\/uploads\/2019\/09\/dan-poginulih-i-zarobljenih-boraca-i-nestalih-civila-rs-2019-5.jpg 600w\" sizes=\"(max-width: 300px) 100vw, 300px\" \/><\/a>Ovom pomenu prisustvovala je i Ranka Lekani\u0107 koja je izjavila da je \u010dekala 18 godina da bi na\u0161li kosti supruga Ilije koji je poginuo u Hrvatskoj 1995.godine.<\/p>\n<p>&#8220;Javili su nam iz Zagreba da su prona\u0111ene kosti. Sin mi je javio-na\u0161li smo tatu, a ja sam mislila da je on \u017eiv, ja sam se toliko obradovala, toliko sam bila sretna,a on nakon par minuta ka\u017ee-mama, ja idem na identifikaciju&#8221;, pri\u010da kroz suze Ranka dodaju\u0107i da je dobila samo malu kutijicu gdje je bilo malo kostiju.<\/p>\n<p>Ali bez obzira sve to, ka\u017ee Ranka, kada je te ostatke pokojnog supruga dobila i sahranila, laknulo joj je.<\/p>\n<p>&#8220;Kao da sam sto kila skinula sa glave, nosila sam taj teret 18 godina&#8221;, rekla je Ranka.<\/p>\n<p>Paljenju svije\u0107a i polaganju vijenaca na spomeniku &#8220;Za krst \u010dasni&#8221; prethodio je parastos poginulim i nestalim borcima koji je slu\u017een u crkvi Svete Trojice u Prijedoru.<\/p>\n<p>www.prijedorgrad.org<\/p>\n<p><a href=\"https:\/\/www.prijedordanas.com\/wp-content\/uploads\/2019\/09\/dan-poginulih-i-zarobljenih-boraca-i-nestalih-civila-rs-2019-3.jpg\"><img loading=\"lazy\" decoding=\"async\" src=\"https:\/\/www.prijedordanas.com\/wp-content\/uploads\/2019\/09\/dan-poginulih-i-zarobljenih-boraca-i-nestalih-civila-rs-2019-3-300x225.jpg\" alt=\"\" width=\"300\" height=\"225\" class=\"alignleft size-medium wp-image-133526\" srcset=\"https:\/\/www.prijedordanas.com\/wp-content\/uploads\/2019\/09\/dan-poginulih-i-zarobljenih-boraca-i-nestalih-civila-rs-2019-3-300x225.jpg 300w, https:\/\/www.prijedordanas.com\/wp-content\/uploads\/2019\/09\/dan-poginulih-i-zarobljenih-boraca-i-nestalih-civila-rs-2019-3-100x75.jpg 100w, https:\/\/www.prijedordanas.com\/wp-content\/uploads\/2019\/09\/dan-poginulih-i-zarobljenih-boraca-i-nestalih-civila-rs-2019-3.jpg 600w\" sizes=\"(max-width: 300px) 100vw, 300px\" \/><\/a> <a href=\"https:\/\/www.prijedordanas.com\/wp-content\/uploads\/2019\/09\/dan-poginulih-i-zarobljenih-boraca-i-nestalih-civila-rs-2019-4.jpg\"><img loading=\"lazy\" decoding=\"async\" src=\"https:\/\/www.prijedordanas.com\/wp-content\/uploads\/2019\/09\/dan-poginulih-i-zarobljenih-boraca-i-nestalih-civila-rs-2019-4-300x225.jpg\" alt=\"\" width=\"300\" height=\"225\" class=\"alignleft size-medium wp-image-133527\" srcset=\"https:\/\/www.prijedordanas.com\/wp-content\/uploads\/2019\/09\/dan-poginulih-i-zarobljenih-boraca-i-nestalih-civila-rs-2019-4-300x225.jpg 300w, https:\/\/www.prijedordanas.com\/wp-content\/uploads\/2019\/09\/dan-poginulih-i-zarobljenih-boraca-i-nestalih-civila-rs-2019-4-100x75.jpg 100w, https:\/\/www.prijedordanas.com\/wp-content\/uploads\/2019\/09\/dan-poginulih-i-zarobljenih-boraca-i-nestalih-civila-rs-2019-4.jpg 600w\" sizes=\"(max-width: 300px) 100vw, 300px\" \/><\/a> <a href=\"https:\/\/www.prijedordanas.com\/wp-content\/uploads\/2019\/09\/dan-poginulih-i-zarobljenih-boraca-i-nestalih-civila-rs-2019-7.jpg\"><img loading=\"lazy\" decoding=\"async\" src=\"https:\/\/www.prijedordanas.com\/wp-content\/uploads\/2019\/09\/dan-poginulih-i-zarobljenih-boraca-i-nestalih-civila-rs-2019-7-300x225.jpg\" alt=\"\" width=\"300\" height=\"225\" class=\"alignleft size-medium wp-image-133528\" srcset=\"https:\/\/www.prijedordanas.com\/wp-content\/uploads\/2019\/09\/dan-poginulih-i-zarobljenih-boraca-i-nestalih-civila-rs-2019-7-300x225.jpg 300w, https:\/\/www.prijedordanas.com\/wp-content\/uploads\/2019\/09\/dan-poginulih-i-zarobljenih-boraca-i-nestalih-civila-rs-2019-7-100x75.jpg 100w, https:\/\/www.prijedordanas.com\/wp-content\/uploads\/2019\/09\/dan-poginulih-i-zarobljenih-boraca-i-nestalih-civila-rs-2019-7.jpg 600w\" sizes=\"(max-width: 300px) 100vw, 300px\" \/><\/a><\/p>\n","protected":false},"excerpt":{"rendered":"<p>Paljenjem svije\u0107a i polaganjem vijenaca ispred centralnog spomen-obilje\u017eja borcima poginulim u odbrambeno-otad\u017ebinskom ratu &#8220;Za krst \u010dasni&#8221;, u Prijedoru je obilje\u017een 15. septembar &#8211; Dan poginulih i zarobljenih boraca i nestalih [&hellip;]<\/p>\n","protected":false},"author":1,"featured_media":0,"comment_status":"closed","ping_status":"open","sticky":false,"template":"","format":"standard","meta":{"_monsterinsights_skip_tracking":false,"_monsterinsights_sitenote_active":false,"_monsterinsights_sitenote_note":"","_monsterinsights_sitenote_category":0,"footnotes":""},"categories":[8],"tags":[],"yoast_head":"<!-- This site is optimized with the Yoast SEO plugin v21.6 - https:\/\/yoast.com\/wordpress\/plugins\/seo\/ -->\n<title>Prijedor: Obilje\u017een Dan poginulih i zarobljenih boraca i nestalih civila Republike Srpske - FOTO - PrijedorDanas.com - Prijedorski gradski portal<\/title>\n<meta name=\"robots\" content=\"index, follow, max-snippet:-1, max-image-preview:large, max-video-preview:-1\" \/>\n<link rel=\"canonical\" href=\"https:\/\/www.prijedordanas.com\/?p=133521\" \/>\n<meta property=\"og:locale\" content=\"en_US\" \/>\n<meta property=\"og:type\" content=\"article\" \/>\n<meta property=\"og:title\" content=\"Prijedor: Obilje\u017een Dan poginulih i zarobljenih boraca i nestalih civila Republike Srpske - FOTO - PrijedorDanas.com - Prijedorski gradski portal\" \/>\n<meta property=\"og:description\" content=\"Paljenjem svije\u0107a i polaganjem vijenaca ispred centralnog spomen-obilje\u017eja borcima poginulim u odbrambeno-otad\u017ebinskom ratu &#8220;Za krst \u010dasni&#8221;, u Prijedoru je obilje\u017een 15. septembar &#8211; Dan poginulih i zarobljenih boraca i nestalih [&hellip;]\" \/>\n<meta property=\"og:url\" content=\"https:\/\/www.prijedordanas.com\/?p=133521\" \/>\n<meta property=\"og:site_name\" content=\"PrijedorDanas.com - Prijedorski gradski portal\" \/>\n<meta property=\"article:publisher\" content=\"https:\/\/www.facebook.com\/PrijedorDanasCom\/\" \/>\n<meta property=\"article:published_time\" content=\"2019-09-15T11:48:55+00:00\" \/>\n<meta property=\"og:image\" content=\"https:\/\/www.prijedordanas.com\/wp-content\/uploads\/2019\/09\/dan-poginulih-i-zarobljenih-boraca-i-nestalih-civila-rs-2019-1-300x225.jpg\" \/>\n<meta name=\"author\" content=\"admin\" \/>\n<meta name=\"twitter:card\" content=\"summary_large_image\" \/>\n<meta name=\"twitter:label1\" content=\"Written by\" \/>\n\t<meta name=\"twitter:data1\" content=\"admin\" \/>\n\t<meta name=\"twitter:label2\" content=\"Est. reading time\" \/>\n\t<meta name=\"twitter:data2\" content=\"3 minutes\" \/>\n<script type=\"application\/ld+json\" class=\"yoast-schema-graph\">{\"@context\":\"https:\/\/schema.org\",\"@graph\":[{\"@type\":\"Article\",\"@id\":\"https:\/\/www.prijedordanas.com\/?p=133521#article\",\"isPartOf\":{\"@id\":\"https:\/\/www.prijedordanas.com\/?p=133521\"},\"author\":{\"name\":\"admin\",\"@id\":\"https:\/\/www.prijedordanas.com\/#\/schema\/person\/4e08ccf29b506ca916ff86d46bb700e6\"},\"headline\":\"Prijedor: Obilje\u017een Dan poginulih i zarobljenih boraca i nestalih civila Republike Srpske &#8211; FOTO\",\"datePublished\":\"2019-09-15T11:48:55+00:00\",\"dateModified\":\"2019-09-15T11:48:55+00:00\",\"mainEntityOfPage\":{\"@id\":\"https:\/\/www.prijedordanas.com\/?p=133521\"},\"wordCount\":580,\"publisher\":{\"@id\":\"https:\/\/www.prijedordanas.com\/#organization\"},\"articleSection\":[\"Svakodnevno\"],\"inLanguage\":\"en-US\"},{\"@type\":\"WebPage\",\"@id\":\"https:\/\/www.prijedordanas.com\/?p=133521\",\"url\":\"https:\/\/www.prijedordanas.com\/?p=133521\",\"name\":\"Prijedor: Obilje\u017een Dan poginulih i zarobljenih boraca i nestalih civila Republike Srpske - FOTO - PrijedorDanas.com - Prijedorski gradski portal\",\"isPartOf\":{\"@id\":\"https:\/\/www.prijedordanas.com\/#website\"},\"datePublished\":\"2019-09-15T11:48:55+00:00\",\"dateModified\":\"2019-09-15T11:48:55+00:00\",\"breadcrumb\":{\"@id\":\"https:\/\/www.prijedordanas.com\/?p=133521#breadcrumb\"},\"inLanguage\":\"en-US\",\"potentialAction\":[{\"@type\":\"ReadAction\",\"target\":[\"https:\/\/www.prijedordanas.com\/?p=133521\"]}]},{\"@type\":\"BreadcrumbList\",\"@id\":\"https:\/\/www.prijedordanas.com\/?p=133521#breadcrumb\",\"itemListElement\":[{\"@type\":\"ListItem\",\"position\":1,\"name\":\"Home\",\"item\":\"https:\/\/www.prijedordanas.com\/\"},{\"@type\":\"ListItem\",\"position\":2,\"name\":\"Prijedor: Obilje\u017een Dan poginulih i zarobljenih boraca i nestalih civila Republike Srpske &#8211; FOTO\"}]},{\"@type\":\"WebSite\",\"@id\":\"https:\/\/www.prijedordanas.com\/#website\",\"url\":\"https:\/\/www.prijedordanas.com\/\",\"name\":\"PrijedorDanas.com - Prijedorski gradski portal\",\"description\":\"Portal o doga\u0111anjima u gradu Prijedoru\",\"publisher\":{\"@id\":\"https:\/\/www.prijedordanas.com\/#organization\"},\"potentialAction\":[{\"@type\":\"SearchAction\",\"target\":{\"@type\":\"EntryPoint\",\"urlTemplate\":\"https:\/\/www.prijedordanas.com\/?s={search_term_string}\"},\"query-input\":\"required name=search_term_string\"}],\"inLanguage\":\"en-US\"},{\"@type\":\"Organization\",\"@id\":\"https:\/\/www.prijedordanas.com\/#organization\",\"name\":\"PrijedorDanas.com\",\"url\":\"https:\/\/www.prijedordanas.com\/\",\"logo\":{\"@type\":\"ImageObject\",\"inLanguage\":\"en-US\",\"@id\":\"https:\/\/www.prijedordanas.com\/#\/schema\/logo\/image\/\",\"url\":\"http:\/\/www.prijedordanas.com\/wp-content\/uploads\/2021\/12\/logopng.png\",\"contentUrl\":\"http:\/\/www.prijedordanas.com\/wp-content\/uploads\/2021\/12\/logopng.png\",\"width\":1019,\"height\":776,\"caption\":\"PrijedorDanas.com\"},\"image\":{\"@id\":\"https:\/\/www.prijedordanas.com\/#\/schema\/logo\/image\/\"},\"sameAs\":[\"https:\/\/www.facebook.com\/PrijedorDanasCom\/\"]},{\"@type\":\"Person\",\"@id\":\"https:\/\/www.prijedordanas.com\/#\/schema\/person\/4e08ccf29b506ca916ff86d46bb700e6\",\"name\":\"admin\",\"image\":{\"@type\":\"ImageObject\",\"inLanguage\":\"en-US\",\"@id\":\"https:\/\/www.prijedordanas.com\/#\/schema\/person\/image\/\",\"url\":\"https:\/\/secure.gravatar.com\/avatar\/1d3fc949d550f0b53a5f0d51e06dfd79?s=96&d=mm&r=g\",\"contentUrl\":\"https:\/\/secure.gravatar.com\/avatar\/1d3fc949d550f0b53a5f0d51e06dfd79?s=96&d=mm&r=g\",\"caption\":\"admin\"},\"url\":\"https:\/\/www.prijedordanas.com\/?author=1\"}]}<\/script>\n<!-- \/ Yoast SEO plugin. -->","yoast_head_json":{"title":"Prijedor: Obilje\u017een Dan poginulih i zarobljenih boraca i nestalih civila Republike Srpske - FOTO - PrijedorDanas.com - Prijedorski gradski portal","robots":{"index":"index","follow":"follow","max-snippet":"max-snippet:-1","max-image-preview":"max-image-preview:large","max-video-preview":"max-video-preview:-1"},"canonical":"https:\/\/www.prijedordanas.com\/?p=133521","og_locale":"en_US","og_type":"article","og_title":"Prijedor: Obilje\u017een Dan poginulih i zarobljenih boraca i nestalih civila Republike Srpske - FOTO - PrijedorDanas.com - Prijedorski gradski portal","og_description":"Paljenjem svije\u0107a i polaganjem vijenaca ispred centralnog spomen-obilje\u017eja borcima poginulim u odbrambeno-otad\u017ebinskom ratu &#8220;Za krst \u010dasni&#8221;, u Prijedoru je obilje\u017een 15. septembar &#8211; Dan poginulih i zarobljenih boraca i nestalih [&hellip;]","og_url":"https:\/\/www.prijedordanas.com\/?p=133521","og_site_name":"PrijedorDanas.com - Prijedorski gradski portal","article_publisher":"https:\/\/www.facebook.com\/PrijedorDanasCom\/","article_published_time":"2019-09-15T11:48:55+00:00","og_image":[{"url":"https:\/\/www.prijedordanas.com\/wp-content\/uploads\/2019\/09\/dan-poginulih-i-zarobljenih-boraca-i-nestalih-civila-rs-2019-1-300x225.jpg"}],"author":"admin","twitter_card":"summary_large_image","twitter_misc":{"Written by":"admin","Est. reading time":"3 minutes"},"schema":{"@context":"https:\/\/schema.org","@graph":[{"@type":"Article","@id":"https:\/\/www.prijedordanas.com\/?p=133521#article","isPartOf":{"@id":"https:\/\/www.prijedordanas.com\/?p=133521"},"author":{"name":"admin","@id":"https:\/\/www.prijedordanas.com\/#\/schema\/person\/4e08ccf29b506ca916ff86d46bb700e6"},"headline":"Prijedor: Obilje\u017een Dan poginulih i zarobljenih boraca i nestalih civila Republike Srpske &#8211; FOTO","datePublished":"2019-09-15T11:48:55+00:00","dateModified":"2019-09-15T11:48:55+00:00","mainEntityOfPage":{"@id":"https:\/\/www.prijedordanas.com\/?p=133521"},"wordCount":580,"publisher":{"@id":"https:\/\/www.prijedordanas.com\/#organization"},"articleSection":["Svakodnevno"],"inLanguage":"en-US"},{"@type":"WebPage","@id":"https:\/\/www.prijedordanas.com\/?p=133521","url":"https:\/\/www.prijedordanas.com\/?p=133521","name":"Prijedor: Obilje\u017een Dan poginulih i zarobljenih boraca i nestalih civila Republike Srpske - FOTO - PrijedorDanas.com - Prijedorski gradski portal","isPartOf":{"@id":"https:\/\/www.prijedordanas.com\/#website"},"datePublished":"2019-09-15T11:48:55+00:00","dateModified":"2019-09-15T11:48:55+00:00","breadcrumb":{"@id":"https:\/\/www.prijedordanas.com\/?p=133521#breadcrumb"},"inLanguage":"en-US","potentialAction":[{"@type":"ReadAction","target":["https:\/\/www.prijedordanas.com\/?p=133521"]}]},{"@type":"BreadcrumbList","@id":"https:\/\/www.prijedordanas.com\/?p=133521#breadcrumb","itemListElement":[{"@type":"ListItem","position":1,"name":"Home","item":"https:\/\/www.prijedordanas.com\/"},{"@type":"ListItem","position":2,"name":"Prijedor: Obilje\u017een Dan poginulih i zarobljenih boraca i nestalih civila Republike Srpske &#8211; FOTO"}]},{"@type":"WebSite","@id":"https:\/\/www.prijedordanas.com\/#website","url":"https:\/\/www.prijedordanas.com\/","name":"PrijedorDanas.com - Prijedorski gradski portal","description":"Portal o doga\u0111anjima u gradu Prijedoru","publisher":{"@id":"https:\/\/www.prijedordanas.com\/#organization"},"potentialAction":[{"@type":"SearchAction","target":{"@type":"EntryPoint","urlTemplate":"https:\/\/www.prijedordanas.com\/?s={search_term_string}"},"query-input":"required name=search_term_string"}],"inLanguage":"en-US"},{"@type":"Organization","@id":"https:\/\/www.prijedordanas.com\/#organization","name":"PrijedorDanas.com","url":"https:\/\/www.prijedordanas.com\/","logo":{"@type":"ImageObject","inLanguage":"en-US","@id":"https:\/\/www.prijedordanas.com\/#\/schema\/logo\/image\/","url":"http:\/\/www.prijedordanas.com\/wp-content\/uploads\/2021\/12\/logopng.png","contentUrl":"http:\/\/www.prijedordanas.com\/wp-content\/uploads\/2021\/12\/logopng.png","width":1019,"height":776,"caption":"PrijedorDanas.com"},"image":{"@id":"https:\/\/www.prijedordanas.com\/#\/schema\/logo\/image\/"},"sameAs":["https:\/\/www.facebook.com\/PrijedorDanasCom\/"]},{"@type":"Person","@id":"https:\/\/www.prijedordanas.com\/#\/schema\/person\/4e08ccf29b506ca916ff86d46bb700e6","name":"admin","image":{"@type":"ImageObject","inLanguage":"en-US","@id":"https:\/\/www.prijedordanas.com\/#\/schema\/person\/image\/","url":"https:\/\/secure.gravatar.com\/avatar\/1d3fc949d550f0b53a5f0d51e06dfd79?s=96&d=mm&r=g","contentUrl":"https:\/\/secure.gravatar.com\/avatar\/1d3fc949d550f0b53a5f0d51e06dfd79?s=96&d=mm&r=g","caption":"admin"},"url":"https:\/\/www.prijedordanas.com\/?author=1"}]}},"_links":{"self":[{"href":"https:\/\/www.prijedordanas.com\/index.php?rest_route=\/wp\/v2\/posts\/133521"}],"collection":[{"href":"https:\/\/www.prijedordanas.com\/index.php?rest_route=\/wp\/v2\/posts"}],"about":[{"href":"https:\/\/www.prijedordanas.com\/index.php?rest_route=\/wp\/v2\/types\/post"}],"author":[{"embeddable":true,"href":"https:\/\/www.prijedordanas.com\/index.php?rest_route=\/wp\/v2\/users\/1"}],"replies":[{"embeddable":true,"href":"https:\/\/www.prijedordanas.com\/index.php?rest_route=%2Fwp%2Fv2%2Fcomments&post=133521"}],"version-history":[{"count":1,"href":"https:\/\/www.prijedordanas.com\/index.php?rest_route=\/wp\/v2\/posts\/133521\/revisions"}],"predecessor-version":[{"id":133529,"href":"https:\/\/www.prijedordanas.com\/index.php?rest_route=\/wp\/v2\/posts\/133521\/revisions\/133529"}],"wp:attachment":[{"href":"https:\/\/www.prijedordanas.com\/index.php?rest_route=%2Fwp%2Fv2%2Fmedia&parent=133521"}],"wp:term":[{"taxonomy":"category","embeddable":true,"href":"https:\/\/www.prijedordanas.com\/index.php?rest_route=%2Fwp%2Fv2%2Fcategories&post=133521"},{"taxonomy":"post_tag","embeddable":true,"href":"https:\/\/www.prijedordanas.com\/index.php?rest_route=%2Fwp%2Fv2%2Ftags&post=133521"}],"curies":[{"name":"wp","href":"https:\/\/api.w.org\/{rel}","templated":true}]}}