{"id":133430,"date":"2019-09-15T10:22:35","date_gmt":"2019-09-15T08:22:35","guid":{"rendered":"https:\/\/www.prijedordanas.com\/?p=133430"},"modified":"2019-09-15T10:22:35","modified_gmt":"2019-09-15T08:22:35","slug":"nije-covjek-ko-ne-umre-otvara-67-sezonu-pozorista-prijedor","status":"publish","type":"post","link":"https:\/\/www.prijedordanas.com\/?p=133430","title":{"rendered":"\u201cNije \u010dovjek ko ne umre\u201d otvara 67. sezonu Pozori\u0161ta Prijedor"},"content":{"rendered":"<p><a href=\"https:\/\/www.prijedordanas.com\/wp-content\/uploads\/2019\/09\/nije-covjek-ko-ne-umre-pocetak-rada.jpg\"><img loading=\"lazy\" decoding=\"async\" src=\"https:\/\/www.prijedordanas.com\/wp-content\/uploads\/2019\/09\/nije-covjek-ko-ne-umre-pocetak-rada-300x222.jpg\" alt=\"\" width=\"300\" height=\"222\" class=\"alignleft size-medium wp-image-133508\" srcset=\"https:\/\/www.prijedordanas.com\/wp-content\/uploads\/2019\/09\/nije-covjek-ko-ne-umre-pocetak-rada-300x222.jpg 300w, https:\/\/www.prijedordanas.com\/wp-content\/uploads\/2019\/09\/nije-covjek-ko-ne-umre-pocetak-rada-100x74.jpg 100w, https:\/\/www.prijedordanas.com\/wp-content\/uploads\/2019\/09\/nije-covjek-ko-ne-umre-pocetak-rada.jpg 675w\" sizes=\"(max-width: 300px) 100vw, 300px\" \/><\/a>Predstava \u201cNije \u010dovjek ko ne umre\u201d je tragikomedija o grupi ljudi koji se nalaze zato\u010deni u jednoj bolnici. U tom komadu je jedna vrlo uslovna metafora o zato\u010denosti, o nemogu\u0107nosti izlaza iz jednog kruga i o na\u010dinu na koji ljudi ispunjavaju vrijeme, kako se igraju da bi \u201csa\u017evakali\u201d surovu realnost.<\/p>\n<p>Rekao je ovo re\u017eiser Marko Misira\u010da o novoj predstavi koja \u0107e otvoriti 67. sezonu u Pozori\u0161tu Prijedor. <\/p>\n<p>Istoimena predstava prvi put je odigrana u Prijedoru 1992. godine, a u komadu \u0107e igrati glumac Narodnog pozori\u0161ta Republike Srpske Aleksandar Stojkovi\u0107 te glumci Pozori\u0161ta Prijedor Mirela Predojevi\u0107, Dean Batoz, \u017delimir Rivi\u0107 i Sini\u0161a Vu\u010di\u0107evi\u0107, za koje reditelj Mirko Misira\u010da vjeruje da \u0107e odraditi sjajne uloge jer je ovo, kako ka\u017ee, gluma\u010dka predstava.<\/p>\n<p>Da \u0107e ovo biti voljena predstava u Prijedoru vjeruje i glumac Aleksandar Stojkovi\u0107, koji je ve\u0107 imao priliku da igra ovu ulogu, ali u drugoj re\u017eiji.<\/p>\n<p>&#8211; Va\u017eno je da \u0107e se ta predstava razlikovati od one koju smo radili u Banjaluci, ali ne\u0107e odstupiti bitno od te dramatur\u0161ke vertikale koja je u komadu napisana. Taj komad je malo i za\u010dudan kad ga \u010ditate. Kada sam prvi put gledao ovu predstavu, ni\u0161ta nisam razumio, ali su mi gluma\u010dke kreacije bile jako zanimljive, sve dok se nismo uhvatili u ko\u0161tac sa tom vrstom dramaturgije &#8211; rekao je Stojkovi\u0107.<\/p>\n<p>Prijedorski glumci su sa velikim zadovoljstvom prihvatili uloge koje su im ponu\u0111ene. Batoz, Predojevi\u0107eva i Rivi\u0107 ka\u017eu da na probama vlada prijatna atmosfera, te se nadaju da \u0107e predstava biti prihva\u0107ena u Prijedoru.<\/p>\n<p>&#8211; Ovi gluma\u010dki zadaci koje imamo pred sobom su zanimljivi iz razloga \u0161to je istra\u017eiva\u010dki rad, to su likovi koji imaju ta\u010dne dijagnoze, \u0161e\u0107er i moramo se toga pridr\u017eavati i to je ono \u0161to glumca privla\u010di u radu, vjerujem da \u0107emo napraviti dobru predstavu &#8211; rekao je Batoz.<\/p>\n<p>Glumica Mirela Predojevi\u0107 rekla je da tekst ove predstave ima mnogo toga da ka\u017ee i ponudi.<\/p>\n<p>&#8211; Na pojedinim momentima, kada znam sve o \u010demu se radi, zasuze mi o\u010di, ti\u010de me se to, jako mi je bitno i mislim da to nije bitno samo za glumca, ve\u0107 i za reditelja, a samim tim i za publiku &#8211; navela je Predojevi\u0107eva.<\/p>\n<p>Premijera predstave \u201cNije \u010dovjek ko ne umre\u201d o\u010dekuje se po\u010detkom oktobra, a glumac \u017delimir Rivi\u0107 je istakao da \u0107e je sigurno igrati sa rado\u0161\u0107u svaki put.<\/p>\n<p>&#8211; Sa rado\u0161\u0107u \u0107emo igrati i nadam se da \u0107e se publika vra\u0107ati sa rado\u0161\u0107u da pogleda, ne jednom, nego dva-tri i vi\u0161e puta ovu istu predstavu &#8211; istakao je Rivi\u0107.<\/p>\n<p>Sombor<\/p>\n<p>Ansambl Pozori\u0161ta Prijedor nedavno je odigrao predstavu \u201cKolubarska bitka\u201d u Somboru, u okviru manifestacije \u201cDani Srpske u Srbiji\u201d.<\/p>\n<p>&#8211; Svi ovdje prisutni glumci su dio ansambla te predstave. Odigrali su jako, jako dobro. Imali smo izuzetan prijem kod somborske publike, koja zna pozori\u0161te i ima zaista u ovom trenutku odli\u010dno pozori\u0161te i odli\u010dnu publiku &#8211; rekao je direktor Zoran Baro\u0161.<\/p>\n<p>Glas Srpske<\/p>\n","protected":false},"excerpt":{"rendered":"<p>Predstava \u201cNije \u010dovjek ko ne umre\u201d je tragikomedija o grupi ljudi koji se nalaze zato\u010deni u jednoj bolnici. U tom komadu je jedna vrlo uslovna metafora o zato\u010denosti, o nemogu\u0107nosti [&hellip;]<\/p>\n","protected":false},"author":1,"featured_media":0,"comment_status":"closed","ping_status":"open","sticky":false,"template":"","format":"standard","meta":{"_monsterinsights_skip_tracking":false,"_monsterinsights_sitenote_active":false,"_monsterinsights_sitenote_note":"","_monsterinsights_sitenote_category":0,"footnotes":""},"categories":[6],"tags":[],"yoast_head":"<!-- This site is optimized with the Yoast SEO plugin v21.6 - https:\/\/yoast.com\/wordpress\/plugins\/seo\/ -->\n<title>\u201cNije \u010dovjek ko ne umre\u201d otvara 67. sezonu Pozori\u0161ta Prijedor - PrijedorDanas.com - Prijedorski gradski portal<\/title>\n<meta name=\"robots\" content=\"index, follow, max-snippet:-1, max-image-preview:large, max-video-preview:-1\" \/>\n<link rel=\"canonical\" href=\"https:\/\/www.prijedordanas.com\/?p=133430\" \/>\n<meta property=\"og:locale\" content=\"en_US\" \/>\n<meta property=\"og:type\" content=\"article\" \/>\n<meta property=\"og:title\" content=\"\u201cNije \u010dovjek ko ne umre\u201d otvara 67. sezonu Pozori\u0161ta Prijedor - PrijedorDanas.com - Prijedorski gradski portal\" \/>\n<meta property=\"og:description\" content=\"Predstava \u201cNije \u010dovjek ko ne umre\u201d je tragikomedija o grupi ljudi koji se nalaze zato\u010deni u jednoj bolnici. U tom komadu je jedna vrlo uslovna metafora o zato\u010denosti, o nemogu\u0107nosti [&hellip;]\" \/>\n<meta property=\"og:url\" content=\"https:\/\/www.prijedordanas.com\/?p=133430\" \/>\n<meta property=\"og:site_name\" content=\"PrijedorDanas.com - Prijedorski gradski portal\" \/>\n<meta property=\"article:publisher\" content=\"https:\/\/www.facebook.com\/PrijedorDanasCom\/\" \/>\n<meta property=\"article:published_time\" content=\"2019-09-15T08:22:35+00:00\" \/>\n<meta property=\"og:image\" content=\"https:\/\/www.prijedordanas.com\/wp-content\/uploads\/2019\/09\/nije-covjek-ko-ne-umre-pocetak-rada-300x222.jpg\" \/>\n<meta name=\"author\" content=\"admin\" \/>\n<meta name=\"twitter:card\" content=\"summary_large_image\" \/>\n<meta name=\"twitter:label1\" content=\"Written by\" \/>\n\t<meta name=\"twitter:data1\" content=\"admin\" \/>\n\t<meta name=\"twitter:label2\" content=\"Est. reading time\" \/>\n\t<meta name=\"twitter:data2\" content=\"3 minutes\" \/>\n<script type=\"application\/ld+json\" class=\"yoast-schema-graph\">{\"@context\":\"https:\/\/schema.org\",\"@graph\":[{\"@type\":\"Article\",\"@id\":\"https:\/\/www.prijedordanas.com\/?p=133430#article\",\"isPartOf\":{\"@id\":\"https:\/\/www.prijedordanas.com\/?p=133430\"},\"author\":{\"name\":\"admin\",\"@id\":\"https:\/\/www.prijedordanas.com\/#\/schema\/person\/4e08ccf29b506ca916ff86d46bb700e6\"},\"headline\":\"\u201cNije \u010dovjek ko ne umre\u201d otvara 67. sezonu Pozori\u0161ta Prijedor\",\"datePublished\":\"2019-09-15T08:22:35+00:00\",\"dateModified\":\"2019-09-15T08:22:35+00:00\",\"mainEntityOfPage\":{\"@id\":\"https:\/\/www.prijedordanas.com\/?p=133430\"},\"wordCount\":538,\"publisher\":{\"@id\":\"https:\/\/www.prijedordanas.com\/#organization\"},\"articleSection\":[\"Kultura\"],\"inLanguage\":\"en-US\"},{\"@type\":\"WebPage\",\"@id\":\"https:\/\/www.prijedordanas.com\/?p=133430\",\"url\":\"https:\/\/www.prijedordanas.com\/?p=133430\",\"name\":\"\u201cNije \u010dovjek ko ne umre\u201d otvara 67. sezonu Pozori\u0161ta Prijedor - PrijedorDanas.com - Prijedorski gradski portal\",\"isPartOf\":{\"@id\":\"https:\/\/www.prijedordanas.com\/#website\"},\"datePublished\":\"2019-09-15T08:22:35+00:00\",\"dateModified\":\"2019-09-15T08:22:35+00:00\",\"breadcrumb\":{\"@id\":\"https:\/\/www.prijedordanas.com\/?p=133430#breadcrumb\"},\"inLanguage\":\"en-US\",\"potentialAction\":[{\"@type\":\"ReadAction\",\"target\":[\"https:\/\/www.prijedordanas.com\/?p=133430\"]}]},{\"@type\":\"BreadcrumbList\",\"@id\":\"https:\/\/www.prijedordanas.com\/?p=133430#breadcrumb\",\"itemListElement\":[{\"@type\":\"ListItem\",\"position\":1,\"name\":\"Home\",\"item\":\"https:\/\/www.prijedordanas.com\/\"},{\"@type\":\"ListItem\",\"position\":2,\"name\":\"\u201cNije \u010dovjek ko ne umre\u201d otvara 67. sezonu Pozori\u0161ta Prijedor\"}]},{\"@type\":\"WebSite\",\"@id\":\"https:\/\/www.prijedordanas.com\/#website\",\"url\":\"https:\/\/www.prijedordanas.com\/\",\"name\":\"PrijedorDanas.com - Prijedorski gradski portal\",\"description\":\"Portal o doga\u0111anjima u gradu Prijedoru\",\"publisher\":{\"@id\":\"https:\/\/www.prijedordanas.com\/#organization\"},\"potentialAction\":[{\"@type\":\"SearchAction\",\"target\":{\"@type\":\"EntryPoint\",\"urlTemplate\":\"https:\/\/www.prijedordanas.com\/?s={search_term_string}\"},\"query-input\":\"required name=search_term_string\"}],\"inLanguage\":\"en-US\"},{\"@type\":\"Organization\",\"@id\":\"https:\/\/www.prijedordanas.com\/#organization\",\"name\":\"PrijedorDanas.com\",\"url\":\"https:\/\/www.prijedordanas.com\/\",\"logo\":{\"@type\":\"ImageObject\",\"inLanguage\":\"en-US\",\"@id\":\"https:\/\/www.prijedordanas.com\/#\/schema\/logo\/image\/\",\"url\":\"http:\/\/www.prijedordanas.com\/wp-content\/uploads\/2021\/12\/logopng.png\",\"contentUrl\":\"http:\/\/www.prijedordanas.com\/wp-content\/uploads\/2021\/12\/logopng.png\",\"width\":1019,\"height\":776,\"caption\":\"PrijedorDanas.com\"},\"image\":{\"@id\":\"https:\/\/www.prijedordanas.com\/#\/schema\/logo\/image\/\"},\"sameAs\":[\"https:\/\/www.facebook.com\/PrijedorDanasCom\/\"]},{\"@type\":\"Person\",\"@id\":\"https:\/\/www.prijedordanas.com\/#\/schema\/person\/4e08ccf29b506ca916ff86d46bb700e6\",\"name\":\"admin\",\"image\":{\"@type\":\"ImageObject\",\"inLanguage\":\"en-US\",\"@id\":\"https:\/\/www.prijedordanas.com\/#\/schema\/person\/image\/\",\"url\":\"https:\/\/secure.gravatar.com\/avatar\/1d3fc949d550f0b53a5f0d51e06dfd79?s=96&d=mm&r=g\",\"contentUrl\":\"https:\/\/secure.gravatar.com\/avatar\/1d3fc949d550f0b53a5f0d51e06dfd79?s=96&d=mm&r=g\",\"caption\":\"admin\"},\"url\":\"https:\/\/www.prijedordanas.com\/?author=1\"}]}<\/script>\n<!-- \/ Yoast SEO plugin. -->","yoast_head_json":{"title":"\u201cNije \u010dovjek ko ne umre\u201d otvara 67. sezonu Pozori\u0161ta Prijedor - PrijedorDanas.com - Prijedorski gradski portal","robots":{"index":"index","follow":"follow","max-snippet":"max-snippet:-1","max-image-preview":"max-image-preview:large","max-video-preview":"max-video-preview:-1"},"canonical":"https:\/\/www.prijedordanas.com\/?p=133430","og_locale":"en_US","og_type":"article","og_title":"\u201cNije \u010dovjek ko ne umre\u201d otvara 67. sezonu Pozori\u0161ta Prijedor - PrijedorDanas.com - Prijedorski gradski portal","og_description":"Predstava \u201cNije \u010dovjek ko ne umre\u201d je tragikomedija o grupi ljudi koji se nalaze zato\u010deni u jednoj bolnici. U tom komadu je jedna vrlo uslovna metafora o zato\u010denosti, o nemogu\u0107nosti [&hellip;]","og_url":"https:\/\/www.prijedordanas.com\/?p=133430","og_site_name":"PrijedorDanas.com - Prijedorski gradski portal","article_publisher":"https:\/\/www.facebook.com\/PrijedorDanasCom\/","article_published_time":"2019-09-15T08:22:35+00:00","og_image":[{"url":"https:\/\/www.prijedordanas.com\/wp-content\/uploads\/2019\/09\/nije-covjek-ko-ne-umre-pocetak-rada-300x222.jpg"}],"author":"admin","twitter_card":"summary_large_image","twitter_misc":{"Written by":"admin","Est. reading time":"3 minutes"},"schema":{"@context":"https:\/\/schema.org","@graph":[{"@type":"Article","@id":"https:\/\/www.prijedordanas.com\/?p=133430#article","isPartOf":{"@id":"https:\/\/www.prijedordanas.com\/?p=133430"},"author":{"name":"admin","@id":"https:\/\/www.prijedordanas.com\/#\/schema\/person\/4e08ccf29b506ca916ff86d46bb700e6"},"headline":"\u201cNije \u010dovjek ko ne umre\u201d otvara 67. sezonu Pozori\u0161ta Prijedor","datePublished":"2019-09-15T08:22:35+00:00","dateModified":"2019-09-15T08:22:35+00:00","mainEntityOfPage":{"@id":"https:\/\/www.prijedordanas.com\/?p=133430"},"wordCount":538,"publisher":{"@id":"https:\/\/www.prijedordanas.com\/#organization"},"articleSection":["Kultura"],"inLanguage":"en-US"},{"@type":"WebPage","@id":"https:\/\/www.prijedordanas.com\/?p=133430","url":"https:\/\/www.prijedordanas.com\/?p=133430","name":"\u201cNije \u010dovjek ko ne umre\u201d otvara 67. sezonu Pozori\u0161ta Prijedor - PrijedorDanas.com - Prijedorski gradski portal","isPartOf":{"@id":"https:\/\/www.prijedordanas.com\/#website"},"datePublished":"2019-09-15T08:22:35+00:00","dateModified":"2019-09-15T08:22:35+00:00","breadcrumb":{"@id":"https:\/\/www.prijedordanas.com\/?p=133430#breadcrumb"},"inLanguage":"en-US","potentialAction":[{"@type":"ReadAction","target":["https:\/\/www.prijedordanas.com\/?p=133430"]}]},{"@type":"BreadcrumbList","@id":"https:\/\/www.prijedordanas.com\/?p=133430#breadcrumb","itemListElement":[{"@type":"ListItem","position":1,"name":"Home","item":"https:\/\/www.prijedordanas.com\/"},{"@type":"ListItem","position":2,"name":"\u201cNije \u010dovjek ko ne umre\u201d otvara 67. sezonu Pozori\u0161ta Prijedor"}]},{"@type":"WebSite","@id":"https:\/\/www.prijedordanas.com\/#website","url":"https:\/\/www.prijedordanas.com\/","name":"PrijedorDanas.com - Prijedorski gradski portal","description":"Portal o doga\u0111anjima u gradu Prijedoru","publisher":{"@id":"https:\/\/www.prijedordanas.com\/#organization"},"potentialAction":[{"@type":"SearchAction","target":{"@type":"EntryPoint","urlTemplate":"https:\/\/www.prijedordanas.com\/?s={search_term_string}"},"query-input":"required name=search_term_string"}],"inLanguage":"en-US"},{"@type":"Organization","@id":"https:\/\/www.prijedordanas.com\/#organization","name":"PrijedorDanas.com","url":"https:\/\/www.prijedordanas.com\/","logo":{"@type":"ImageObject","inLanguage":"en-US","@id":"https:\/\/www.prijedordanas.com\/#\/schema\/logo\/image\/","url":"http:\/\/www.prijedordanas.com\/wp-content\/uploads\/2021\/12\/logopng.png","contentUrl":"http:\/\/www.prijedordanas.com\/wp-content\/uploads\/2021\/12\/logopng.png","width":1019,"height":776,"caption":"PrijedorDanas.com"},"image":{"@id":"https:\/\/www.prijedordanas.com\/#\/schema\/logo\/image\/"},"sameAs":["https:\/\/www.facebook.com\/PrijedorDanasCom\/"]},{"@type":"Person","@id":"https:\/\/www.prijedordanas.com\/#\/schema\/person\/4e08ccf29b506ca916ff86d46bb700e6","name":"admin","image":{"@type":"ImageObject","inLanguage":"en-US","@id":"https:\/\/www.prijedordanas.com\/#\/schema\/person\/image\/","url":"https:\/\/secure.gravatar.com\/avatar\/1d3fc949d550f0b53a5f0d51e06dfd79?s=96&d=mm&r=g","contentUrl":"https:\/\/secure.gravatar.com\/avatar\/1d3fc949d550f0b53a5f0d51e06dfd79?s=96&d=mm&r=g","caption":"admin"},"url":"https:\/\/www.prijedordanas.com\/?author=1"}]}},"_links":{"self":[{"href":"https:\/\/www.prijedordanas.com\/index.php?rest_route=\/wp\/v2\/posts\/133430"}],"collection":[{"href":"https:\/\/www.prijedordanas.com\/index.php?rest_route=\/wp\/v2\/posts"}],"about":[{"href":"https:\/\/www.prijedordanas.com\/index.php?rest_route=\/wp\/v2\/types\/post"}],"author":[{"embeddable":true,"href":"https:\/\/www.prijedordanas.com\/index.php?rest_route=\/wp\/v2\/users\/1"}],"replies":[{"embeddable":true,"href":"https:\/\/www.prijedordanas.com\/index.php?rest_route=%2Fwp%2Fv2%2Fcomments&post=133430"}],"version-history":[{"count":2,"href":"https:\/\/www.prijedordanas.com\/index.php?rest_route=\/wp\/v2\/posts\/133430\/revisions"}],"predecessor-version":[{"id":133510,"href":"https:\/\/www.prijedordanas.com\/index.php?rest_route=\/wp\/v2\/posts\/133430\/revisions\/133510"}],"wp:attachment":[{"href":"https:\/\/www.prijedordanas.com\/index.php?rest_route=%2Fwp%2Fv2%2Fmedia&parent=133430"}],"wp:term":[{"taxonomy":"category","embeddable":true,"href":"https:\/\/www.prijedordanas.com\/index.php?rest_route=%2Fwp%2Fv2%2Fcategories&post=133430"},{"taxonomy":"post_tag","embeddable":true,"href":"https:\/\/www.prijedordanas.com\/index.php?rest_route=%2Fwp%2Fv2%2Ftags&post=133430"}],"curies":[{"name":"wp","href":"https:\/\/api.w.org\/{rel}","templated":true}]}}