{"id":133396,"date":"2019-09-13T16:15:42","date_gmt":"2019-09-13T14:15:42","guid":{"rendered":"https:\/\/www.prijedordanas.com\/?p=133396"},"modified":"2019-09-13T16:15:42","modified_gmt":"2019-09-13T14:15:42","slug":"odrzan-mali-poetski-cas-na-palezu","status":"publish","type":"post","link":"https:\/\/www.prijedordanas.com\/?p=133396","title":{"rendered":"Odr\u017ean mali poetski \u010das na Pale\u017eu"},"content":{"rendered":"<p><a href=\"https:\/\/www.prijedordanas.com\/wp-content\/uploads\/2019\/09\/prijedorgradorg-poetski-cas-palez-1.jpg\"><img loading=\"lazy\" decoding=\"async\" class=\"alignleft size-medium wp-image-133401\" src=\"https:\/\/www.prijedordanas.com\/wp-content\/uploads\/2019\/09\/prijedorgradorg-poetski-cas-palez-1-300x217.jpg\" alt=\"\" width=\"300\" height=\"217\" srcset=\"https:\/\/www.prijedordanas.com\/wp-content\/uploads\/2019\/09\/prijedorgradorg-poetski-cas-palez-1-300x217.jpg 300w, https:\/\/www.prijedordanas.com\/wp-content\/uploads\/2019\/09\/prijedorgradorg-poetski-cas-palez-1-100x72.jpg 100w, https:\/\/www.prijedordanas.com\/wp-content\/uploads\/2019\/09\/prijedorgradorg-poetski-cas-palez-1.jpg 690w\" sizes=\"(max-width: 300px) 100vw, 300px\" \/><\/a>\u010clanovi Organizacionog odbora 47.Knji\u017eevnih susreta na Kozari polo\u017eili su danas vijenac na Pale\u017eu, u srcu planine Kozare, gdje je Skender Kulenovi\u0107 1942. godine prvi put pro\u010ditao svoju poemu &#8220;Stojanka majka Kne\u017eopoljka&#8221;.<\/p>\n<p>Na tom mjestu odr\u017ean je i mali poetski \u010das pod nazivom &#8220;Na licu mjesta&#8221; koji se tradicionalno odr\u017eava na po\u010detku Knji\u017eevnih susreta.Na ovom mjestu stihove su govorili Dragana Kragulj iz Prijedora, te Mirjana Samac iz Kostajnice i Dajana Balaban iz Kozarske Dubice.<\/p>\n<p>Na spomeniku na Pale\u017eu, podignutom 1982. godine, pi\u0161e: &#8220;Poslije njema\u010dko-usta\u0161ke ofanzive na Kozaru 19. avgusta 1942. godine, na ovom mjestu stajalo je u stroju 900 pre\u017eivjelih boraca Kozarskog partizanskog odreda. <\/p>\n<p><a href=\"https:\/\/www.prijedordanas.com\/wp-content\/uploads\/2019\/09\/prijedorgradorg-poetski-cas-palez-2.jpg\"><img loading=\"lazy\" decoding=\"async\" class=\"alignleft size-medium wp-image-133402\" src=\"https:\/\/www.prijedordanas.com\/wp-content\/uploads\/2019\/09\/prijedorgradorg-poetski-cas-palez-2-300x225.jpg\" alt=\"\" width=\"300\" height=\"225\" srcset=\"https:\/\/www.prijedordanas.com\/wp-content\/uploads\/2019\/09\/prijedorgradorg-poetski-cas-palez-2-300x225.jpg 300w, https:\/\/www.prijedordanas.com\/wp-content\/uploads\/2019\/09\/prijedorgradorg-poetski-cas-palez-2-100x75.jpg 100w, https:\/\/www.prijedordanas.com\/wp-content\/uploads\/2019\/09\/prijedorgradorg-poetski-cas-palez-2-640x480.jpg 640w, https:\/\/www.prijedordanas.com\/wp-content\/uploads\/2019\/09\/prijedorgradorg-poetski-cas-palez-2.jpg 667w\" sizes=\"(max-width: 300px) 100vw, 300px\" \/><\/a>Nakon smotre borac i pjesnik Skender Kulenovi\u0107 pro\u010ditao je pred strojem svoju poemu Stojanka majka Kne\u017eopoljka&#8221;.<\/p>\n<p>Ovom doga\u0111aju su prisustvovali i predstavnici op\u0161tina Gradi\u0161ka, Kozarska Dubica i Kostajnica, kao i \u010dlanovi Izvi\u0111a\u010dkog odreda &#8220;Dr Mladen Stojanovi\u0107&#8221;.<\/p>\n<p>Bogat program 47. &#8220;Knji\u017eevnih susreta na Kozari&#8221; nastavlja se ve\u0107 u ponedjeljak kada \u0107e u Muzeju Kozare biti otvorena izlo\u017eba radova nastalih na 13.Likovnoj kolonije &#8221; Sreten Stojanovi\u0107&#8221;.<\/p>\n<p>Susreti \u0107e zvani\u010dno biti otvoreni u petak 20.septembra sve\u010danom akademijom u Pozori\u0161tu Prijedor.<\/p>\n<p><a href=\"https:\/\/www.prijedordanas.com\/wp-content\/uploads\/2019\/09\/prijedorgradorg-poetski-cas-palez-3.jpg\"><img loading=\"lazy\" decoding=\"async\" src=\"https:\/\/www.prijedordanas.com\/wp-content\/uploads\/2019\/09\/prijedorgradorg-poetski-cas-palez-3-300x225.jpg\" alt=\"\" width=\"300\" height=\"225\" class=\"alignleft size-medium wp-image-133403\" srcset=\"https:\/\/www.prijedordanas.com\/wp-content\/uploads\/2019\/09\/prijedorgradorg-poetski-cas-palez-3-300x225.jpg 300w, https:\/\/www.prijedordanas.com\/wp-content\/uploads\/2019\/09\/prijedorgradorg-poetski-cas-palez-3-100x75.jpg 100w, https:\/\/www.prijedordanas.com\/wp-content\/uploads\/2019\/09\/prijedorgradorg-poetski-cas-palez-3.jpg 600w\" sizes=\"(max-width: 300px) 100vw, 300px\" \/><\/a>Na centralnom doga\u0111aju, Poetskom \u010dasu na Mrakovici u subotu 21.septembra \u0107e ovogodi\u0161njem laureatu Du\u0161anu Kova\u010devi\u0107u biti uru\u010dena nagrada Knji\u017eevni vijenac Kozare, a iste ve\u010deri Kova\u010devi\u0107u u \u010dast bi\u0107e odr\u017eano Ve\u010de laureata.<\/p>\n<p>U\u010desnici ovogodi\u0161njih Knji\u017eevnih susreta na Kozari su poznata knji\u017eevna imena Matija Be\u0107kovi\u0107,Milosav Te\u0161i\u0107, LJubivoje R\u0161umovi\u0107, Dragan Kolund\u017eija, Vladimir Taba\u0161evi\u0107, \u0110or\u0111e Ne\u0161i\u0107, Veroljub Vuka\u0161inovi\u0107 , Vid Vicko Vukeli\u0107 i Slobodan Jovi\u0107.<\/p>\n<p>Organizator i generalni pokrovitelj 47.Knji\u017eevnih susreta na Kozari je grad Prijedor, saorganizatori su grad Banjaluka i op\u0161tine Lakta\u0161i, Srbac, Gradi\u0161ka, Kostajnica, Novi Grad i Kozarska Dubica, pokrovitelj Ministarstvo prosvjete i kulture Republike Srpske, a sponzor Nagrade &#8220;Skender Kulenovi\u0107&#8221; kompanija &#8220;Arselor Mital Prijedor.<\/p>\n<p>www.prijedorgrad.org<\/p>\n<p><a href=\"https:\/\/www.prijedordanas.com\/wp-content\/uploads\/2019\/09\/prijedorgradorg-poetski-cas-palez-4.jpg\"><img loading=\"lazy\" decoding=\"async\" src=\"https:\/\/www.prijedordanas.com\/wp-content\/uploads\/2019\/09\/prijedorgradorg-poetski-cas-palez-4-300x225.jpg\" alt=\"\" width=\"300\" height=\"225\" class=\"alignleft size-medium wp-image-133404\" srcset=\"https:\/\/www.prijedordanas.com\/wp-content\/uploads\/2019\/09\/prijedorgradorg-poetski-cas-palez-4-300x225.jpg 300w, https:\/\/www.prijedordanas.com\/wp-content\/uploads\/2019\/09\/prijedorgradorg-poetski-cas-palez-4-100x75.jpg 100w, https:\/\/www.prijedordanas.com\/wp-content\/uploads\/2019\/09\/prijedorgradorg-poetski-cas-palez-4.jpg 600w\" sizes=\"(max-width: 300px) 100vw, 300px\" \/><\/a><\/p>\n","protected":false},"excerpt":{"rendered":"<p>\u010clanovi Organizacionog odbora 47.Knji\u017eevnih susreta na Kozari polo\u017eili su danas vijenac na Pale\u017eu, u srcu planine Kozare, gdje je Skender Kulenovi\u0107 1942. godine prvi put pro\u010ditao svoju poemu &#8220;Stojanka majka [&hellip;]<\/p>\n","protected":false},"author":1,"featured_media":0,"comment_status":"closed","ping_status":"open","sticky":false,"template":"","format":"standard","meta":{"_monsterinsights_skip_tracking":false,"_monsterinsights_sitenote_active":false,"_monsterinsights_sitenote_note":"","_monsterinsights_sitenote_category":0,"footnotes":""},"categories":[6],"tags":[],"yoast_head":"<!-- This site is optimized with the Yoast SEO plugin v21.6 - https:\/\/yoast.com\/wordpress\/plugins\/seo\/ -->\n<title>Odr\u017ean mali poetski \u010das na Pale\u017eu - PrijedorDanas.com - Prijedorski gradski portal<\/title>\n<meta name=\"robots\" content=\"index, follow, max-snippet:-1, max-image-preview:large, max-video-preview:-1\" \/>\n<link rel=\"canonical\" href=\"https:\/\/www.prijedordanas.com\/?p=133396\" \/>\n<meta property=\"og:locale\" content=\"en_US\" \/>\n<meta property=\"og:type\" content=\"article\" \/>\n<meta property=\"og:title\" content=\"Odr\u017ean mali poetski \u010das na Pale\u017eu - PrijedorDanas.com - Prijedorski gradski portal\" \/>\n<meta property=\"og:description\" content=\"\u010clanovi Organizacionog odbora 47.Knji\u017eevnih susreta na Kozari polo\u017eili su danas vijenac na Pale\u017eu, u srcu planine Kozare, gdje je Skender Kulenovi\u0107 1942. godine prvi put pro\u010ditao svoju poemu &#8220;Stojanka majka [&hellip;]\" \/>\n<meta property=\"og:url\" content=\"https:\/\/www.prijedordanas.com\/?p=133396\" \/>\n<meta property=\"og:site_name\" content=\"PrijedorDanas.com - Prijedorski gradski portal\" \/>\n<meta property=\"article:publisher\" content=\"https:\/\/www.facebook.com\/PrijedorDanasCom\/\" \/>\n<meta property=\"article:published_time\" content=\"2019-09-13T14:15:42+00:00\" \/>\n<meta property=\"og:image\" content=\"https:\/\/www.prijedordanas.com\/wp-content\/uploads\/2019\/09\/prijedorgradorg-poetski-cas-palez-1-300x217.jpg\" \/>\n<meta name=\"author\" content=\"admin\" \/>\n<meta name=\"twitter:card\" content=\"summary_large_image\" \/>\n<meta name=\"twitter:label1\" content=\"Written by\" \/>\n\t<meta name=\"twitter:data1\" content=\"admin\" \/>\n\t<meta name=\"twitter:label2\" content=\"Est. reading time\" \/>\n\t<meta name=\"twitter:data2\" content=\"2 minutes\" \/>\n<script type=\"application\/ld+json\" class=\"yoast-schema-graph\">{\"@context\":\"https:\/\/schema.org\",\"@graph\":[{\"@type\":\"Article\",\"@id\":\"https:\/\/www.prijedordanas.com\/?p=133396#article\",\"isPartOf\":{\"@id\":\"https:\/\/www.prijedordanas.com\/?p=133396\"},\"author\":{\"name\":\"admin\",\"@id\":\"https:\/\/www.prijedordanas.com\/#\/schema\/person\/4e08ccf29b506ca916ff86d46bb700e6\"},\"headline\":\"Odr\u017ean mali poetski \u010das na Pale\u017eu\",\"datePublished\":\"2019-09-13T14:15:42+00:00\",\"dateModified\":\"2019-09-13T14:15:42+00:00\",\"mainEntityOfPage\":{\"@id\":\"https:\/\/www.prijedordanas.com\/?p=133396\"},\"wordCount\":343,\"publisher\":{\"@id\":\"https:\/\/www.prijedordanas.com\/#organization\"},\"articleSection\":[\"Kultura\"],\"inLanguage\":\"en-US\"},{\"@type\":\"WebPage\",\"@id\":\"https:\/\/www.prijedordanas.com\/?p=133396\",\"url\":\"https:\/\/www.prijedordanas.com\/?p=133396\",\"name\":\"Odr\u017ean mali poetski \u010das na Pale\u017eu - PrijedorDanas.com - Prijedorski gradski portal\",\"isPartOf\":{\"@id\":\"https:\/\/www.prijedordanas.com\/#website\"},\"datePublished\":\"2019-09-13T14:15:42+00:00\",\"dateModified\":\"2019-09-13T14:15:42+00:00\",\"breadcrumb\":{\"@id\":\"https:\/\/www.prijedordanas.com\/?p=133396#breadcrumb\"},\"inLanguage\":\"en-US\",\"potentialAction\":[{\"@type\":\"ReadAction\",\"target\":[\"https:\/\/www.prijedordanas.com\/?p=133396\"]}]},{\"@type\":\"BreadcrumbList\",\"@id\":\"https:\/\/www.prijedordanas.com\/?p=133396#breadcrumb\",\"itemListElement\":[{\"@type\":\"ListItem\",\"position\":1,\"name\":\"Home\",\"item\":\"https:\/\/www.prijedordanas.com\/\"},{\"@type\":\"ListItem\",\"position\":2,\"name\":\"Odr\u017ean mali poetski \u010das na Pale\u017eu\"}]},{\"@type\":\"WebSite\",\"@id\":\"https:\/\/www.prijedordanas.com\/#website\",\"url\":\"https:\/\/www.prijedordanas.com\/\",\"name\":\"PrijedorDanas.com - Prijedorski gradski portal\",\"description\":\"Portal o doga\u0111anjima u gradu Prijedoru\",\"publisher\":{\"@id\":\"https:\/\/www.prijedordanas.com\/#organization\"},\"potentialAction\":[{\"@type\":\"SearchAction\",\"target\":{\"@type\":\"EntryPoint\",\"urlTemplate\":\"https:\/\/www.prijedordanas.com\/?s={search_term_string}\"},\"query-input\":\"required name=search_term_string\"}],\"inLanguage\":\"en-US\"},{\"@type\":\"Organization\",\"@id\":\"https:\/\/www.prijedordanas.com\/#organization\",\"name\":\"PrijedorDanas.com\",\"url\":\"https:\/\/www.prijedordanas.com\/\",\"logo\":{\"@type\":\"ImageObject\",\"inLanguage\":\"en-US\",\"@id\":\"https:\/\/www.prijedordanas.com\/#\/schema\/logo\/image\/\",\"url\":\"http:\/\/www.prijedordanas.com\/wp-content\/uploads\/2021\/12\/logopng.png\",\"contentUrl\":\"http:\/\/www.prijedordanas.com\/wp-content\/uploads\/2021\/12\/logopng.png\",\"width\":1019,\"height\":776,\"caption\":\"PrijedorDanas.com\"},\"image\":{\"@id\":\"https:\/\/www.prijedordanas.com\/#\/schema\/logo\/image\/\"},\"sameAs\":[\"https:\/\/www.facebook.com\/PrijedorDanasCom\/\"]},{\"@type\":\"Person\",\"@id\":\"https:\/\/www.prijedordanas.com\/#\/schema\/person\/4e08ccf29b506ca916ff86d46bb700e6\",\"name\":\"admin\",\"image\":{\"@type\":\"ImageObject\",\"inLanguage\":\"en-US\",\"@id\":\"https:\/\/www.prijedordanas.com\/#\/schema\/person\/image\/\",\"url\":\"https:\/\/secure.gravatar.com\/avatar\/1d3fc949d550f0b53a5f0d51e06dfd79?s=96&d=mm&r=g\",\"contentUrl\":\"https:\/\/secure.gravatar.com\/avatar\/1d3fc949d550f0b53a5f0d51e06dfd79?s=96&d=mm&r=g\",\"caption\":\"admin\"},\"url\":\"https:\/\/www.prijedordanas.com\/?author=1\"}]}<\/script>\n<!-- \/ Yoast SEO plugin. -->","yoast_head_json":{"title":"Odr\u017ean mali poetski \u010das na Pale\u017eu - PrijedorDanas.com - Prijedorski gradski portal","robots":{"index":"index","follow":"follow","max-snippet":"max-snippet:-1","max-image-preview":"max-image-preview:large","max-video-preview":"max-video-preview:-1"},"canonical":"https:\/\/www.prijedordanas.com\/?p=133396","og_locale":"en_US","og_type":"article","og_title":"Odr\u017ean mali poetski \u010das na Pale\u017eu - PrijedorDanas.com - Prijedorski gradski portal","og_description":"\u010clanovi Organizacionog odbora 47.Knji\u017eevnih susreta na Kozari polo\u017eili su danas vijenac na Pale\u017eu, u srcu planine Kozare, gdje je Skender Kulenovi\u0107 1942. godine prvi put pro\u010ditao svoju poemu &#8220;Stojanka majka [&hellip;]","og_url":"https:\/\/www.prijedordanas.com\/?p=133396","og_site_name":"PrijedorDanas.com - Prijedorski gradski portal","article_publisher":"https:\/\/www.facebook.com\/PrijedorDanasCom\/","article_published_time":"2019-09-13T14:15:42+00:00","og_image":[{"url":"https:\/\/www.prijedordanas.com\/wp-content\/uploads\/2019\/09\/prijedorgradorg-poetski-cas-palez-1-300x217.jpg"}],"author":"admin","twitter_card":"summary_large_image","twitter_misc":{"Written by":"admin","Est. reading time":"2 minutes"},"schema":{"@context":"https:\/\/schema.org","@graph":[{"@type":"Article","@id":"https:\/\/www.prijedordanas.com\/?p=133396#article","isPartOf":{"@id":"https:\/\/www.prijedordanas.com\/?p=133396"},"author":{"name":"admin","@id":"https:\/\/www.prijedordanas.com\/#\/schema\/person\/4e08ccf29b506ca916ff86d46bb700e6"},"headline":"Odr\u017ean mali poetski \u010das na Pale\u017eu","datePublished":"2019-09-13T14:15:42+00:00","dateModified":"2019-09-13T14:15:42+00:00","mainEntityOfPage":{"@id":"https:\/\/www.prijedordanas.com\/?p=133396"},"wordCount":343,"publisher":{"@id":"https:\/\/www.prijedordanas.com\/#organization"},"articleSection":["Kultura"],"inLanguage":"en-US"},{"@type":"WebPage","@id":"https:\/\/www.prijedordanas.com\/?p=133396","url":"https:\/\/www.prijedordanas.com\/?p=133396","name":"Odr\u017ean mali poetski \u010das na Pale\u017eu - PrijedorDanas.com - Prijedorski gradski portal","isPartOf":{"@id":"https:\/\/www.prijedordanas.com\/#website"},"datePublished":"2019-09-13T14:15:42+00:00","dateModified":"2019-09-13T14:15:42+00:00","breadcrumb":{"@id":"https:\/\/www.prijedordanas.com\/?p=133396#breadcrumb"},"inLanguage":"en-US","potentialAction":[{"@type":"ReadAction","target":["https:\/\/www.prijedordanas.com\/?p=133396"]}]},{"@type":"BreadcrumbList","@id":"https:\/\/www.prijedordanas.com\/?p=133396#breadcrumb","itemListElement":[{"@type":"ListItem","position":1,"name":"Home","item":"https:\/\/www.prijedordanas.com\/"},{"@type":"ListItem","position":2,"name":"Odr\u017ean mali poetski \u010das na Pale\u017eu"}]},{"@type":"WebSite","@id":"https:\/\/www.prijedordanas.com\/#website","url":"https:\/\/www.prijedordanas.com\/","name":"PrijedorDanas.com - Prijedorski gradski portal","description":"Portal o doga\u0111anjima u gradu Prijedoru","publisher":{"@id":"https:\/\/www.prijedordanas.com\/#organization"},"potentialAction":[{"@type":"SearchAction","target":{"@type":"EntryPoint","urlTemplate":"https:\/\/www.prijedordanas.com\/?s={search_term_string}"},"query-input":"required name=search_term_string"}],"inLanguage":"en-US"},{"@type":"Organization","@id":"https:\/\/www.prijedordanas.com\/#organization","name":"PrijedorDanas.com","url":"https:\/\/www.prijedordanas.com\/","logo":{"@type":"ImageObject","inLanguage":"en-US","@id":"https:\/\/www.prijedordanas.com\/#\/schema\/logo\/image\/","url":"http:\/\/www.prijedordanas.com\/wp-content\/uploads\/2021\/12\/logopng.png","contentUrl":"http:\/\/www.prijedordanas.com\/wp-content\/uploads\/2021\/12\/logopng.png","width":1019,"height":776,"caption":"PrijedorDanas.com"},"image":{"@id":"https:\/\/www.prijedordanas.com\/#\/schema\/logo\/image\/"},"sameAs":["https:\/\/www.facebook.com\/PrijedorDanasCom\/"]},{"@type":"Person","@id":"https:\/\/www.prijedordanas.com\/#\/schema\/person\/4e08ccf29b506ca916ff86d46bb700e6","name":"admin","image":{"@type":"ImageObject","inLanguage":"en-US","@id":"https:\/\/www.prijedordanas.com\/#\/schema\/person\/image\/","url":"https:\/\/secure.gravatar.com\/avatar\/1d3fc949d550f0b53a5f0d51e06dfd79?s=96&d=mm&r=g","contentUrl":"https:\/\/secure.gravatar.com\/avatar\/1d3fc949d550f0b53a5f0d51e06dfd79?s=96&d=mm&r=g","caption":"admin"},"url":"https:\/\/www.prijedordanas.com\/?author=1"}]}},"_links":{"self":[{"href":"https:\/\/www.prijedordanas.com\/index.php?rest_route=\/wp\/v2\/posts\/133396"}],"collection":[{"href":"https:\/\/www.prijedordanas.com\/index.php?rest_route=\/wp\/v2\/posts"}],"about":[{"href":"https:\/\/www.prijedordanas.com\/index.php?rest_route=\/wp\/v2\/types\/post"}],"author":[{"embeddable":true,"href":"https:\/\/www.prijedordanas.com\/index.php?rest_route=\/wp\/v2\/users\/1"}],"replies":[{"embeddable":true,"href":"https:\/\/www.prijedordanas.com\/index.php?rest_route=%2Fwp%2Fv2%2Fcomments&post=133396"}],"version-history":[{"count":2,"href":"https:\/\/www.prijedordanas.com\/index.php?rest_route=\/wp\/v2\/posts\/133396\/revisions"}],"predecessor-version":[{"id":133405,"href":"https:\/\/www.prijedordanas.com\/index.php?rest_route=\/wp\/v2\/posts\/133396\/revisions\/133405"}],"wp:attachment":[{"href":"https:\/\/www.prijedordanas.com\/index.php?rest_route=%2Fwp%2Fv2%2Fmedia&parent=133396"}],"wp:term":[{"taxonomy":"category","embeddable":true,"href":"https:\/\/www.prijedordanas.com\/index.php?rest_route=%2Fwp%2Fv2%2Fcategories&post=133396"},{"taxonomy":"post_tag","embeddable":true,"href":"https:\/\/www.prijedordanas.com\/index.php?rest_route=%2Fwp%2Fv2%2Ftags&post=133396"}],"curies":[{"name":"wp","href":"https:\/\/api.w.org\/{rel}","templated":true}]}}