{"id":133096,"date":"2019-09-08T02:30:13","date_gmt":"2019-09-08T00:30:13","guid":{"rendered":"https:\/\/www.prijedordanas.com\/?p=133096"},"modified":"2019-09-08T02:30:13","modified_gmt":"2019-09-08T00:30:13","slug":"prijedorski-eho-radar-dosao-na-vruci-tron","status":"publish","type":"post","link":"https:\/\/www.prijedordanas.com\/?p=133096","title":{"rendered":"Prijedorski Eho Radar do\u0161ao na &#8220;Vru\u0107i tron&#8221;!"},"content":{"rendered":"<p><a href=\"https:\/\/www.prijedordanas.com\/wp-content\/uploads\/2019\/09\/eho-radar-top-lista.jpg\"><img loading=\"lazy\" decoding=\"async\" src=\"https:\/\/www.prijedordanas.com\/wp-content\/uploads\/2019\/09\/eho-radar-top-lista-300x217.jpg\" alt=\"\" width=\"300\" height=\"217\" class=\"alignleft size-medium wp-image-133190\" srcset=\"https:\/\/www.prijedordanas.com\/wp-content\/uploads\/2019\/09\/eho-radar-top-lista-300x217.jpg 300w, https:\/\/www.prijedordanas.com\/wp-content\/uploads\/2019\/09\/eho-radar-top-lista-100x72.jpg 100w, https:\/\/www.prijedordanas.com\/wp-content\/uploads\/2019\/09\/eho-radar-top-lista.jpg 690w\" sizes=\"(max-width: 300px) 100vw, 300px\" \/><\/a>Ove sedmice na \u201cVru\u0107em tronu\u201d nalazi se bend iz Prijedora \u2013 Eho Radar sa singlom \u201cTra\u017eim te\u201d, koji je pro\u0161le sedmice bio na \u0161estom mjestu. Pro\u0161losedmi\u010dni broj jedan na \u201cTop 10\u201d listi, Stefan Maestro i singl \u201cDrama\u201d, ove sedmice zauzima visoko drugo mjesto, dok se na tre\u0107em nalazi pro\u0161losedmi\u010dni novitet na listi, Luddit sa pjesmom \u201cTaman\u201d.<\/p>\n<p>\u010cetvrtu poziciju u okviru Jelen Music Show top liste zauzima Frenkie sa singlom \u201cKoraci\u201d, koji se pro\u0161le sedmice nalazio na drugom mjestu. Drugi pro\u0161losedmi\u010dni novitet, Rock Redukcija i \u201cNagrada\u201d, nalazi se na petom mjestu, dok \u0161esto mjesto zauzima BruhUuhu i njihov singl \u201cDance\u201d. Ovaj singl je napredovao za jedno mjesto u odnosu na pro\u0161lu sedmicu.<\/p>\n<p>Sarajevska \u010cin\u010dila sa pjesmom \u201cBez oblika\u201d u padu je za tri mjesta, pa se ove sedmice nalazi na sedmoj poziciji, dok se na osmo mjestu na\u0161ao muzi\u010dar iz Banjaluke, Danijel Deni Karali\u0107 i singl \u201c200 miliona tona betona\u201d, koji je u padu za pet mjesta.<\/p>\n<p>Noviteti na na\u0161oj \u201cTop 10\u201d listi ove sedmice su muzi\u010dar iz Zenice \u2013 Zlatan Kari\u0107 sa singlom \u201cFalling\u201d, kao Sunday Stories iz Sarajeva, sa singlom \u201cMoon &#038; Sky\u201d.<\/p>\n<p>Glasaj do kraja sedmice za svoj omiljeni singl, izvo\u0111a\u010da ili bend, u\u017eivaj u kvalitetnoj doma\u0107oj muzici u okviru Jelen Music Show platforme i podr\u017ei doma\u0107u muzi\u010dku scenu.<\/p>\n<blockquote class=\"wp-embedded-content\" data-secret=\"RTVwG9NCj8\"><p><a href=\"http:\/\/jelenmusicshow.com\/\">Top 7<\/a><\/p><\/blockquote>\n<p><iframe title=\"&#8220;Top 7&#8221; &#8212; Jelen Music Show\" class=\"wp-embedded-content\" sandbox=\"allow-scripts\" security=\"restricted\" style=\"position: absolute; clip: rect(1px, 1px, 1px, 1px);\" src=\"http:\/\/jelenmusicshow.com\/embed\/#?secret=RTVwG9NCj8\" data-secret=\"RTVwG9NCj8\" width=\"500\" height=\"282\" frameborder=\"0\" marginwidth=\"0\" marginheight=\"0\" scrolling=\"no\"><\/iframe><\/p>\n<p><iframe loading=\"lazy\" title=\"Eho Radar - Trazim te\" width=\"500\" height=\"281\" src=\"https:\/\/www.youtube.com\/embed\/XYWexPRB9cs?feature=oembed\" frameborder=\"0\" allow=\"accelerometer; autoplay; encrypted-media; gyroscope; picture-in-picture\" allowfullscreen><\/iframe><\/p>\n","protected":false},"excerpt":{"rendered":"<p>Ove sedmice na \u201cVru\u0107em tronu\u201d nalazi se bend iz Prijedora \u2013 Eho Radar sa singlom \u201cTra\u017eim te\u201d, koji je pro\u0161le sedmice bio na \u0161estom mjestu. Pro\u0161losedmi\u010dni broj jedan na \u201cTop [&hellip;]<\/p>\n","protected":false},"author":1,"featured_media":0,"comment_status":"closed","ping_status":"open","sticky":false,"template":"","format":"standard","meta":{"_monsterinsights_skip_tracking":false,"_monsterinsights_sitenote_active":false,"_monsterinsights_sitenote_note":"","_monsterinsights_sitenote_category":0,"footnotes":""},"categories":[6],"tags":[],"yoast_head":"<!-- This site is optimized with the Yoast SEO plugin v21.6 - https:\/\/yoast.com\/wordpress\/plugins\/seo\/ -->\n<title>Prijedorski Eho Radar do\u0161ao na &quot;Vru\u0107i tron&quot;! - PrijedorDanas.com - Prijedorski gradski portal<\/title>\n<meta name=\"robots\" content=\"index, follow, max-snippet:-1, max-image-preview:large, max-video-preview:-1\" \/>\n<link rel=\"canonical\" href=\"https:\/\/www.prijedordanas.com\/?p=133096\" \/>\n<meta property=\"og:locale\" content=\"en_US\" \/>\n<meta property=\"og:type\" content=\"article\" \/>\n<meta property=\"og:title\" content=\"Prijedorski Eho Radar do\u0161ao na &quot;Vru\u0107i tron&quot;! - PrijedorDanas.com - Prijedorski gradski portal\" \/>\n<meta property=\"og:description\" content=\"Ove sedmice na \u201cVru\u0107em tronu\u201d nalazi se bend iz Prijedora \u2013 Eho Radar sa singlom \u201cTra\u017eim te\u201d, koji je pro\u0161le sedmice bio na \u0161estom mjestu. Pro\u0161losedmi\u010dni broj jedan na \u201cTop [&hellip;]\" \/>\n<meta property=\"og:url\" content=\"https:\/\/www.prijedordanas.com\/?p=133096\" \/>\n<meta property=\"og:site_name\" content=\"PrijedorDanas.com - Prijedorski gradski portal\" \/>\n<meta property=\"article:publisher\" content=\"https:\/\/www.facebook.com\/PrijedorDanasCom\/\" \/>\n<meta property=\"article:published_time\" content=\"2019-09-08T00:30:13+00:00\" \/>\n<meta property=\"og:image\" content=\"https:\/\/www.prijedordanas.com\/wp-content\/uploads\/2019\/09\/eho-radar-top-lista-300x217.jpg\" \/>\n<meta name=\"author\" content=\"admin\" \/>\n<meta name=\"twitter:card\" content=\"summary_large_image\" \/>\n<meta name=\"twitter:label1\" content=\"Written by\" \/>\n\t<meta name=\"twitter:data1\" content=\"admin\" \/>\n\t<meta name=\"twitter:label2\" content=\"Est. reading time\" \/>\n\t<meta name=\"twitter:data2\" content=\"1 minute\" \/>\n<script type=\"application\/ld+json\" class=\"yoast-schema-graph\">{\"@context\":\"https:\/\/schema.org\",\"@graph\":[{\"@type\":\"Article\",\"@id\":\"https:\/\/www.prijedordanas.com\/?p=133096#article\",\"isPartOf\":{\"@id\":\"https:\/\/www.prijedordanas.com\/?p=133096\"},\"author\":{\"name\":\"admin\",\"@id\":\"https:\/\/www.prijedordanas.com\/#\/schema\/person\/4e08ccf29b506ca916ff86d46bb700e6\"},\"headline\":\"Prijedorski Eho Radar do\u0161ao na &#8220;Vru\u0107i tron&#8221;!\",\"datePublished\":\"2019-09-08T00:30:13+00:00\",\"dateModified\":\"2019-09-08T00:30:13+00:00\",\"mainEntityOfPage\":{\"@id\":\"https:\/\/www.prijedordanas.com\/?p=133096\"},\"wordCount\":246,\"publisher\":{\"@id\":\"https:\/\/www.prijedordanas.com\/#organization\"},\"articleSection\":[\"Kultura\"],\"inLanguage\":\"en-US\"},{\"@type\":\"WebPage\",\"@id\":\"https:\/\/www.prijedordanas.com\/?p=133096\",\"url\":\"https:\/\/www.prijedordanas.com\/?p=133096\",\"name\":\"Prijedorski Eho Radar do\u0161ao na \\\"Vru\u0107i tron\\\"! - PrijedorDanas.com - Prijedorski gradski portal\",\"isPartOf\":{\"@id\":\"https:\/\/www.prijedordanas.com\/#website\"},\"datePublished\":\"2019-09-08T00:30:13+00:00\",\"dateModified\":\"2019-09-08T00:30:13+00:00\",\"breadcrumb\":{\"@id\":\"https:\/\/www.prijedordanas.com\/?p=133096#breadcrumb\"},\"inLanguage\":\"en-US\",\"potentialAction\":[{\"@type\":\"ReadAction\",\"target\":[\"https:\/\/www.prijedordanas.com\/?p=133096\"]}]},{\"@type\":\"BreadcrumbList\",\"@id\":\"https:\/\/www.prijedordanas.com\/?p=133096#breadcrumb\",\"itemListElement\":[{\"@type\":\"ListItem\",\"position\":1,\"name\":\"Home\",\"item\":\"https:\/\/www.prijedordanas.com\/\"},{\"@type\":\"ListItem\",\"position\":2,\"name\":\"Prijedorski Eho Radar do\u0161ao na &#8220;Vru\u0107i tron&#8221;!\"}]},{\"@type\":\"WebSite\",\"@id\":\"https:\/\/www.prijedordanas.com\/#website\",\"url\":\"https:\/\/www.prijedordanas.com\/\",\"name\":\"PrijedorDanas.com - Prijedorski gradski portal\",\"description\":\"Portal o doga\u0111anjima u gradu Prijedoru\",\"publisher\":{\"@id\":\"https:\/\/www.prijedordanas.com\/#organization\"},\"potentialAction\":[{\"@type\":\"SearchAction\",\"target\":{\"@type\":\"EntryPoint\",\"urlTemplate\":\"https:\/\/www.prijedordanas.com\/?s={search_term_string}\"},\"query-input\":\"required name=search_term_string\"}],\"inLanguage\":\"en-US\"},{\"@type\":\"Organization\",\"@id\":\"https:\/\/www.prijedordanas.com\/#organization\",\"name\":\"PrijedorDanas.com\",\"url\":\"https:\/\/www.prijedordanas.com\/\",\"logo\":{\"@type\":\"ImageObject\",\"inLanguage\":\"en-US\",\"@id\":\"https:\/\/www.prijedordanas.com\/#\/schema\/logo\/image\/\",\"url\":\"http:\/\/www.prijedordanas.com\/wp-content\/uploads\/2021\/12\/logopng.png\",\"contentUrl\":\"http:\/\/www.prijedordanas.com\/wp-content\/uploads\/2021\/12\/logopng.png\",\"width\":1019,\"height\":776,\"caption\":\"PrijedorDanas.com\"},\"image\":{\"@id\":\"https:\/\/www.prijedordanas.com\/#\/schema\/logo\/image\/\"},\"sameAs\":[\"https:\/\/www.facebook.com\/PrijedorDanasCom\/\"]},{\"@type\":\"Person\",\"@id\":\"https:\/\/www.prijedordanas.com\/#\/schema\/person\/4e08ccf29b506ca916ff86d46bb700e6\",\"name\":\"admin\",\"image\":{\"@type\":\"ImageObject\",\"inLanguage\":\"en-US\",\"@id\":\"https:\/\/www.prijedordanas.com\/#\/schema\/person\/image\/\",\"url\":\"https:\/\/secure.gravatar.com\/avatar\/1d3fc949d550f0b53a5f0d51e06dfd79?s=96&d=mm&r=g\",\"contentUrl\":\"https:\/\/secure.gravatar.com\/avatar\/1d3fc949d550f0b53a5f0d51e06dfd79?s=96&d=mm&r=g\",\"caption\":\"admin\"},\"url\":\"https:\/\/www.prijedordanas.com\/?author=1\"}]}<\/script>\n<!-- \/ Yoast SEO plugin. -->","yoast_head_json":{"title":"Prijedorski Eho Radar do\u0161ao na \"Vru\u0107i tron\"! - PrijedorDanas.com - Prijedorski gradski portal","robots":{"index":"index","follow":"follow","max-snippet":"max-snippet:-1","max-image-preview":"max-image-preview:large","max-video-preview":"max-video-preview:-1"},"canonical":"https:\/\/www.prijedordanas.com\/?p=133096","og_locale":"en_US","og_type":"article","og_title":"Prijedorski Eho Radar do\u0161ao na \"Vru\u0107i tron\"! - PrijedorDanas.com - Prijedorski gradski portal","og_description":"Ove sedmice na \u201cVru\u0107em tronu\u201d nalazi se bend iz Prijedora \u2013 Eho Radar sa singlom \u201cTra\u017eim te\u201d, koji je pro\u0161le sedmice bio na \u0161estom mjestu. Pro\u0161losedmi\u010dni broj jedan na \u201cTop [&hellip;]","og_url":"https:\/\/www.prijedordanas.com\/?p=133096","og_site_name":"PrijedorDanas.com - Prijedorski gradski portal","article_publisher":"https:\/\/www.facebook.com\/PrijedorDanasCom\/","article_published_time":"2019-09-08T00:30:13+00:00","og_image":[{"url":"https:\/\/www.prijedordanas.com\/wp-content\/uploads\/2019\/09\/eho-radar-top-lista-300x217.jpg"}],"author":"admin","twitter_card":"summary_large_image","twitter_misc":{"Written by":"admin","Est. reading time":"1 minute"},"schema":{"@context":"https:\/\/schema.org","@graph":[{"@type":"Article","@id":"https:\/\/www.prijedordanas.com\/?p=133096#article","isPartOf":{"@id":"https:\/\/www.prijedordanas.com\/?p=133096"},"author":{"name":"admin","@id":"https:\/\/www.prijedordanas.com\/#\/schema\/person\/4e08ccf29b506ca916ff86d46bb700e6"},"headline":"Prijedorski Eho Radar do\u0161ao na &#8220;Vru\u0107i tron&#8221;!","datePublished":"2019-09-08T00:30:13+00:00","dateModified":"2019-09-08T00:30:13+00:00","mainEntityOfPage":{"@id":"https:\/\/www.prijedordanas.com\/?p=133096"},"wordCount":246,"publisher":{"@id":"https:\/\/www.prijedordanas.com\/#organization"},"articleSection":["Kultura"],"inLanguage":"en-US"},{"@type":"WebPage","@id":"https:\/\/www.prijedordanas.com\/?p=133096","url":"https:\/\/www.prijedordanas.com\/?p=133096","name":"Prijedorski Eho Radar do\u0161ao na \"Vru\u0107i tron\"! - PrijedorDanas.com - Prijedorski gradski portal","isPartOf":{"@id":"https:\/\/www.prijedordanas.com\/#website"},"datePublished":"2019-09-08T00:30:13+00:00","dateModified":"2019-09-08T00:30:13+00:00","breadcrumb":{"@id":"https:\/\/www.prijedordanas.com\/?p=133096#breadcrumb"},"inLanguage":"en-US","potentialAction":[{"@type":"ReadAction","target":["https:\/\/www.prijedordanas.com\/?p=133096"]}]},{"@type":"BreadcrumbList","@id":"https:\/\/www.prijedordanas.com\/?p=133096#breadcrumb","itemListElement":[{"@type":"ListItem","position":1,"name":"Home","item":"https:\/\/www.prijedordanas.com\/"},{"@type":"ListItem","position":2,"name":"Prijedorski Eho Radar do\u0161ao na &#8220;Vru\u0107i tron&#8221;!"}]},{"@type":"WebSite","@id":"https:\/\/www.prijedordanas.com\/#website","url":"https:\/\/www.prijedordanas.com\/","name":"PrijedorDanas.com - Prijedorski gradski portal","description":"Portal o doga\u0111anjima u gradu Prijedoru","publisher":{"@id":"https:\/\/www.prijedordanas.com\/#organization"},"potentialAction":[{"@type":"SearchAction","target":{"@type":"EntryPoint","urlTemplate":"https:\/\/www.prijedordanas.com\/?s={search_term_string}"},"query-input":"required name=search_term_string"}],"inLanguage":"en-US"},{"@type":"Organization","@id":"https:\/\/www.prijedordanas.com\/#organization","name":"PrijedorDanas.com","url":"https:\/\/www.prijedordanas.com\/","logo":{"@type":"ImageObject","inLanguage":"en-US","@id":"https:\/\/www.prijedordanas.com\/#\/schema\/logo\/image\/","url":"http:\/\/www.prijedordanas.com\/wp-content\/uploads\/2021\/12\/logopng.png","contentUrl":"http:\/\/www.prijedordanas.com\/wp-content\/uploads\/2021\/12\/logopng.png","width":1019,"height":776,"caption":"PrijedorDanas.com"},"image":{"@id":"https:\/\/www.prijedordanas.com\/#\/schema\/logo\/image\/"},"sameAs":["https:\/\/www.facebook.com\/PrijedorDanasCom\/"]},{"@type":"Person","@id":"https:\/\/www.prijedordanas.com\/#\/schema\/person\/4e08ccf29b506ca916ff86d46bb700e6","name":"admin","image":{"@type":"ImageObject","inLanguage":"en-US","@id":"https:\/\/www.prijedordanas.com\/#\/schema\/person\/image\/","url":"https:\/\/secure.gravatar.com\/avatar\/1d3fc949d550f0b53a5f0d51e06dfd79?s=96&d=mm&r=g","contentUrl":"https:\/\/secure.gravatar.com\/avatar\/1d3fc949d550f0b53a5f0d51e06dfd79?s=96&d=mm&r=g","caption":"admin"},"url":"https:\/\/www.prijedordanas.com\/?author=1"}]}},"_links":{"self":[{"href":"https:\/\/www.prijedordanas.com\/index.php?rest_route=\/wp\/v2\/posts\/133096"}],"collection":[{"href":"https:\/\/www.prijedordanas.com\/index.php?rest_route=\/wp\/v2\/posts"}],"about":[{"href":"https:\/\/www.prijedordanas.com\/index.php?rest_route=\/wp\/v2\/types\/post"}],"author":[{"embeddable":true,"href":"https:\/\/www.prijedordanas.com\/index.php?rest_route=\/wp\/v2\/users\/1"}],"replies":[{"embeddable":true,"href":"https:\/\/www.prijedordanas.com\/index.php?rest_route=%2Fwp%2Fv2%2Fcomments&post=133096"}],"version-history":[{"count":2,"href":"https:\/\/www.prijedordanas.com\/index.php?rest_route=\/wp\/v2\/posts\/133096\/revisions"}],"predecessor-version":[{"id":133191,"href":"https:\/\/www.prijedordanas.com\/index.php?rest_route=\/wp\/v2\/posts\/133096\/revisions\/133191"}],"wp:attachment":[{"href":"https:\/\/www.prijedordanas.com\/index.php?rest_route=%2Fwp%2Fv2%2Fmedia&parent=133096"}],"wp:term":[{"taxonomy":"category","embeddable":true,"href":"https:\/\/www.prijedordanas.com\/index.php?rest_route=%2Fwp%2Fv2%2Fcategories&post=133096"},{"taxonomy":"post_tag","embeddable":true,"href":"https:\/\/www.prijedordanas.com\/index.php?rest_route=%2Fwp%2Fv2%2Ftags&post=133096"}],"curies":[{"name":"wp","href":"https:\/\/api.w.org\/{rel}","templated":true}]}}