{"id":132955,"date":"2019-09-03T22:40:30","date_gmt":"2019-09-03T20:40:30","guid":{"rendered":"https:\/\/www.prijedordanas.com\/?p=132955"},"modified":"2019-09-03T22:40:30","modified_gmt":"2019-09-03T20:40:30","slug":"hrabri-emir-buza-pobijedio-opaku-bolest-i-sada-zivi-u-prijedoru-lijepo-je-ponovo-biti-u-skolskoj-klupi-a-jos-ljepse-kada-prvi-dan-dobijes-peticu","status":"publish","type":"post","link":"https:\/\/www.prijedordanas.com\/?p=132955","title":{"rendered":"Hrabri Emir Buza pobijedio opaku bolest i sada \u017eivi u Prijedoru: Lijepo je ponovo biti u \u0161kolskoj klupi, a jo\u0161 ljep\u0161e kada prvi dan dobije\u0161 peticu"},"content":{"rendered":"<p><a href=\"https:\/\/www.prijedordanas.com\/wp-content\/uploads\/2019\/09\/faktor-emir-buza-skola-prijedor-1.jpg\"><img loading=\"lazy\" decoding=\"async\" class=\"alignleft size-medium wp-image-132956\" src=\"https:\/\/www.prijedordanas.com\/wp-content\/uploads\/2019\/09\/faktor-emir-buza-skola-prijedor-1-225x300.jpg\" alt=\"\" width=\"225\" height=\"300\" srcset=\"https:\/\/www.prijedordanas.com\/wp-content\/uploads\/2019\/09\/faktor-emir-buza-skola-prijedor-1-225x300.jpg 225w, https:\/\/www.prijedordanas.com\/wp-content\/uploads\/2019\/09\/faktor-emir-buza-skola-prijedor-1-75x100.jpg 75w, https:\/\/www.prijedordanas.com\/wp-content\/uploads\/2019\/09\/faktor-emir-buza-skola-prijedor-1.jpg 458w\" sizes=\"(max-width: 225px) 100vw, 225px\" \/><\/a>Hrabri dje\u010dak koji je bolovao od raka limfnih \u017elijezda, kako ka\u017ee, dugo \u0107e pamtiti 2. septembar 2019. godine<\/p>\n<p>Desetogodi\u0161nji Emir Buza, koji je bolovao od raka limfnih \u017elijezda, kako ka\u017ee, dugo vremena \u0107e pamtiti 2. septembar 2019. godine. Naime, ovaj hrabri dje\u010dak koji je pobijedio opaku bolest nakon lije\u010denja u klinici &#8220;Acibadem&#8221; u Istanbulu, ju\u010de se ponovo vratio u \u0161kolske klupe.<\/p>\n<p>Njegovi roditelji prije nekoliko mjeseci privremeno su se preselili u Prijedor, tako da \u0107e Emir \u0161kolovanje nastaviti u \u0161koli &#8220;Branko \u010copi\u0107&#8221;.<\/p>\n<p>Emir je vanredno polo\u017eio \u010detvrti razred u \u0161koli &#8220;Aleksa \u0160anti\u0107&#8221; na Saraj Polju u Sarajevu, a hrabri dje\u010dak isti\u010de da je odli\u010dno prihva\u0107en od novih \u0161kolskih drugara.<\/p>\n<p>-Kao da smo zajedno i\u0161li i prethodna \u010detiri razreda. Hvala puno svim \u0111acima koji su me odli\u010dno prihvatili. Lijepo je ponovo biti u \u0161kolskoj klupi, a jo\u0161 ljep\u0161e kada sam prvi dan dobio peticu. Ve\u0107ina dje\u010daka i djevoj\u010dica bili su mi velika podr\u0161ka kada sam se preselio u Prijedor, i oni su mi bili dodatna snaga da iz svega iza\u0111em kao pobjednik \u2013 ka\u017ee za Faktor Emir Buza koji dodaje da je u\u010denik V2 razreda.<\/p>\n<p>Njegov otac Almir ka\u017ee da Emir i dalje mora voditi dosta ra\u010duna o zdravlju i da se treba pridr\u017eavati posebne ishrane.<\/p>\n<p>-Posljednjih mjeseci Emir je uspio oja\u010dati svoj imunitet i sada je spreman za \u0161kolu. Naravno, mora se posebno paziti prehlada i drugih virusa \u2013 ka\u017ee Almir Buza koji dodaje da \u0107e Emir u septembru i\u0107i na redovnu kontrolu koju \u0107e ovaj put najvjerovatnije obaviti u Zagrebu umjesto u Istanbulu.<\/p>\n<p>www.faktor.ba<\/p>\n<p><a href=\"https:\/\/www.prijedordanas.com\/wp-content\/uploads\/2019\/09\/faktor-emir-buza-skola-prijedor-2.jpg\"><img loading=\"lazy\" decoding=\"async\" src=\"https:\/\/www.prijedordanas.com\/wp-content\/uploads\/2019\/09\/faktor-emir-buza-skola-prijedor-2-225x300.jpg\" alt=\"\" width=\"225\" height=\"300\" class=\"alignleft size-medium wp-image-132957\" srcset=\"https:\/\/www.prijedordanas.com\/wp-content\/uploads\/2019\/09\/faktor-emir-buza-skola-prijedor-2-225x300.jpg 225w, https:\/\/www.prijedordanas.com\/wp-content\/uploads\/2019\/09\/faktor-emir-buza-skola-prijedor-2-75x100.jpg 75w, https:\/\/www.prijedordanas.com\/wp-content\/uploads\/2019\/09\/faktor-emir-buza-skola-prijedor-2.jpg 450w\" sizes=\"(max-width: 225px) 100vw, 225px\" \/><\/a> <a href=\"https:\/\/www.prijedordanas.com\/wp-content\/uploads\/2019\/09\/faktor-emir-buza-skola-prijedor-3.jpg\"><img loading=\"lazy\" decoding=\"async\" src=\"https:\/\/www.prijedordanas.com\/wp-content\/uploads\/2019\/09\/faktor-emir-buza-skola-prijedor-3-300x225.jpg\" alt=\"\" width=\"300\" height=\"225\" class=\"alignleft size-medium wp-image-132958\" srcset=\"https:\/\/www.prijedordanas.com\/wp-content\/uploads\/2019\/09\/faktor-emir-buza-skola-prijedor-3-300x225.jpg 300w, https:\/\/www.prijedordanas.com\/wp-content\/uploads\/2019\/09\/faktor-emir-buza-skola-prijedor-3-100x75.jpg 100w, https:\/\/www.prijedordanas.com\/wp-content\/uploads\/2019\/09\/faktor-emir-buza-skola-prijedor-3.jpg 600w\" sizes=\"(max-width: 300px) 100vw, 300px\" \/><\/a><\/p>\n","protected":false},"excerpt":{"rendered":"<p>Hrabri dje\u010dak koji je bolovao od raka limfnih \u017elijezda, kako ka\u017ee, dugo \u0107e pamtiti 2. septembar 2019. godine Desetogodi\u0161nji Emir Buza, koji je bolovao od raka limfnih \u017elijezda, kako ka\u017ee, [&hellip;]<\/p>\n","protected":false},"author":1,"featured_media":0,"comment_status":"closed","ping_status":"open","sticky":false,"template":"","format":"standard","meta":{"_monsterinsights_skip_tracking":false,"_monsterinsights_sitenote_active":false,"_monsterinsights_sitenote_note":"","_monsterinsights_sitenote_category":0,"footnotes":""},"categories":[3],"tags":[],"yoast_head":"<!-- This site is optimized with the Yoast SEO plugin v21.6 - https:\/\/yoast.com\/wordpress\/plugins\/seo\/ -->\n<title>Hrabri Emir Buza pobijedio opaku bolest i sada \u017eivi u Prijedoru: Lijepo je ponovo biti u \u0161kolskoj klupi, a jo\u0161 ljep\u0161e kada prvi dan dobije\u0161 peticu - PrijedorDanas.com - Prijedorski gradski portal<\/title>\n<meta name=\"robots\" content=\"index, follow, max-snippet:-1, max-image-preview:large, max-video-preview:-1\" \/>\n<link rel=\"canonical\" href=\"https:\/\/www.prijedordanas.com\/?p=132955\" \/>\n<meta property=\"og:locale\" content=\"en_US\" \/>\n<meta property=\"og:type\" content=\"article\" \/>\n<meta property=\"og:title\" content=\"Hrabri Emir Buza pobijedio opaku bolest i sada \u017eivi u Prijedoru: Lijepo je ponovo biti u \u0161kolskoj klupi, a jo\u0161 ljep\u0161e kada prvi dan dobije\u0161 peticu - PrijedorDanas.com - Prijedorski gradski portal\" \/>\n<meta property=\"og:description\" content=\"Hrabri dje\u010dak koji je bolovao od raka limfnih \u017elijezda, kako ka\u017ee, dugo \u0107e pamtiti 2. septembar 2019. godine Desetogodi\u0161nji Emir Buza, koji je bolovao od raka limfnih \u017elijezda, kako ka\u017ee, [&hellip;]\" \/>\n<meta property=\"og:url\" content=\"https:\/\/www.prijedordanas.com\/?p=132955\" \/>\n<meta property=\"og:site_name\" content=\"PrijedorDanas.com - Prijedorski gradski portal\" \/>\n<meta property=\"article:publisher\" content=\"https:\/\/www.facebook.com\/PrijedorDanasCom\/\" \/>\n<meta property=\"article:published_time\" content=\"2019-09-03T20:40:30+00:00\" \/>\n<meta property=\"og:image\" content=\"https:\/\/www.prijedordanas.com\/wp-content\/uploads\/2019\/09\/faktor-emir-buza-skola-prijedor-1-225x300.jpg\" \/>\n<meta name=\"author\" content=\"admin\" \/>\n<meta name=\"twitter:card\" content=\"summary_large_image\" \/>\n<meta name=\"twitter:label1\" content=\"Written by\" \/>\n\t<meta name=\"twitter:data1\" content=\"admin\" \/>\n\t<meta name=\"twitter:label2\" content=\"Est. reading time\" \/>\n\t<meta name=\"twitter:data2\" content=\"1 minute\" \/>\n<script type=\"application\/ld+json\" class=\"yoast-schema-graph\">{\"@context\":\"https:\/\/schema.org\",\"@graph\":[{\"@type\":\"Article\",\"@id\":\"https:\/\/www.prijedordanas.com\/?p=132955#article\",\"isPartOf\":{\"@id\":\"https:\/\/www.prijedordanas.com\/?p=132955\"},\"author\":{\"name\":\"admin\",\"@id\":\"https:\/\/www.prijedordanas.com\/#\/schema\/person\/4e08ccf29b506ca916ff86d46bb700e6\"},\"headline\":\"Hrabri Emir Buza pobijedio opaku bolest i sada \u017eivi u Prijedoru: Lijepo je ponovo biti u \u0161kolskoj klupi, a jo\u0161 ljep\u0161e kada prvi dan dobije\u0161 peticu\",\"datePublished\":\"2019-09-03T20:40:30+00:00\",\"dateModified\":\"2019-09-03T20:40:30+00:00\",\"mainEntityOfPage\":{\"@id\":\"https:\/\/www.prijedordanas.com\/?p=132955\"},\"wordCount\":306,\"publisher\":{\"@id\":\"https:\/\/www.prijedordanas.com\/#organization\"},\"articleSection\":[\"\u017divot\"],\"inLanguage\":\"en-US\"},{\"@type\":\"WebPage\",\"@id\":\"https:\/\/www.prijedordanas.com\/?p=132955\",\"url\":\"https:\/\/www.prijedordanas.com\/?p=132955\",\"name\":\"Hrabri Emir Buza pobijedio opaku bolest i sada \u017eivi u Prijedoru: Lijepo je ponovo biti u \u0161kolskoj klupi, a jo\u0161 ljep\u0161e kada prvi dan dobije\u0161 peticu - PrijedorDanas.com - Prijedorski gradski portal\",\"isPartOf\":{\"@id\":\"https:\/\/www.prijedordanas.com\/#website\"},\"datePublished\":\"2019-09-03T20:40:30+00:00\",\"dateModified\":\"2019-09-03T20:40:30+00:00\",\"breadcrumb\":{\"@id\":\"https:\/\/www.prijedordanas.com\/?p=132955#breadcrumb\"},\"inLanguage\":\"en-US\",\"potentialAction\":[{\"@type\":\"ReadAction\",\"target\":[\"https:\/\/www.prijedordanas.com\/?p=132955\"]}]},{\"@type\":\"BreadcrumbList\",\"@id\":\"https:\/\/www.prijedordanas.com\/?p=132955#breadcrumb\",\"itemListElement\":[{\"@type\":\"ListItem\",\"position\":1,\"name\":\"Home\",\"item\":\"https:\/\/www.prijedordanas.com\/\"},{\"@type\":\"ListItem\",\"position\":2,\"name\":\"Hrabri Emir Buza pobijedio opaku bolest i sada \u017eivi u Prijedoru: Lijepo je ponovo biti u \u0161kolskoj klupi, a jo\u0161 ljep\u0161e kada prvi dan dobije\u0161 peticu\"}]},{\"@type\":\"WebSite\",\"@id\":\"https:\/\/www.prijedordanas.com\/#website\",\"url\":\"https:\/\/www.prijedordanas.com\/\",\"name\":\"PrijedorDanas.com - Prijedorski gradski portal\",\"description\":\"Portal o doga\u0111anjima u gradu Prijedoru\",\"publisher\":{\"@id\":\"https:\/\/www.prijedordanas.com\/#organization\"},\"potentialAction\":[{\"@type\":\"SearchAction\",\"target\":{\"@type\":\"EntryPoint\",\"urlTemplate\":\"https:\/\/www.prijedordanas.com\/?s={search_term_string}\"},\"query-input\":\"required name=search_term_string\"}],\"inLanguage\":\"en-US\"},{\"@type\":\"Organization\",\"@id\":\"https:\/\/www.prijedordanas.com\/#organization\",\"name\":\"PrijedorDanas.com\",\"url\":\"https:\/\/www.prijedordanas.com\/\",\"logo\":{\"@type\":\"ImageObject\",\"inLanguage\":\"en-US\",\"@id\":\"https:\/\/www.prijedordanas.com\/#\/schema\/logo\/image\/\",\"url\":\"http:\/\/www.prijedordanas.com\/wp-content\/uploads\/2021\/12\/logopng.png\",\"contentUrl\":\"http:\/\/www.prijedordanas.com\/wp-content\/uploads\/2021\/12\/logopng.png\",\"width\":1019,\"height\":776,\"caption\":\"PrijedorDanas.com\"},\"image\":{\"@id\":\"https:\/\/www.prijedordanas.com\/#\/schema\/logo\/image\/\"},\"sameAs\":[\"https:\/\/www.facebook.com\/PrijedorDanasCom\/\"]},{\"@type\":\"Person\",\"@id\":\"https:\/\/www.prijedordanas.com\/#\/schema\/person\/4e08ccf29b506ca916ff86d46bb700e6\",\"name\":\"admin\",\"image\":{\"@type\":\"ImageObject\",\"inLanguage\":\"en-US\",\"@id\":\"https:\/\/www.prijedordanas.com\/#\/schema\/person\/image\/\",\"url\":\"https:\/\/secure.gravatar.com\/avatar\/1d3fc949d550f0b53a5f0d51e06dfd79?s=96&d=mm&r=g\",\"contentUrl\":\"https:\/\/secure.gravatar.com\/avatar\/1d3fc949d550f0b53a5f0d51e06dfd79?s=96&d=mm&r=g\",\"caption\":\"admin\"},\"url\":\"https:\/\/www.prijedordanas.com\/?author=1\"}]}<\/script>\n<!-- \/ Yoast SEO plugin. -->","yoast_head_json":{"title":"Hrabri Emir Buza pobijedio opaku bolest i sada \u017eivi u Prijedoru: Lijepo je ponovo biti u \u0161kolskoj klupi, a jo\u0161 ljep\u0161e kada prvi dan dobije\u0161 peticu - PrijedorDanas.com - Prijedorski gradski portal","robots":{"index":"index","follow":"follow","max-snippet":"max-snippet:-1","max-image-preview":"max-image-preview:large","max-video-preview":"max-video-preview:-1"},"canonical":"https:\/\/www.prijedordanas.com\/?p=132955","og_locale":"en_US","og_type":"article","og_title":"Hrabri Emir Buza pobijedio opaku bolest i sada \u017eivi u Prijedoru: Lijepo je ponovo biti u \u0161kolskoj klupi, a jo\u0161 ljep\u0161e kada prvi dan dobije\u0161 peticu - PrijedorDanas.com - Prijedorski gradski portal","og_description":"Hrabri dje\u010dak koji je bolovao od raka limfnih \u017elijezda, kako ka\u017ee, dugo \u0107e pamtiti 2. septembar 2019. godine Desetogodi\u0161nji Emir Buza, koji je bolovao od raka limfnih \u017elijezda, kako ka\u017ee, [&hellip;]","og_url":"https:\/\/www.prijedordanas.com\/?p=132955","og_site_name":"PrijedorDanas.com - Prijedorski gradski portal","article_publisher":"https:\/\/www.facebook.com\/PrijedorDanasCom\/","article_published_time":"2019-09-03T20:40:30+00:00","og_image":[{"url":"https:\/\/www.prijedordanas.com\/wp-content\/uploads\/2019\/09\/faktor-emir-buza-skola-prijedor-1-225x300.jpg"}],"author":"admin","twitter_card":"summary_large_image","twitter_misc":{"Written by":"admin","Est. reading time":"1 minute"},"schema":{"@context":"https:\/\/schema.org","@graph":[{"@type":"Article","@id":"https:\/\/www.prijedordanas.com\/?p=132955#article","isPartOf":{"@id":"https:\/\/www.prijedordanas.com\/?p=132955"},"author":{"name":"admin","@id":"https:\/\/www.prijedordanas.com\/#\/schema\/person\/4e08ccf29b506ca916ff86d46bb700e6"},"headline":"Hrabri Emir Buza pobijedio opaku bolest i sada \u017eivi u Prijedoru: Lijepo je ponovo biti u \u0161kolskoj klupi, a jo\u0161 ljep\u0161e kada prvi dan dobije\u0161 peticu","datePublished":"2019-09-03T20:40:30+00:00","dateModified":"2019-09-03T20:40:30+00:00","mainEntityOfPage":{"@id":"https:\/\/www.prijedordanas.com\/?p=132955"},"wordCount":306,"publisher":{"@id":"https:\/\/www.prijedordanas.com\/#organization"},"articleSection":["\u017divot"],"inLanguage":"en-US"},{"@type":"WebPage","@id":"https:\/\/www.prijedordanas.com\/?p=132955","url":"https:\/\/www.prijedordanas.com\/?p=132955","name":"Hrabri Emir Buza pobijedio opaku bolest i sada \u017eivi u Prijedoru: Lijepo je ponovo biti u \u0161kolskoj klupi, a jo\u0161 ljep\u0161e kada prvi dan dobije\u0161 peticu - PrijedorDanas.com - Prijedorski gradski portal","isPartOf":{"@id":"https:\/\/www.prijedordanas.com\/#website"},"datePublished":"2019-09-03T20:40:30+00:00","dateModified":"2019-09-03T20:40:30+00:00","breadcrumb":{"@id":"https:\/\/www.prijedordanas.com\/?p=132955#breadcrumb"},"inLanguage":"en-US","potentialAction":[{"@type":"ReadAction","target":["https:\/\/www.prijedordanas.com\/?p=132955"]}]},{"@type":"BreadcrumbList","@id":"https:\/\/www.prijedordanas.com\/?p=132955#breadcrumb","itemListElement":[{"@type":"ListItem","position":1,"name":"Home","item":"https:\/\/www.prijedordanas.com\/"},{"@type":"ListItem","position":2,"name":"Hrabri Emir Buza pobijedio opaku bolest i sada \u017eivi u Prijedoru: Lijepo je ponovo biti u \u0161kolskoj klupi, a jo\u0161 ljep\u0161e kada prvi dan dobije\u0161 peticu"}]},{"@type":"WebSite","@id":"https:\/\/www.prijedordanas.com\/#website","url":"https:\/\/www.prijedordanas.com\/","name":"PrijedorDanas.com - Prijedorski gradski portal","description":"Portal o doga\u0111anjima u gradu Prijedoru","publisher":{"@id":"https:\/\/www.prijedordanas.com\/#organization"},"potentialAction":[{"@type":"SearchAction","target":{"@type":"EntryPoint","urlTemplate":"https:\/\/www.prijedordanas.com\/?s={search_term_string}"},"query-input":"required name=search_term_string"}],"inLanguage":"en-US"},{"@type":"Organization","@id":"https:\/\/www.prijedordanas.com\/#organization","name":"PrijedorDanas.com","url":"https:\/\/www.prijedordanas.com\/","logo":{"@type":"ImageObject","inLanguage":"en-US","@id":"https:\/\/www.prijedordanas.com\/#\/schema\/logo\/image\/","url":"http:\/\/www.prijedordanas.com\/wp-content\/uploads\/2021\/12\/logopng.png","contentUrl":"http:\/\/www.prijedordanas.com\/wp-content\/uploads\/2021\/12\/logopng.png","width":1019,"height":776,"caption":"PrijedorDanas.com"},"image":{"@id":"https:\/\/www.prijedordanas.com\/#\/schema\/logo\/image\/"},"sameAs":["https:\/\/www.facebook.com\/PrijedorDanasCom\/"]},{"@type":"Person","@id":"https:\/\/www.prijedordanas.com\/#\/schema\/person\/4e08ccf29b506ca916ff86d46bb700e6","name":"admin","image":{"@type":"ImageObject","inLanguage":"en-US","@id":"https:\/\/www.prijedordanas.com\/#\/schema\/person\/image\/","url":"https:\/\/secure.gravatar.com\/avatar\/1d3fc949d550f0b53a5f0d51e06dfd79?s=96&d=mm&r=g","contentUrl":"https:\/\/secure.gravatar.com\/avatar\/1d3fc949d550f0b53a5f0d51e06dfd79?s=96&d=mm&r=g","caption":"admin"},"url":"https:\/\/www.prijedordanas.com\/?author=1"}]}},"_links":{"self":[{"href":"https:\/\/www.prijedordanas.com\/index.php?rest_route=\/wp\/v2\/posts\/132955"}],"collection":[{"href":"https:\/\/www.prijedordanas.com\/index.php?rest_route=\/wp\/v2\/posts"}],"about":[{"href":"https:\/\/www.prijedordanas.com\/index.php?rest_route=\/wp\/v2\/types\/post"}],"author":[{"embeddable":true,"href":"https:\/\/www.prijedordanas.com\/index.php?rest_route=\/wp\/v2\/users\/1"}],"replies":[{"embeddable":true,"href":"https:\/\/www.prijedordanas.com\/index.php?rest_route=%2Fwp%2Fv2%2Fcomments&post=132955"}],"version-history":[{"count":1,"href":"https:\/\/www.prijedordanas.com\/index.php?rest_route=\/wp\/v2\/posts\/132955\/revisions"}],"predecessor-version":[{"id":132959,"href":"https:\/\/www.prijedordanas.com\/index.php?rest_route=\/wp\/v2\/posts\/132955\/revisions\/132959"}],"wp:attachment":[{"href":"https:\/\/www.prijedordanas.com\/index.php?rest_route=%2Fwp%2Fv2%2Fmedia&parent=132955"}],"wp:term":[{"taxonomy":"category","embeddable":true,"href":"https:\/\/www.prijedordanas.com\/index.php?rest_route=%2Fwp%2Fv2%2Fcategories&post=132955"},{"taxonomy":"post_tag","embeddable":true,"href":"https:\/\/www.prijedordanas.com\/index.php?rest_route=%2Fwp%2Fv2%2Ftags&post=132955"}],"curies":[{"name":"wp","href":"https:\/\/api.w.org\/{rel}","templated":true}]}}