{"id":132885,"date":"2019-09-02T18:18:08","date_gmt":"2019-09-02T16:18:08","guid":{"rendered":"https:\/\/www.prijedordanas.com\/?p=132885"},"modified":"2019-09-02T18:18:08","modified_gmt":"2019-09-02T16:18:08","slug":"zbog-mogucih-vremenskih-nepogoda-koncert-omladinskog-orkestra-operaprima-u-pozoristu-prijedoru","status":"publish","type":"post","link":"https:\/\/www.prijedordanas.com\/?p=132885","title":{"rendered":"Zbog mogu\u0107ih vremenskih nepogoda koncert Omladinskog orkestra \u201cOperaPrima\u201d u Pozori\u0161tu Prijedoru"},"content":{"rendered":"<p><a href=\"https:\/\/www.prijedordanas.com\/wp-content\/uploads\/2019\/09\/operaprima-orchestra.jpg\"><img loading=\"lazy\" decoding=\"async\" src=\"https:\/\/www.prijedordanas.com\/wp-content\/uploads\/2019\/09\/operaprima-orchestra-300x217.jpg\" alt=\"\" width=\"300\" height=\"217\" class=\"alignleft size-medium wp-image-132831\" srcset=\"https:\/\/www.prijedordanas.com\/wp-content\/uploads\/2019\/09\/operaprima-orchestra-300x217.jpg 300w, https:\/\/www.prijedordanas.com\/wp-content\/uploads\/2019\/09\/operaprima-orchestra-100x72.jpg 100w, https:\/\/www.prijedordanas.com\/wp-content\/uploads\/2019\/09\/operaprima-orchestra.jpg 690w\" sizes=\"(max-width: 300px) 100vw, 300px\" \/><\/a>Koncert Omladinskog orkestra \u201cOperaPrima\u201d iz italijanskog Trentina pod nazivom \u201cImaginAction\u201d bi\u0107e odr\u017ean u Pozori\u0161tu Prijedor od 19:00 \u010dasova.<\/p>\n<p>Iako je prvobitno najavljeno da \u0107e se koncert odr\u017eati na Trgu majora Zorana Karlice u na\u0161em gradu, zbog mogu\u0107ih vremenskih nepogoda, lokacija na kojoj \u0107e nastupiti mladi muzi\u010dari je promijenjena.<\/p>\n<p>Koncert se realizuje u okviru programa saradnje izme\u0111u muzi\u010dke \u0161kole \u201cSavo Balaban\u201d iz Prijedora i muzi\u010dke \u0161kole &#8220;OperaPrima&#8221; iz mjesta Ala u Trentinu, u organizaciji Udru\u017eenja Program Prijedor iz Trenta.<\/p>\n<p>Omladinski orkestar \u201cOperaPrima\u201d \u010dine u\u010denici razli\u010ditih uzrasta (od 12 do 18 godina) koji nastupaju uz podr\u0161ku profesora na razli\u010ditim instrumentima. \u017danrovski \u0161arolik repertoar ovog orkestra publici pru\u017ea mogu\u0107nost da u\u017eiva u kompozicijama klasi\u010dne, popularne, rok i d\u017eez muzike, kroz originalne aran\u017emane maestra Mar\u010dela Buriga, direktora orkestra.<\/p>\n<p>Na koncertu u Prijedoru orkestar \u0107e predstaviti program \u201cImaginAction\u201d u kome se jezici klasi\u010dnih i pop nota ukr\u0161taju sa sjajnim temama filmske muzike i mjuzikla, uklju\u010duju\u0107i numere bendova \u201cColdPlay\u201d, \u201cQueen\u201d kao i oma\u017e grupi \u201cBeatles\u201d<\/p>\n<p>Orkestar \u010dine u\u010denici istoimene muzi\u010dke \u0161kola \u201cOperaPrima\u201d koja je dio pokrajinskog sistema muzi\u010dkih \u0161kola u italijanskoj oblasti Trentino. Ansambl djeluje vi\u0161e od 25 godina tokom kojih je pru\u017eio mogu\u0107nost hiljadama mladih da odrastaju uz muziku. \u010clanovi orkestra, mladi i odrasli, slijede put koji ima za cilj formiranje i ja\u010danje pojedinca u muzi\u010dkom i ekspresivnom smislu.<\/p>\n<p>Pored koncerta u Prijedoru, koncert \u0107e dan kasnije biti odr\u017ean i u Banskom dvoru u Banjaluci, dok je u srijedu planiran zajedni\u010dki izlet na Kozaru, kao i posjeta memorijalnom centru Mrakovica.\t<\/p>\n<p>Udru\u017eenje Program Prijedor\t<\/p>\n","protected":false},"excerpt":{"rendered":"<p>Koncert Omladinskog orkestra \u201cOperaPrima\u201d iz italijanskog Trentina pod nazivom \u201cImaginAction\u201d bi\u0107e odr\u017ean u Pozori\u0161tu Prijedor od 19:00 \u010dasova. Iako je prvobitno najavljeno da \u0107e se koncert odr\u017eati na Trgu majora [&hellip;]<\/p>\n","protected":false},"author":1,"featured_media":0,"comment_status":"closed","ping_status":"open","sticky":false,"template":"","format":"standard","meta":{"_monsterinsights_skip_tracking":false,"_monsterinsights_sitenote_active":false,"_monsterinsights_sitenote_note":"","_monsterinsights_sitenote_category":0,"footnotes":""},"categories":[6],"tags":[],"yoast_head":"<!-- This site is optimized with the Yoast SEO plugin v21.6 - https:\/\/yoast.com\/wordpress\/plugins\/seo\/ -->\n<title>Zbog mogu\u0107ih vremenskih nepogoda koncert Omladinskog orkestra \u201cOperaPrima\u201d u Pozori\u0161tu Prijedoru - PrijedorDanas.com - Prijedorski gradski portal<\/title>\n<meta name=\"robots\" content=\"index, follow, max-snippet:-1, max-image-preview:large, max-video-preview:-1\" \/>\n<link rel=\"canonical\" href=\"https:\/\/www.prijedordanas.com\/?p=132885\" \/>\n<meta property=\"og:locale\" content=\"en_US\" \/>\n<meta property=\"og:type\" content=\"article\" \/>\n<meta property=\"og:title\" content=\"Zbog mogu\u0107ih vremenskih nepogoda koncert Omladinskog orkestra \u201cOperaPrima\u201d u Pozori\u0161tu Prijedoru - PrijedorDanas.com - Prijedorski gradski portal\" \/>\n<meta property=\"og:description\" content=\"Koncert Omladinskog orkestra \u201cOperaPrima\u201d iz italijanskog Trentina pod nazivom \u201cImaginAction\u201d bi\u0107e odr\u017ean u Pozori\u0161tu Prijedor od 19:00 \u010dasova. Iako je prvobitno najavljeno da \u0107e se koncert odr\u017eati na Trgu majora [&hellip;]\" \/>\n<meta property=\"og:url\" content=\"https:\/\/www.prijedordanas.com\/?p=132885\" \/>\n<meta property=\"og:site_name\" content=\"PrijedorDanas.com - Prijedorski gradski portal\" \/>\n<meta property=\"article:publisher\" content=\"https:\/\/www.facebook.com\/PrijedorDanasCom\/\" \/>\n<meta property=\"article:published_time\" content=\"2019-09-02T16:18:08+00:00\" \/>\n<meta property=\"og:image\" content=\"https:\/\/www.prijedordanas.com\/wp-content\/uploads\/2019\/09\/operaprima-orchestra-300x217.jpg\" \/>\n<meta name=\"author\" content=\"admin\" \/>\n<meta name=\"twitter:card\" content=\"summary_large_image\" \/>\n<meta name=\"twitter:label1\" content=\"Written by\" \/>\n\t<meta name=\"twitter:data1\" content=\"admin\" \/>\n\t<meta name=\"twitter:label2\" content=\"Est. reading time\" \/>\n\t<meta name=\"twitter:data2\" content=\"1 minute\" \/>\n<script type=\"application\/ld+json\" class=\"yoast-schema-graph\">{\"@context\":\"https:\/\/schema.org\",\"@graph\":[{\"@type\":\"Article\",\"@id\":\"https:\/\/www.prijedordanas.com\/?p=132885#article\",\"isPartOf\":{\"@id\":\"https:\/\/www.prijedordanas.com\/?p=132885\"},\"author\":{\"name\":\"admin\",\"@id\":\"https:\/\/www.prijedordanas.com\/#\/schema\/person\/4e08ccf29b506ca916ff86d46bb700e6\"},\"headline\":\"Zbog mogu\u0107ih vremenskih nepogoda koncert Omladinskog orkestra \u201cOperaPrima\u201d u Pozori\u0161tu Prijedoru\",\"datePublished\":\"2019-09-02T16:18:08+00:00\",\"dateModified\":\"2019-09-02T16:18:08+00:00\",\"mainEntityOfPage\":{\"@id\":\"https:\/\/www.prijedordanas.com\/?p=132885\"},\"wordCount\":294,\"publisher\":{\"@id\":\"https:\/\/www.prijedordanas.com\/#organization\"},\"articleSection\":[\"Kultura\"],\"inLanguage\":\"en-US\"},{\"@type\":\"WebPage\",\"@id\":\"https:\/\/www.prijedordanas.com\/?p=132885\",\"url\":\"https:\/\/www.prijedordanas.com\/?p=132885\",\"name\":\"Zbog mogu\u0107ih vremenskih nepogoda koncert Omladinskog orkestra \u201cOperaPrima\u201d u Pozori\u0161tu Prijedoru - PrijedorDanas.com - Prijedorski gradski portal\",\"isPartOf\":{\"@id\":\"https:\/\/www.prijedordanas.com\/#website\"},\"datePublished\":\"2019-09-02T16:18:08+00:00\",\"dateModified\":\"2019-09-02T16:18:08+00:00\",\"breadcrumb\":{\"@id\":\"https:\/\/www.prijedordanas.com\/?p=132885#breadcrumb\"},\"inLanguage\":\"en-US\",\"potentialAction\":[{\"@type\":\"ReadAction\",\"target\":[\"https:\/\/www.prijedordanas.com\/?p=132885\"]}]},{\"@type\":\"BreadcrumbList\",\"@id\":\"https:\/\/www.prijedordanas.com\/?p=132885#breadcrumb\",\"itemListElement\":[{\"@type\":\"ListItem\",\"position\":1,\"name\":\"Home\",\"item\":\"https:\/\/www.prijedordanas.com\/\"},{\"@type\":\"ListItem\",\"position\":2,\"name\":\"Zbog mogu\u0107ih vremenskih nepogoda koncert Omladinskog orkestra \u201cOperaPrima\u201d u Pozori\u0161tu Prijedoru\"}]},{\"@type\":\"WebSite\",\"@id\":\"https:\/\/www.prijedordanas.com\/#website\",\"url\":\"https:\/\/www.prijedordanas.com\/\",\"name\":\"PrijedorDanas.com - Prijedorski gradski portal\",\"description\":\"Portal o doga\u0111anjima u gradu Prijedoru\",\"publisher\":{\"@id\":\"https:\/\/www.prijedordanas.com\/#organization\"},\"potentialAction\":[{\"@type\":\"SearchAction\",\"target\":{\"@type\":\"EntryPoint\",\"urlTemplate\":\"https:\/\/www.prijedordanas.com\/?s={search_term_string}\"},\"query-input\":\"required name=search_term_string\"}],\"inLanguage\":\"en-US\"},{\"@type\":\"Organization\",\"@id\":\"https:\/\/www.prijedordanas.com\/#organization\",\"name\":\"PrijedorDanas.com\",\"url\":\"https:\/\/www.prijedordanas.com\/\",\"logo\":{\"@type\":\"ImageObject\",\"inLanguage\":\"en-US\",\"@id\":\"https:\/\/www.prijedordanas.com\/#\/schema\/logo\/image\/\",\"url\":\"http:\/\/www.prijedordanas.com\/wp-content\/uploads\/2021\/12\/logopng.png\",\"contentUrl\":\"http:\/\/www.prijedordanas.com\/wp-content\/uploads\/2021\/12\/logopng.png\",\"width\":1019,\"height\":776,\"caption\":\"PrijedorDanas.com\"},\"image\":{\"@id\":\"https:\/\/www.prijedordanas.com\/#\/schema\/logo\/image\/\"},\"sameAs\":[\"https:\/\/www.facebook.com\/PrijedorDanasCom\/\"]},{\"@type\":\"Person\",\"@id\":\"https:\/\/www.prijedordanas.com\/#\/schema\/person\/4e08ccf29b506ca916ff86d46bb700e6\",\"name\":\"admin\",\"image\":{\"@type\":\"ImageObject\",\"inLanguage\":\"en-US\",\"@id\":\"https:\/\/www.prijedordanas.com\/#\/schema\/person\/image\/\",\"url\":\"https:\/\/secure.gravatar.com\/avatar\/1d3fc949d550f0b53a5f0d51e06dfd79?s=96&d=mm&r=g\",\"contentUrl\":\"https:\/\/secure.gravatar.com\/avatar\/1d3fc949d550f0b53a5f0d51e06dfd79?s=96&d=mm&r=g\",\"caption\":\"admin\"},\"url\":\"https:\/\/www.prijedordanas.com\/?author=1\"}]}<\/script>\n<!-- \/ Yoast SEO plugin. -->","yoast_head_json":{"title":"Zbog mogu\u0107ih vremenskih nepogoda koncert Omladinskog orkestra \u201cOperaPrima\u201d u Pozori\u0161tu Prijedoru - PrijedorDanas.com - Prijedorski gradski portal","robots":{"index":"index","follow":"follow","max-snippet":"max-snippet:-1","max-image-preview":"max-image-preview:large","max-video-preview":"max-video-preview:-1"},"canonical":"https:\/\/www.prijedordanas.com\/?p=132885","og_locale":"en_US","og_type":"article","og_title":"Zbog mogu\u0107ih vremenskih nepogoda koncert Omladinskog orkestra \u201cOperaPrima\u201d u Pozori\u0161tu Prijedoru - PrijedorDanas.com - Prijedorski gradski portal","og_description":"Koncert Omladinskog orkestra \u201cOperaPrima\u201d iz italijanskog Trentina pod nazivom \u201cImaginAction\u201d bi\u0107e odr\u017ean u Pozori\u0161tu Prijedor od 19:00 \u010dasova. Iako je prvobitno najavljeno da \u0107e se koncert odr\u017eati na Trgu majora [&hellip;]","og_url":"https:\/\/www.prijedordanas.com\/?p=132885","og_site_name":"PrijedorDanas.com - Prijedorski gradski portal","article_publisher":"https:\/\/www.facebook.com\/PrijedorDanasCom\/","article_published_time":"2019-09-02T16:18:08+00:00","og_image":[{"url":"https:\/\/www.prijedordanas.com\/wp-content\/uploads\/2019\/09\/operaprima-orchestra-300x217.jpg"}],"author":"admin","twitter_card":"summary_large_image","twitter_misc":{"Written by":"admin","Est. reading time":"1 minute"},"schema":{"@context":"https:\/\/schema.org","@graph":[{"@type":"Article","@id":"https:\/\/www.prijedordanas.com\/?p=132885#article","isPartOf":{"@id":"https:\/\/www.prijedordanas.com\/?p=132885"},"author":{"name":"admin","@id":"https:\/\/www.prijedordanas.com\/#\/schema\/person\/4e08ccf29b506ca916ff86d46bb700e6"},"headline":"Zbog mogu\u0107ih vremenskih nepogoda koncert Omladinskog orkestra \u201cOperaPrima\u201d u Pozori\u0161tu Prijedoru","datePublished":"2019-09-02T16:18:08+00:00","dateModified":"2019-09-02T16:18:08+00:00","mainEntityOfPage":{"@id":"https:\/\/www.prijedordanas.com\/?p=132885"},"wordCount":294,"publisher":{"@id":"https:\/\/www.prijedordanas.com\/#organization"},"articleSection":["Kultura"],"inLanguage":"en-US"},{"@type":"WebPage","@id":"https:\/\/www.prijedordanas.com\/?p=132885","url":"https:\/\/www.prijedordanas.com\/?p=132885","name":"Zbog mogu\u0107ih vremenskih nepogoda koncert Omladinskog orkestra \u201cOperaPrima\u201d u Pozori\u0161tu Prijedoru - PrijedorDanas.com - Prijedorski gradski portal","isPartOf":{"@id":"https:\/\/www.prijedordanas.com\/#website"},"datePublished":"2019-09-02T16:18:08+00:00","dateModified":"2019-09-02T16:18:08+00:00","breadcrumb":{"@id":"https:\/\/www.prijedordanas.com\/?p=132885#breadcrumb"},"inLanguage":"en-US","potentialAction":[{"@type":"ReadAction","target":["https:\/\/www.prijedordanas.com\/?p=132885"]}]},{"@type":"BreadcrumbList","@id":"https:\/\/www.prijedordanas.com\/?p=132885#breadcrumb","itemListElement":[{"@type":"ListItem","position":1,"name":"Home","item":"https:\/\/www.prijedordanas.com\/"},{"@type":"ListItem","position":2,"name":"Zbog mogu\u0107ih vremenskih nepogoda koncert Omladinskog orkestra \u201cOperaPrima\u201d u Pozori\u0161tu Prijedoru"}]},{"@type":"WebSite","@id":"https:\/\/www.prijedordanas.com\/#website","url":"https:\/\/www.prijedordanas.com\/","name":"PrijedorDanas.com - Prijedorski gradski portal","description":"Portal o doga\u0111anjima u gradu Prijedoru","publisher":{"@id":"https:\/\/www.prijedordanas.com\/#organization"},"potentialAction":[{"@type":"SearchAction","target":{"@type":"EntryPoint","urlTemplate":"https:\/\/www.prijedordanas.com\/?s={search_term_string}"},"query-input":"required name=search_term_string"}],"inLanguage":"en-US"},{"@type":"Organization","@id":"https:\/\/www.prijedordanas.com\/#organization","name":"PrijedorDanas.com","url":"https:\/\/www.prijedordanas.com\/","logo":{"@type":"ImageObject","inLanguage":"en-US","@id":"https:\/\/www.prijedordanas.com\/#\/schema\/logo\/image\/","url":"http:\/\/www.prijedordanas.com\/wp-content\/uploads\/2021\/12\/logopng.png","contentUrl":"http:\/\/www.prijedordanas.com\/wp-content\/uploads\/2021\/12\/logopng.png","width":1019,"height":776,"caption":"PrijedorDanas.com"},"image":{"@id":"https:\/\/www.prijedordanas.com\/#\/schema\/logo\/image\/"},"sameAs":["https:\/\/www.facebook.com\/PrijedorDanasCom\/"]},{"@type":"Person","@id":"https:\/\/www.prijedordanas.com\/#\/schema\/person\/4e08ccf29b506ca916ff86d46bb700e6","name":"admin","image":{"@type":"ImageObject","inLanguage":"en-US","@id":"https:\/\/www.prijedordanas.com\/#\/schema\/person\/image\/","url":"https:\/\/secure.gravatar.com\/avatar\/1d3fc949d550f0b53a5f0d51e06dfd79?s=96&d=mm&r=g","contentUrl":"https:\/\/secure.gravatar.com\/avatar\/1d3fc949d550f0b53a5f0d51e06dfd79?s=96&d=mm&r=g","caption":"admin"},"url":"https:\/\/www.prijedordanas.com\/?author=1"}]}},"_links":{"self":[{"href":"https:\/\/www.prijedordanas.com\/index.php?rest_route=\/wp\/v2\/posts\/132885"}],"collection":[{"href":"https:\/\/www.prijedordanas.com\/index.php?rest_route=\/wp\/v2\/posts"}],"about":[{"href":"https:\/\/www.prijedordanas.com\/index.php?rest_route=\/wp\/v2\/types\/post"}],"author":[{"embeddable":true,"href":"https:\/\/www.prijedordanas.com\/index.php?rest_route=\/wp\/v2\/users\/1"}],"replies":[{"embeddable":true,"href":"https:\/\/www.prijedordanas.com\/index.php?rest_route=%2Fwp%2Fv2%2Fcomments&post=132885"}],"version-history":[{"count":1,"href":"https:\/\/www.prijedordanas.com\/index.php?rest_route=\/wp\/v2\/posts\/132885\/revisions"}],"predecessor-version":[{"id":132888,"href":"https:\/\/www.prijedordanas.com\/index.php?rest_route=\/wp\/v2\/posts\/132885\/revisions\/132888"}],"wp:attachment":[{"href":"https:\/\/www.prijedordanas.com\/index.php?rest_route=%2Fwp%2Fv2%2Fmedia&parent=132885"}],"wp:term":[{"taxonomy":"category","embeddable":true,"href":"https:\/\/www.prijedordanas.com\/index.php?rest_route=%2Fwp%2Fv2%2Fcategories&post=132885"},{"taxonomy":"post_tag","embeddable":true,"href":"https:\/\/www.prijedordanas.com\/index.php?rest_route=%2Fwp%2Fv2%2Ftags&post=132885"}],"curies":[{"name":"wp","href":"https:\/\/api.w.org\/{rel}","templated":true}]}}