{"id":132873,"date":"2019-09-02T19:51:38","date_gmt":"2019-09-02T17:51:38","guid":{"rendered":"https:\/\/www.prijedordanas.com\/?p=132873"},"modified":"2019-09-02T19:51:38","modified_gmt":"2019-09-02T17:51:38","slug":"sudenje-taranjac-i-ostali-optuzeni-u-pratnji-zarobljenih","status":"publish","type":"post","link":"https:\/\/www.prijedordanas.com\/?p=132873","title":{"rendered":"Su\u0111enje Taranjac i ostali: Optu\u017eeni u pratnji zarobljenih"},"content":{"rendered":"<p><a href=\"https:\/\/www.prijedordanas.com\/wp-content\/uploads\/2016\/11\/sud-bih-sudnica.jpg\"><img loading=\"lazy\" decoding=\"async\" src=\"https:\/\/www.prijedordanas.com\/wp-content\/uploads\/2016\/11\/sud-bih-sudnica-300x236.jpg\" alt=\"\" width=\"300\" height=\"236\" class=\"alignleft size-medium wp-image-66666\" srcset=\"https:\/\/www.prijedordanas.com\/wp-content\/uploads\/2016\/11\/sud-bih-sudnica-300x236.jpg 300w, https:\/\/www.prijedordanas.com\/wp-content\/uploads\/2016\/11\/sud-bih-sudnica-100x79.jpg 100w, https:\/\/www.prijedordanas.com\/wp-content\/uploads\/2016\/11\/sud-bih-sudnica.jpg 635w\" sizes=\"(max-width: 300px) 100vw, 300px\" \/><\/a>Svjedok Tu\u017eila\u0161tva BiH govorio je o zarobljenim Bo\u0161njacima u Miskoj Glavi kod Prijedora, za koje je kasnije \u010duo da su odvedeni i ubijeni na podru\u010dju Rudnika \u201cLjubija\u201d i kod Hozi\u0107a kamena.<\/p>\n<p>Nikola Mali\u0107 kazao je da su u pratnji, prevozu ili odvo\u0111enju zarobljenika u\u010destvovali optu\u017eeni Marinko Pra\u0161talo, Rade Zekanovi\u0107, Zdravko Pani\u0107 i Trivo Vuki\u0107, a da je Slobodan Kne\u017eevi\u0107 ubio jednog od zarobljenika koji je poku\u0161ao da pobjegne.<\/p>\n<p>Mali\u0107 je izjavio da je bio pripadnik \u010dete \u201cMiska Glava\u201d 6. ljubijskog bataljona Vojske Republike Srpske (VRS). Naveo je da je po nalogu komandira \u010dete Milorada Tomi\u0107a oti\u0161ao u zaselak Pra\u0161talo, gdje je vidio bo\u0161nja\u010dke zarobljenike.<\/p>\n<p>Kada je no\u0107 pala, kako je dodao, do\u0161ao je kombi koji je vozio Rado Janjo\u0161 a u kojem je bio i Rade Zekanovi\u0107. On je rekao da su zarobljenici prevezeni, u pet-\u0161est a mo\u017eda i vi\u0161e tura, iz Pra\u0161tala u Dom u Miskoj Glavi. Mali\u0107 je kazao da je tu no\u0107 oti\u0161ao ku\u0107i, a sutradan do Doma, gdje je bilo vojnika, policije, kao i civila. On je, kako je napomenuo, dobio zadatak da \u010duva tri zarobljenika koji su le\u017eali potrbu\u0161ke.<\/p>\n<p>Ispri\u010dao je kako je jedan zarobljenik po\u010deo bje\u017eati, a da mu je on rekao da stane i ispalio dva hica u zrak. Zarobljenik je nastavio bje\u017eati, kako je kazao, a Slobodan Kne\u017eevi\u0107 je uzeo pu\u0161ku od njega i ispalio dva hica u bjegunca. Mali\u0107 je rekao da je zarobljenik bio mrtav i da su ga poslije zakopali.<\/p>\n<p>On je naveo da je \u010duo da je jo\u0161 jedan zarobljenik poku\u0161ao da pobjegne i da ga je ubio komandir Milorad Tomi\u0107.<\/p>\n<p>Prema njegovim rije\u010dima, predve\u010de su do\u0161la dva autobusa, kojim su zarobljenici prevezeni u Ljubiju. Napomenuo je da su u njihovoj pratnji bili pripadnici Vojne policije, a me\u0111u njima i Marinko Pra\u0161talo. Kazao je da je nakon dan ili dva \u010duo da su ljudi ubijeni na lokalitetu Kipe ljubijskog rudnika.<\/p>\n<p>Mali\u0107 je rekao da je, ne\u0161to prije dolaska autobusa, desetak ljudi iz Doma odvedeno u pravcu zaseoka Pani\u0107i i da je \u010duo da su pobijeni na lokalitetu Hozi\u0107a kamena. Prema iskazu svjedoka, tu grupu odveli su Zdravko Pani\u0107, Trivo Vuki\u0107 i \u017divko Zori\u0107.<\/p>\n<p>Optu\u017eeni Pra\u0161talo je kazao da uop\u0161te ne zna ko je odvezao ljude iz Doma i da je on bio oti\u0161ao ku\u0107i.<\/p>\n<p>Pra\u0161talu, Zekanovi\u0107u, Pani\u0107u, Vuki\u0107u i Kne\u017eevi\u0107u sudi se sa Slobodanom Taranjcem, Miodragom Glu\u0161cem, Rankom Babi\u0107em, Rankom Do\u0161enovi\u0107em, Milanom Vuki\u0107em i Miloradom Obradovi\u0107em za u\u010de\u0161\u0107e krajem jula 1992. godine u nezakonitom zarobljavanju, zatvaranju, mu\u010denju i ubistvima 120 mu\u0161karaca koji su bili zatvoreni u Domu u Miskoj Glavi, a potom i na stadionu u Ljubiji.<\/p>\n<p>Prema optu\u017enici, Taranjac je bio predsjednik Kriznog \u0161taba u Ljubiji, Glu\u0161ac zamjenik komandanta 6. ljubijskog bataljona VRS-a, Do\u0161enovi\u0107 pomo\u0107nik komandanta bataljona za bezbjednost, a ostali pripadnici \u010dete iz Miske Glave, odnosno vojne i civilne policije.<\/p>\n<p>Kao svjedok Tu\u017eila\u0161tva saslu\u0161an je i Mile Jovi\u0107, koji je bio komandir \u010dete Vojne policije u Prijedoru. On je rekao da je u Ljubiji bio bataljon na \u010dijem \u010delu je bio Rade Bilbija a u \u010dijem sastavu je bio i vod Vojne policije sa komandirom Milenkom Komesarom. Jovi\u0107 je kazao da nije izdavao naredbe ljubijskoj Vojnoj policiji, ve\u0107 da je nekada odlazio da obi\u0111e punktove. On je rekao da su vodovi Vojne policije izvje\u0161taje slali slu\u017ebi bezbjednosti.<\/p>\n<p>Su\u0111enje \u0107e se nastaviti 16. septembra.<\/p>\n<p>BIRN<\/p>\n","protected":false},"excerpt":{"rendered":"<p>Svjedok Tu\u017eila\u0161tva BiH govorio je o zarobljenim Bo\u0161njacima u Miskoj Glavi kod Prijedora, za koje je kasnije \u010duo da su odvedeni i ubijeni na podru\u010dju Rudnika \u201cLjubija\u201d i kod Hozi\u0107a [&hellip;]<\/p>\n","protected":false},"author":1,"featured_media":0,"comment_status":"closed","ping_status":"open","sticky":false,"template":"","format":"standard","meta":{"_monsterinsights_skip_tracking":false,"_monsterinsights_sitenote_active":false,"_monsterinsights_sitenote_note":"","_monsterinsights_sitenote_category":0,"footnotes":""},"categories":[5],"tags":[],"yoast_head":"<!-- This site is optimized with the Yoast SEO plugin v21.6 - https:\/\/yoast.com\/wordpress\/plugins\/seo\/ -->\n<title>Su\u0111enje Taranjac i ostali: Optu\u017eeni u pratnji zarobljenih - PrijedorDanas.com - Prijedorski gradski portal<\/title>\n<meta name=\"robots\" content=\"index, follow, max-snippet:-1, max-image-preview:large, max-video-preview:-1\" \/>\n<link rel=\"canonical\" href=\"https:\/\/www.prijedordanas.com\/?p=132873\" \/>\n<meta property=\"og:locale\" content=\"en_US\" \/>\n<meta property=\"og:type\" content=\"article\" \/>\n<meta property=\"og:title\" content=\"Su\u0111enje Taranjac i ostali: Optu\u017eeni u pratnji zarobljenih - PrijedorDanas.com - Prijedorski gradski portal\" \/>\n<meta property=\"og:description\" content=\"Svjedok Tu\u017eila\u0161tva BiH govorio je o zarobljenim Bo\u0161njacima u Miskoj Glavi kod Prijedora, za koje je kasnije \u010duo da su odvedeni i ubijeni na podru\u010dju Rudnika \u201cLjubija\u201d i kod Hozi\u0107a [&hellip;]\" \/>\n<meta property=\"og:url\" content=\"https:\/\/www.prijedordanas.com\/?p=132873\" \/>\n<meta property=\"og:site_name\" content=\"PrijedorDanas.com - Prijedorski gradski portal\" \/>\n<meta property=\"article:publisher\" content=\"https:\/\/www.facebook.com\/PrijedorDanasCom\/\" \/>\n<meta property=\"article:published_time\" content=\"2019-09-02T17:51:38+00:00\" \/>\n<meta property=\"og:image\" content=\"https:\/\/www.prijedordanas.com\/wp-content\/uploads\/2016\/11\/sud-bih-sudnica-300x236.jpg\" \/>\n<meta name=\"author\" content=\"admin\" \/>\n<meta name=\"twitter:card\" content=\"summary_large_image\" \/>\n<meta name=\"twitter:label1\" content=\"Written by\" \/>\n\t<meta name=\"twitter:data1\" content=\"admin\" \/>\n\t<meta name=\"twitter:label2\" content=\"Est. reading time\" \/>\n\t<meta name=\"twitter:data2\" content=\"3 minutes\" \/>\n<script type=\"application\/ld+json\" class=\"yoast-schema-graph\">{\"@context\":\"https:\/\/schema.org\",\"@graph\":[{\"@type\":\"Article\",\"@id\":\"https:\/\/www.prijedordanas.com\/?p=132873#article\",\"isPartOf\":{\"@id\":\"https:\/\/www.prijedordanas.com\/?p=132873\"},\"author\":{\"name\":\"admin\",\"@id\":\"https:\/\/www.prijedordanas.com\/#\/schema\/person\/4e08ccf29b506ca916ff86d46bb700e6\"},\"headline\":\"Su\u0111enje Taranjac i ostali: Optu\u017eeni u pratnji zarobljenih\",\"datePublished\":\"2019-09-02T17:51:38+00:00\",\"dateModified\":\"2019-09-02T17:51:38+00:00\",\"mainEntityOfPage\":{\"@id\":\"https:\/\/www.prijedordanas.com\/?p=132873\"},\"wordCount\":625,\"publisher\":{\"@id\":\"https:\/\/www.prijedordanas.com\/#organization\"},\"articleSection\":[\"Hronika\"],\"inLanguage\":\"en-US\"},{\"@type\":\"WebPage\",\"@id\":\"https:\/\/www.prijedordanas.com\/?p=132873\",\"url\":\"https:\/\/www.prijedordanas.com\/?p=132873\",\"name\":\"Su\u0111enje Taranjac i ostali: Optu\u017eeni u pratnji zarobljenih - PrijedorDanas.com - Prijedorski gradski portal\",\"isPartOf\":{\"@id\":\"https:\/\/www.prijedordanas.com\/#website\"},\"datePublished\":\"2019-09-02T17:51:38+00:00\",\"dateModified\":\"2019-09-02T17:51:38+00:00\",\"breadcrumb\":{\"@id\":\"https:\/\/www.prijedordanas.com\/?p=132873#breadcrumb\"},\"inLanguage\":\"en-US\",\"potentialAction\":[{\"@type\":\"ReadAction\",\"target\":[\"https:\/\/www.prijedordanas.com\/?p=132873\"]}]},{\"@type\":\"BreadcrumbList\",\"@id\":\"https:\/\/www.prijedordanas.com\/?p=132873#breadcrumb\",\"itemListElement\":[{\"@type\":\"ListItem\",\"position\":1,\"name\":\"Home\",\"item\":\"https:\/\/www.prijedordanas.com\/\"},{\"@type\":\"ListItem\",\"position\":2,\"name\":\"Su\u0111enje Taranjac i ostali: Optu\u017eeni u pratnji zarobljenih\"}]},{\"@type\":\"WebSite\",\"@id\":\"https:\/\/www.prijedordanas.com\/#website\",\"url\":\"https:\/\/www.prijedordanas.com\/\",\"name\":\"PrijedorDanas.com - Prijedorski gradski portal\",\"description\":\"Portal o doga\u0111anjima u gradu Prijedoru\",\"publisher\":{\"@id\":\"https:\/\/www.prijedordanas.com\/#organization\"},\"potentialAction\":[{\"@type\":\"SearchAction\",\"target\":{\"@type\":\"EntryPoint\",\"urlTemplate\":\"https:\/\/www.prijedordanas.com\/?s={search_term_string}\"},\"query-input\":\"required name=search_term_string\"}],\"inLanguage\":\"en-US\"},{\"@type\":\"Organization\",\"@id\":\"https:\/\/www.prijedordanas.com\/#organization\",\"name\":\"PrijedorDanas.com\",\"url\":\"https:\/\/www.prijedordanas.com\/\",\"logo\":{\"@type\":\"ImageObject\",\"inLanguage\":\"en-US\",\"@id\":\"https:\/\/www.prijedordanas.com\/#\/schema\/logo\/image\/\",\"url\":\"http:\/\/www.prijedordanas.com\/wp-content\/uploads\/2021\/12\/logopng.png\",\"contentUrl\":\"http:\/\/www.prijedordanas.com\/wp-content\/uploads\/2021\/12\/logopng.png\",\"width\":1019,\"height\":776,\"caption\":\"PrijedorDanas.com\"},\"image\":{\"@id\":\"https:\/\/www.prijedordanas.com\/#\/schema\/logo\/image\/\"},\"sameAs\":[\"https:\/\/www.facebook.com\/PrijedorDanasCom\/\"]},{\"@type\":\"Person\",\"@id\":\"https:\/\/www.prijedordanas.com\/#\/schema\/person\/4e08ccf29b506ca916ff86d46bb700e6\",\"name\":\"admin\",\"image\":{\"@type\":\"ImageObject\",\"inLanguage\":\"en-US\",\"@id\":\"https:\/\/www.prijedordanas.com\/#\/schema\/person\/image\/\",\"url\":\"https:\/\/secure.gravatar.com\/avatar\/1d3fc949d550f0b53a5f0d51e06dfd79?s=96&d=mm&r=g\",\"contentUrl\":\"https:\/\/secure.gravatar.com\/avatar\/1d3fc949d550f0b53a5f0d51e06dfd79?s=96&d=mm&r=g\",\"caption\":\"admin\"},\"url\":\"https:\/\/www.prijedordanas.com\/?author=1\"}]}<\/script>\n<!-- \/ Yoast SEO plugin. -->","yoast_head_json":{"title":"Su\u0111enje Taranjac i ostali: Optu\u017eeni u pratnji zarobljenih - PrijedorDanas.com - Prijedorski gradski portal","robots":{"index":"index","follow":"follow","max-snippet":"max-snippet:-1","max-image-preview":"max-image-preview:large","max-video-preview":"max-video-preview:-1"},"canonical":"https:\/\/www.prijedordanas.com\/?p=132873","og_locale":"en_US","og_type":"article","og_title":"Su\u0111enje Taranjac i ostali: Optu\u017eeni u pratnji zarobljenih - PrijedorDanas.com - Prijedorski gradski portal","og_description":"Svjedok Tu\u017eila\u0161tva BiH govorio je o zarobljenim Bo\u0161njacima u Miskoj Glavi kod Prijedora, za koje je kasnije \u010duo da su odvedeni i ubijeni na podru\u010dju Rudnika \u201cLjubija\u201d i kod Hozi\u0107a [&hellip;]","og_url":"https:\/\/www.prijedordanas.com\/?p=132873","og_site_name":"PrijedorDanas.com - Prijedorski gradski portal","article_publisher":"https:\/\/www.facebook.com\/PrijedorDanasCom\/","article_published_time":"2019-09-02T17:51:38+00:00","og_image":[{"url":"https:\/\/www.prijedordanas.com\/wp-content\/uploads\/2016\/11\/sud-bih-sudnica-300x236.jpg"}],"author":"admin","twitter_card":"summary_large_image","twitter_misc":{"Written by":"admin","Est. reading time":"3 minutes"},"schema":{"@context":"https:\/\/schema.org","@graph":[{"@type":"Article","@id":"https:\/\/www.prijedordanas.com\/?p=132873#article","isPartOf":{"@id":"https:\/\/www.prijedordanas.com\/?p=132873"},"author":{"name":"admin","@id":"https:\/\/www.prijedordanas.com\/#\/schema\/person\/4e08ccf29b506ca916ff86d46bb700e6"},"headline":"Su\u0111enje Taranjac i ostali: Optu\u017eeni u pratnji zarobljenih","datePublished":"2019-09-02T17:51:38+00:00","dateModified":"2019-09-02T17:51:38+00:00","mainEntityOfPage":{"@id":"https:\/\/www.prijedordanas.com\/?p=132873"},"wordCount":625,"publisher":{"@id":"https:\/\/www.prijedordanas.com\/#organization"},"articleSection":["Hronika"],"inLanguage":"en-US"},{"@type":"WebPage","@id":"https:\/\/www.prijedordanas.com\/?p=132873","url":"https:\/\/www.prijedordanas.com\/?p=132873","name":"Su\u0111enje Taranjac i ostali: Optu\u017eeni u pratnji zarobljenih - PrijedorDanas.com - Prijedorski gradski portal","isPartOf":{"@id":"https:\/\/www.prijedordanas.com\/#website"},"datePublished":"2019-09-02T17:51:38+00:00","dateModified":"2019-09-02T17:51:38+00:00","breadcrumb":{"@id":"https:\/\/www.prijedordanas.com\/?p=132873#breadcrumb"},"inLanguage":"en-US","potentialAction":[{"@type":"ReadAction","target":["https:\/\/www.prijedordanas.com\/?p=132873"]}]},{"@type":"BreadcrumbList","@id":"https:\/\/www.prijedordanas.com\/?p=132873#breadcrumb","itemListElement":[{"@type":"ListItem","position":1,"name":"Home","item":"https:\/\/www.prijedordanas.com\/"},{"@type":"ListItem","position":2,"name":"Su\u0111enje Taranjac i ostali: Optu\u017eeni u pratnji zarobljenih"}]},{"@type":"WebSite","@id":"https:\/\/www.prijedordanas.com\/#website","url":"https:\/\/www.prijedordanas.com\/","name":"PrijedorDanas.com - Prijedorski gradski portal","description":"Portal o doga\u0111anjima u gradu Prijedoru","publisher":{"@id":"https:\/\/www.prijedordanas.com\/#organization"},"potentialAction":[{"@type":"SearchAction","target":{"@type":"EntryPoint","urlTemplate":"https:\/\/www.prijedordanas.com\/?s={search_term_string}"},"query-input":"required name=search_term_string"}],"inLanguage":"en-US"},{"@type":"Organization","@id":"https:\/\/www.prijedordanas.com\/#organization","name":"PrijedorDanas.com","url":"https:\/\/www.prijedordanas.com\/","logo":{"@type":"ImageObject","inLanguage":"en-US","@id":"https:\/\/www.prijedordanas.com\/#\/schema\/logo\/image\/","url":"http:\/\/www.prijedordanas.com\/wp-content\/uploads\/2021\/12\/logopng.png","contentUrl":"http:\/\/www.prijedordanas.com\/wp-content\/uploads\/2021\/12\/logopng.png","width":1019,"height":776,"caption":"PrijedorDanas.com"},"image":{"@id":"https:\/\/www.prijedordanas.com\/#\/schema\/logo\/image\/"},"sameAs":["https:\/\/www.facebook.com\/PrijedorDanasCom\/"]},{"@type":"Person","@id":"https:\/\/www.prijedordanas.com\/#\/schema\/person\/4e08ccf29b506ca916ff86d46bb700e6","name":"admin","image":{"@type":"ImageObject","inLanguage":"en-US","@id":"https:\/\/www.prijedordanas.com\/#\/schema\/person\/image\/","url":"https:\/\/secure.gravatar.com\/avatar\/1d3fc949d550f0b53a5f0d51e06dfd79?s=96&d=mm&r=g","contentUrl":"https:\/\/secure.gravatar.com\/avatar\/1d3fc949d550f0b53a5f0d51e06dfd79?s=96&d=mm&r=g","caption":"admin"},"url":"https:\/\/www.prijedordanas.com\/?author=1"}]}},"_links":{"self":[{"href":"https:\/\/www.prijedordanas.com\/index.php?rest_route=\/wp\/v2\/posts\/132873"}],"collection":[{"href":"https:\/\/www.prijedordanas.com\/index.php?rest_route=\/wp\/v2\/posts"}],"about":[{"href":"https:\/\/www.prijedordanas.com\/index.php?rest_route=\/wp\/v2\/types\/post"}],"author":[{"embeddable":true,"href":"https:\/\/www.prijedordanas.com\/index.php?rest_route=\/wp\/v2\/users\/1"}],"replies":[{"embeddable":true,"href":"https:\/\/www.prijedordanas.com\/index.php?rest_route=%2Fwp%2Fv2%2Fcomments&post=132873"}],"version-history":[{"count":1,"href":"https:\/\/www.prijedordanas.com\/index.php?rest_route=\/wp\/v2\/posts\/132873\/revisions"}],"predecessor-version":[{"id":132874,"href":"https:\/\/www.prijedordanas.com\/index.php?rest_route=\/wp\/v2\/posts\/132873\/revisions\/132874"}],"wp:attachment":[{"href":"https:\/\/www.prijedordanas.com\/index.php?rest_route=%2Fwp%2Fv2%2Fmedia&parent=132873"}],"wp:term":[{"taxonomy":"category","embeddable":true,"href":"https:\/\/www.prijedordanas.com\/index.php?rest_route=%2Fwp%2Fv2%2Fcategories&post=132873"},{"taxonomy":"post_tag","embeddable":true,"href":"https:\/\/www.prijedordanas.com\/index.php?rest_route=%2Fwp%2Fv2%2Ftags&post=132873"}],"curies":[{"name":"wp","href":"https:\/\/api.w.org\/{rel}","templated":true}]}}