{"id":132778,"date":"2019-08-31T02:29:21","date_gmt":"2019-08-31T00:29:21","guid":{"rendered":"https:\/\/www.prijedordanas.com\/?p=132778"},"modified":"2019-08-31T02:29:21","modified_gmt":"2019-08-31T00:29:21","slug":"zakupljena-petina-tezgi-na-pijaci-pecani-sve-manje-i-prodavaca-i-kupaca","status":"publish","type":"post","link":"https:\/\/www.prijedordanas.com\/?p=132778","title":{"rendered":"Zakupljena petina tezgi: Na pijaci \u201cPe\u0107ani\u201d sve manje i prodavaca i kupaca"},"content":{"rendered":"<p><a href=\"https:\/\/www.prijedordanas.com\/wp-content\/uploads\/2019\/08\/blic-mjesovita-pijaca-pecani-1.jpg\"><img loading=\"lazy\" decoding=\"async\" class=\"alignleft size-medium wp-image-132780\" src=\"https:\/\/www.prijedordanas.com\/wp-content\/uploads\/2019\/08\/blic-mjesovita-pijaca-pecani-1-300x225.jpg\" alt=\"\" width=\"300\" height=\"225\" srcset=\"https:\/\/www.prijedordanas.com\/wp-content\/uploads\/2019\/08\/blic-mjesovita-pijaca-pecani-1-300x225.jpg 300w, https:\/\/www.prijedordanas.com\/wp-content\/uploads\/2019\/08\/blic-mjesovita-pijaca-pecani-1-100x75.jpg 100w, https:\/\/www.prijedordanas.com\/wp-content\/uploads\/2019\/08\/blic-mjesovita-pijaca-pecani-1-640x480.jpg 640w, https:\/\/www.prijedordanas.com\/wp-content\/uploads\/2019\/08\/blic-mjesovita-pijaca-pecani-1.jpg 667w\" sizes=\"(max-width: 300px) 100vw, 300px\" \/><\/a>Premje\u0161tanje mje\u0161ovite pijace u Prijedoru, odlazak stanovni\u0161tva u inostranstvo i konkurencija brojnih tr\u017enih centara neki su od razloga \u0161to je na Pe\u0107anima ove godine zakupljeno oko 20 odsto tezgi.<\/p>\n<p>\u2013 Zadr\u017eali smo samo dio starih mu\u0161terija nakon \u0161to smo promijenili lokaciju. Procjenjujemo da je sada oko 70 odsto manja prodaja. Bilo nam je jo\u0161 te\u017ee na po\u010detku kada nije bila zavr\u0161ena nadstre\u0161nica \u2013 ka\u017eu zakupci tezgi, koji nagla\u0161avaju da je posla svaki dan sve manje.<\/p>\n<p>Mje\u0161ovita pijaca na Pe\u0107anima bila je na zemlji\u0161tu Rudnika \u017eeljezne rude \u201cLjubija\u201d. Prije nekoliko godina rudnik \u201cLjubija\u201d je tra\u017eio zemlju nazad i na njoj sada pravi zgradu, dok je pijaca premje\u0161tena na susjednu ni\u017eu parcelu te je za nju izgra\u0111en novi objekat.<\/p>\n<p>Direktor prijedorske \u201cGradske tr\u017enice\u201d Darko Zgonjanin ka\u017ee da je mje\u0161ovita pijaca na Pe\u0107anima prije \u010detiri godine ostvarivala ve\u0107inu prihoda.<\/p>\n<p>\u2013 Dok nije premje\u0161tena, pijaca na Pe\u0107anima nam je donosila oko 60 odsto prihoda, jer je bila odmah uz cestu. Kupcima je bilo prakti\u010dno da zaustave vozilo i na brzinu kupe \u0161ta ima treba. Sada se to promijenilo i ve\u0107e prihode imamo od stare \u201cZelene pijace\u201d, koja je u centru grada \u2013 ka\u017ee Zgonjanin.<\/p>\n<p><a href=\"https:\/\/www.prijedordanas.com\/wp-content\/uploads\/2019\/08\/blic-mjesovita-pijaca-pecani-2.jpg\"><img loading=\"lazy\" decoding=\"async\" class=\"alignleft size-medium wp-image-132781\" src=\"https:\/\/www.prijedordanas.com\/wp-content\/uploads\/2019\/08\/blic-mjesovita-pijaca-pecani-2-300x225.jpg\" alt=\"\" width=\"300\" height=\"225\" srcset=\"https:\/\/www.prijedordanas.com\/wp-content\/uploads\/2019\/08\/blic-mjesovita-pijaca-pecani-2-300x225.jpg 300w, https:\/\/www.prijedordanas.com\/wp-content\/uploads\/2019\/08\/blic-mjesovita-pijaca-pecani-2-100x75.jpg 100w, https:\/\/www.prijedordanas.com\/wp-content\/uploads\/2019\/08\/blic-mjesovita-pijaca-pecani-2.jpg 600w\" sizes=\"(max-width: 300px) 100vw, 300px\" \/><\/a>Dodaje da je u novi objekat na Pe\u0107aniam ulo\u017eeno oko tri i po milona maraka, ali da je potrebno jo\u0161 novca kako bi bilo ostvareno ono \u0161to je planirano.<\/p>\n<p>\u2013 To je impozantan objekat, ali on jo\u0161 nije zavr\u0161en. Prve godine kada je otvoren nije bila zatvorena nadstre\u0161nica pa nas je odmah napustilo oko 40 odsto zakupaca, koji su propali i nikada se nisu vratili. Predvi\u0111eno je da u jednom dijelu budu prodajni objekti za mesnicu, ribarnicu i pekaru, ali ni to nije ura\u0111eno \u2013 ka\u017ee Zgonjanin.<\/p>\n<p>Navodi da je za potrebe kvanta\u0161ke pijace neophodno izgraditi i skladi\u0161ta, te da o\u010dekuju i pomo\u0107 Grada budu\u0107i da je 74 odsto \u201cGradske tr\u017enice\u201d u njegovom vlasni\u0161tvu.<br \/>\nDodaje da po\u010dinje sezona prodaje povr\u0107a za zimnicu, ali da ove godine prodavci nisu unaprijed rezervisali \u0161tandove kao \u0161to je bila praksa ranije.<\/p>\n<p>\u2013 Ne dolaze veliki proizvo\u0111a\u010di iz Lijev\u010de polja, koji su bili redovni s kamionima. Tvrde da sve svoje vo\u0107e i povr\u0107e koje proizvedu prodaju velikim tr\u017enim lancima na licu mjesta \u2013 ka\u017ee on.<\/p>\n<p>Dodaje da ovo preduze\u0107e osje\u0107a posljedice migracije \u010ditavih porodica.<\/p>\n<p>\u2013 Prijedor je napustio enorman broj ljudi, koji su trebali da rade i snabdijevaju se na na\u0161im pijacama. Znam oko pet, \u0161est porodica koje su proizvodile i prodavale na pijaci, ali sve su zatvorile i oti\u0161le u inostranstvu, a od njih smo imali plate za dva radnika \u2013 tvrdi Zgonjanin.<\/p>\n<p>Dotrajao objekat u gradu<br \/>\nObjekat \u201eZelene pijace\u201c u centru grada je star 40 godina i potrebno ga je renovirati.<\/p>\n<p>\u2013 Dotrajali su krov i fasada, ali poslovni objekti na \u201eTr\u017enici\u201c su u privatnom vlasni\u0161tvu, dok je veliki broj vlasnika u inostranstvu. Nemamo formiranu zajednicu eta\u017enih vlasnika kako bismo imali neki fond za re\u0161avanje tih problema \u2013 ka\u017ee direktor ovog preduze\u0107a, Darko Zgonjanin.<\/p>\n<p>Navodi da je goru\u0107i problem i saobra\u0107ajna gu\u017eva oko objekta u centru grada.<\/p>\n<p>EuroBlic-srpskainfo.com<\/p>\n","protected":false},"excerpt":{"rendered":"<p>Premje\u0161tanje mje\u0161ovite pijace u Prijedoru, odlazak stanovni\u0161tva u inostranstvo i konkurencija brojnih tr\u017enih centara neki su od razloga \u0161to je na Pe\u0107anima ove godine zakupljeno oko 20 odsto tezgi. \u2013 [&hellip;]<\/p>\n","protected":false},"author":1,"featured_media":0,"comment_status":"closed","ping_status":"open","sticky":false,"template":"","format":"standard","meta":{"_monsterinsights_skip_tracking":false,"_monsterinsights_sitenote_active":false,"_monsterinsights_sitenote_note":"","_monsterinsights_sitenote_category":0,"footnotes":""},"categories":[8],"tags":[],"yoast_head":"<!-- This site is optimized with the Yoast SEO plugin v21.6 - https:\/\/yoast.com\/wordpress\/plugins\/seo\/ -->\n<title>Zakupljena petina tezgi: Na pijaci \u201cPe\u0107ani\u201d sve manje i prodavaca i kupaca - PrijedorDanas.com - Prijedorski gradski portal<\/title>\n<meta name=\"robots\" content=\"index, follow, max-snippet:-1, max-image-preview:large, max-video-preview:-1\" \/>\n<link rel=\"canonical\" href=\"https:\/\/www.prijedordanas.com\/?p=132778\" \/>\n<meta property=\"og:locale\" content=\"en_US\" \/>\n<meta property=\"og:type\" content=\"article\" \/>\n<meta property=\"og:title\" content=\"Zakupljena petina tezgi: Na pijaci \u201cPe\u0107ani\u201d sve manje i prodavaca i kupaca - PrijedorDanas.com - Prijedorski gradski portal\" \/>\n<meta property=\"og:description\" content=\"Premje\u0161tanje mje\u0161ovite pijace u Prijedoru, odlazak stanovni\u0161tva u inostranstvo i konkurencija brojnih tr\u017enih centara neki su od razloga \u0161to je na Pe\u0107anima ove godine zakupljeno oko 20 odsto tezgi. \u2013 [&hellip;]\" \/>\n<meta property=\"og:url\" content=\"https:\/\/www.prijedordanas.com\/?p=132778\" \/>\n<meta property=\"og:site_name\" content=\"PrijedorDanas.com - Prijedorski gradski portal\" \/>\n<meta property=\"article:publisher\" content=\"https:\/\/www.facebook.com\/PrijedorDanasCom\/\" \/>\n<meta property=\"article:published_time\" content=\"2019-08-31T00:29:21+00:00\" \/>\n<meta property=\"og:image\" content=\"https:\/\/www.prijedordanas.com\/wp-content\/uploads\/2019\/08\/blic-mjesovita-pijaca-pecani-1-300x225.jpg\" \/>\n<meta name=\"author\" content=\"admin\" \/>\n<meta name=\"twitter:card\" content=\"summary_large_image\" \/>\n<meta name=\"twitter:label1\" content=\"Written by\" \/>\n\t<meta name=\"twitter:data1\" content=\"admin\" \/>\n\t<meta name=\"twitter:label2\" content=\"Est. reading time\" \/>\n\t<meta name=\"twitter:data2\" content=\"3 minutes\" \/>\n<script type=\"application\/ld+json\" class=\"yoast-schema-graph\">{\"@context\":\"https:\/\/schema.org\",\"@graph\":[{\"@type\":\"Article\",\"@id\":\"https:\/\/www.prijedordanas.com\/?p=132778#article\",\"isPartOf\":{\"@id\":\"https:\/\/www.prijedordanas.com\/?p=132778\"},\"author\":{\"name\":\"admin\",\"@id\":\"https:\/\/www.prijedordanas.com\/#\/schema\/person\/4e08ccf29b506ca916ff86d46bb700e6\"},\"headline\":\"Zakupljena petina tezgi: Na pijaci \u201cPe\u0107ani\u201d sve manje i prodavaca i kupaca\",\"datePublished\":\"2019-08-31T00:29:21+00:00\",\"dateModified\":\"2019-08-31T00:29:21+00:00\",\"mainEntityOfPage\":{\"@id\":\"https:\/\/www.prijedordanas.com\/?p=132778\"},\"wordCount\":556,\"publisher\":{\"@id\":\"https:\/\/www.prijedordanas.com\/#organization\"},\"articleSection\":[\"Svakodnevno\"],\"inLanguage\":\"en-US\"},{\"@type\":\"WebPage\",\"@id\":\"https:\/\/www.prijedordanas.com\/?p=132778\",\"url\":\"https:\/\/www.prijedordanas.com\/?p=132778\",\"name\":\"Zakupljena petina tezgi: Na pijaci \u201cPe\u0107ani\u201d sve manje i prodavaca i kupaca - PrijedorDanas.com - Prijedorski gradski portal\",\"isPartOf\":{\"@id\":\"https:\/\/www.prijedordanas.com\/#website\"},\"datePublished\":\"2019-08-31T00:29:21+00:00\",\"dateModified\":\"2019-08-31T00:29:21+00:00\",\"breadcrumb\":{\"@id\":\"https:\/\/www.prijedordanas.com\/?p=132778#breadcrumb\"},\"inLanguage\":\"en-US\",\"potentialAction\":[{\"@type\":\"ReadAction\",\"target\":[\"https:\/\/www.prijedordanas.com\/?p=132778\"]}]},{\"@type\":\"BreadcrumbList\",\"@id\":\"https:\/\/www.prijedordanas.com\/?p=132778#breadcrumb\",\"itemListElement\":[{\"@type\":\"ListItem\",\"position\":1,\"name\":\"Home\",\"item\":\"https:\/\/www.prijedordanas.com\/\"},{\"@type\":\"ListItem\",\"position\":2,\"name\":\"Zakupljena petina tezgi: Na pijaci \u201cPe\u0107ani\u201d sve manje i prodavaca i kupaca\"}]},{\"@type\":\"WebSite\",\"@id\":\"https:\/\/www.prijedordanas.com\/#website\",\"url\":\"https:\/\/www.prijedordanas.com\/\",\"name\":\"PrijedorDanas.com - Prijedorski gradski portal\",\"description\":\"Portal o doga\u0111anjima u gradu Prijedoru\",\"publisher\":{\"@id\":\"https:\/\/www.prijedordanas.com\/#organization\"},\"potentialAction\":[{\"@type\":\"SearchAction\",\"target\":{\"@type\":\"EntryPoint\",\"urlTemplate\":\"https:\/\/www.prijedordanas.com\/?s={search_term_string}\"},\"query-input\":\"required name=search_term_string\"}],\"inLanguage\":\"en-US\"},{\"@type\":\"Organization\",\"@id\":\"https:\/\/www.prijedordanas.com\/#organization\",\"name\":\"PrijedorDanas.com\",\"url\":\"https:\/\/www.prijedordanas.com\/\",\"logo\":{\"@type\":\"ImageObject\",\"inLanguage\":\"en-US\",\"@id\":\"https:\/\/www.prijedordanas.com\/#\/schema\/logo\/image\/\",\"url\":\"http:\/\/www.prijedordanas.com\/wp-content\/uploads\/2021\/12\/logopng.png\",\"contentUrl\":\"http:\/\/www.prijedordanas.com\/wp-content\/uploads\/2021\/12\/logopng.png\",\"width\":1019,\"height\":776,\"caption\":\"PrijedorDanas.com\"},\"image\":{\"@id\":\"https:\/\/www.prijedordanas.com\/#\/schema\/logo\/image\/\"},\"sameAs\":[\"https:\/\/www.facebook.com\/PrijedorDanasCom\/\"]},{\"@type\":\"Person\",\"@id\":\"https:\/\/www.prijedordanas.com\/#\/schema\/person\/4e08ccf29b506ca916ff86d46bb700e6\",\"name\":\"admin\",\"image\":{\"@type\":\"ImageObject\",\"inLanguage\":\"en-US\",\"@id\":\"https:\/\/www.prijedordanas.com\/#\/schema\/person\/image\/\",\"url\":\"https:\/\/secure.gravatar.com\/avatar\/1d3fc949d550f0b53a5f0d51e06dfd79?s=96&d=mm&r=g\",\"contentUrl\":\"https:\/\/secure.gravatar.com\/avatar\/1d3fc949d550f0b53a5f0d51e06dfd79?s=96&d=mm&r=g\",\"caption\":\"admin\"},\"url\":\"https:\/\/www.prijedordanas.com\/?author=1\"}]}<\/script>\n<!-- \/ Yoast SEO plugin. -->","yoast_head_json":{"title":"Zakupljena petina tezgi: Na pijaci \u201cPe\u0107ani\u201d sve manje i prodavaca i kupaca - PrijedorDanas.com - Prijedorski gradski portal","robots":{"index":"index","follow":"follow","max-snippet":"max-snippet:-1","max-image-preview":"max-image-preview:large","max-video-preview":"max-video-preview:-1"},"canonical":"https:\/\/www.prijedordanas.com\/?p=132778","og_locale":"en_US","og_type":"article","og_title":"Zakupljena petina tezgi: Na pijaci \u201cPe\u0107ani\u201d sve manje i prodavaca i kupaca - PrijedorDanas.com - Prijedorski gradski portal","og_description":"Premje\u0161tanje mje\u0161ovite pijace u Prijedoru, odlazak stanovni\u0161tva u inostranstvo i konkurencija brojnih tr\u017enih centara neki su od razloga \u0161to je na Pe\u0107anima ove godine zakupljeno oko 20 odsto tezgi. \u2013 [&hellip;]","og_url":"https:\/\/www.prijedordanas.com\/?p=132778","og_site_name":"PrijedorDanas.com - Prijedorski gradski portal","article_publisher":"https:\/\/www.facebook.com\/PrijedorDanasCom\/","article_published_time":"2019-08-31T00:29:21+00:00","og_image":[{"url":"https:\/\/www.prijedordanas.com\/wp-content\/uploads\/2019\/08\/blic-mjesovita-pijaca-pecani-1-300x225.jpg"}],"author":"admin","twitter_card":"summary_large_image","twitter_misc":{"Written by":"admin","Est. reading time":"3 minutes"},"schema":{"@context":"https:\/\/schema.org","@graph":[{"@type":"Article","@id":"https:\/\/www.prijedordanas.com\/?p=132778#article","isPartOf":{"@id":"https:\/\/www.prijedordanas.com\/?p=132778"},"author":{"name":"admin","@id":"https:\/\/www.prijedordanas.com\/#\/schema\/person\/4e08ccf29b506ca916ff86d46bb700e6"},"headline":"Zakupljena petina tezgi: Na pijaci \u201cPe\u0107ani\u201d sve manje i prodavaca i kupaca","datePublished":"2019-08-31T00:29:21+00:00","dateModified":"2019-08-31T00:29:21+00:00","mainEntityOfPage":{"@id":"https:\/\/www.prijedordanas.com\/?p=132778"},"wordCount":556,"publisher":{"@id":"https:\/\/www.prijedordanas.com\/#organization"},"articleSection":["Svakodnevno"],"inLanguage":"en-US"},{"@type":"WebPage","@id":"https:\/\/www.prijedordanas.com\/?p=132778","url":"https:\/\/www.prijedordanas.com\/?p=132778","name":"Zakupljena petina tezgi: Na pijaci \u201cPe\u0107ani\u201d sve manje i prodavaca i kupaca - PrijedorDanas.com - Prijedorski gradski portal","isPartOf":{"@id":"https:\/\/www.prijedordanas.com\/#website"},"datePublished":"2019-08-31T00:29:21+00:00","dateModified":"2019-08-31T00:29:21+00:00","breadcrumb":{"@id":"https:\/\/www.prijedordanas.com\/?p=132778#breadcrumb"},"inLanguage":"en-US","potentialAction":[{"@type":"ReadAction","target":["https:\/\/www.prijedordanas.com\/?p=132778"]}]},{"@type":"BreadcrumbList","@id":"https:\/\/www.prijedordanas.com\/?p=132778#breadcrumb","itemListElement":[{"@type":"ListItem","position":1,"name":"Home","item":"https:\/\/www.prijedordanas.com\/"},{"@type":"ListItem","position":2,"name":"Zakupljena petina tezgi: Na pijaci \u201cPe\u0107ani\u201d sve manje i prodavaca i kupaca"}]},{"@type":"WebSite","@id":"https:\/\/www.prijedordanas.com\/#website","url":"https:\/\/www.prijedordanas.com\/","name":"PrijedorDanas.com - Prijedorski gradski portal","description":"Portal o doga\u0111anjima u gradu Prijedoru","publisher":{"@id":"https:\/\/www.prijedordanas.com\/#organization"},"potentialAction":[{"@type":"SearchAction","target":{"@type":"EntryPoint","urlTemplate":"https:\/\/www.prijedordanas.com\/?s={search_term_string}"},"query-input":"required name=search_term_string"}],"inLanguage":"en-US"},{"@type":"Organization","@id":"https:\/\/www.prijedordanas.com\/#organization","name":"PrijedorDanas.com","url":"https:\/\/www.prijedordanas.com\/","logo":{"@type":"ImageObject","inLanguage":"en-US","@id":"https:\/\/www.prijedordanas.com\/#\/schema\/logo\/image\/","url":"http:\/\/www.prijedordanas.com\/wp-content\/uploads\/2021\/12\/logopng.png","contentUrl":"http:\/\/www.prijedordanas.com\/wp-content\/uploads\/2021\/12\/logopng.png","width":1019,"height":776,"caption":"PrijedorDanas.com"},"image":{"@id":"https:\/\/www.prijedordanas.com\/#\/schema\/logo\/image\/"},"sameAs":["https:\/\/www.facebook.com\/PrijedorDanasCom\/"]},{"@type":"Person","@id":"https:\/\/www.prijedordanas.com\/#\/schema\/person\/4e08ccf29b506ca916ff86d46bb700e6","name":"admin","image":{"@type":"ImageObject","inLanguage":"en-US","@id":"https:\/\/www.prijedordanas.com\/#\/schema\/person\/image\/","url":"https:\/\/secure.gravatar.com\/avatar\/1d3fc949d550f0b53a5f0d51e06dfd79?s=96&d=mm&r=g","contentUrl":"https:\/\/secure.gravatar.com\/avatar\/1d3fc949d550f0b53a5f0d51e06dfd79?s=96&d=mm&r=g","caption":"admin"},"url":"https:\/\/www.prijedordanas.com\/?author=1"}]}},"_links":{"self":[{"href":"https:\/\/www.prijedordanas.com\/index.php?rest_route=\/wp\/v2\/posts\/132778"}],"collection":[{"href":"https:\/\/www.prijedordanas.com\/index.php?rest_route=\/wp\/v2\/posts"}],"about":[{"href":"https:\/\/www.prijedordanas.com\/index.php?rest_route=\/wp\/v2\/types\/post"}],"author":[{"embeddable":true,"href":"https:\/\/www.prijedordanas.com\/index.php?rest_route=\/wp\/v2\/users\/1"}],"replies":[{"embeddable":true,"href":"https:\/\/www.prijedordanas.com\/index.php?rest_route=%2Fwp%2Fv2%2Fcomments&post=132778"}],"version-history":[{"count":2,"href":"https:\/\/www.prijedordanas.com\/index.php?rest_route=\/wp\/v2\/posts\/132778\/revisions"}],"predecessor-version":[{"id":132784,"href":"https:\/\/www.prijedordanas.com\/index.php?rest_route=\/wp\/v2\/posts\/132778\/revisions\/132784"}],"wp:attachment":[{"href":"https:\/\/www.prijedordanas.com\/index.php?rest_route=%2Fwp%2Fv2%2Fmedia&parent=132778"}],"wp:term":[{"taxonomy":"category","embeddable":true,"href":"https:\/\/www.prijedordanas.com\/index.php?rest_route=%2Fwp%2Fv2%2Fcategories&post=132778"},{"taxonomy":"post_tag","embeddable":true,"href":"https:\/\/www.prijedordanas.com\/index.php?rest_route=%2Fwp%2Fv2%2Ftags&post=132778"}],"curies":[{"name":"wp","href":"https:\/\/api.w.org\/{rel}","templated":true}]}}