{"id":132726,"date":"2019-08-30T14:02:01","date_gmt":"2019-08-30T12:02:01","guid":{"rendered":"https:\/\/www.prijedordanas.com\/?p=132726"},"modified":"2019-08-30T14:02:01","modified_gmt":"2019-08-30T12:02:01","slug":"u-osnovnoj-skoli-petar-kocic-iz-prijedora-vise-prvacica-tradicionalnim-prijemima-pozdravili-prvake-foto","status":"publish","type":"post","link":"https:\/\/www.prijedordanas.com\/?p=132726","title":{"rendered":"U Osnovnoj \u0161koli \u201cPetar Ko\u010di\u0107\u201d iz Prijedora vi\u0161e prva\u010di\u0107a: Tradicionalnim prijemima pozdravili prvake &#8211; FOTO"},"content":{"rendered":"<p><a href=\"https:\/\/www.prijedordanas.com\/wp-content\/uploads\/2019\/08\/blic-os-petar-kocic-prijedor-priredba-za-prvacice-1.jpg\"><img loading=\"lazy\" decoding=\"async\" class=\"alignleft size-medium wp-image-132727\" src=\"https:\/\/www.prijedordanas.com\/wp-content\/uploads\/2019\/08\/blic-os-petar-kocic-prijedor-priredba-za-prvacice-1-300x225.jpg\" alt=\"\" width=\"300\" height=\"225\" srcset=\"https:\/\/www.prijedordanas.com\/wp-content\/uploads\/2019\/08\/blic-os-petar-kocic-prijedor-priredba-za-prvacice-1-300x225.jpg 300w, https:\/\/www.prijedordanas.com\/wp-content\/uploads\/2019\/08\/blic-os-petar-kocic-prijedor-priredba-za-prvacice-1-100x75.jpg 100w, https:\/\/www.prijedordanas.com\/wp-content\/uploads\/2019\/08\/blic-os-petar-kocic-prijedor-priredba-za-prvacice-1-640x480.jpg 640w, https:\/\/www.prijedordanas.com\/wp-content\/uploads\/2019\/08\/blic-os-petar-kocic-prijedor-priredba-za-prvacice-1.jpg 667w\" sizes=\"(max-width: 300px) 100vw, 300px\" \/><\/a>Iako je u Prijedoru ove godine 22 prva\u010di\u0107a manje nego lani, pozitivan primjer je Osnovna \u0161kola \u201cPetar Ko\u010di\u0107\u201d na Urijama koja ima 11 prvaka vi\u0161e nego pro\u0161le \u0161kolske godine.<\/p>\n<p>U ovu \u0161kolu je ukupno upisano 137 prva\u010di\u0107a za koje je danas prire\u0111en tradicionalni prijem.<\/p>\n<p>U\u010denici starijih razreda za svoje nove drugare pjevali su, plesali i glumili kako bi ih na zanimljiv i radostan na\u010din uveli u \u0161kolske dane.<\/p>\n<p>Direktorica Osnovne \u0161kole \u201cPetar Ko\u010di\u0107\u201d Gorana Bosan\u010di\u0107 isti\u010de da je ve\u0107i broj prva\u010di\u0107a najljep\u0161a vijest u vrijeme kada svi pri\u010daju o malom broju ro\u0111enih beba i umanjenju broja \u0161kolkih odjeljenja.<\/p>\n<p><a href=\"https:\/\/www.prijedordanas.com\/wp-content\/uploads\/2019\/08\/blic-os-petar-kocic-prijedor-priredba-za-prvacice-2.jpg\"><img loading=\"lazy\" decoding=\"async\" class=\"alignleft size-medium wp-image-132728\" src=\"https:\/\/www.prijedordanas.com\/wp-content\/uploads\/2019\/08\/blic-os-petar-kocic-prijedor-priredba-za-prvacice-2-300x225.jpg\" alt=\"\" width=\"300\" height=\"225\" srcset=\"https:\/\/www.prijedordanas.com\/wp-content\/uploads\/2019\/08\/blic-os-petar-kocic-prijedor-priredba-za-prvacice-2-300x225.jpg 300w, https:\/\/www.prijedordanas.com\/wp-content\/uploads\/2019\/08\/blic-os-petar-kocic-prijedor-priredba-za-prvacice-2-100x75.jpg 100w, https:\/\/www.prijedordanas.com\/wp-content\/uploads\/2019\/08\/blic-os-petar-kocic-prijedor-priredba-za-prvacice-2.jpg 600w\" sizes=\"(max-width: 300px) 100vw, 300px\" \/><\/a>\u2013 U centralnoj \u0161koli smo pro\u0161le godine imali 111 prva\u010di\u0107a, a sada ih je 126. Imamo najavu da \u0107e nam do\u0111i jo\u0161 jedan u\u010denik, ali nadamo se da \u0107e ih biti jo\u0161 jer stalno nam dolaze novi \u0111aci \u010diji roditelji preseljavaju na na\u0161e upisno podru\u010dje. Imamo u\u010denika koji su doselili iz okolnih mjesta, ali i op\u0161tina, kao \u0161to je Krupa na Uni \u2013 istakla je Bosan\u010di\u0107eva.<\/p>\n<p>Navodi da u naseljima koja pripadaju upisnom podru\u010dju ove \u0161koli, kao \u0161to su Urije i \u010cirkin Polje \u017eivi veliki broj mladih bra\u010dnih parova koji \u0161ire potomstvo.<\/p>\n<p>Dodaje da je u podru\u010dnoj \u0161koli u Gornjim Orlovcima upisano 17 prva\u010di\u0107a, a u Puharskoj devet.<\/p>\n<p><a href=\"https:\/\/www.prijedordanas.com\/wp-content\/uploads\/2019\/08\/blic-os-petar-kocic-prijedor-priredba-za-prvacice-3.jpg\"><img loading=\"lazy\" decoding=\"async\" class=\"alignleft size-medium wp-image-132729\" src=\"https:\/\/www.prijedordanas.com\/wp-content\/uploads\/2019\/08\/blic-os-petar-kocic-prijedor-priredba-za-prvacice-3-300x225.jpg\" alt=\"\" width=\"300\" height=\"225\" srcset=\"https:\/\/www.prijedordanas.com\/wp-content\/uploads\/2019\/08\/blic-os-petar-kocic-prijedor-priredba-za-prvacice-3-300x225.jpg 300w, https:\/\/www.prijedordanas.com\/wp-content\/uploads\/2019\/08\/blic-os-petar-kocic-prijedor-priredba-za-prvacice-3-100x75.jpg 100w, https:\/\/www.prijedordanas.com\/wp-content\/uploads\/2019\/08\/blic-os-petar-kocic-prijedor-priredba-za-prvacice-3.jpg 600w\" sizes=\"(max-width: 300px) 100vw, 300px\" \/><\/a>\u2013 U Jelovcu nemamo prva\u010di\u0107a, ali imamo saznanja da su na\u0161a dva u\u010denika oti\u0161la u Kne\u017eicu nedozvoljeno. Mi ne upisujemo u na\u0161u \u0161kolu nijedno dijete \u010diji roditelji nemaju cipsovu prijavu za na\u0161e upisno podru\u010dje \u2013 tvrdi ona.<\/p>\n<p>Predsjednica Aktiva direktora osnovnih \u0161kola u Prijedoru, Sanja Munjiza izjavila je da je u gradu na Sani ukupno upisano 525 prva\u010di\u0107a, odnosno 22 manje nego pro\u0161le godine.<br \/>\nOna je navela da je ve\u0107ina \u0161kola spremna za nastavu.<\/p>\n<p>-Nastavni proces redovno po\u010dinje u ponedeljak osim \u0161kole u Rasavcima gdje traje rekonstrukcija i danas se zavr\u0161ava sanacija podova u \u0161koli u Gomjenici nakon poplave. Uglavnom sve je spremno- izjavila je Munjiza.<\/p>\n<p>Prijem je organizovan i u Osnovnoj \u0161koli \u201cBranko \u0106opi\u0107\u201d koja ove godine ima 83 prva\u010di\u0107a. Njima je dobrodo\u0161licu po\u017eelio gradona\u010delnik Prijedora, Milenko \u0110akovi\u0107.<\/p>\n<p>Svim prva\u010di\u0107ima podijeljene su Prve knjige i bojanke.<\/p>\n<p>EuroBlic-srpskainfo.com<\/p>\n<p><a href=\"https:\/\/www.prijedordanas.com\/wp-content\/uploads\/2019\/08\/blic-os-petar-kocic-prijedor-priredba-za-prvacice-4.jpg\"><img loading=\"lazy\" decoding=\"async\" src=\"https:\/\/www.prijedordanas.com\/wp-content\/uploads\/2019\/08\/blic-os-petar-kocic-prijedor-priredba-za-prvacice-4-300x225.jpg\" alt=\"\" width=\"300\" height=\"225\" class=\"alignleft size-medium wp-image-132730\" srcset=\"https:\/\/www.prijedordanas.com\/wp-content\/uploads\/2019\/08\/blic-os-petar-kocic-prijedor-priredba-za-prvacice-4-300x225.jpg 300w, https:\/\/www.prijedordanas.com\/wp-content\/uploads\/2019\/08\/blic-os-petar-kocic-prijedor-priredba-za-prvacice-4-100x75.jpg 100w, https:\/\/www.prijedordanas.com\/wp-content\/uploads\/2019\/08\/blic-os-petar-kocic-prijedor-priredba-za-prvacice-4.jpg 600w\" sizes=\"(max-width: 300px) 100vw, 300px\" \/><\/a><\/p>\n","protected":false},"excerpt":{"rendered":"<p>Iako je u Prijedoru ove godine 22 prva\u010di\u0107a manje nego lani, pozitivan primjer je Osnovna \u0161kola \u201cPetar Ko\u010di\u0107\u201d na Urijama koja ima 11 prvaka vi\u0161e nego pro\u0161le \u0161kolske godine. U [&hellip;]<\/p>\n","protected":false},"author":1,"featured_media":0,"comment_status":"closed","ping_status":"open","sticky":false,"template":"","format":"standard","meta":{"_monsterinsights_skip_tracking":false,"_monsterinsights_sitenote_active":false,"_monsterinsights_sitenote_note":"","_monsterinsights_sitenote_category":0,"footnotes":""},"categories":[7518],"tags":[],"yoast_head":"<!-- This site is optimized with the Yoast SEO plugin v21.6 - https:\/\/yoast.com\/wordpress\/plugins\/seo\/ -->\n<title>U Osnovnoj \u0161koli \u201cPetar Ko\u010di\u0107\u201d iz Prijedora vi\u0161e prva\u010di\u0107a: Tradicionalnim prijemima pozdravili prvake - FOTO - PrijedorDanas.com - Prijedorski gradski portal<\/title>\n<meta name=\"robots\" content=\"index, follow, max-snippet:-1, max-image-preview:large, max-video-preview:-1\" \/>\n<link rel=\"canonical\" href=\"https:\/\/www.prijedordanas.com\/?p=132726\" \/>\n<meta property=\"og:locale\" content=\"en_US\" \/>\n<meta property=\"og:type\" content=\"article\" \/>\n<meta property=\"og:title\" content=\"U Osnovnoj \u0161koli \u201cPetar Ko\u010di\u0107\u201d iz Prijedora vi\u0161e prva\u010di\u0107a: Tradicionalnim prijemima pozdravili prvake - FOTO - PrijedorDanas.com - Prijedorski gradski portal\" \/>\n<meta property=\"og:description\" content=\"Iako je u Prijedoru ove godine 22 prva\u010di\u0107a manje nego lani, pozitivan primjer je Osnovna \u0161kola \u201cPetar Ko\u010di\u0107\u201d na Urijama koja ima 11 prvaka vi\u0161e nego pro\u0161le \u0161kolske godine. U [&hellip;]\" \/>\n<meta property=\"og:url\" content=\"https:\/\/www.prijedordanas.com\/?p=132726\" \/>\n<meta property=\"og:site_name\" content=\"PrijedorDanas.com - Prijedorski gradski portal\" \/>\n<meta property=\"article:publisher\" content=\"https:\/\/www.facebook.com\/PrijedorDanasCom\/\" \/>\n<meta property=\"article:published_time\" content=\"2019-08-30T12:02:01+00:00\" \/>\n<meta property=\"og:image\" content=\"https:\/\/www.prijedordanas.com\/wp-content\/uploads\/2019\/08\/blic-os-petar-kocic-prijedor-priredba-za-prvacice-1-300x225.jpg\" \/>\n<meta name=\"author\" content=\"admin\" \/>\n<meta name=\"twitter:card\" content=\"summary_large_image\" \/>\n<meta name=\"twitter:label1\" content=\"Written by\" \/>\n\t<meta name=\"twitter:data1\" content=\"admin\" \/>\n\t<meta name=\"twitter:label2\" content=\"Est. reading time\" \/>\n\t<meta name=\"twitter:data2\" content=\"2 minutes\" \/>\n<script type=\"application\/ld+json\" class=\"yoast-schema-graph\">{\"@context\":\"https:\/\/schema.org\",\"@graph\":[{\"@type\":\"Article\",\"@id\":\"https:\/\/www.prijedordanas.com\/?p=132726#article\",\"isPartOf\":{\"@id\":\"https:\/\/www.prijedordanas.com\/?p=132726\"},\"author\":{\"name\":\"admin\",\"@id\":\"https:\/\/www.prijedordanas.com\/#\/schema\/person\/4e08ccf29b506ca916ff86d46bb700e6\"},\"headline\":\"U Osnovnoj \u0161koli \u201cPetar Ko\u010di\u0107\u201d iz Prijedora vi\u0161e prva\u010di\u0107a: Tradicionalnim prijemima pozdravili prvake &#8211; FOTO\",\"datePublished\":\"2019-08-30T12:02:01+00:00\",\"dateModified\":\"2019-08-30T12:02:01+00:00\",\"mainEntityOfPage\":{\"@id\":\"https:\/\/www.prijedordanas.com\/?p=132726\"},\"wordCount\":408,\"publisher\":{\"@id\":\"https:\/\/www.prijedordanas.com\/#organization\"},\"articleSection\":[\"Mladi\"],\"inLanguage\":\"en-US\"},{\"@type\":\"WebPage\",\"@id\":\"https:\/\/www.prijedordanas.com\/?p=132726\",\"url\":\"https:\/\/www.prijedordanas.com\/?p=132726\",\"name\":\"U Osnovnoj \u0161koli \u201cPetar Ko\u010di\u0107\u201d iz Prijedora vi\u0161e prva\u010di\u0107a: Tradicionalnim prijemima pozdravili prvake - FOTO - PrijedorDanas.com - Prijedorski gradski portal\",\"isPartOf\":{\"@id\":\"https:\/\/www.prijedordanas.com\/#website\"},\"datePublished\":\"2019-08-30T12:02:01+00:00\",\"dateModified\":\"2019-08-30T12:02:01+00:00\",\"breadcrumb\":{\"@id\":\"https:\/\/www.prijedordanas.com\/?p=132726#breadcrumb\"},\"inLanguage\":\"en-US\",\"potentialAction\":[{\"@type\":\"ReadAction\",\"target\":[\"https:\/\/www.prijedordanas.com\/?p=132726\"]}]},{\"@type\":\"BreadcrumbList\",\"@id\":\"https:\/\/www.prijedordanas.com\/?p=132726#breadcrumb\",\"itemListElement\":[{\"@type\":\"ListItem\",\"position\":1,\"name\":\"Home\",\"item\":\"https:\/\/www.prijedordanas.com\/\"},{\"@type\":\"ListItem\",\"position\":2,\"name\":\"U Osnovnoj \u0161koli \u201cPetar Ko\u010di\u0107\u201d iz Prijedora vi\u0161e prva\u010di\u0107a: Tradicionalnim prijemima pozdravili prvake &#8211; FOTO\"}]},{\"@type\":\"WebSite\",\"@id\":\"https:\/\/www.prijedordanas.com\/#website\",\"url\":\"https:\/\/www.prijedordanas.com\/\",\"name\":\"PrijedorDanas.com - Prijedorski gradski portal\",\"description\":\"Portal o doga\u0111anjima u gradu Prijedoru\",\"publisher\":{\"@id\":\"https:\/\/www.prijedordanas.com\/#organization\"},\"potentialAction\":[{\"@type\":\"SearchAction\",\"target\":{\"@type\":\"EntryPoint\",\"urlTemplate\":\"https:\/\/www.prijedordanas.com\/?s={search_term_string}\"},\"query-input\":\"required name=search_term_string\"}],\"inLanguage\":\"en-US\"},{\"@type\":\"Organization\",\"@id\":\"https:\/\/www.prijedordanas.com\/#organization\",\"name\":\"PrijedorDanas.com\",\"url\":\"https:\/\/www.prijedordanas.com\/\",\"logo\":{\"@type\":\"ImageObject\",\"inLanguage\":\"en-US\",\"@id\":\"https:\/\/www.prijedordanas.com\/#\/schema\/logo\/image\/\",\"url\":\"http:\/\/www.prijedordanas.com\/wp-content\/uploads\/2021\/12\/logopng.png\",\"contentUrl\":\"http:\/\/www.prijedordanas.com\/wp-content\/uploads\/2021\/12\/logopng.png\",\"width\":1019,\"height\":776,\"caption\":\"PrijedorDanas.com\"},\"image\":{\"@id\":\"https:\/\/www.prijedordanas.com\/#\/schema\/logo\/image\/\"},\"sameAs\":[\"https:\/\/www.facebook.com\/PrijedorDanasCom\/\"]},{\"@type\":\"Person\",\"@id\":\"https:\/\/www.prijedordanas.com\/#\/schema\/person\/4e08ccf29b506ca916ff86d46bb700e6\",\"name\":\"admin\",\"image\":{\"@type\":\"ImageObject\",\"inLanguage\":\"en-US\",\"@id\":\"https:\/\/www.prijedordanas.com\/#\/schema\/person\/image\/\",\"url\":\"https:\/\/secure.gravatar.com\/avatar\/1d3fc949d550f0b53a5f0d51e06dfd79?s=96&d=mm&r=g\",\"contentUrl\":\"https:\/\/secure.gravatar.com\/avatar\/1d3fc949d550f0b53a5f0d51e06dfd79?s=96&d=mm&r=g\",\"caption\":\"admin\"},\"url\":\"https:\/\/www.prijedordanas.com\/?author=1\"}]}<\/script>\n<!-- \/ Yoast SEO plugin. -->","yoast_head_json":{"title":"U Osnovnoj \u0161koli \u201cPetar Ko\u010di\u0107\u201d iz Prijedora vi\u0161e prva\u010di\u0107a: Tradicionalnim prijemima pozdravili prvake - FOTO - PrijedorDanas.com - Prijedorski gradski portal","robots":{"index":"index","follow":"follow","max-snippet":"max-snippet:-1","max-image-preview":"max-image-preview:large","max-video-preview":"max-video-preview:-1"},"canonical":"https:\/\/www.prijedordanas.com\/?p=132726","og_locale":"en_US","og_type":"article","og_title":"U Osnovnoj \u0161koli \u201cPetar Ko\u010di\u0107\u201d iz Prijedora vi\u0161e prva\u010di\u0107a: Tradicionalnim prijemima pozdravili prvake - FOTO - PrijedorDanas.com - Prijedorski gradski portal","og_description":"Iako je u Prijedoru ove godine 22 prva\u010di\u0107a manje nego lani, pozitivan primjer je Osnovna \u0161kola \u201cPetar Ko\u010di\u0107\u201d na Urijama koja ima 11 prvaka vi\u0161e nego pro\u0161le \u0161kolske godine. U [&hellip;]","og_url":"https:\/\/www.prijedordanas.com\/?p=132726","og_site_name":"PrijedorDanas.com - Prijedorski gradski portal","article_publisher":"https:\/\/www.facebook.com\/PrijedorDanasCom\/","article_published_time":"2019-08-30T12:02:01+00:00","og_image":[{"url":"https:\/\/www.prijedordanas.com\/wp-content\/uploads\/2019\/08\/blic-os-petar-kocic-prijedor-priredba-za-prvacice-1-300x225.jpg"}],"author":"admin","twitter_card":"summary_large_image","twitter_misc":{"Written by":"admin","Est. reading time":"2 minutes"},"schema":{"@context":"https:\/\/schema.org","@graph":[{"@type":"Article","@id":"https:\/\/www.prijedordanas.com\/?p=132726#article","isPartOf":{"@id":"https:\/\/www.prijedordanas.com\/?p=132726"},"author":{"name":"admin","@id":"https:\/\/www.prijedordanas.com\/#\/schema\/person\/4e08ccf29b506ca916ff86d46bb700e6"},"headline":"U Osnovnoj \u0161koli \u201cPetar Ko\u010di\u0107\u201d iz Prijedora vi\u0161e prva\u010di\u0107a: Tradicionalnim prijemima pozdravili prvake &#8211; FOTO","datePublished":"2019-08-30T12:02:01+00:00","dateModified":"2019-08-30T12:02:01+00:00","mainEntityOfPage":{"@id":"https:\/\/www.prijedordanas.com\/?p=132726"},"wordCount":408,"publisher":{"@id":"https:\/\/www.prijedordanas.com\/#organization"},"articleSection":["Mladi"],"inLanguage":"en-US"},{"@type":"WebPage","@id":"https:\/\/www.prijedordanas.com\/?p=132726","url":"https:\/\/www.prijedordanas.com\/?p=132726","name":"U Osnovnoj \u0161koli \u201cPetar Ko\u010di\u0107\u201d iz Prijedora vi\u0161e prva\u010di\u0107a: Tradicionalnim prijemima pozdravili prvake - FOTO - PrijedorDanas.com - Prijedorski gradski portal","isPartOf":{"@id":"https:\/\/www.prijedordanas.com\/#website"},"datePublished":"2019-08-30T12:02:01+00:00","dateModified":"2019-08-30T12:02:01+00:00","breadcrumb":{"@id":"https:\/\/www.prijedordanas.com\/?p=132726#breadcrumb"},"inLanguage":"en-US","potentialAction":[{"@type":"ReadAction","target":["https:\/\/www.prijedordanas.com\/?p=132726"]}]},{"@type":"BreadcrumbList","@id":"https:\/\/www.prijedordanas.com\/?p=132726#breadcrumb","itemListElement":[{"@type":"ListItem","position":1,"name":"Home","item":"https:\/\/www.prijedordanas.com\/"},{"@type":"ListItem","position":2,"name":"U Osnovnoj \u0161koli \u201cPetar Ko\u010di\u0107\u201d iz Prijedora vi\u0161e prva\u010di\u0107a: Tradicionalnim prijemima pozdravili prvake &#8211; FOTO"}]},{"@type":"WebSite","@id":"https:\/\/www.prijedordanas.com\/#website","url":"https:\/\/www.prijedordanas.com\/","name":"PrijedorDanas.com - Prijedorski gradski portal","description":"Portal o doga\u0111anjima u gradu Prijedoru","publisher":{"@id":"https:\/\/www.prijedordanas.com\/#organization"},"potentialAction":[{"@type":"SearchAction","target":{"@type":"EntryPoint","urlTemplate":"https:\/\/www.prijedordanas.com\/?s={search_term_string}"},"query-input":"required name=search_term_string"}],"inLanguage":"en-US"},{"@type":"Organization","@id":"https:\/\/www.prijedordanas.com\/#organization","name":"PrijedorDanas.com","url":"https:\/\/www.prijedordanas.com\/","logo":{"@type":"ImageObject","inLanguage":"en-US","@id":"https:\/\/www.prijedordanas.com\/#\/schema\/logo\/image\/","url":"http:\/\/www.prijedordanas.com\/wp-content\/uploads\/2021\/12\/logopng.png","contentUrl":"http:\/\/www.prijedordanas.com\/wp-content\/uploads\/2021\/12\/logopng.png","width":1019,"height":776,"caption":"PrijedorDanas.com"},"image":{"@id":"https:\/\/www.prijedordanas.com\/#\/schema\/logo\/image\/"},"sameAs":["https:\/\/www.facebook.com\/PrijedorDanasCom\/"]},{"@type":"Person","@id":"https:\/\/www.prijedordanas.com\/#\/schema\/person\/4e08ccf29b506ca916ff86d46bb700e6","name":"admin","image":{"@type":"ImageObject","inLanguage":"en-US","@id":"https:\/\/www.prijedordanas.com\/#\/schema\/person\/image\/","url":"https:\/\/secure.gravatar.com\/avatar\/1d3fc949d550f0b53a5f0d51e06dfd79?s=96&d=mm&r=g","contentUrl":"https:\/\/secure.gravatar.com\/avatar\/1d3fc949d550f0b53a5f0d51e06dfd79?s=96&d=mm&r=g","caption":"admin"},"url":"https:\/\/www.prijedordanas.com\/?author=1"}]}},"_links":{"self":[{"href":"https:\/\/www.prijedordanas.com\/index.php?rest_route=\/wp\/v2\/posts\/132726"}],"collection":[{"href":"https:\/\/www.prijedordanas.com\/index.php?rest_route=\/wp\/v2\/posts"}],"about":[{"href":"https:\/\/www.prijedordanas.com\/index.php?rest_route=\/wp\/v2\/types\/post"}],"author":[{"embeddable":true,"href":"https:\/\/www.prijedordanas.com\/index.php?rest_route=\/wp\/v2\/users\/1"}],"replies":[{"embeddable":true,"href":"https:\/\/www.prijedordanas.com\/index.php?rest_route=%2Fwp%2Fv2%2Fcomments&post=132726"}],"version-history":[{"count":1,"href":"https:\/\/www.prijedordanas.com\/index.php?rest_route=\/wp\/v2\/posts\/132726\/revisions"}],"predecessor-version":[{"id":132731,"href":"https:\/\/www.prijedordanas.com\/index.php?rest_route=\/wp\/v2\/posts\/132726\/revisions\/132731"}],"wp:attachment":[{"href":"https:\/\/www.prijedordanas.com\/index.php?rest_route=%2Fwp%2Fv2%2Fmedia&parent=132726"}],"wp:term":[{"taxonomy":"category","embeddable":true,"href":"https:\/\/www.prijedordanas.com\/index.php?rest_route=%2Fwp%2Fv2%2Fcategories&post=132726"},{"taxonomy":"post_tag","embeddable":true,"href":"https:\/\/www.prijedordanas.com\/index.php?rest_route=%2Fwp%2Fv2%2Ftags&post=132726"}],"curies":[{"name":"wp","href":"https:\/\/api.w.org\/{rel}","templated":true}]}}