{"id":132695,"date":"2019-08-31T02:27:31","date_gmt":"2019-08-31T00:27:31","guid":{"rendered":"https:\/\/www.prijedordanas.com\/?p=132695"},"modified":"2019-08-31T02:27:31","modified_gmt":"2019-08-31T00:27:31","slug":"jelaca-nadam-se-da-mittal-nece-otpustiti-300-radnika-sve-na-vlasnicima","status":"publish","type":"post","link":"https:\/\/www.prijedordanas.com\/?p=132695","title":{"rendered":"Jela\u010da: Nadam se da &#8216;Mittal&#8217; ne\u0107e otpustiti 300 radnika, sve na vlasnicima"},"content":{"rendered":"<p><a href=\"https:\/\/www.prijedordanas.com\/wp-content\/uploads\/2017\/01\/blic-jelaca.jpg\"><img loading=\"lazy\" decoding=\"async\" src=\"https:\/\/www.prijedordanas.com\/wp-content\/uploads\/2017\/01\/blic-jelaca-300x223.jpg\" alt=\"\" width=\"300\" height=\"223\" class=\"alignleft size-medium wp-image-72946\" srcset=\"https:\/\/www.prijedordanas.com\/wp-content\/uploads\/2017\/01\/blic-jelaca-300x223.jpg 300w, https:\/\/www.prijedordanas.com\/wp-content\/uploads\/2017\/01\/blic-jelaca-100x74.jpg 100w, https:\/\/www.prijedordanas.com\/wp-content\/uploads\/2017\/01\/blic-jelaca.jpg 674w\" sizes=\"(max-width: 300px) 100vw, 300px\" \/><\/a>Direktor &#8220;Arcelor Mittala&#8221; Prijedor Mladen Jela\u010da rekao je da vlasnici tog preduze\u0107a treba da daju odgovor da li \u0107e, kako je ranije najavljeno, od 1. septembra smanjiti proizvodnju i broj zaposlenih za 300 kako bi produ\u017eili \u017eivotni vijek rudnika u Omarskoj.<\/p>\n<p>Ka\u017ee da o\u010dekuje pozitivne pomake, ali ne mo\u017ee dati odgovor \u0161ta \u0107e biti u prijedorskom \u201eMittalu\u201c od septembra.<\/p>\n<p>-Odgovore daju vlasnici kompanije iz Londona i Vlada RS. O\u010dekujem narednih dana da bude ne\u0161to, naravno prije 1. septembra &#8211; kazao je Jela\u010da.<\/p>\n<p>Radnici kompanije \u201eMittal\u201c Prijedor su u junu odr\u017eali jednosatni \u0161trajk upozorenja, zbog najava vlasnika te prijedorske kompanije o otpu\u0161tanju 300 radnika.<\/p>\n<p>Ranije je saop\u0107eno da &#8220;ArcelorMittal&#8221; Prijedor od 1. septembra smanjuje proizvodnju i broj zaposlenih za 300.<\/p>\n<p>-Zbog stalne neizvjesnosti oko dugoro\u010dne budu\u0107nosti proizvodnje \u017eeljezne rude u Prijedoru &#8216;Arcelor Mittal&#8217;  je morao donijeti te\u0161ku odluku o smanjenju proizvodnje \u017eeljezne rude sa 1,5 miliona na milion tona, kako bi za\u0161titio \u0161to ve\u0107i broj zaposlenih u du\u017eem vremenskom periodu. O\u010dekuje se da \u0107e novi plan biti u primjeni od 1. septembra 2019. godine. Ove su\u0161tinske mjere \u0107e neizbje\u017eno dovesti do gubitka 300 zaposlenih u \u2018Arcelor Mittalu&#8217;- saop\u0107eno je u maju iz \u201cMittala\u201d, koji zapo\u0161ljava oko 800 radnika.<\/p>\n<p>Smanjenjem proizvodnje na milion tona godi\u0161nje, efektivni vijek rudnika Omarska bit \u0107e, naveli su tada, produ\u017een do 10 godina, a bez preduzimanja ovih mjera, rudnik \u0107e morati da se zatvori 2025. godine.<\/p>\n<p>FENA<\/p>\n","protected":false},"excerpt":{"rendered":"<p>Direktor &#8220;Arcelor Mittala&#8221; Prijedor Mladen Jela\u010da rekao je da vlasnici tog preduze\u0107a treba da daju odgovor da li \u0107e, kako je ranije najavljeno, od 1. septembra smanjiti proizvodnju i broj [&hellip;]<\/p>\n","protected":false},"author":1,"featured_media":0,"comment_status":"closed","ping_status":"open","sticky":false,"template":"","format":"standard","meta":{"_monsterinsights_skip_tracking":false,"_monsterinsights_sitenote_active":false,"_monsterinsights_sitenote_note":"","_monsterinsights_sitenote_category":0,"footnotes":""},"categories":[8],"tags":[],"yoast_head":"<!-- This site is optimized with the Yoast SEO plugin v21.6 - https:\/\/yoast.com\/wordpress\/plugins\/seo\/ -->\n<title>Jela\u010da: Nadam se da &#039;Mittal&#039; ne\u0107e otpustiti 300 radnika, sve na vlasnicima - PrijedorDanas.com - Prijedorski gradski portal<\/title>\n<meta name=\"robots\" content=\"index, follow, max-snippet:-1, max-image-preview:large, max-video-preview:-1\" \/>\n<link rel=\"canonical\" href=\"https:\/\/www.prijedordanas.com\/?p=132695\" \/>\n<meta property=\"og:locale\" content=\"en_US\" \/>\n<meta property=\"og:type\" content=\"article\" \/>\n<meta property=\"og:title\" content=\"Jela\u010da: Nadam se da &#039;Mittal&#039; ne\u0107e otpustiti 300 radnika, sve na vlasnicima - PrijedorDanas.com - Prijedorski gradski portal\" \/>\n<meta property=\"og:description\" content=\"Direktor &#8220;Arcelor Mittala&#8221; Prijedor Mladen Jela\u010da rekao je da vlasnici tog preduze\u0107a treba da daju odgovor da li \u0107e, kako je ranije najavljeno, od 1. septembra smanjiti proizvodnju i broj [&hellip;]\" \/>\n<meta property=\"og:url\" content=\"https:\/\/www.prijedordanas.com\/?p=132695\" \/>\n<meta property=\"og:site_name\" content=\"PrijedorDanas.com - Prijedorski gradski portal\" \/>\n<meta property=\"article:publisher\" content=\"https:\/\/www.facebook.com\/PrijedorDanasCom\/\" \/>\n<meta property=\"article:published_time\" content=\"2019-08-31T00:27:31+00:00\" \/>\n<meta property=\"og:image\" content=\"https:\/\/www.prijedordanas.com\/wp-content\/uploads\/2017\/01\/blic-jelaca-300x223.jpg\" \/>\n<meta name=\"author\" content=\"admin\" \/>\n<meta name=\"twitter:card\" content=\"summary_large_image\" \/>\n<meta name=\"twitter:label1\" content=\"Written by\" \/>\n\t<meta name=\"twitter:data1\" content=\"admin\" \/>\n\t<meta name=\"twitter:label2\" content=\"Est. reading time\" \/>\n\t<meta name=\"twitter:data2\" content=\"1 minute\" \/>\n<script type=\"application\/ld+json\" class=\"yoast-schema-graph\">{\"@context\":\"https:\/\/schema.org\",\"@graph\":[{\"@type\":\"Article\",\"@id\":\"https:\/\/www.prijedordanas.com\/?p=132695#article\",\"isPartOf\":{\"@id\":\"https:\/\/www.prijedordanas.com\/?p=132695\"},\"author\":{\"name\":\"admin\",\"@id\":\"https:\/\/www.prijedordanas.com\/#\/schema\/person\/4e08ccf29b506ca916ff86d46bb700e6\"},\"headline\":\"Jela\u010da: Nadam se da &#8216;Mittal&#8217; ne\u0107e otpustiti 300 radnika, sve na vlasnicima\",\"datePublished\":\"2019-08-31T00:27:31+00:00\",\"dateModified\":\"2019-08-31T00:27:31+00:00\",\"mainEntityOfPage\":{\"@id\":\"https:\/\/www.prijedordanas.com\/?p=132695\"},\"wordCount\":255,\"publisher\":{\"@id\":\"https:\/\/www.prijedordanas.com\/#organization\"},\"articleSection\":[\"Svakodnevno\"],\"inLanguage\":\"en-US\"},{\"@type\":\"WebPage\",\"@id\":\"https:\/\/www.prijedordanas.com\/?p=132695\",\"url\":\"https:\/\/www.prijedordanas.com\/?p=132695\",\"name\":\"Jela\u010da: Nadam se da 'Mittal' ne\u0107e otpustiti 300 radnika, sve na vlasnicima - PrijedorDanas.com - Prijedorski gradski portal\",\"isPartOf\":{\"@id\":\"https:\/\/www.prijedordanas.com\/#website\"},\"datePublished\":\"2019-08-31T00:27:31+00:00\",\"dateModified\":\"2019-08-31T00:27:31+00:00\",\"breadcrumb\":{\"@id\":\"https:\/\/www.prijedordanas.com\/?p=132695#breadcrumb\"},\"inLanguage\":\"en-US\",\"potentialAction\":[{\"@type\":\"ReadAction\",\"target\":[\"https:\/\/www.prijedordanas.com\/?p=132695\"]}]},{\"@type\":\"BreadcrumbList\",\"@id\":\"https:\/\/www.prijedordanas.com\/?p=132695#breadcrumb\",\"itemListElement\":[{\"@type\":\"ListItem\",\"position\":1,\"name\":\"Home\",\"item\":\"https:\/\/www.prijedordanas.com\/\"},{\"@type\":\"ListItem\",\"position\":2,\"name\":\"Jela\u010da: Nadam se da &#8216;Mittal&#8217; ne\u0107e otpustiti 300 radnika, sve na vlasnicima\"}]},{\"@type\":\"WebSite\",\"@id\":\"https:\/\/www.prijedordanas.com\/#website\",\"url\":\"https:\/\/www.prijedordanas.com\/\",\"name\":\"PrijedorDanas.com - Prijedorski gradski portal\",\"description\":\"Portal o doga\u0111anjima u gradu Prijedoru\",\"publisher\":{\"@id\":\"https:\/\/www.prijedordanas.com\/#organization\"},\"potentialAction\":[{\"@type\":\"SearchAction\",\"target\":{\"@type\":\"EntryPoint\",\"urlTemplate\":\"https:\/\/www.prijedordanas.com\/?s={search_term_string}\"},\"query-input\":\"required name=search_term_string\"}],\"inLanguage\":\"en-US\"},{\"@type\":\"Organization\",\"@id\":\"https:\/\/www.prijedordanas.com\/#organization\",\"name\":\"PrijedorDanas.com\",\"url\":\"https:\/\/www.prijedordanas.com\/\",\"logo\":{\"@type\":\"ImageObject\",\"inLanguage\":\"en-US\",\"@id\":\"https:\/\/www.prijedordanas.com\/#\/schema\/logo\/image\/\",\"url\":\"http:\/\/www.prijedordanas.com\/wp-content\/uploads\/2021\/12\/logopng.png\",\"contentUrl\":\"http:\/\/www.prijedordanas.com\/wp-content\/uploads\/2021\/12\/logopng.png\",\"width\":1019,\"height\":776,\"caption\":\"PrijedorDanas.com\"},\"image\":{\"@id\":\"https:\/\/www.prijedordanas.com\/#\/schema\/logo\/image\/\"},\"sameAs\":[\"https:\/\/www.facebook.com\/PrijedorDanasCom\/\"]},{\"@type\":\"Person\",\"@id\":\"https:\/\/www.prijedordanas.com\/#\/schema\/person\/4e08ccf29b506ca916ff86d46bb700e6\",\"name\":\"admin\",\"image\":{\"@type\":\"ImageObject\",\"inLanguage\":\"en-US\",\"@id\":\"https:\/\/www.prijedordanas.com\/#\/schema\/person\/image\/\",\"url\":\"https:\/\/secure.gravatar.com\/avatar\/1d3fc949d550f0b53a5f0d51e06dfd79?s=96&d=mm&r=g\",\"contentUrl\":\"https:\/\/secure.gravatar.com\/avatar\/1d3fc949d550f0b53a5f0d51e06dfd79?s=96&d=mm&r=g\",\"caption\":\"admin\"},\"url\":\"https:\/\/www.prijedordanas.com\/?author=1\"}]}<\/script>\n<!-- \/ Yoast SEO plugin. -->","yoast_head_json":{"title":"Jela\u010da: Nadam se da 'Mittal' ne\u0107e otpustiti 300 radnika, sve na vlasnicima - PrijedorDanas.com - Prijedorski gradski portal","robots":{"index":"index","follow":"follow","max-snippet":"max-snippet:-1","max-image-preview":"max-image-preview:large","max-video-preview":"max-video-preview:-1"},"canonical":"https:\/\/www.prijedordanas.com\/?p=132695","og_locale":"en_US","og_type":"article","og_title":"Jela\u010da: Nadam se da 'Mittal' ne\u0107e otpustiti 300 radnika, sve na vlasnicima - PrijedorDanas.com - Prijedorski gradski portal","og_description":"Direktor &#8220;Arcelor Mittala&#8221; Prijedor Mladen Jela\u010da rekao je da vlasnici tog preduze\u0107a treba da daju odgovor da li \u0107e, kako je ranije najavljeno, od 1. septembra smanjiti proizvodnju i broj [&hellip;]","og_url":"https:\/\/www.prijedordanas.com\/?p=132695","og_site_name":"PrijedorDanas.com - Prijedorski gradski portal","article_publisher":"https:\/\/www.facebook.com\/PrijedorDanasCom\/","article_published_time":"2019-08-31T00:27:31+00:00","og_image":[{"url":"https:\/\/www.prijedordanas.com\/wp-content\/uploads\/2017\/01\/blic-jelaca-300x223.jpg"}],"author":"admin","twitter_card":"summary_large_image","twitter_misc":{"Written by":"admin","Est. reading time":"1 minute"},"schema":{"@context":"https:\/\/schema.org","@graph":[{"@type":"Article","@id":"https:\/\/www.prijedordanas.com\/?p=132695#article","isPartOf":{"@id":"https:\/\/www.prijedordanas.com\/?p=132695"},"author":{"name":"admin","@id":"https:\/\/www.prijedordanas.com\/#\/schema\/person\/4e08ccf29b506ca916ff86d46bb700e6"},"headline":"Jela\u010da: Nadam se da &#8216;Mittal&#8217; ne\u0107e otpustiti 300 radnika, sve na vlasnicima","datePublished":"2019-08-31T00:27:31+00:00","dateModified":"2019-08-31T00:27:31+00:00","mainEntityOfPage":{"@id":"https:\/\/www.prijedordanas.com\/?p=132695"},"wordCount":255,"publisher":{"@id":"https:\/\/www.prijedordanas.com\/#organization"},"articleSection":["Svakodnevno"],"inLanguage":"en-US"},{"@type":"WebPage","@id":"https:\/\/www.prijedordanas.com\/?p=132695","url":"https:\/\/www.prijedordanas.com\/?p=132695","name":"Jela\u010da: Nadam se da 'Mittal' ne\u0107e otpustiti 300 radnika, sve na vlasnicima - PrijedorDanas.com - Prijedorski gradski portal","isPartOf":{"@id":"https:\/\/www.prijedordanas.com\/#website"},"datePublished":"2019-08-31T00:27:31+00:00","dateModified":"2019-08-31T00:27:31+00:00","breadcrumb":{"@id":"https:\/\/www.prijedordanas.com\/?p=132695#breadcrumb"},"inLanguage":"en-US","potentialAction":[{"@type":"ReadAction","target":["https:\/\/www.prijedordanas.com\/?p=132695"]}]},{"@type":"BreadcrumbList","@id":"https:\/\/www.prijedordanas.com\/?p=132695#breadcrumb","itemListElement":[{"@type":"ListItem","position":1,"name":"Home","item":"https:\/\/www.prijedordanas.com\/"},{"@type":"ListItem","position":2,"name":"Jela\u010da: Nadam se da &#8216;Mittal&#8217; ne\u0107e otpustiti 300 radnika, sve na vlasnicima"}]},{"@type":"WebSite","@id":"https:\/\/www.prijedordanas.com\/#website","url":"https:\/\/www.prijedordanas.com\/","name":"PrijedorDanas.com - Prijedorski gradski portal","description":"Portal o doga\u0111anjima u gradu Prijedoru","publisher":{"@id":"https:\/\/www.prijedordanas.com\/#organization"},"potentialAction":[{"@type":"SearchAction","target":{"@type":"EntryPoint","urlTemplate":"https:\/\/www.prijedordanas.com\/?s={search_term_string}"},"query-input":"required name=search_term_string"}],"inLanguage":"en-US"},{"@type":"Organization","@id":"https:\/\/www.prijedordanas.com\/#organization","name":"PrijedorDanas.com","url":"https:\/\/www.prijedordanas.com\/","logo":{"@type":"ImageObject","inLanguage":"en-US","@id":"https:\/\/www.prijedordanas.com\/#\/schema\/logo\/image\/","url":"http:\/\/www.prijedordanas.com\/wp-content\/uploads\/2021\/12\/logopng.png","contentUrl":"http:\/\/www.prijedordanas.com\/wp-content\/uploads\/2021\/12\/logopng.png","width":1019,"height":776,"caption":"PrijedorDanas.com"},"image":{"@id":"https:\/\/www.prijedordanas.com\/#\/schema\/logo\/image\/"},"sameAs":["https:\/\/www.facebook.com\/PrijedorDanasCom\/"]},{"@type":"Person","@id":"https:\/\/www.prijedordanas.com\/#\/schema\/person\/4e08ccf29b506ca916ff86d46bb700e6","name":"admin","image":{"@type":"ImageObject","inLanguage":"en-US","@id":"https:\/\/www.prijedordanas.com\/#\/schema\/person\/image\/","url":"https:\/\/secure.gravatar.com\/avatar\/1d3fc949d550f0b53a5f0d51e06dfd79?s=96&d=mm&r=g","contentUrl":"https:\/\/secure.gravatar.com\/avatar\/1d3fc949d550f0b53a5f0d51e06dfd79?s=96&d=mm&r=g","caption":"admin"},"url":"https:\/\/www.prijedordanas.com\/?author=1"}]}},"_links":{"self":[{"href":"https:\/\/www.prijedordanas.com\/index.php?rest_route=\/wp\/v2\/posts\/132695"}],"collection":[{"href":"https:\/\/www.prijedordanas.com\/index.php?rest_route=\/wp\/v2\/posts"}],"about":[{"href":"https:\/\/www.prijedordanas.com\/index.php?rest_route=\/wp\/v2\/types\/post"}],"author":[{"embeddable":true,"href":"https:\/\/www.prijedordanas.com\/index.php?rest_route=\/wp\/v2\/users\/1"}],"replies":[{"embeddable":true,"href":"https:\/\/www.prijedordanas.com\/index.php?rest_route=%2Fwp%2Fv2%2Fcomments&post=132695"}],"version-history":[{"count":2,"href":"https:\/\/www.prijedordanas.com\/index.php?rest_route=\/wp\/v2\/posts\/132695\/revisions"}],"predecessor-version":[{"id":132782,"href":"https:\/\/www.prijedordanas.com\/index.php?rest_route=\/wp\/v2\/posts\/132695\/revisions\/132782"}],"wp:attachment":[{"href":"https:\/\/www.prijedordanas.com\/index.php?rest_route=%2Fwp%2Fv2%2Fmedia&parent=132695"}],"wp:term":[{"taxonomy":"category","embeddable":true,"href":"https:\/\/www.prijedordanas.com\/index.php?rest_route=%2Fwp%2Fv2%2Fcategories&post=132695"},{"taxonomy":"post_tag","embeddable":true,"href":"https:\/\/www.prijedordanas.com\/index.php?rest_route=%2Fwp%2Fv2%2Ftags&post=132695"}],"curies":[{"name":"wp","href":"https:\/\/api.w.org\/{rel}","templated":true}]}}