{"id":132670,"date":"2019-08-29T15:51:46","date_gmt":"2019-08-29T13:51:46","guid":{"rendered":"https:\/\/www.prijedordanas.com\/?p=132670"},"modified":"2019-08-29T15:51:46","modified_gmt":"2019-08-29T13:51:46","slug":"presretac-ucestvovao-u-saobracajnoj-nesreci-na-putu-banjaluka-prijedor","status":"publish","type":"post","link":"https:\/\/www.prijedordanas.com\/?p=132670","title":{"rendered":"Presreta\u010d u\u010destvovao u saobra\u0107ajnoj nesre\u0107i na putu Banjaluka-Prijedor"},"content":{"rendered":"<p><a href=\"https:\/\/www.prijedordanas.com\/wp-content\/uploads\/2019\/08\/blic-skoda-presretac.jpg\"><img loading=\"lazy\" decoding=\"async\" src=\"https:\/\/www.prijedordanas.com\/wp-content\/uploads\/2019\/08\/blic-skoda-presretac-300x221.jpg\" alt=\"\" width=\"300\" height=\"221\" class=\"alignleft size-medium wp-image-132671\" srcset=\"https:\/\/www.prijedordanas.com\/wp-content\/uploads\/2019\/08\/blic-skoda-presretac-300x221.jpg 300w, https:\/\/www.prijedordanas.com\/wp-content\/uploads\/2019\/08\/blic-skoda-presretac-100x74.jpg 100w, https:\/\/www.prijedordanas.com\/wp-content\/uploads\/2019\/08\/blic-skoda-presretac.jpg 680w\" sizes=\"(max-width: 300px) 100vw, 300px\" \/><\/a>Policijski presretra\u010d \u201c\u0161koda oktavia\u201d danas je u\u010destvovao u lak\u0161oj saobra\u0107ajnoj nesre\u0107i na magistralnom putu Banjaluka-Prijedor u mjestu Prijakovci, saznaje Srpskainfo.<\/p>\n<p>Tom prilikom nije bilo povrije\u0111enih.<\/p>\n<p>U Ministarstvu unutra\u0161njih poslova RS potvr\u0111eno nam je da se desila nesre\u0107a i da je nastala materijalna \u0161teta na policijskom vozilu.<\/p>\n<p>Prema saznanjima Srpskainfo do nesre\u0107e je do\u0161lo kada je presretra\u010d zaustavio automobil prilikom redovne kontrole.<\/p>\n<p>\u2013 Voza\u010d automobila nije obezbijedio auto i kada je iza\u0161ao iz svog vozila, ono je krenulo i udarilo u policijsku \u201c\u0161kodu\u201d \u2013 pojasnio je na\u0161 izvor.<\/p>\n<p>U MUP su nam rekli da su obavili uvi\u0111aj i da je voza\u010d automobila prihvatio odgovornost.<\/p>\n<p>Presretra\u010d nije o\u0161te\u0107en i nastavio je patrolirati putem.<\/p>\n","protected":false},"excerpt":{"rendered":"<p>Policijski presretra\u010d \u201c\u0161koda oktavia\u201d danas je u\u010destvovao u lak\u0161oj saobra\u0107ajnoj nesre\u0107i na magistralnom putu Banjaluka-Prijedor u mjestu Prijakovci, saznaje Srpskainfo. Tom prilikom nije bilo povrije\u0111enih. U Ministarstvu unutra\u0161njih poslova RS [&hellip;]<\/p>\n","protected":false},"author":1,"featured_media":0,"comment_status":"closed","ping_status":"open","sticky":false,"template":"","format":"standard","meta":{"_monsterinsights_skip_tracking":false,"_monsterinsights_sitenote_active":false,"_monsterinsights_sitenote_note":"","_monsterinsights_sitenote_category":0,"footnotes":""},"categories":[5],"tags":[],"yoast_head":"<!-- This site is optimized with the Yoast SEO plugin v21.6 - https:\/\/yoast.com\/wordpress\/plugins\/seo\/ -->\n<title>Presreta\u010d u\u010destvovao u saobra\u0107ajnoj nesre\u0107i na putu Banjaluka-Prijedor - PrijedorDanas.com - Prijedorski gradski portal<\/title>\n<meta name=\"robots\" content=\"index, follow, max-snippet:-1, max-image-preview:large, max-video-preview:-1\" \/>\n<link rel=\"canonical\" href=\"https:\/\/www.prijedordanas.com\/?p=132670\" \/>\n<meta property=\"og:locale\" content=\"en_US\" \/>\n<meta property=\"og:type\" content=\"article\" \/>\n<meta property=\"og:title\" content=\"Presreta\u010d u\u010destvovao u saobra\u0107ajnoj nesre\u0107i na putu Banjaluka-Prijedor - PrijedorDanas.com - Prijedorski gradski portal\" \/>\n<meta property=\"og:description\" content=\"Policijski presretra\u010d \u201c\u0161koda oktavia\u201d danas je u\u010destvovao u lak\u0161oj saobra\u0107ajnoj nesre\u0107i na magistralnom putu Banjaluka-Prijedor u mjestu Prijakovci, saznaje Srpskainfo. Tom prilikom nije bilo povrije\u0111enih. U Ministarstvu unutra\u0161njih poslova RS [&hellip;]\" \/>\n<meta property=\"og:url\" content=\"https:\/\/www.prijedordanas.com\/?p=132670\" \/>\n<meta property=\"og:site_name\" content=\"PrijedorDanas.com - Prijedorski gradski portal\" \/>\n<meta property=\"article:publisher\" content=\"https:\/\/www.facebook.com\/PrijedorDanasCom\/\" \/>\n<meta property=\"article:published_time\" content=\"2019-08-29T13:51:46+00:00\" \/>\n<meta property=\"og:image\" content=\"https:\/\/www.prijedordanas.com\/wp-content\/uploads\/2019\/08\/blic-skoda-presretac-300x221.jpg\" \/>\n<meta name=\"author\" content=\"admin\" \/>\n<meta name=\"twitter:card\" content=\"summary_large_image\" \/>\n<meta name=\"twitter:label1\" content=\"Written by\" \/>\n\t<meta name=\"twitter:data1\" content=\"admin\" \/>\n\t<meta name=\"twitter:label2\" content=\"Est. reading time\" \/>\n\t<meta name=\"twitter:data2\" content=\"1 minute\" \/>\n<script type=\"application\/ld+json\" class=\"yoast-schema-graph\">{\"@context\":\"https:\/\/schema.org\",\"@graph\":[{\"@type\":\"Article\",\"@id\":\"https:\/\/www.prijedordanas.com\/?p=132670#article\",\"isPartOf\":{\"@id\":\"https:\/\/www.prijedordanas.com\/?p=132670\"},\"author\":{\"name\":\"admin\",\"@id\":\"https:\/\/www.prijedordanas.com\/#\/schema\/person\/4e08ccf29b506ca916ff86d46bb700e6\"},\"headline\":\"Presreta\u010d u\u010destvovao u saobra\u0107ajnoj nesre\u0107i na putu Banjaluka-Prijedor\",\"datePublished\":\"2019-08-29T13:51:46+00:00\",\"dateModified\":\"2019-08-29T13:51:46+00:00\",\"mainEntityOfPage\":{\"@id\":\"https:\/\/www.prijedordanas.com\/?p=132670\"},\"wordCount\":134,\"publisher\":{\"@id\":\"https:\/\/www.prijedordanas.com\/#organization\"},\"articleSection\":[\"Hronika\"],\"inLanguage\":\"en-US\"},{\"@type\":\"WebPage\",\"@id\":\"https:\/\/www.prijedordanas.com\/?p=132670\",\"url\":\"https:\/\/www.prijedordanas.com\/?p=132670\",\"name\":\"Presreta\u010d u\u010destvovao u saobra\u0107ajnoj nesre\u0107i na putu Banjaluka-Prijedor - PrijedorDanas.com - Prijedorski gradski portal\",\"isPartOf\":{\"@id\":\"https:\/\/www.prijedordanas.com\/#website\"},\"datePublished\":\"2019-08-29T13:51:46+00:00\",\"dateModified\":\"2019-08-29T13:51:46+00:00\",\"breadcrumb\":{\"@id\":\"https:\/\/www.prijedordanas.com\/?p=132670#breadcrumb\"},\"inLanguage\":\"en-US\",\"potentialAction\":[{\"@type\":\"ReadAction\",\"target\":[\"https:\/\/www.prijedordanas.com\/?p=132670\"]}]},{\"@type\":\"BreadcrumbList\",\"@id\":\"https:\/\/www.prijedordanas.com\/?p=132670#breadcrumb\",\"itemListElement\":[{\"@type\":\"ListItem\",\"position\":1,\"name\":\"Home\",\"item\":\"https:\/\/www.prijedordanas.com\/\"},{\"@type\":\"ListItem\",\"position\":2,\"name\":\"Presreta\u010d u\u010destvovao u saobra\u0107ajnoj nesre\u0107i na putu Banjaluka-Prijedor\"}]},{\"@type\":\"WebSite\",\"@id\":\"https:\/\/www.prijedordanas.com\/#website\",\"url\":\"https:\/\/www.prijedordanas.com\/\",\"name\":\"PrijedorDanas.com - Prijedorski gradski portal\",\"description\":\"Portal o doga\u0111anjima u gradu Prijedoru\",\"publisher\":{\"@id\":\"https:\/\/www.prijedordanas.com\/#organization\"},\"potentialAction\":[{\"@type\":\"SearchAction\",\"target\":{\"@type\":\"EntryPoint\",\"urlTemplate\":\"https:\/\/www.prijedordanas.com\/?s={search_term_string}\"},\"query-input\":\"required name=search_term_string\"}],\"inLanguage\":\"en-US\"},{\"@type\":\"Organization\",\"@id\":\"https:\/\/www.prijedordanas.com\/#organization\",\"name\":\"PrijedorDanas.com\",\"url\":\"https:\/\/www.prijedordanas.com\/\",\"logo\":{\"@type\":\"ImageObject\",\"inLanguage\":\"en-US\",\"@id\":\"https:\/\/www.prijedordanas.com\/#\/schema\/logo\/image\/\",\"url\":\"http:\/\/www.prijedordanas.com\/wp-content\/uploads\/2021\/12\/logopng.png\",\"contentUrl\":\"http:\/\/www.prijedordanas.com\/wp-content\/uploads\/2021\/12\/logopng.png\",\"width\":1019,\"height\":776,\"caption\":\"PrijedorDanas.com\"},\"image\":{\"@id\":\"https:\/\/www.prijedordanas.com\/#\/schema\/logo\/image\/\"},\"sameAs\":[\"https:\/\/www.facebook.com\/PrijedorDanasCom\/\"]},{\"@type\":\"Person\",\"@id\":\"https:\/\/www.prijedordanas.com\/#\/schema\/person\/4e08ccf29b506ca916ff86d46bb700e6\",\"name\":\"admin\",\"image\":{\"@type\":\"ImageObject\",\"inLanguage\":\"en-US\",\"@id\":\"https:\/\/www.prijedordanas.com\/#\/schema\/person\/image\/\",\"url\":\"https:\/\/secure.gravatar.com\/avatar\/1d3fc949d550f0b53a5f0d51e06dfd79?s=96&d=mm&r=g\",\"contentUrl\":\"https:\/\/secure.gravatar.com\/avatar\/1d3fc949d550f0b53a5f0d51e06dfd79?s=96&d=mm&r=g\",\"caption\":\"admin\"},\"url\":\"https:\/\/www.prijedordanas.com\/?author=1\"}]}<\/script>\n<!-- \/ Yoast SEO plugin. -->","yoast_head_json":{"title":"Presreta\u010d u\u010destvovao u saobra\u0107ajnoj nesre\u0107i na putu Banjaluka-Prijedor - PrijedorDanas.com - Prijedorski gradski portal","robots":{"index":"index","follow":"follow","max-snippet":"max-snippet:-1","max-image-preview":"max-image-preview:large","max-video-preview":"max-video-preview:-1"},"canonical":"https:\/\/www.prijedordanas.com\/?p=132670","og_locale":"en_US","og_type":"article","og_title":"Presreta\u010d u\u010destvovao u saobra\u0107ajnoj nesre\u0107i na putu Banjaluka-Prijedor - PrijedorDanas.com - Prijedorski gradski portal","og_description":"Policijski presretra\u010d \u201c\u0161koda oktavia\u201d danas je u\u010destvovao u lak\u0161oj saobra\u0107ajnoj nesre\u0107i na magistralnom putu Banjaluka-Prijedor u mjestu Prijakovci, saznaje Srpskainfo. Tom prilikom nije bilo povrije\u0111enih. U Ministarstvu unutra\u0161njih poslova RS [&hellip;]","og_url":"https:\/\/www.prijedordanas.com\/?p=132670","og_site_name":"PrijedorDanas.com - Prijedorski gradski portal","article_publisher":"https:\/\/www.facebook.com\/PrijedorDanasCom\/","article_published_time":"2019-08-29T13:51:46+00:00","og_image":[{"url":"https:\/\/www.prijedordanas.com\/wp-content\/uploads\/2019\/08\/blic-skoda-presretac-300x221.jpg"}],"author":"admin","twitter_card":"summary_large_image","twitter_misc":{"Written by":"admin","Est. reading time":"1 minute"},"schema":{"@context":"https:\/\/schema.org","@graph":[{"@type":"Article","@id":"https:\/\/www.prijedordanas.com\/?p=132670#article","isPartOf":{"@id":"https:\/\/www.prijedordanas.com\/?p=132670"},"author":{"name":"admin","@id":"https:\/\/www.prijedordanas.com\/#\/schema\/person\/4e08ccf29b506ca916ff86d46bb700e6"},"headline":"Presreta\u010d u\u010destvovao u saobra\u0107ajnoj nesre\u0107i na putu Banjaluka-Prijedor","datePublished":"2019-08-29T13:51:46+00:00","dateModified":"2019-08-29T13:51:46+00:00","mainEntityOfPage":{"@id":"https:\/\/www.prijedordanas.com\/?p=132670"},"wordCount":134,"publisher":{"@id":"https:\/\/www.prijedordanas.com\/#organization"},"articleSection":["Hronika"],"inLanguage":"en-US"},{"@type":"WebPage","@id":"https:\/\/www.prijedordanas.com\/?p=132670","url":"https:\/\/www.prijedordanas.com\/?p=132670","name":"Presreta\u010d u\u010destvovao u saobra\u0107ajnoj nesre\u0107i na putu Banjaluka-Prijedor - PrijedorDanas.com - Prijedorski gradski portal","isPartOf":{"@id":"https:\/\/www.prijedordanas.com\/#website"},"datePublished":"2019-08-29T13:51:46+00:00","dateModified":"2019-08-29T13:51:46+00:00","breadcrumb":{"@id":"https:\/\/www.prijedordanas.com\/?p=132670#breadcrumb"},"inLanguage":"en-US","potentialAction":[{"@type":"ReadAction","target":["https:\/\/www.prijedordanas.com\/?p=132670"]}]},{"@type":"BreadcrumbList","@id":"https:\/\/www.prijedordanas.com\/?p=132670#breadcrumb","itemListElement":[{"@type":"ListItem","position":1,"name":"Home","item":"https:\/\/www.prijedordanas.com\/"},{"@type":"ListItem","position":2,"name":"Presreta\u010d u\u010destvovao u saobra\u0107ajnoj nesre\u0107i na putu Banjaluka-Prijedor"}]},{"@type":"WebSite","@id":"https:\/\/www.prijedordanas.com\/#website","url":"https:\/\/www.prijedordanas.com\/","name":"PrijedorDanas.com - Prijedorski gradski portal","description":"Portal o doga\u0111anjima u gradu Prijedoru","publisher":{"@id":"https:\/\/www.prijedordanas.com\/#organization"},"potentialAction":[{"@type":"SearchAction","target":{"@type":"EntryPoint","urlTemplate":"https:\/\/www.prijedordanas.com\/?s={search_term_string}"},"query-input":"required name=search_term_string"}],"inLanguage":"en-US"},{"@type":"Organization","@id":"https:\/\/www.prijedordanas.com\/#organization","name":"PrijedorDanas.com","url":"https:\/\/www.prijedordanas.com\/","logo":{"@type":"ImageObject","inLanguage":"en-US","@id":"https:\/\/www.prijedordanas.com\/#\/schema\/logo\/image\/","url":"http:\/\/www.prijedordanas.com\/wp-content\/uploads\/2021\/12\/logopng.png","contentUrl":"http:\/\/www.prijedordanas.com\/wp-content\/uploads\/2021\/12\/logopng.png","width":1019,"height":776,"caption":"PrijedorDanas.com"},"image":{"@id":"https:\/\/www.prijedordanas.com\/#\/schema\/logo\/image\/"},"sameAs":["https:\/\/www.facebook.com\/PrijedorDanasCom\/"]},{"@type":"Person","@id":"https:\/\/www.prijedordanas.com\/#\/schema\/person\/4e08ccf29b506ca916ff86d46bb700e6","name":"admin","image":{"@type":"ImageObject","inLanguage":"en-US","@id":"https:\/\/www.prijedordanas.com\/#\/schema\/person\/image\/","url":"https:\/\/secure.gravatar.com\/avatar\/1d3fc949d550f0b53a5f0d51e06dfd79?s=96&d=mm&r=g","contentUrl":"https:\/\/secure.gravatar.com\/avatar\/1d3fc949d550f0b53a5f0d51e06dfd79?s=96&d=mm&r=g","caption":"admin"},"url":"https:\/\/www.prijedordanas.com\/?author=1"}]}},"_links":{"self":[{"href":"https:\/\/www.prijedordanas.com\/index.php?rest_route=\/wp\/v2\/posts\/132670"}],"collection":[{"href":"https:\/\/www.prijedordanas.com\/index.php?rest_route=\/wp\/v2\/posts"}],"about":[{"href":"https:\/\/www.prijedordanas.com\/index.php?rest_route=\/wp\/v2\/types\/post"}],"author":[{"embeddable":true,"href":"https:\/\/www.prijedordanas.com\/index.php?rest_route=\/wp\/v2\/users\/1"}],"replies":[{"embeddable":true,"href":"https:\/\/www.prijedordanas.com\/index.php?rest_route=%2Fwp%2Fv2%2Fcomments&post=132670"}],"version-history":[{"count":1,"href":"https:\/\/www.prijedordanas.com\/index.php?rest_route=\/wp\/v2\/posts\/132670\/revisions"}],"predecessor-version":[{"id":132672,"href":"https:\/\/www.prijedordanas.com\/index.php?rest_route=\/wp\/v2\/posts\/132670\/revisions\/132672"}],"wp:attachment":[{"href":"https:\/\/www.prijedordanas.com\/index.php?rest_route=%2Fwp%2Fv2%2Fmedia&parent=132670"}],"wp:term":[{"taxonomy":"category","embeddable":true,"href":"https:\/\/www.prijedordanas.com\/index.php?rest_route=%2Fwp%2Fv2%2Fcategories&post=132670"},{"taxonomy":"post_tag","embeddable":true,"href":"https:\/\/www.prijedordanas.com\/index.php?rest_route=%2Fwp%2Fv2%2Ftags&post=132670"}],"curies":[{"name":"wp","href":"https:\/\/api.w.org\/{rel}","templated":true}]}}