{"id":132667,"date":"2019-08-29T15:02:42","date_gmt":"2019-08-29T13:02:42","guid":{"rendered":"https:\/\/www.prijedordanas.com\/?p=132667"},"modified":"2019-08-29T15:02:42","modified_gmt":"2019-08-29T13:02:42","slug":"odbornickom-naknadom-prijedorcanin-brane-radanovic-stipendira-studente","status":"publish","type":"post","link":"https:\/\/www.prijedordanas.com\/?p=132667","title":{"rendered":"Odborni\u010dkom naknadom Prijedor\u010danin Brane Radanovi\u0107 stipendira studente"},"content":{"rendered":"<p><a href=\"https:\/\/www.prijedordanas.com\/wp-content\/uploads\/2019\/08\/glas-brane-radanovic.jpg\"><img loading=\"lazy\" decoding=\"async\" src=\"https:\/\/www.prijedordanas.com\/wp-content\/uploads\/2019\/08\/glas-brane-radanovic-223x300.jpg\" alt=\"\" width=\"223\" height=\"300\" class=\"alignleft size-medium wp-image-132668\" srcset=\"https:\/\/www.prijedordanas.com\/wp-content\/uploads\/2019\/08\/glas-brane-radanovic-223x300.jpg 223w, https:\/\/www.prijedordanas.com\/wp-content\/uploads\/2019\/08\/glas-brane-radanovic-74x100.jpg 74w, https:\/\/www.prijedordanas.com\/wp-content\/uploads\/2019\/08\/glas-brane-radanovic.jpg 454w\" sizes=\"(max-width: 223px) 100vw, 223px\" \/><\/a>Prijedor\u010danin Brane Radanovi\u0107 poznat je me\u0111u svojim sugra\u0111anima kao ugledan i vrijedan doma\u0107in, proizvo\u0111a\u010d rakije \u0161ljivovice nagra\u0111ene zlatnim medaljama, ali i kao veliki humanitarac koji se, kao odbornik, od ulaska u gradsku Skup\u0161tinu odricao dijela odborni\u010dke plate za stipendiranje studenata.<\/p>\n<p>Tako radi ve\u0107 \u010detvrti mandat i smatra da je to jedna od najboljih odluka koju je donio i koja nije do\u0161la iznenada s obzirom na to da je i prije ulaska u politiku pomagao ljudima koliko je mogao.<\/p>\n<p>\u2013 Kada sam dobio odborni\u010dki mandat, smatrao sam da sam to mjesto dobio na osnovu povjerenja gra\u0111ana i da nije korektno da ta sredstva koja se izdvajaju za odborni\u010dke naknade tro\u0161im samo ja, nego da treba da ih podijelim sa drugima \u2013 pri\u010da Radanovi\u0107.<\/p>\n<p>Studente koje stipendira Radanovi\u0107 pronalazi u dogovoru sa prijateljima koji mu predla\u017eu upravo one mlade ljude \u010diji roditelji nemaju dovoljno novca da ih \u0161koluju. Rodbinske i prijateljske veze nisu bile po\u017eeljne pa su zbog toga studenti \u010dije je \u0161kolovanje pomagao bili iz raznih mjesta, a ne isklju\u010divo iz rodnih Busnova.<\/p>\n<p>\u2013 Nisam vjerovao koliko \u0107e taj skromni mjese\u010dni iznos od 150 KM po studentu zna\u010diti mladim ljudima i oni su mi veoma zahvalni. Uvijek mi se jave, \u010destitaju praznike, slave, kao da sam u\u010dinio mnogo ve\u0107e humano djelo \u2013 isti\u010de Radanovi\u0107.<\/p>\n<p>Dodaje da pomo\u0107 koju pru\u017ea mladim ljudima, \u017eeljnim znanja i napretka, oplemenjuje i da \u0107e to raditi i ubudu\u0107e, a da bi njegov primjer trebalo da slijede i ostali odbornici.<\/p>\n<p>\u2013 Stipendirao sam \u0161est studenata i trenutno jednog koji zavr\u0161ava studije, a obe\u0107avam da na tome ne\u0107u stati i da \u0107e vrijedni i marljivi ljudi uvijek biti cijenjeni. I uvijek se dr\u017eim one stare izreke \u201cDobro se uvijek dobrim vra\u0107a\u201d, pa se i ja tome nadam \u2013 rekao je Radanovi\u0107 koji je ponosni otac dviju k\u0107eri i djed troje unu\u010dadi.<\/p>\n<p>Humanitarne akcije<\/p>\n<p>Brane Radanovi\u0107 je u\u010desnik mnogih akcija humanitarnog karaktera koje se organizuju u Prijedoru, a me\u0111u prvima se odazvao i u akciji povodom \u201cKonferencija beba\u201d.<\/p>\n<p>\u2013 Smatram da se za taj na\u0161 natalitet i mladost moramo svi zajedno boriti, jer druga\u010dije nas ne\u0107e biti u doglednoj budu\u0107nosti \u2013 poru\u010dio je Radanovi\u0107.<\/p>\n<p>Glas Srpske<\/p>\n","protected":false},"excerpt":{"rendered":"<p>Prijedor\u010danin Brane Radanovi\u0107 poznat je me\u0111u svojim sugra\u0111anima kao ugledan i vrijedan doma\u0107in, proizvo\u0111a\u010d rakije \u0161ljivovice nagra\u0111ene zlatnim medaljama, ali i kao veliki humanitarac koji se, kao odbornik, od ulaska [&hellip;]<\/p>\n","protected":false},"author":1,"featured_media":0,"comment_status":"closed","ping_status":"open","sticky":false,"template":"","format":"standard","meta":{"_monsterinsights_skip_tracking":false,"_monsterinsights_sitenote_active":false,"_monsterinsights_sitenote_note":"","_monsterinsights_sitenote_category":0,"footnotes":""},"categories":[3],"tags":[],"yoast_head":"<!-- This site is optimized with the Yoast SEO plugin v21.6 - https:\/\/yoast.com\/wordpress\/plugins\/seo\/ -->\n<title>Odborni\u010dkom naknadom Prijedor\u010danin Brane Radanovi\u0107 stipendira studente - PrijedorDanas.com - Prijedorski gradski portal<\/title>\n<meta name=\"robots\" content=\"index, follow, max-snippet:-1, max-image-preview:large, max-video-preview:-1\" \/>\n<link rel=\"canonical\" href=\"https:\/\/www.prijedordanas.com\/?p=132667\" \/>\n<meta property=\"og:locale\" content=\"en_US\" \/>\n<meta property=\"og:type\" content=\"article\" \/>\n<meta property=\"og:title\" content=\"Odborni\u010dkom naknadom Prijedor\u010danin Brane Radanovi\u0107 stipendira studente - PrijedorDanas.com - Prijedorski gradski portal\" \/>\n<meta property=\"og:description\" content=\"Prijedor\u010danin Brane Radanovi\u0107 poznat je me\u0111u svojim sugra\u0111anima kao ugledan i vrijedan doma\u0107in, proizvo\u0111a\u010d rakije \u0161ljivovice nagra\u0111ene zlatnim medaljama, ali i kao veliki humanitarac koji se, kao odbornik, od ulaska [&hellip;]\" \/>\n<meta property=\"og:url\" content=\"https:\/\/www.prijedordanas.com\/?p=132667\" \/>\n<meta property=\"og:site_name\" content=\"PrijedorDanas.com - Prijedorski gradski portal\" \/>\n<meta property=\"article:publisher\" content=\"https:\/\/www.facebook.com\/PrijedorDanasCom\/\" \/>\n<meta property=\"article:published_time\" content=\"2019-08-29T13:02:42+00:00\" \/>\n<meta property=\"og:image\" content=\"https:\/\/www.prijedordanas.com\/wp-content\/uploads\/2019\/08\/glas-brane-radanovic-223x300.jpg\" \/>\n<meta name=\"author\" content=\"admin\" \/>\n<meta name=\"twitter:card\" content=\"summary_large_image\" \/>\n<meta name=\"twitter:label1\" content=\"Written by\" \/>\n\t<meta name=\"twitter:data1\" content=\"admin\" \/>\n\t<meta name=\"twitter:label2\" content=\"Est. reading time\" \/>\n\t<meta name=\"twitter:data2\" content=\"2 minutes\" \/>\n<script type=\"application\/ld+json\" class=\"yoast-schema-graph\">{\"@context\":\"https:\/\/schema.org\",\"@graph\":[{\"@type\":\"Article\",\"@id\":\"https:\/\/www.prijedordanas.com\/?p=132667#article\",\"isPartOf\":{\"@id\":\"https:\/\/www.prijedordanas.com\/?p=132667\"},\"author\":{\"name\":\"admin\",\"@id\":\"https:\/\/www.prijedordanas.com\/#\/schema\/person\/4e08ccf29b506ca916ff86d46bb700e6\"},\"headline\":\"Odborni\u010dkom naknadom Prijedor\u010danin Brane Radanovi\u0107 stipendira studente\",\"datePublished\":\"2019-08-29T13:02:42+00:00\",\"dateModified\":\"2019-08-29T13:02:42+00:00\",\"mainEntityOfPage\":{\"@id\":\"https:\/\/www.prijedordanas.com\/?p=132667\"},\"wordCount\":394,\"publisher\":{\"@id\":\"https:\/\/www.prijedordanas.com\/#organization\"},\"articleSection\":[\"\u017divot\"],\"inLanguage\":\"en-US\"},{\"@type\":\"WebPage\",\"@id\":\"https:\/\/www.prijedordanas.com\/?p=132667\",\"url\":\"https:\/\/www.prijedordanas.com\/?p=132667\",\"name\":\"Odborni\u010dkom naknadom Prijedor\u010danin Brane Radanovi\u0107 stipendira studente - PrijedorDanas.com - Prijedorski gradski portal\",\"isPartOf\":{\"@id\":\"https:\/\/www.prijedordanas.com\/#website\"},\"datePublished\":\"2019-08-29T13:02:42+00:00\",\"dateModified\":\"2019-08-29T13:02:42+00:00\",\"breadcrumb\":{\"@id\":\"https:\/\/www.prijedordanas.com\/?p=132667#breadcrumb\"},\"inLanguage\":\"en-US\",\"potentialAction\":[{\"@type\":\"ReadAction\",\"target\":[\"https:\/\/www.prijedordanas.com\/?p=132667\"]}]},{\"@type\":\"BreadcrumbList\",\"@id\":\"https:\/\/www.prijedordanas.com\/?p=132667#breadcrumb\",\"itemListElement\":[{\"@type\":\"ListItem\",\"position\":1,\"name\":\"Home\",\"item\":\"https:\/\/www.prijedordanas.com\/\"},{\"@type\":\"ListItem\",\"position\":2,\"name\":\"Odborni\u010dkom naknadom Prijedor\u010danin Brane Radanovi\u0107 stipendira studente\"}]},{\"@type\":\"WebSite\",\"@id\":\"https:\/\/www.prijedordanas.com\/#website\",\"url\":\"https:\/\/www.prijedordanas.com\/\",\"name\":\"PrijedorDanas.com - Prijedorski gradski portal\",\"description\":\"Portal o doga\u0111anjima u gradu Prijedoru\",\"publisher\":{\"@id\":\"https:\/\/www.prijedordanas.com\/#organization\"},\"potentialAction\":[{\"@type\":\"SearchAction\",\"target\":{\"@type\":\"EntryPoint\",\"urlTemplate\":\"https:\/\/www.prijedordanas.com\/?s={search_term_string}\"},\"query-input\":\"required name=search_term_string\"}],\"inLanguage\":\"en-US\"},{\"@type\":\"Organization\",\"@id\":\"https:\/\/www.prijedordanas.com\/#organization\",\"name\":\"PrijedorDanas.com\",\"url\":\"https:\/\/www.prijedordanas.com\/\",\"logo\":{\"@type\":\"ImageObject\",\"inLanguage\":\"en-US\",\"@id\":\"https:\/\/www.prijedordanas.com\/#\/schema\/logo\/image\/\",\"url\":\"http:\/\/www.prijedordanas.com\/wp-content\/uploads\/2021\/12\/logopng.png\",\"contentUrl\":\"http:\/\/www.prijedordanas.com\/wp-content\/uploads\/2021\/12\/logopng.png\",\"width\":1019,\"height\":776,\"caption\":\"PrijedorDanas.com\"},\"image\":{\"@id\":\"https:\/\/www.prijedordanas.com\/#\/schema\/logo\/image\/\"},\"sameAs\":[\"https:\/\/www.facebook.com\/PrijedorDanasCom\/\"]},{\"@type\":\"Person\",\"@id\":\"https:\/\/www.prijedordanas.com\/#\/schema\/person\/4e08ccf29b506ca916ff86d46bb700e6\",\"name\":\"admin\",\"image\":{\"@type\":\"ImageObject\",\"inLanguage\":\"en-US\",\"@id\":\"https:\/\/www.prijedordanas.com\/#\/schema\/person\/image\/\",\"url\":\"https:\/\/secure.gravatar.com\/avatar\/1d3fc949d550f0b53a5f0d51e06dfd79?s=96&d=mm&r=g\",\"contentUrl\":\"https:\/\/secure.gravatar.com\/avatar\/1d3fc949d550f0b53a5f0d51e06dfd79?s=96&d=mm&r=g\",\"caption\":\"admin\"},\"url\":\"https:\/\/www.prijedordanas.com\/?author=1\"}]}<\/script>\n<!-- \/ Yoast SEO plugin. -->","yoast_head_json":{"title":"Odborni\u010dkom naknadom Prijedor\u010danin Brane Radanovi\u0107 stipendira studente - PrijedorDanas.com - Prijedorski gradski portal","robots":{"index":"index","follow":"follow","max-snippet":"max-snippet:-1","max-image-preview":"max-image-preview:large","max-video-preview":"max-video-preview:-1"},"canonical":"https:\/\/www.prijedordanas.com\/?p=132667","og_locale":"en_US","og_type":"article","og_title":"Odborni\u010dkom naknadom Prijedor\u010danin Brane Radanovi\u0107 stipendira studente - PrijedorDanas.com - Prijedorski gradski portal","og_description":"Prijedor\u010danin Brane Radanovi\u0107 poznat je me\u0111u svojim sugra\u0111anima kao ugledan i vrijedan doma\u0107in, proizvo\u0111a\u010d rakije \u0161ljivovice nagra\u0111ene zlatnim medaljama, ali i kao veliki humanitarac koji se, kao odbornik, od ulaska [&hellip;]","og_url":"https:\/\/www.prijedordanas.com\/?p=132667","og_site_name":"PrijedorDanas.com - Prijedorski gradski portal","article_publisher":"https:\/\/www.facebook.com\/PrijedorDanasCom\/","article_published_time":"2019-08-29T13:02:42+00:00","og_image":[{"url":"https:\/\/www.prijedordanas.com\/wp-content\/uploads\/2019\/08\/glas-brane-radanovic-223x300.jpg"}],"author":"admin","twitter_card":"summary_large_image","twitter_misc":{"Written by":"admin","Est. reading time":"2 minutes"},"schema":{"@context":"https:\/\/schema.org","@graph":[{"@type":"Article","@id":"https:\/\/www.prijedordanas.com\/?p=132667#article","isPartOf":{"@id":"https:\/\/www.prijedordanas.com\/?p=132667"},"author":{"name":"admin","@id":"https:\/\/www.prijedordanas.com\/#\/schema\/person\/4e08ccf29b506ca916ff86d46bb700e6"},"headline":"Odborni\u010dkom naknadom Prijedor\u010danin Brane Radanovi\u0107 stipendira studente","datePublished":"2019-08-29T13:02:42+00:00","dateModified":"2019-08-29T13:02:42+00:00","mainEntityOfPage":{"@id":"https:\/\/www.prijedordanas.com\/?p=132667"},"wordCount":394,"publisher":{"@id":"https:\/\/www.prijedordanas.com\/#organization"},"articleSection":["\u017divot"],"inLanguage":"en-US"},{"@type":"WebPage","@id":"https:\/\/www.prijedordanas.com\/?p=132667","url":"https:\/\/www.prijedordanas.com\/?p=132667","name":"Odborni\u010dkom naknadom Prijedor\u010danin Brane Radanovi\u0107 stipendira studente - PrijedorDanas.com - Prijedorski gradski portal","isPartOf":{"@id":"https:\/\/www.prijedordanas.com\/#website"},"datePublished":"2019-08-29T13:02:42+00:00","dateModified":"2019-08-29T13:02:42+00:00","breadcrumb":{"@id":"https:\/\/www.prijedordanas.com\/?p=132667#breadcrumb"},"inLanguage":"en-US","potentialAction":[{"@type":"ReadAction","target":["https:\/\/www.prijedordanas.com\/?p=132667"]}]},{"@type":"BreadcrumbList","@id":"https:\/\/www.prijedordanas.com\/?p=132667#breadcrumb","itemListElement":[{"@type":"ListItem","position":1,"name":"Home","item":"https:\/\/www.prijedordanas.com\/"},{"@type":"ListItem","position":2,"name":"Odborni\u010dkom naknadom Prijedor\u010danin Brane Radanovi\u0107 stipendira studente"}]},{"@type":"WebSite","@id":"https:\/\/www.prijedordanas.com\/#website","url":"https:\/\/www.prijedordanas.com\/","name":"PrijedorDanas.com - Prijedorski gradski portal","description":"Portal o doga\u0111anjima u gradu Prijedoru","publisher":{"@id":"https:\/\/www.prijedordanas.com\/#organization"},"potentialAction":[{"@type":"SearchAction","target":{"@type":"EntryPoint","urlTemplate":"https:\/\/www.prijedordanas.com\/?s={search_term_string}"},"query-input":"required name=search_term_string"}],"inLanguage":"en-US"},{"@type":"Organization","@id":"https:\/\/www.prijedordanas.com\/#organization","name":"PrijedorDanas.com","url":"https:\/\/www.prijedordanas.com\/","logo":{"@type":"ImageObject","inLanguage":"en-US","@id":"https:\/\/www.prijedordanas.com\/#\/schema\/logo\/image\/","url":"http:\/\/www.prijedordanas.com\/wp-content\/uploads\/2021\/12\/logopng.png","contentUrl":"http:\/\/www.prijedordanas.com\/wp-content\/uploads\/2021\/12\/logopng.png","width":1019,"height":776,"caption":"PrijedorDanas.com"},"image":{"@id":"https:\/\/www.prijedordanas.com\/#\/schema\/logo\/image\/"},"sameAs":["https:\/\/www.facebook.com\/PrijedorDanasCom\/"]},{"@type":"Person","@id":"https:\/\/www.prijedordanas.com\/#\/schema\/person\/4e08ccf29b506ca916ff86d46bb700e6","name":"admin","image":{"@type":"ImageObject","inLanguage":"en-US","@id":"https:\/\/www.prijedordanas.com\/#\/schema\/person\/image\/","url":"https:\/\/secure.gravatar.com\/avatar\/1d3fc949d550f0b53a5f0d51e06dfd79?s=96&d=mm&r=g","contentUrl":"https:\/\/secure.gravatar.com\/avatar\/1d3fc949d550f0b53a5f0d51e06dfd79?s=96&d=mm&r=g","caption":"admin"},"url":"https:\/\/www.prijedordanas.com\/?author=1"}]}},"_links":{"self":[{"href":"https:\/\/www.prijedordanas.com\/index.php?rest_route=\/wp\/v2\/posts\/132667"}],"collection":[{"href":"https:\/\/www.prijedordanas.com\/index.php?rest_route=\/wp\/v2\/posts"}],"about":[{"href":"https:\/\/www.prijedordanas.com\/index.php?rest_route=\/wp\/v2\/types\/post"}],"author":[{"embeddable":true,"href":"https:\/\/www.prijedordanas.com\/index.php?rest_route=\/wp\/v2\/users\/1"}],"replies":[{"embeddable":true,"href":"https:\/\/www.prijedordanas.com\/index.php?rest_route=%2Fwp%2Fv2%2Fcomments&post=132667"}],"version-history":[{"count":1,"href":"https:\/\/www.prijedordanas.com\/index.php?rest_route=\/wp\/v2\/posts\/132667\/revisions"}],"predecessor-version":[{"id":132669,"href":"https:\/\/www.prijedordanas.com\/index.php?rest_route=\/wp\/v2\/posts\/132667\/revisions\/132669"}],"wp:attachment":[{"href":"https:\/\/www.prijedordanas.com\/index.php?rest_route=%2Fwp%2Fv2%2Fmedia&parent=132667"}],"wp:term":[{"taxonomy":"category","embeddable":true,"href":"https:\/\/www.prijedordanas.com\/index.php?rest_route=%2Fwp%2Fv2%2Fcategories&post=132667"},{"taxonomy":"post_tag","embeddable":true,"href":"https:\/\/www.prijedordanas.com\/index.php?rest_route=%2Fwp%2Fv2%2Ftags&post=132667"}],"curies":[{"name":"wp","href":"https:\/\/api.w.org\/{rel}","templated":true}]}}