{"id":132662,"date":"2019-08-29T13:39:12","date_gmt":"2019-08-29T11:39:12","guid":{"rendered":"https:\/\/www.prijedordanas.com\/?p=132662"},"modified":"2019-08-29T13:44:43","modified_gmt":"2019-08-29T11:44:43","slug":"rad-sta-je-unutra-autora-andreja-zikica-arteza-pobjednik-konkursa-za-najbolji-mural-za-2019-godinu","status":"publish","type":"post","link":"https:\/\/www.prijedordanas.com\/?p=132662","title":{"rendered":"Rad &#8220;\u0160ta je unutra&#8221; autora Andreja \u017diki\u0107a Arteza pobjednik konkursa za najbolji mural za 2019. godinu"},"content":{"rendered":"<p><a href=\"https:\/\/www.prijedordanas.com\/wp-content\/uploads\/2019\/08\/najbolji-mural-2019-sta-je-unutra.jpg\"><img loading=\"lazy\" decoding=\"async\" class=\"alignleft size-medium wp-image-132664\" src=\"https:\/\/www.prijedordanas.com\/wp-content\/uploads\/2019\/08\/najbolji-mural-2019-sta-je-unutra-300x241.jpg\" alt=\"\" width=\"300\" height=\"241\" srcset=\"https:\/\/www.prijedordanas.com\/wp-content\/uploads\/2019\/08\/najbolji-mural-2019-sta-je-unutra-300x241.jpg 300w, https:\/\/www.prijedordanas.com\/wp-content\/uploads\/2019\/08\/najbolji-mural-2019-sta-je-unutra-100x80.jpg 100w, https:\/\/www.prijedordanas.com\/wp-content\/uploads\/2019\/08\/najbolji-mural-2019-sta-je-unutra.jpg 686w\" sizes=\"(max-width: 300px) 100vw, 300px\" \/><\/a>Prijedlog pod rednim brojem 18. i \u0161ifrom &#8220;What is inside&#8221; (\u0160ta je unutra), autorski rad Andreja \u017diki\u0107a Arteza iz Beograda, pobjednik je konkursa za dodjelu \u0161este godi\u0161nje me\u0111unarodne nagrade \u201cPaola de Manincor\u201d za izbor najboljeg murala u Prijedoru za 2019. godinu, potvr\u0111eno je iz Udru\u017eenja likovnih umjetnika Prijedor na Facebook stranici \u201cPrijedor grad murala\u201d.<\/p>\n<p>U konkurenciji za ovogodi\u0161nju nagradu bilo je 57 prijavljenih radova koje su poslali autori iz Srbije, Bosne i Hercegovine, Italije, Hrvatske, Sjeverne Makedonije, Crne Gore, Gr\u010dke, \u0160panije, Portugala, Poljske, Njema\u010dke, Egipta i Maroka.<\/p>\n<p>Tako je odlu\u010dio stru\u010dni \u017eiri u sastavu: Ljubi\u0161a Pu\u0161ac (akademski umjetnik i pro\u0161logodi\u0161nji pobjednik konkursa), Lidija Kevi\u0107, Aleksandra Savi\u0107 i Milijana Marmat (Zavod za izgradnju grada), Luigi Penasa (slikar), Claudia Zini (kustoskinja) i Boris Eremi\u0107 (slikar i predsjednik ULUP-a).<\/p>\n<p>Realizacija murala planirana je u mjesecu septembru.<\/p>\n<p><a href=\"https:\/\/www.prijedordanas.com\/wp-content\/uploads\/2019\/08\/mural-djevojka-s-mjesecom.jpg\"><img loading=\"lazy\" decoding=\"async\" class=\"alignleft size-medium wp-image-132665\" src=\"https:\/\/www.prijedordanas.com\/wp-content\/uploads\/2019\/08\/mural-djevojka-s-mjesecom-300x225.jpg\" alt=\"\" width=\"300\" height=\"225\" srcset=\"https:\/\/www.prijedordanas.com\/wp-content\/uploads\/2019\/08\/mural-djevojka-s-mjesecom-300x225.jpg 300w, https:\/\/www.prijedordanas.com\/wp-content\/uploads\/2019\/08\/mural-djevojka-s-mjesecom-100x75.jpg 100w, https:\/\/www.prijedordanas.com\/wp-content\/uploads\/2019\/08\/mural-djevojka-s-mjesecom-640x480.jpg 640w, https:\/\/www.prijedordanas.com\/wp-content\/uploads\/2019\/08\/mural-djevojka-s-mjesecom.jpg 666w\" sizes=\"(max-width: 300px) 100vw, 300px\" \/><\/a>Pobjednik ovogodi\u0161njeg konkursa dobi\u0107e priliku da svoj rad realizuje na fasadi stambene zgrade u Ulici Nikole Pa\u0161i\u0107a koja je okrenuta ka prostoru izme\u0111u Muzeja Kozare i zgrade Policijske uprave Prijedor.<\/p>\n<p>U opisu pobjedni\u010dkog prijedloga je navedeno sljede\u0107e: &#8220;Na muralu je prikazana imaginarna scena svakodnevnice zivota koji se krije iza fasade zgrade. Mural treba da podstakne posmatraca da se prepusti mastanju I da barem na trenutak dozvoli sebi da odluta od ocekivanog I uziva u trenutku mira.&#8221;.<\/p>\n<p>Godi\u0161nja me\u0111unarodna nagrada za najbolji mural u Prijedoru \u201cPaola de Manincor\u201d sastoji se iz plakete i nagradnog fonda od 3.000 KM (neto).<\/p>\n<p>Podsjetimo, grad Prijedor ve\u0107 krase murali \u201c\u0160e\u0161ird\u017eija\u201d Nata\u0161e Konjevi\u0107 iz Banjaluke, \u201cTransformacija\u201d ma\u0111arskog strit-art umjetnika Atile Samo\u017eija Vidama, \u201cVrt\u201d rumunskog autora Raula Opree Sadoa, \u201eGrad\u201c umjetni\u010dke grupe \u201eDim Tim\u201c iz Beograda, \u201eNegdje izme\u0111u po\u010detka i kraja\u201c Selvera Begi\u0107a iz Banjaluke te &#8220;Gejm on&#8221; Ljubi\u0161e Pu\u0161ca iz Omarske.<\/p>\n<p>Ina\u010de, na Facebook stranici \u201cPrijedor grad murala\u201d najvi\u0161e simpatija osvojio je prijedlog \u201cDjevojka s mjesecom&#8221;.<\/p>\n<p>Tekst \u2013 Aleksandar Drakuli\u0107 \u2013 <a href=\"https:\/\/www.prijedordanas.com\" target=\"_blank\" rel=\"noopener noreferrer\">www.prijedordanas.com<\/a><br \/>\nFoto &#8211; FB Prijedor grad murala<\/p>\n","protected":false},"excerpt":{"rendered":"<p>Prijedlog pod rednim brojem 18. i \u0161ifrom &#8220;What is inside&#8221; (\u0160ta je unutra), autorski rad Andreja \u017diki\u0107a Arteza iz Beograda, pobjednik je konkursa za dodjelu \u0161este godi\u0161nje me\u0111unarodne nagrade \u201cPaola [&hellip;]<\/p>\n","protected":false},"author":1,"featured_media":0,"comment_status":"closed","ping_status":"open","sticky":false,"template":"","format":"standard","meta":{"_monsterinsights_skip_tracking":false,"_monsterinsights_sitenote_active":false,"_monsterinsights_sitenote_note":"","_monsterinsights_sitenote_category":0,"footnotes":""},"categories":[4,7515,6],"tags":[],"yoast_head":"<!-- This site is optimized with the Yoast SEO plugin v21.6 - https:\/\/yoast.com\/wordpress\/plugins\/seo\/ -->\n<title>Rad &quot;\u0160ta je unutra&quot; autora Andreja \u017diki\u0107a Arteza pobjednik konkursa za najbolji mural za 2019. godinu - PrijedorDanas.com - Prijedorski gradski portal<\/title>\n<meta name=\"robots\" content=\"index, follow, max-snippet:-1, max-image-preview:large, max-video-preview:-1\" \/>\n<link rel=\"canonical\" href=\"https:\/\/www.prijedordanas.com\/?p=132662\" \/>\n<meta property=\"og:locale\" content=\"en_US\" \/>\n<meta property=\"og:type\" content=\"article\" \/>\n<meta property=\"og:title\" content=\"Rad &quot;\u0160ta je unutra&quot; autora Andreja \u017diki\u0107a Arteza pobjednik konkursa za najbolji mural za 2019. godinu - PrijedorDanas.com - Prijedorski gradski portal\" \/>\n<meta property=\"og:description\" content=\"Prijedlog pod rednim brojem 18. i \u0161ifrom &#8220;What is inside&#8221; (\u0160ta je unutra), autorski rad Andreja \u017diki\u0107a Arteza iz Beograda, pobjednik je konkursa za dodjelu \u0161este godi\u0161nje me\u0111unarodne nagrade \u201cPaola [&hellip;]\" \/>\n<meta property=\"og:url\" content=\"https:\/\/www.prijedordanas.com\/?p=132662\" \/>\n<meta property=\"og:site_name\" content=\"PrijedorDanas.com - Prijedorski gradski portal\" \/>\n<meta property=\"article:publisher\" content=\"https:\/\/www.facebook.com\/PrijedorDanasCom\/\" \/>\n<meta property=\"article:published_time\" content=\"2019-08-29T11:39:12+00:00\" \/>\n<meta property=\"article:modified_time\" content=\"2019-08-29T11:44:43+00:00\" \/>\n<meta property=\"og:image\" content=\"https:\/\/www.prijedordanas.com\/wp-content\/uploads\/2019\/08\/najbolji-mural-2019-sta-je-unutra-300x241.jpg\" \/>\n<meta name=\"author\" content=\"admin\" \/>\n<meta name=\"twitter:card\" content=\"summary_large_image\" \/>\n<meta name=\"twitter:label1\" content=\"Written by\" \/>\n\t<meta name=\"twitter:data1\" content=\"admin\" \/>\n\t<meta name=\"twitter:label2\" content=\"Est. reading time\" \/>\n\t<meta name=\"twitter:data2\" content=\"2 minutes\" \/>\n<script type=\"application\/ld+json\" class=\"yoast-schema-graph\">{\"@context\":\"https:\/\/schema.org\",\"@graph\":[{\"@type\":\"Article\",\"@id\":\"https:\/\/www.prijedordanas.com\/?p=132662#article\",\"isPartOf\":{\"@id\":\"https:\/\/www.prijedordanas.com\/?p=132662\"},\"author\":{\"name\":\"admin\",\"@id\":\"https:\/\/www.prijedordanas.com\/#\/schema\/person\/4e08ccf29b506ca916ff86d46bb700e6\"},\"headline\":\"Rad &#8220;\u0160ta je unutra&#8221; autora Andreja \u017diki\u0107a Arteza pobjednik konkursa za najbolji mural za 2019. godinu\",\"datePublished\":\"2019-08-29T11:39:12+00:00\",\"dateModified\":\"2019-08-29T11:44:43+00:00\",\"mainEntityOfPage\":{\"@id\":\"https:\/\/www.prijedordanas.com\/?p=132662\"},\"wordCount\":353,\"publisher\":{\"@id\":\"https:\/\/www.prijedordanas.com\/#organization\"},\"articleSection\":[\"Dru\u0161tvo\",\"Foto dana\",\"Kultura\"],\"inLanguage\":\"en-US\"},{\"@type\":\"WebPage\",\"@id\":\"https:\/\/www.prijedordanas.com\/?p=132662\",\"url\":\"https:\/\/www.prijedordanas.com\/?p=132662\",\"name\":\"Rad \\\"\u0160ta je unutra\\\" autora Andreja \u017diki\u0107a Arteza pobjednik konkursa za najbolji mural za 2019. godinu - PrijedorDanas.com - Prijedorski gradski portal\",\"isPartOf\":{\"@id\":\"https:\/\/www.prijedordanas.com\/#website\"},\"datePublished\":\"2019-08-29T11:39:12+00:00\",\"dateModified\":\"2019-08-29T11:44:43+00:00\",\"breadcrumb\":{\"@id\":\"https:\/\/www.prijedordanas.com\/?p=132662#breadcrumb\"},\"inLanguage\":\"en-US\",\"potentialAction\":[{\"@type\":\"ReadAction\",\"target\":[\"https:\/\/www.prijedordanas.com\/?p=132662\"]}]},{\"@type\":\"BreadcrumbList\",\"@id\":\"https:\/\/www.prijedordanas.com\/?p=132662#breadcrumb\",\"itemListElement\":[{\"@type\":\"ListItem\",\"position\":1,\"name\":\"Home\",\"item\":\"https:\/\/www.prijedordanas.com\/\"},{\"@type\":\"ListItem\",\"position\":2,\"name\":\"Rad &#8220;\u0160ta je unutra&#8221; autora Andreja \u017diki\u0107a Arteza pobjednik konkursa za najbolji mural za 2019. godinu\"}]},{\"@type\":\"WebSite\",\"@id\":\"https:\/\/www.prijedordanas.com\/#website\",\"url\":\"https:\/\/www.prijedordanas.com\/\",\"name\":\"PrijedorDanas.com - Prijedorski gradski portal\",\"description\":\"Portal o doga\u0111anjima u gradu Prijedoru\",\"publisher\":{\"@id\":\"https:\/\/www.prijedordanas.com\/#organization\"},\"potentialAction\":[{\"@type\":\"SearchAction\",\"target\":{\"@type\":\"EntryPoint\",\"urlTemplate\":\"https:\/\/www.prijedordanas.com\/?s={search_term_string}\"},\"query-input\":\"required name=search_term_string\"}],\"inLanguage\":\"en-US\"},{\"@type\":\"Organization\",\"@id\":\"https:\/\/www.prijedordanas.com\/#organization\",\"name\":\"PrijedorDanas.com\",\"url\":\"https:\/\/www.prijedordanas.com\/\",\"logo\":{\"@type\":\"ImageObject\",\"inLanguage\":\"en-US\",\"@id\":\"https:\/\/www.prijedordanas.com\/#\/schema\/logo\/image\/\",\"url\":\"http:\/\/www.prijedordanas.com\/wp-content\/uploads\/2021\/12\/logopng.png\",\"contentUrl\":\"http:\/\/www.prijedordanas.com\/wp-content\/uploads\/2021\/12\/logopng.png\",\"width\":1019,\"height\":776,\"caption\":\"PrijedorDanas.com\"},\"image\":{\"@id\":\"https:\/\/www.prijedordanas.com\/#\/schema\/logo\/image\/\"},\"sameAs\":[\"https:\/\/www.facebook.com\/PrijedorDanasCom\/\"]},{\"@type\":\"Person\",\"@id\":\"https:\/\/www.prijedordanas.com\/#\/schema\/person\/4e08ccf29b506ca916ff86d46bb700e6\",\"name\":\"admin\",\"image\":{\"@type\":\"ImageObject\",\"inLanguage\":\"en-US\",\"@id\":\"https:\/\/www.prijedordanas.com\/#\/schema\/person\/image\/\",\"url\":\"https:\/\/secure.gravatar.com\/avatar\/1d3fc949d550f0b53a5f0d51e06dfd79?s=96&d=mm&r=g\",\"contentUrl\":\"https:\/\/secure.gravatar.com\/avatar\/1d3fc949d550f0b53a5f0d51e06dfd79?s=96&d=mm&r=g\",\"caption\":\"admin\"},\"url\":\"https:\/\/www.prijedordanas.com\/?author=1\"}]}<\/script>\n<!-- \/ Yoast SEO plugin. -->","yoast_head_json":{"title":"Rad \"\u0160ta je unutra\" autora Andreja \u017diki\u0107a Arteza pobjednik konkursa za najbolji mural za 2019. godinu - PrijedorDanas.com - Prijedorski gradski portal","robots":{"index":"index","follow":"follow","max-snippet":"max-snippet:-1","max-image-preview":"max-image-preview:large","max-video-preview":"max-video-preview:-1"},"canonical":"https:\/\/www.prijedordanas.com\/?p=132662","og_locale":"en_US","og_type":"article","og_title":"Rad \"\u0160ta je unutra\" autora Andreja \u017diki\u0107a Arteza pobjednik konkursa za najbolji mural za 2019. godinu - PrijedorDanas.com - Prijedorski gradski portal","og_description":"Prijedlog pod rednim brojem 18. i \u0161ifrom &#8220;What is inside&#8221; (\u0160ta je unutra), autorski rad Andreja \u017diki\u0107a Arteza iz Beograda, pobjednik je konkursa za dodjelu \u0161este godi\u0161nje me\u0111unarodne nagrade \u201cPaola [&hellip;]","og_url":"https:\/\/www.prijedordanas.com\/?p=132662","og_site_name":"PrijedorDanas.com - Prijedorski gradski portal","article_publisher":"https:\/\/www.facebook.com\/PrijedorDanasCom\/","article_published_time":"2019-08-29T11:39:12+00:00","article_modified_time":"2019-08-29T11:44:43+00:00","og_image":[{"url":"https:\/\/www.prijedordanas.com\/wp-content\/uploads\/2019\/08\/najbolji-mural-2019-sta-je-unutra-300x241.jpg"}],"author":"admin","twitter_card":"summary_large_image","twitter_misc":{"Written by":"admin","Est. reading time":"2 minutes"},"schema":{"@context":"https:\/\/schema.org","@graph":[{"@type":"Article","@id":"https:\/\/www.prijedordanas.com\/?p=132662#article","isPartOf":{"@id":"https:\/\/www.prijedordanas.com\/?p=132662"},"author":{"name":"admin","@id":"https:\/\/www.prijedordanas.com\/#\/schema\/person\/4e08ccf29b506ca916ff86d46bb700e6"},"headline":"Rad &#8220;\u0160ta je unutra&#8221; autora Andreja \u017diki\u0107a Arteza pobjednik konkursa za najbolji mural za 2019. godinu","datePublished":"2019-08-29T11:39:12+00:00","dateModified":"2019-08-29T11:44:43+00:00","mainEntityOfPage":{"@id":"https:\/\/www.prijedordanas.com\/?p=132662"},"wordCount":353,"publisher":{"@id":"https:\/\/www.prijedordanas.com\/#organization"},"articleSection":["Dru\u0161tvo","Foto dana","Kultura"],"inLanguage":"en-US"},{"@type":"WebPage","@id":"https:\/\/www.prijedordanas.com\/?p=132662","url":"https:\/\/www.prijedordanas.com\/?p=132662","name":"Rad \"\u0160ta je unutra\" autora Andreja \u017diki\u0107a Arteza pobjednik konkursa za najbolji mural za 2019. godinu - PrijedorDanas.com - Prijedorski gradski portal","isPartOf":{"@id":"https:\/\/www.prijedordanas.com\/#website"},"datePublished":"2019-08-29T11:39:12+00:00","dateModified":"2019-08-29T11:44:43+00:00","breadcrumb":{"@id":"https:\/\/www.prijedordanas.com\/?p=132662#breadcrumb"},"inLanguage":"en-US","potentialAction":[{"@type":"ReadAction","target":["https:\/\/www.prijedordanas.com\/?p=132662"]}]},{"@type":"BreadcrumbList","@id":"https:\/\/www.prijedordanas.com\/?p=132662#breadcrumb","itemListElement":[{"@type":"ListItem","position":1,"name":"Home","item":"https:\/\/www.prijedordanas.com\/"},{"@type":"ListItem","position":2,"name":"Rad &#8220;\u0160ta je unutra&#8221; autora Andreja \u017diki\u0107a Arteza pobjednik konkursa za najbolji mural za 2019. godinu"}]},{"@type":"WebSite","@id":"https:\/\/www.prijedordanas.com\/#website","url":"https:\/\/www.prijedordanas.com\/","name":"PrijedorDanas.com - Prijedorski gradski portal","description":"Portal o doga\u0111anjima u gradu Prijedoru","publisher":{"@id":"https:\/\/www.prijedordanas.com\/#organization"},"potentialAction":[{"@type":"SearchAction","target":{"@type":"EntryPoint","urlTemplate":"https:\/\/www.prijedordanas.com\/?s={search_term_string}"},"query-input":"required name=search_term_string"}],"inLanguage":"en-US"},{"@type":"Organization","@id":"https:\/\/www.prijedordanas.com\/#organization","name":"PrijedorDanas.com","url":"https:\/\/www.prijedordanas.com\/","logo":{"@type":"ImageObject","inLanguage":"en-US","@id":"https:\/\/www.prijedordanas.com\/#\/schema\/logo\/image\/","url":"http:\/\/www.prijedordanas.com\/wp-content\/uploads\/2021\/12\/logopng.png","contentUrl":"http:\/\/www.prijedordanas.com\/wp-content\/uploads\/2021\/12\/logopng.png","width":1019,"height":776,"caption":"PrijedorDanas.com"},"image":{"@id":"https:\/\/www.prijedordanas.com\/#\/schema\/logo\/image\/"},"sameAs":["https:\/\/www.facebook.com\/PrijedorDanasCom\/"]},{"@type":"Person","@id":"https:\/\/www.prijedordanas.com\/#\/schema\/person\/4e08ccf29b506ca916ff86d46bb700e6","name":"admin","image":{"@type":"ImageObject","inLanguage":"en-US","@id":"https:\/\/www.prijedordanas.com\/#\/schema\/person\/image\/","url":"https:\/\/secure.gravatar.com\/avatar\/1d3fc949d550f0b53a5f0d51e06dfd79?s=96&d=mm&r=g","contentUrl":"https:\/\/secure.gravatar.com\/avatar\/1d3fc949d550f0b53a5f0d51e06dfd79?s=96&d=mm&r=g","caption":"admin"},"url":"https:\/\/www.prijedordanas.com\/?author=1"}]}},"_links":{"self":[{"href":"https:\/\/www.prijedordanas.com\/index.php?rest_route=\/wp\/v2\/posts\/132662"}],"collection":[{"href":"https:\/\/www.prijedordanas.com\/index.php?rest_route=\/wp\/v2\/posts"}],"about":[{"href":"https:\/\/www.prijedordanas.com\/index.php?rest_route=\/wp\/v2\/types\/post"}],"author":[{"embeddable":true,"href":"https:\/\/www.prijedordanas.com\/index.php?rest_route=\/wp\/v2\/users\/1"}],"replies":[{"embeddable":true,"href":"https:\/\/www.prijedordanas.com\/index.php?rest_route=%2Fwp%2Fv2%2Fcomments&post=132662"}],"version-history":[{"count":2,"href":"https:\/\/www.prijedordanas.com\/index.php?rest_route=\/wp\/v2\/posts\/132662\/revisions"}],"predecessor-version":[{"id":132666,"href":"https:\/\/www.prijedordanas.com\/index.php?rest_route=\/wp\/v2\/posts\/132662\/revisions\/132666"}],"wp:attachment":[{"href":"https:\/\/www.prijedordanas.com\/index.php?rest_route=%2Fwp%2Fv2%2Fmedia&parent=132662"}],"wp:term":[{"taxonomy":"category","embeddable":true,"href":"https:\/\/www.prijedordanas.com\/index.php?rest_route=%2Fwp%2Fv2%2Fcategories&post=132662"},{"taxonomy":"post_tag","embeddable":true,"href":"https:\/\/www.prijedordanas.com\/index.php?rest_route=%2Fwp%2Fv2%2Ftags&post=132662"}],"curies":[{"name":"wp","href":"https:\/\/api.w.org\/{rel}","templated":true}]}}