{"id":132598,"date":"2019-08-29T16:06:22","date_gmt":"2019-08-29T14:06:22","guid":{"rendered":"https:\/\/www.prijedordanas.com\/?p=132598"},"modified":"2019-08-29T16:06:22","modified_gmt":"2019-08-29T14:06:22","slug":"industrijska-struja-poskupljuje-viskovic-se-izvinio-privrednicima-direktor-arcelormittala-prijedor-kaze-da-nista-nije-dogovoreno","status":"publish","type":"post","link":"https:\/\/www.prijedordanas.com\/?p=132598","title":{"rendered":"Industrijska struja poskupljuje, Vi\u0161kovi\u0107 se izvinio privrednicima: Direktor ArcelorMittala Prijedor ka\u017ee da ni\u0161ta nije dogovoreno"},"content":{"rendered":"<p><a href=\"https:\/\/www.prijedordanas.com\/wp-content\/uploads\/2019\/08\/capital-sastanak-privrednici-struja-poskupljenje.jpg\"><img loading=\"lazy\" decoding=\"async\" src=\"https:\/\/www.prijedordanas.com\/wp-content\/uploads\/2019\/08\/capital-sastanak-privrednici-struja-poskupljenje-300x224.jpg\" alt=\"\" width=\"300\" height=\"224\" class=\"alignleft size-medium wp-image-132600\" srcset=\"https:\/\/www.prijedordanas.com\/wp-content\/uploads\/2019\/08\/capital-sastanak-privrednici-struja-poskupljenje-300x224.jpg 300w, https:\/\/www.prijedordanas.com\/wp-content\/uploads\/2019\/08\/capital-sastanak-privrednici-struja-poskupljenje-100x75.jpg 100w, https:\/\/www.prijedordanas.com\/wp-content\/uploads\/2019\/08\/capital-sastanak-privrednici-struja-poskupljenje-640x480.jpg 640w, https:\/\/www.prijedordanas.com\/wp-content\/uploads\/2019\/08\/capital-sastanak-privrednici-struja-poskupljenje.jpg 671w\" sizes=\"(max-width: 300px) 100vw, 300px\" \/><\/a>Premijer Srpske Radovan Vi\u0161kovi\u0107 i predsjednik Privredne komore RS Borko \u0110uri\u0107 pohvalili su se dogovorom o pove\u0107anju cijena industrijske struje, iako nije precizirano za koliko \u0107e svim kategorijama privrede cijena elektri\u010dne energije \u201esko\u010diti\u201c.<\/p>\n<p>Portal CAPITAL objavio je ranije da je \u201eElektroprivreda Republike Srpske\u201c poslala privrednicima nove ugovore o snabdijevanju elektri\u010dnom energijom u kojim je pove\u0107ana cijena industrijske struje. Pored toga ugovori sadr\u017ee mno\u0161tvo drugih odredbi koje idu na \u0161tetu poslovne zajednice.<\/p>\n<p>Iz poslovne zajednice su zatra\u017eili hitan sastanak sa Vladom i ERS koji je odr\u017ean u Banjaluci.<\/p>\n<p>Predsjednik Privredne komore RS Borko \u0110uri\u0107 rekao je da se do\u0161lo do kompromisnog rje\u0161enja i da je prihva\u0107eno pove\u0107anje megavat sata sa 31,3 na 35 evra, u narednih 16 mjeseci, s tim da se za 28 najve\u0107ih potro\u0161a\u010da izvr\u0161i korekcija ugovora koje je ERS poslala privrednicima.<\/p>\n<p>Sa korekcijom ugovora \u0107e se po\u010deti ve\u0107 sutra kako bi se usaglasile sporne odredbe.<\/p>\n<p>\u201eNajva\u017enije je da su obje strane pokazale razumijevanje za slo\u017eenost pitanja i nadamo se da \u0107e biti ispo\u0161tovano sve re\u010deno i da ne\u0107e biti novih pove\u0107anja u narednih 16 mjeseci, a da \u0107emo ubudu\u0107e blagovremeno pregovarati o svim spornim pitanjima prije nove korekcije cijena. Ovim poskupljenjem je obuhva\u0107eno 28 najve\u0107ih potro\u0161a\u010da\u201c, rekao je \u0110uri\u0107.<\/p>\n<p>Vi\u0161kovi\u0107 je kazao da \u017eali \u0161to je do\u0161lo do nesporazuma i odgovornost prebacio na ERS \u0161to nije u prethodnom periodu sa privrednicima sve ispregovarala kako treba. On se izvinio privrednicima zbog ugovora koje im je ERS poslala.<\/p>\n<p>\u201eDogovoreno je da primjedbe u ugovorima budu otklonjene. Elektroprivreda je priznala da odredbe nisu dobro i koncizno kreirane. Prema najve\u0107im potro\u0161a\u010dima bio je prijedlog da pove\u0107anje ide i na 40 evra po megavat satu\u201c, istakao je Vi\u0161kovi\u0107.<\/p>\n<p>Rekao je da je jutros razgovarao sa vlasnikom jednog od najve\u0107eg potro\u0161a\u010da struje ui RS, firme \u201eR-S Silicon\u201c iz Mrkonji\u0107 Grada i da je dogovor s njim prezentovan i na sastanku u Privrednoj komori.<\/p>\n<p>\u201eDogovor je da ide pove\u0107anje za 28 najve\u0107ih potro\u0161a\u010da, koji tro\u0161e vi\u0161e od pet gigavat sati, i da cijena bude 35 evra po megavat satu i to je prihva\u0107eno i to \u0107e biti garantovana cijena za njih u narednih 16 mjeseci\u201c, rekao je Vi\u0161kovi\u0107.<\/p>\n<p>Iako pove\u0107anje cijena struje ide za 28 potro\u0161a\u010da, ugovori se mijenjaju za ukupno 200 korisnika, privrednih subjekata.<\/p>\n<p>\u201ePotro\u0161a\u010di su svrstani u \u0161est kategorija. U prvoj su proizvo\u0111a\u010di struje koji su u sistemu ERS koji \u0107e imati cijenu na osnovu najve\u0107e cijene koja va\u017ei u nekom od zavisnih preduze\u0107a, druga kategorija su proizvo\u0111a\u010di struje izvan ERS, odnosno male hidroelektrane, TE \u201eStanari\u201c i drugi koji \u0107e pla\u0107ati tr\u017ei\u0161nu cijenu elektri\u010dne energije. U tre\u0107oj kategoriji su veletrgovine koje \u0107e pla\u0107ati ne\u0161to ni\u017ee cijene, dok su u \u010detvrtoj kategoriji privrednici sa kojima smo danas razgovarali i koji \u0107e pla\u0107ati navedenih 35 evra po megavat satu\u201c, rekao je Vi\u0161kovi\u0107 i dodao da su u ostalim kategorijama javne ustanove i doma\u0107instva gdje nema pove\u0107anja cijena struje.<\/p>\n<p>Direktor \u201eArcelor Mittala\u201c iz Prijedora Mladen Jela\u010da je, za razliku od \u0110uri\u0107a, rekao da ni\u0161ta nije dogovoreno dok ne vidi novi ugovor.<\/p>\n<p>\u201eUgovori koje smo dobili su puni nejasno\u0107a, pored cijena koje \u0107e biti korigovane, poku\u0161a\u0107emo narednih dana da to i\u0161\u010distimo, prije svega da defini\u0161emo cijene, ali i druge odredbe koje li\u010de na monopolski polo\u017eaj ERS\u201c, kazao je Jela\u010da.<\/p>\n<p>Dodao je da je pove\u0107anje za \u201cMittal\u201d bilo na vi\u0161oj tarifi 5,5 odsto, na ni\u017eoj 25 odsto, dok je nekim privrednicima to u mnogo vi\u0161em iznosu.<\/p>\n<p>\u201eTo je prijedlog i enormno je, pored toga nemamo sve elemente koje \u0107emo da pla\u0107amo, mre\u017earina, obnovljivi izvori, optere\u0107enje\u2026 To mora da bude u ugovoru. Ne\u0107emo potpisati ugovore koji budu gori od ovoga \u0161to je predsjednik Vlade predlo\u017eio. Mi nismo spremni da platimo do 35 evra po megavat satu, dok ne dobijemo ugovor, ne\u0107emo ni\u0161ta re\u0107i\u201c, rekao je Jela\u010da.<\/p>\n<p>Sa sastanka je posebno nagla\u0161eno da pove\u0107anja cijena struje nema za doma\u0107instva.<\/p>\n<p>capital.ba<\/p>\n","protected":false},"excerpt":{"rendered":"<p>Premijer Srpske Radovan Vi\u0161kovi\u0107 i predsjednik Privredne komore RS Borko \u0110uri\u0107 pohvalili su se dogovorom o pove\u0107anju cijena industrijske struje, iako nije precizirano za koliko \u0107e svim kategorijama privrede cijena [&hellip;]<\/p>\n","protected":false},"author":1,"featured_media":0,"comment_status":"closed","ping_status":"open","sticky":false,"template":"","format":"standard","meta":{"_monsterinsights_skip_tracking":false,"_monsterinsights_sitenote_active":false,"_monsterinsights_sitenote_note":"","_monsterinsights_sitenote_category":0,"footnotes":""},"categories":[8],"tags":[],"yoast_head":"<!-- This site is optimized with the Yoast SEO plugin v21.6 - https:\/\/yoast.com\/wordpress\/plugins\/seo\/ -->\n<title>Industrijska struja poskupljuje, Vi\u0161kovi\u0107 se izvinio privrednicima: Direktor ArcelorMittala Prijedor ka\u017ee da ni\u0161ta nije dogovoreno - PrijedorDanas.com - Prijedorski gradski portal<\/title>\n<meta name=\"robots\" content=\"index, follow, max-snippet:-1, max-image-preview:large, max-video-preview:-1\" \/>\n<link rel=\"canonical\" href=\"https:\/\/www.prijedordanas.com\/?p=132598\" \/>\n<meta property=\"og:locale\" content=\"en_US\" \/>\n<meta property=\"og:type\" content=\"article\" \/>\n<meta property=\"og:title\" content=\"Industrijska struja poskupljuje, Vi\u0161kovi\u0107 se izvinio privrednicima: Direktor ArcelorMittala Prijedor ka\u017ee da ni\u0161ta nije dogovoreno - PrijedorDanas.com - Prijedorski gradski portal\" \/>\n<meta property=\"og:description\" content=\"Premijer Srpske Radovan Vi\u0161kovi\u0107 i predsjednik Privredne komore RS Borko \u0110uri\u0107 pohvalili su se dogovorom o pove\u0107anju cijena industrijske struje, iako nije precizirano za koliko \u0107e svim kategorijama privrede cijena [&hellip;]\" \/>\n<meta property=\"og:url\" content=\"https:\/\/www.prijedordanas.com\/?p=132598\" \/>\n<meta property=\"og:site_name\" content=\"PrijedorDanas.com - Prijedorski gradski portal\" \/>\n<meta property=\"article:publisher\" content=\"https:\/\/www.facebook.com\/PrijedorDanasCom\/\" \/>\n<meta property=\"article:published_time\" content=\"2019-08-29T14:06:22+00:00\" \/>\n<meta property=\"og:image\" content=\"https:\/\/www.prijedordanas.com\/wp-content\/uploads\/2019\/08\/capital-sastanak-privrednici-struja-poskupljenje-300x224.jpg\" \/>\n<meta name=\"author\" content=\"admin\" \/>\n<meta name=\"twitter:card\" content=\"summary_large_image\" \/>\n<meta name=\"twitter:label1\" content=\"Written by\" \/>\n\t<meta name=\"twitter:data1\" content=\"admin\" \/>\n\t<meta name=\"twitter:label2\" content=\"Est. reading time\" \/>\n\t<meta name=\"twitter:data2\" content=\"4 minutes\" \/>\n<script type=\"application\/ld+json\" class=\"yoast-schema-graph\">{\"@context\":\"https:\/\/schema.org\",\"@graph\":[{\"@type\":\"Article\",\"@id\":\"https:\/\/www.prijedordanas.com\/?p=132598#article\",\"isPartOf\":{\"@id\":\"https:\/\/www.prijedordanas.com\/?p=132598\"},\"author\":{\"name\":\"admin\",\"@id\":\"https:\/\/www.prijedordanas.com\/#\/schema\/person\/4e08ccf29b506ca916ff86d46bb700e6\"},\"headline\":\"Industrijska struja poskupljuje, Vi\u0161kovi\u0107 se izvinio privrednicima: Direktor ArcelorMittala Prijedor ka\u017ee da ni\u0161ta nije dogovoreno\",\"datePublished\":\"2019-08-29T14:06:22+00:00\",\"dateModified\":\"2019-08-29T14:06:22+00:00\",\"mainEntityOfPage\":{\"@id\":\"https:\/\/www.prijedordanas.com\/?p=132598\"},\"wordCount\":732,\"publisher\":{\"@id\":\"https:\/\/www.prijedordanas.com\/#organization\"},\"articleSection\":[\"Svakodnevno\"],\"inLanguage\":\"en-US\"},{\"@type\":\"WebPage\",\"@id\":\"https:\/\/www.prijedordanas.com\/?p=132598\",\"url\":\"https:\/\/www.prijedordanas.com\/?p=132598\",\"name\":\"Industrijska struja poskupljuje, Vi\u0161kovi\u0107 se izvinio privrednicima: Direktor ArcelorMittala Prijedor ka\u017ee da ni\u0161ta nije dogovoreno - PrijedorDanas.com - Prijedorski gradski portal\",\"isPartOf\":{\"@id\":\"https:\/\/www.prijedordanas.com\/#website\"},\"datePublished\":\"2019-08-29T14:06:22+00:00\",\"dateModified\":\"2019-08-29T14:06:22+00:00\",\"breadcrumb\":{\"@id\":\"https:\/\/www.prijedordanas.com\/?p=132598#breadcrumb\"},\"inLanguage\":\"en-US\",\"potentialAction\":[{\"@type\":\"ReadAction\",\"target\":[\"https:\/\/www.prijedordanas.com\/?p=132598\"]}]},{\"@type\":\"BreadcrumbList\",\"@id\":\"https:\/\/www.prijedordanas.com\/?p=132598#breadcrumb\",\"itemListElement\":[{\"@type\":\"ListItem\",\"position\":1,\"name\":\"Home\",\"item\":\"https:\/\/www.prijedordanas.com\/\"},{\"@type\":\"ListItem\",\"position\":2,\"name\":\"Industrijska struja poskupljuje, Vi\u0161kovi\u0107 se izvinio privrednicima: Direktor ArcelorMittala Prijedor ka\u017ee da ni\u0161ta nije dogovoreno\"}]},{\"@type\":\"WebSite\",\"@id\":\"https:\/\/www.prijedordanas.com\/#website\",\"url\":\"https:\/\/www.prijedordanas.com\/\",\"name\":\"PrijedorDanas.com - Prijedorski gradski portal\",\"description\":\"Portal o doga\u0111anjima u gradu Prijedoru\",\"publisher\":{\"@id\":\"https:\/\/www.prijedordanas.com\/#organization\"},\"potentialAction\":[{\"@type\":\"SearchAction\",\"target\":{\"@type\":\"EntryPoint\",\"urlTemplate\":\"https:\/\/www.prijedordanas.com\/?s={search_term_string}\"},\"query-input\":\"required name=search_term_string\"}],\"inLanguage\":\"en-US\"},{\"@type\":\"Organization\",\"@id\":\"https:\/\/www.prijedordanas.com\/#organization\",\"name\":\"PrijedorDanas.com\",\"url\":\"https:\/\/www.prijedordanas.com\/\",\"logo\":{\"@type\":\"ImageObject\",\"inLanguage\":\"en-US\",\"@id\":\"https:\/\/www.prijedordanas.com\/#\/schema\/logo\/image\/\",\"url\":\"http:\/\/www.prijedordanas.com\/wp-content\/uploads\/2021\/12\/logopng.png\",\"contentUrl\":\"http:\/\/www.prijedordanas.com\/wp-content\/uploads\/2021\/12\/logopng.png\",\"width\":1019,\"height\":776,\"caption\":\"PrijedorDanas.com\"},\"image\":{\"@id\":\"https:\/\/www.prijedordanas.com\/#\/schema\/logo\/image\/\"},\"sameAs\":[\"https:\/\/www.facebook.com\/PrijedorDanasCom\/\"]},{\"@type\":\"Person\",\"@id\":\"https:\/\/www.prijedordanas.com\/#\/schema\/person\/4e08ccf29b506ca916ff86d46bb700e6\",\"name\":\"admin\",\"image\":{\"@type\":\"ImageObject\",\"inLanguage\":\"en-US\",\"@id\":\"https:\/\/www.prijedordanas.com\/#\/schema\/person\/image\/\",\"url\":\"https:\/\/secure.gravatar.com\/avatar\/1d3fc949d550f0b53a5f0d51e06dfd79?s=96&d=mm&r=g\",\"contentUrl\":\"https:\/\/secure.gravatar.com\/avatar\/1d3fc949d550f0b53a5f0d51e06dfd79?s=96&d=mm&r=g\",\"caption\":\"admin\"},\"url\":\"https:\/\/www.prijedordanas.com\/?author=1\"}]}<\/script>\n<!-- \/ Yoast SEO plugin. -->","yoast_head_json":{"title":"Industrijska struja poskupljuje, Vi\u0161kovi\u0107 se izvinio privrednicima: Direktor ArcelorMittala Prijedor ka\u017ee da ni\u0161ta nije dogovoreno - PrijedorDanas.com - Prijedorski gradski portal","robots":{"index":"index","follow":"follow","max-snippet":"max-snippet:-1","max-image-preview":"max-image-preview:large","max-video-preview":"max-video-preview:-1"},"canonical":"https:\/\/www.prijedordanas.com\/?p=132598","og_locale":"en_US","og_type":"article","og_title":"Industrijska struja poskupljuje, Vi\u0161kovi\u0107 se izvinio privrednicima: Direktor ArcelorMittala Prijedor ka\u017ee da ni\u0161ta nije dogovoreno - PrijedorDanas.com - Prijedorski gradski portal","og_description":"Premijer Srpske Radovan Vi\u0161kovi\u0107 i predsjednik Privredne komore RS Borko \u0110uri\u0107 pohvalili su se dogovorom o pove\u0107anju cijena industrijske struje, iako nije precizirano za koliko \u0107e svim kategorijama privrede cijena [&hellip;]","og_url":"https:\/\/www.prijedordanas.com\/?p=132598","og_site_name":"PrijedorDanas.com - Prijedorski gradski portal","article_publisher":"https:\/\/www.facebook.com\/PrijedorDanasCom\/","article_published_time":"2019-08-29T14:06:22+00:00","og_image":[{"url":"https:\/\/www.prijedordanas.com\/wp-content\/uploads\/2019\/08\/capital-sastanak-privrednici-struja-poskupljenje-300x224.jpg"}],"author":"admin","twitter_card":"summary_large_image","twitter_misc":{"Written by":"admin","Est. reading time":"4 minutes"},"schema":{"@context":"https:\/\/schema.org","@graph":[{"@type":"Article","@id":"https:\/\/www.prijedordanas.com\/?p=132598#article","isPartOf":{"@id":"https:\/\/www.prijedordanas.com\/?p=132598"},"author":{"name":"admin","@id":"https:\/\/www.prijedordanas.com\/#\/schema\/person\/4e08ccf29b506ca916ff86d46bb700e6"},"headline":"Industrijska struja poskupljuje, Vi\u0161kovi\u0107 se izvinio privrednicima: Direktor ArcelorMittala Prijedor ka\u017ee da ni\u0161ta nije dogovoreno","datePublished":"2019-08-29T14:06:22+00:00","dateModified":"2019-08-29T14:06:22+00:00","mainEntityOfPage":{"@id":"https:\/\/www.prijedordanas.com\/?p=132598"},"wordCount":732,"publisher":{"@id":"https:\/\/www.prijedordanas.com\/#organization"},"articleSection":["Svakodnevno"],"inLanguage":"en-US"},{"@type":"WebPage","@id":"https:\/\/www.prijedordanas.com\/?p=132598","url":"https:\/\/www.prijedordanas.com\/?p=132598","name":"Industrijska struja poskupljuje, Vi\u0161kovi\u0107 se izvinio privrednicima: Direktor ArcelorMittala Prijedor ka\u017ee da ni\u0161ta nije dogovoreno - PrijedorDanas.com - Prijedorski gradski portal","isPartOf":{"@id":"https:\/\/www.prijedordanas.com\/#website"},"datePublished":"2019-08-29T14:06:22+00:00","dateModified":"2019-08-29T14:06:22+00:00","breadcrumb":{"@id":"https:\/\/www.prijedordanas.com\/?p=132598#breadcrumb"},"inLanguage":"en-US","potentialAction":[{"@type":"ReadAction","target":["https:\/\/www.prijedordanas.com\/?p=132598"]}]},{"@type":"BreadcrumbList","@id":"https:\/\/www.prijedordanas.com\/?p=132598#breadcrumb","itemListElement":[{"@type":"ListItem","position":1,"name":"Home","item":"https:\/\/www.prijedordanas.com\/"},{"@type":"ListItem","position":2,"name":"Industrijska struja poskupljuje, Vi\u0161kovi\u0107 se izvinio privrednicima: Direktor ArcelorMittala Prijedor ka\u017ee da ni\u0161ta nije dogovoreno"}]},{"@type":"WebSite","@id":"https:\/\/www.prijedordanas.com\/#website","url":"https:\/\/www.prijedordanas.com\/","name":"PrijedorDanas.com - Prijedorski gradski portal","description":"Portal o doga\u0111anjima u gradu Prijedoru","publisher":{"@id":"https:\/\/www.prijedordanas.com\/#organization"},"potentialAction":[{"@type":"SearchAction","target":{"@type":"EntryPoint","urlTemplate":"https:\/\/www.prijedordanas.com\/?s={search_term_string}"},"query-input":"required name=search_term_string"}],"inLanguage":"en-US"},{"@type":"Organization","@id":"https:\/\/www.prijedordanas.com\/#organization","name":"PrijedorDanas.com","url":"https:\/\/www.prijedordanas.com\/","logo":{"@type":"ImageObject","inLanguage":"en-US","@id":"https:\/\/www.prijedordanas.com\/#\/schema\/logo\/image\/","url":"http:\/\/www.prijedordanas.com\/wp-content\/uploads\/2021\/12\/logopng.png","contentUrl":"http:\/\/www.prijedordanas.com\/wp-content\/uploads\/2021\/12\/logopng.png","width":1019,"height":776,"caption":"PrijedorDanas.com"},"image":{"@id":"https:\/\/www.prijedordanas.com\/#\/schema\/logo\/image\/"},"sameAs":["https:\/\/www.facebook.com\/PrijedorDanasCom\/"]},{"@type":"Person","@id":"https:\/\/www.prijedordanas.com\/#\/schema\/person\/4e08ccf29b506ca916ff86d46bb700e6","name":"admin","image":{"@type":"ImageObject","inLanguage":"en-US","@id":"https:\/\/www.prijedordanas.com\/#\/schema\/person\/image\/","url":"https:\/\/secure.gravatar.com\/avatar\/1d3fc949d550f0b53a5f0d51e06dfd79?s=96&d=mm&r=g","contentUrl":"https:\/\/secure.gravatar.com\/avatar\/1d3fc949d550f0b53a5f0d51e06dfd79?s=96&d=mm&r=g","caption":"admin"},"url":"https:\/\/www.prijedordanas.com\/?author=1"}]}},"_links":{"self":[{"href":"https:\/\/www.prijedordanas.com\/index.php?rest_route=\/wp\/v2\/posts\/132598"}],"collection":[{"href":"https:\/\/www.prijedordanas.com\/index.php?rest_route=\/wp\/v2\/posts"}],"about":[{"href":"https:\/\/www.prijedordanas.com\/index.php?rest_route=\/wp\/v2\/types\/post"}],"author":[{"embeddable":true,"href":"https:\/\/www.prijedordanas.com\/index.php?rest_route=\/wp\/v2\/users\/1"}],"replies":[{"embeddable":true,"href":"https:\/\/www.prijedordanas.com\/index.php?rest_route=%2Fwp%2Fv2%2Fcomments&post=132598"}],"version-history":[{"count":3,"href":"https:\/\/www.prijedordanas.com\/index.php?rest_route=\/wp\/v2\/posts\/132598\/revisions"}],"predecessor-version":[{"id":132673,"href":"https:\/\/www.prijedordanas.com\/index.php?rest_route=\/wp\/v2\/posts\/132598\/revisions\/132673"}],"wp:attachment":[{"href":"https:\/\/www.prijedordanas.com\/index.php?rest_route=%2Fwp%2Fv2%2Fmedia&parent=132598"}],"wp:term":[{"taxonomy":"category","embeddable":true,"href":"https:\/\/www.prijedordanas.com\/index.php?rest_route=%2Fwp%2Fv2%2Fcategories&post=132598"},{"taxonomy":"post_tag","embeddable":true,"href":"https:\/\/www.prijedordanas.com\/index.php?rest_route=%2Fwp%2Fv2%2Ftags&post=132598"}],"curies":[{"name":"wp","href":"https:\/\/api.w.org\/{rel}","templated":true}]}}