{"id":132593,"date":"2019-08-27T18:50:07","date_gmt":"2019-08-27T16:50:07","guid":{"rendered":"https:\/\/www.prijedordanas.com\/?p=132593"},"modified":"2019-08-27T18:50:07","modified_gmt":"2019-08-27T16:50:07","slug":"konkurs-za-posao-muzicka-skola-savo-balaban-prijedor-prima-radnika-3","status":"publish","type":"post","link":"https:\/\/www.prijedordanas.com\/?p=132593","title":{"rendered":"Konkurs za posao: Muzi\u010dka \u0161kola \u201eSavo Balaban\u201c Prijedor prima radnika"},"content":{"rendered":"<p><a href=\"https:\/\/www.prijedordanas.com\/wp-content\/uploads\/2018\/02\/ilustracija-posao-3.jpg\"><img loading=\"lazy\" decoding=\"async\" src=\"https:\/\/www.prijedordanas.com\/wp-content\/uploads\/2018\/02\/ilustracija-posao-3-300x222.jpg\" alt=\"\" width=\"300\" height=\"222\" class=\"alignleft size-medium wp-image-98636\" srcset=\"https:\/\/www.prijedordanas.com\/wp-content\/uploads\/2018\/02\/ilustracija-posao-3-300x222.jpg 300w, https:\/\/www.prijedordanas.com\/wp-content\/uploads\/2018\/02\/ilustracija-posao-3-100x74.jpg 100w, https:\/\/www.prijedordanas.com\/wp-content\/uploads\/2018\/02\/ilustracija-posao-3.jpg 675w\" sizes=\"(max-width: 300px) 100vw, 300px\" \/><\/a>JU Muzi\u010dka \u0161kola \u201eSavo Balaban\u201c<\/p>\n<p>Oblast: Obrazovanje<br \/>\nRad na: Odre\u0111eno vrijeme<br \/>\nRegija: Prijedor<br \/>\nOtvoreno do: 29.08.2019.<br \/>\nBroj izvr\u0161ilaca: 1<\/p>\n<p>OPIS RADNOG MJESTA<br \/>\nJU MUZI\u010cKA \u0160KOLA \u201eSAVO BALABAN\u201c<br \/>\nP R I J E D O R<br \/>\nBroj:  903\/19<br \/>\ntel.: 052 240-090 ili 052 240-091<\/p>\n<p>Na osnovu Zakona o radu (\u201eSlu\u017ebeni glasnik Republike Srpske\u201c, broj: 1\/16 i  66\/18), \u010dlana 106. Zakona o srednjem obrazovanju i vaspitanju (\u201eSlu\u017ebeni glasnik Republike Srpske\u201c, broj: 41\/18) i Pravilnika o vrsti stru\u010dne spreme  nastavnika i stru\u010dnih saradnika  (\u201eSlu\u017ebeni glasnik Republike Srpske\u201c, broj: 29\/12), direktor \u0161kole objavljuje:<\/p>\n<p>                                                  K  O  N  K  U  R  S<br \/>\n                                        za popunu upra\u017enjenog radnog mjesta<\/p>\n<p>1. Profesor sociologije, demokratije i ljudskih prava, kultura religija &#8211; profesor filozofije  &#8211; VII stepen  stru\u010dne spreme  &#8211;  5 \u010dasova  sedmi\u010dno sa radnim iskustvom i polo\u017eenim stru\u010dnim ispitom  &#8211; na odre\u0111eno vrijeme  do 30.06.2020. godine do povratka radnice sa porodiljskog  odsustva<\/p>\n<p>OP\u0160TI I POSEBNI USLOVI ZA PRIJEM U RADNI ODNOS<br \/>\n1) OP\u0160TI  USLOVI:<br \/>\n1) da je dr\u017eavljanin Republike Srpske ili Bosne i Hercegovine, a to se dokazuje<br \/>\nuvjerenjem o dr\u017eavljanstvu,<br \/>\n2) da je punoljetan, a to se dokazuje izvodom iz mati\u010dne knjige ro\u0111enih ili kopijom  li\u010dne karte,<br \/>\n3) da je radno sposoban, a to se dokazuje ljekarskim uvjerenjem o psihofizi\u010dkoj sposobnosti, koje ne mo\u017ee biti starije od \u0161est mjeseci, i  prila\u017ee  ga samo izabrani kandidat nakon izvr\u0161enog izbora po konkursu, a prije zasnivanja radnog odnosa,<br \/>\n4) da nije osu\u0111ivan pravosna\u017enom presudom za krivi\u010dna djela u\u010dinjena protiv dostojanstva li\u010dnosti, morala, slu\u017ebene du\u017enosti, trgovine ljudima, zlostavljanja djeteta, polnog i drugog nasilja nad djetetom ili maloljetnim licem, zloupotrebe opojnih sedstava,<br \/>\n5) ) uvjerenje o podacima iz posebnog registra lica pravosna\u017eno osu\u0111enih za krivi\u010dna djela seksualne zloupotrebe i iskori\u0161c\u0301avanja djece,<br \/>\n6) uvjerenje da protiv njega nije pokrenut krivi\u010dni postupak za djela u\u010dinjena protiv dostojanstva li\u010dnosti, morala, slu\u017ebene du\u017enosti, polnog integriteta, zlostavljanja djeteta, polnog i drugog nasilja nad djetetom ili maloljetnim licem.<\/p>\n<p>(2)  Uvjerenje  iz  stava 1. ta\u010dka 4)  i 5) za izabranog kandidata \u0161kola  pribavlja  slu\u017ebenim putem, a prije zasnivanja radnog odnosa.<br \/>\n(3)  Uz potpisanu prijavu  i dokumentaciju iz  op\u0161tih uslova potrebno je dostaviti  dokumentaciju  na osnovu koje se dokazuje  ispunjenost  posebnih uslova  i dokumentaciju na osnovu koje se vr\u0161i bodovanje po  kriterijumima  propisanim  Pravilnikom o postupku za prijem u radni odnos u srednjoj \u0161koli i na\u010dinu bodovanja kriterijuma za prijem (\u201eSlu\u017ebeni glasnik Republike Srpske\u201c, broj: 24\/19).<br \/>\nDokumentacija iz stava 3) podrazumijeva:<br \/>\n-ovjerenu foto-kopiju diplome o zavr\u0161enom prvom ciklusu studijskog programa  u \u010detvorogodi\u0161njem trajanju sa najmanje ostvarenih 240 ECTS bodova, u kojoj je navedeno stru\u010dno zvanje u odre\u0111enoj oblasti ili ekvivalent,<br \/>\n-uvjerenje o polo\u017eenoj pedago\u0161ko-psiholo\u0161koj i didakti\u010dko-metodi\u010dkoj grupi predmeta, koje je du\u017ean dostaviti kandidat za nastavnika koji u toku studija nije polo\u017eio pedago\u0161ko-psiholo\u0161ku i didakti\u010dko-metodi\u010dku grupu predmeta,<br \/>\n-uvjerenje o polo\u017eenom stru\u010dnom ispitu,<br \/>\n-dodatak diplomi, koji sadr\u017ei podatke o prosjeku ocjena tokom studiranja ili uvjerenje visoko\u0161kolske ustanove o prosjeku ocjena tokom studiranja, ukoliko u diplomi ne postoje podaci o prosjeku ocjena,<br \/>\n-uvjerenje izdato od Zavoda za zapo\u0161ljavanje o vremenu provedenom na evidenciji nezaposlenih lica koja  tra\u017ee zaposlenje,<br \/>\n-uvjerenje o radnom sta\u017eu izdato od ranijeg poslodavca,<br \/>\n-uvjerenje op\u0161tinskog\/gradskog organa uprave nadle\u017enog za bora\u010dko-invalidsku za\u0161titu o utvr\u0111enom statusu \u010dlana porodice poginulog borca Odbrambeno-otad\u017ebinskog rata Republike  Srspke,  ukoliko  se radi o -kandidatu iz kategorije porodice poginulog borca,<br \/>\n-uvjerenje op\u0161tinskog\/gradskog organa uprave nadle\u017enog za bora\u010dko-invalidsku za\u0161titu o utvr\u0111enom statusu ratnog vojnog invalida  Odbrambeno-otad\u017ebinskog rata Republike Srpske,  ukoliko se radi o kandidatu iz kategorije ratnog vojnog invalida,<br \/>\n-uvjerenje op\u0161tinskog\/gradskog organa uprave nadle\u017enog za bora\u010dko-invalidsku za\u0161titu o utvr\u0111enom statusu borca  Odbrambeno-otad\u017ebinskog rata Republike Srpske,  ukoliko se radi o kandidatu iz kategorije borca.<\/p>\n<p>(4) Pravo u\u010de\u0161c\u0301a na konkursu  imaju i lica  koja su stekla radni sta\u017e  van \u0161kole u trajanju od najmanje godinu dana u struci, ukoliko ispunjavau  ostale uslove  propisane  Zakona o srednjem obrazovanju i vaspitanju.<br \/>\n(5) Pravo u\u010de\u0161c\u0301a na konkursu  imaju i i lica koja su po propisima va\u017eec\u0301im do stupanja na snagu Zakona o srednjem obrazovanju i vaspitanju ispunjavali uslove u pogledu profila i zvanja nastavnika.<br \/>\n(6) Za sve kandidate koji ispunjavaju gore navedene uslove testiranje i intervju c\u0301e se odr\u017eati  05.09.2019. godine sa po\u010detkom u  10 \u010dasova, u prostorijama \u0161kole.<br \/>\nSpisak kandidata koji ispunjavaju uslove konkursa, nakon pregleda dostvljene dokumentacije,  \u0161kola c\u0301e postaviti  na oglasnoj tabli \u0161kole, a po moguc\u0301nosti i na internet stranicu \u0161kole, najkasnije tri dana prije zakazanog testiranja i intervjua.<br \/>\nKandidat  koji se ne pojavi na testiranju  i intervjuu smatrac\u0301e se da je odustao od prijave.<br \/>\n(7) Kandidati  su du\u017eni dostaviti ovjerene kopije svih dokumenata i isti se ne vrac\u0301aju.<\/p>\n<p>Neblagovremene  i nepotpuno dostavljene prijave se nec\u0301e razmatrati.<br \/>\nKonkurs ostaje otvoren 8 dana od dana objavljivanja u GLASU SRPSKE.<br \/>\nPrijave sa potpunom dokumentacijom  dostaviti  li\u010dno ili  slati na adresu:<br \/>\nJU Muzi\u010dka \u0161kola \u201eSavo Balaban\u201c<br \/>\nBranislava Nu\u0161ic\u0301a br. 9<br \/>\n79 101 PRIJEDOR<\/p>\n<p>Zavod za zapo\u0161ljavanje RS<br \/>\nFoto &#8211; ilustracija<\/p>\n","protected":false},"excerpt":{"rendered":"<p>JU Muzi\u010dka \u0161kola \u201eSavo Balaban\u201c Oblast: Obrazovanje Rad na: Odre\u0111eno vrijeme Regija: Prijedor Otvoreno do: 29.08.2019. Broj izvr\u0161ilaca: 1 OPIS RADNOG MJESTA JU MUZI\u010cKA \u0160KOLA \u201eSAVO BALABAN\u201c P R I [&hellip;]<\/p>\n","protected":false},"author":1,"featured_media":0,"comment_status":"closed","ping_status":"open","sticky":false,"template":"","format":"standard","meta":{"_monsterinsights_skip_tracking":false,"_monsterinsights_sitenote_active":false,"_monsterinsights_sitenote_note":"","_monsterinsights_sitenote_category":0,"footnotes":""},"categories":[7519],"tags":[597],"yoast_head":"<!-- This site is optimized with the Yoast SEO plugin v21.6 - https:\/\/yoast.com\/wordpress\/plugins\/seo\/ -->\n<title>Konkurs za posao: Muzi\u010dka \u0161kola \u201eSavo Balaban\u201c Prijedor prima radnika - PrijedorDanas.com - Prijedorski gradski portal<\/title>\n<meta name=\"robots\" content=\"index, follow, max-snippet:-1, max-image-preview:large, max-video-preview:-1\" \/>\n<link rel=\"canonical\" href=\"https:\/\/www.prijedordanas.com\/?p=132593\" \/>\n<meta property=\"og:locale\" content=\"en_US\" \/>\n<meta property=\"og:type\" content=\"article\" \/>\n<meta property=\"og:title\" content=\"Konkurs za posao: Muzi\u010dka \u0161kola \u201eSavo Balaban\u201c Prijedor prima radnika - PrijedorDanas.com - Prijedorski gradski portal\" \/>\n<meta property=\"og:description\" content=\"JU Muzi\u010dka \u0161kola \u201eSavo Balaban\u201c Oblast: Obrazovanje Rad na: Odre\u0111eno vrijeme Regija: Prijedor Otvoreno do: 29.08.2019. Broj izvr\u0161ilaca: 1 OPIS RADNOG MJESTA JU MUZI\u010cKA \u0160KOLA \u201eSAVO BALABAN\u201c P R I [&hellip;]\" \/>\n<meta property=\"og:url\" content=\"https:\/\/www.prijedordanas.com\/?p=132593\" \/>\n<meta property=\"og:site_name\" content=\"PrijedorDanas.com - Prijedorski gradski portal\" \/>\n<meta property=\"article:publisher\" content=\"https:\/\/www.facebook.com\/PrijedorDanasCom\/\" \/>\n<meta property=\"article:published_time\" content=\"2019-08-27T16:50:07+00:00\" \/>\n<meta property=\"og:image\" content=\"https:\/\/www.prijedordanas.com\/wp-content\/uploads\/2018\/02\/ilustracija-posao-3-300x222.jpg\" \/>\n<meta name=\"author\" content=\"admin\" \/>\n<meta name=\"twitter:card\" content=\"summary_large_image\" \/>\n<meta name=\"twitter:label1\" content=\"Written by\" \/>\n\t<meta name=\"twitter:data1\" content=\"admin\" \/>\n\t<meta name=\"twitter:label2\" content=\"Est. reading time\" \/>\n\t<meta name=\"twitter:data2\" content=\"4 minutes\" \/>\n<script type=\"application\/ld+json\" class=\"yoast-schema-graph\">{\"@context\":\"https:\/\/schema.org\",\"@graph\":[{\"@type\":\"Article\",\"@id\":\"https:\/\/www.prijedordanas.com\/?p=132593#article\",\"isPartOf\":{\"@id\":\"https:\/\/www.prijedordanas.com\/?p=132593\"},\"author\":{\"name\":\"admin\",\"@id\":\"https:\/\/www.prijedordanas.com\/#\/schema\/person\/4e08ccf29b506ca916ff86d46bb700e6\"},\"headline\":\"Konkurs za posao: Muzi\u010dka \u0161kola \u201eSavo Balaban\u201c Prijedor prima radnika\",\"datePublished\":\"2019-08-27T16:50:07+00:00\",\"dateModified\":\"2019-08-27T16:50:07+00:00\",\"mainEntityOfPage\":{\"@id\":\"https:\/\/www.prijedordanas.com\/?p=132593\"},\"wordCount\":870,\"publisher\":{\"@id\":\"https:\/\/www.prijedordanas.com\/#organization\"},\"keywords\":[\"posao\"],\"articleSection\":[\"Posao\"],\"inLanguage\":\"en-US\"},{\"@type\":\"WebPage\",\"@id\":\"https:\/\/www.prijedordanas.com\/?p=132593\",\"url\":\"https:\/\/www.prijedordanas.com\/?p=132593\",\"name\":\"Konkurs za posao: Muzi\u010dka \u0161kola \u201eSavo Balaban\u201c Prijedor prima radnika - PrijedorDanas.com - Prijedorski gradski portal\",\"isPartOf\":{\"@id\":\"https:\/\/www.prijedordanas.com\/#website\"},\"datePublished\":\"2019-08-27T16:50:07+00:00\",\"dateModified\":\"2019-08-27T16:50:07+00:00\",\"breadcrumb\":{\"@id\":\"https:\/\/www.prijedordanas.com\/?p=132593#breadcrumb\"},\"inLanguage\":\"en-US\",\"potentialAction\":[{\"@type\":\"ReadAction\",\"target\":[\"https:\/\/www.prijedordanas.com\/?p=132593\"]}]},{\"@type\":\"BreadcrumbList\",\"@id\":\"https:\/\/www.prijedordanas.com\/?p=132593#breadcrumb\",\"itemListElement\":[{\"@type\":\"ListItem\",\"position\":1,\"name\":\"Home\",\"item\":\"https:\/\/www.prijedordanas.com\/\"},{\"@type\":\"ListItem\",\"position\":2,\"name\":\"Konkurs za posao: Muzi\u010dka \u0161kola \u201eSavo Balaban\u201c Prijedor prima radnika\"}]},{\"@type\":\"WebSite\",\"@id\":\"https:\/\/www.prijedordanas.com\/#website\",\"url\":\"https:\/\/www.prijedordanas.com\/\",\"name\":\"PrijedorDanas.com - Prijedorski gradski portal\",\"description\":\"Portal o doga\u0111anjima u gradu Prijedoru\",\"publisher\":{\"@id\":\"https:\/\/www.prijedordanas.com\/#organization\"},\"potentialAction\":[{\"@type\":\"SearchAction\",\"target\":{\"@type\":\"EntryPoint\",\"urlTemplate\":\"https:\/\/www.prijedordanas.com\/?s={search_term_string}\"},\"query-input\":\"required name=search_term_string\"}],\"inLanguage\":\"en-US\"},{\"@type\":\"Organization\",\"@id\":\"https:\/\/www.prijedordanas.com\/#organization\",\"name\":\"PrijedorDanas.com\",\"url\":\"https:\/\/www.prijedordanas.com\/\",\"logo\":{\"@type\":\"ImageObject\",\"inLanguage\":\"en-US\",\"@id\":\"https:\/\/www.prijedordanas.com\/#\/schema\/logo\/image\/\",\"url\":\"http:\/\/www.prijedordanas.com\/wp-content\/uploads\/2021\/12\/logopng.png\",\"contentUrl\":\"http:\/\/www.prijedordanas.com\/wp-content\/uploads\/2021\/12\/logopng.png\",\"width\":1019,\"height\":776,\"caption\":\"PrijedorDanas.com\"},\"image\":{\"@id\":\"https:\/\/www.prijedordanas.com\/#\/schema\/logo\/image\/\"},\"sameAs\":[\"https:\/\/www.facebook.com\/PrijedorDanasCom\/\"]},{\"@type\":\"Person\",\"@id\":\"https:\/\/www.prijedordanas.com\/#\/schema\/person\/4e08ccf29b506ca916ff86d46bb700e6\",\"name\":\"admin\",\"image\":{\"@type\":\"ImageObject\",\"inLanguage\":\"en-US\",\"@id\":\"https:\/\/www.prijedordanas.com\/#\/schema\/person\/image\/\",\"url\":\"https:\/\/secure.gravatar.com\/avatar\/1d3fc949d550f0b53a5f0d51e06dfd79?s=96&d=mm&r=g\",\"contentUrl\":\"https:\/\/secure.gravatar.com\/avatar\/1d3fc949d550f0b53a5f0d51e06dfd79?s=96&d=mm&r=g\",\"caption\":\"admin\"},\"url\":\"https:\/\/www.prijedordanas.com\/?author=1\"}]}<\/script>\n<!-- \/ Yoast SEO plugin. -->","yoast_head_json":{"title":"Konkurs za posao: Muzi\u010dka \u0161kola \u201eSavo Balaban\u201c Prijedor prima radnika - PrijedorDanas.com - Prijedorski gradski portal","robots":{"index":"index","follow":"follow","max-snippet":"max-snippet:-1","max-image-preview":"max-image-preview:large","max-video-preview":"max-video-preview:-1"},"canonical":"https:\/\/www.prijedordanas.com\/?p=132593","og_locale":"en_US","og_type":"article","og_title":"Konkurs za posao: Muzi\u010dka \u0161kola \u201eSavo Balaban\u201c Prijedor prima radnika - PrijedorDanas.com - Prijedorski gradski portal","og_description":"JU Muzi\u010dka \u0161kola \u201eSavo Balaban\u201c Oblast: Obrazovanje Rad na: Odre\u0111eno vrijeme Regija: Prijedor Otvoreno do: 29.08.2019. Broj izvr\u0161ilaca: 1 OPIS RADNOG MJESTA JU MUZI\u010cKA \u0160KOLA \u201eSAVO BALABAN\u201c P R I [&hellip;]","og_url":"https:\/\/www.prijedordanas.com\/?p=132593","og_site_name":"PrijedorDanas.com - Prijedorski gradski portal","article_publisher":"https:\/\/www.facebook.com\/PrijedorDanasCom\/","article_published_time":"2019-08-27T16:50:07+00:00","og_image":[{"url":"https:\/\/www.prijedordanas.com\/wp-content\/uploads\/2018\/02\/ilustracija-posao-3-300x222.jpg"}],"author":"admin","twitter_card":"summary_large_image","twitter_misc":{"Written by":"admin","Est. reading time":"4 minutes"},"schema":{"@context":"https:\/\/schema.org","@graph":[{"@type":"Article","@id":"https:\/\/www.prijedordanas.com\/?p=132593#article","isPartOf":{"@id":"https:\/\/www.prijedordanas.com\/?p=132593"},"author":{"name":"admin","@id":"https:\/\/www.prijedordanas.com\/#\/schema\/person\/4e08ccf29b506ca916ff86d46bb700e6"},"headline":"Konkurs za posao: Muzi\u010dka \u0161kola \u201eSavo Balaban\u201c Prijedor prima radnika","datePublished":"2019-08-27T16:50:07+00:00","dateModified":"2019-08-27T16:50:07+00:00","mainEntityOfPage":{"@id":"https:\/\/www.prijedordanas.com\/?p=132593"},"wordCount":870,"publisher":{"@id":"https:\/\/www.prijedordanas.com\/#organization"},"keywords":["posao"],"articleSection":["Posao"],"inLanguage":"en-US"},{"@type":"WebPage","@id":"https:\/\/www.prijedordanas.com\/?p=132593","url":"https:\/\/www.prijedordanas.com\/?p=132593","name":"Konkurs za posao: Muzi\u010dka \u0161kola \u201eSavo Balaban\u201c Prijedor prima radnika - PrijedorDanas.com - Prijedorski gradski portal","isPartOf":{"@id":"https:\/\/www.prijedordanas.com\/#website"},"datePublished":"2019-08-27T16:50:07+00:00","dateModified":"2019-08-27T16:50:07+00:00","breadcrumb":{"@id":"https:\/\/www.prijedordanas.com\/?p=132593#breadcrumb"},"inLanguage":"en-US","potentialAction":[{"@type":"ReadAction","target":["https:\/\/www.prijedordanas.com\/?p=132593"]}]},{"@type":"BreadcrumbList","@id":"https:\/\/www.prijedordanas.com\/?p=132593#breadcrumb","itemListElement":[{"@type":"ListItem","position":1,"name":"Home","item":"https:\/\/www.prijedordanas.com\/"},{"@type":"ListItem","position":2,"name":"Konkurs za posao: Muzi\u010dka \u0161kola \u201eSavo Balaban\u201c Prijedor prima radnika"}]},{"@type":"WebSite","@id":"https:\/\/www.prijedordanas.com\/#website","url":"https:\/\/www.prijedordanas.com\/","name":"PrijedorDanas.com - Prijedorski gradski portal","description":"Portal o doga\u0111anjima u gradu Prijedoru","publisher":{"@id":"https:\/\/www.prijedordanas.com\/#organization"},"potentialAction":[{"@type":"SearchAction","target":{"@type":"EntryPoint","urlTemplate":"https:\/\/www.prijedordanas.com\/?s={search_term_string}"},"query-input":"required name=search_term_string"}],"inLanguage":"en-US"},{"@type":"Organization","@id":"https:\/\/www.prijedordanas.com\/#organization","name":"PrijedorDanas.com","url":"https:\/\/www.prijedordanas.com\/","logo":{"@type":"ImageObject","inLanguage":"en-US","@id":"https:\/\/www.prijedordanas.com\/#\/schema\/logo\/image\/","url":"http:\/\/www.prijedordanas.com\/wp-content\/uploads\/2021\/12\/logopng.png","contentUrl":"http:\/\/www.prijedordanas.com\/wp-content\/uploads\/2021\/12\/logopng.png","width":1019,"height":776,"caption":"PrijedorDanas.com"},"image":{"@id":"https:\/\/www.prijedordanas.com\/#\/schema\/logo\/image\/"},"sameAs":["https:\/\/www.facebook.com\/PrijedorDanasCom\/"]},{"@type":"Person","@id":"https:\/\/www.prijedordanas.com\/#\/schema\/person\/4e08ccf29b506ca916ff86d46bb700e6","name":"admin","image":{"@type":"ImageObject","inLanguage":"en-US","@id":"https:\/\/www.prijedordanas.com\/#\/schema\/person\/image\/","url":"https:\/\/secure.gravatar.com\/avatar\/1d3fc949d550f0b53a5f0d51e06dfd79?s=96&d=mm&r=g","contentUrl":"https:\/\/secure.gravatar.com\/avatar\/1d3fc949d550f0b53a5f0d51e06dfd79?s=96&d=mm&r=g","caption":"admin"},"url":"https:\/\/www.prijedordanas.com\/?author=1"}]}},"_links":{"self":[{"href":"https:\/\/www.prijedordanas.com\/index.php?rest_route=\/wp\/v2\/posts\/132593"}],"collection":[{"href":"https:\/\/www.prijedordanas.com\/index.php?rest_route=\/wp\/v2\/posts"}],"about":[{"href":"https:\/\/www.prijedordanas.com\/index.php?rest_route=\/wp\/v2\/types\/post"}],"author":[{"embeddable":true,"href":"https:\/\/www.prijedordanas.com\/index.php?rest_route=\/wp\/v2\/users\/1"}],"replies":[{"embeddable":true,"href":"https:\/\/www.prijedordanas.com\/index.php?rest_route=%2Fwp%2Fv2%2Fcomments&post=132593"}],"version-history":[{"count":1,"href":"https:\/\/www.prijedordanas.com\/index.php?rest_route=\/wp\/v2\/posts\/132593\/revisions"}],"predecessor-version":[{"id":132594,"href":"https:\/\/www.prijedordanas.com\/index.php?rest_route=\/wp\/v2\/posts\/132593\/revisions\/132594"}],"wp:attachment":[{"href":"https:\/\/www.prijedordanas.com\/index.php?rest_route=%2Fwp%2Fv2%2Fmedia&parent=132593"}],"wp:term":[{"taxonomy":"category","embeddable":true,"href":"https:\/\/www.prijedordanas.com\/index.php?rest_route=%2Fwp%2Fv2%2Fcategories&post=132593"},{"taxonomy":"post_tag","embeddable":true,"href":"https:\/\/www.prijedordanas.com\/index.php?rest_route=%2Fwp%2Fv2%2Ftags&post=132593"}],"curies":[{"name":"wp","href":"https:\/\/api.w.org\/{rel}","templated":true}]}}