{"id":132543,"date":"2019-08-26T15:41:06","date_gmt":"2019-08-26T13:41:06","guid":{"rendered":"https:\/\/www.prijedordanas.com\/?p=132543"},"modified":"2019-08-26T15:41:06","modified_gmt":"2019-08-26T13:41:06","slug":"nova-skupstinska-vecina-u-prijedoru-kad-osjeti-da-gubi-dns-trazi-pomoc-od-ministarke","status":"publish","type":"post","link":"https:\/\/www.prijedordanas.com\/?p=132543","title":{"rendered":"Nova skup\u0161tinska ve\u0107ina u Prijedoru: Kad osjeti da gubi, DNS tra\u017ei pomo\u0107 od ministarke"},"content":{"rendered":"<p><a href=\"https:\/\/www.prijedordanas.com\/wp-content\/uploads\/2019\/07\/skupstina-grada-posebna-sjednica-10juli-3.jpg\"><img loading=\"lazy\" decoding=\"async\" class=\"alignleft size-medium wp-image-130443\" src=\"https:\/\/www.prijedordanas.com\/wp-content\/uploads\/2019\/07\/skupstina-grada-posebna-sjednica-10juli-3-300x217.jpg\" alt=\"\" width=\"300\" height=\"217\" srcset=\"https:\/\/www.prijedordanas.com\/wp-content\/uploads\/2019\/07\/skupstina-grada-posebna-sjednica-10juli-3-300x217.jpg 300w, https:\/\/www.prijedordanas.com\/wp-content\/uploads\/2019\/07\/skupstina-grada-posebna-sjednica-10juli-3-100x72.jpg 100w, https:\/\/www.prijedordanas.com\/wp-content\/uploads\/2019\/07\/skupstina-grada-posebna-sjednica-10juli-3.jpg 690w\" sizes=\"(max-width: 300px) 100vw, 300px\" \/><\/a>Predsjednici Gradskih odbora politi\u010dkih partija koje \u010dine novu ve\u0107inu u Skup\u0161tini grada Prijedora tvrde da je ministarka DNS Lejla Re\u0161i\u0107 pod uticajem ljudi iz svoje politi\u010dke partije predlo\u017eila ukidanje nedavnih skup\u0161tinskih odluka.<\/p>\n<p>Oni tvrde da Re\u0161i\u0107eva, kao i gradona\u010delnik Prijedora Milenko \u0110akovi\u0107 odluke donose pod uticajem \u201cmentora\u201d i \u201ctutora\u201d.<\/p>\n<p>\u2013 Ovim putem \u017eelimo da upoznamo javnost kako to izgleda kada u Prijedoru odlu\u010dite ne\u0161to da promijenite, kako bi stali u kraj vi\u0161egodi\u0161njoj diktaturi jedne politi\u010dke partije, java\u0161luku, malverzacijama, favorizovanju pojedinaca na tenderima, zbog kojih trpe gra\u0111ani, namje\u0161tanju podobnih na funkcije, koji, kao da su ro\u0111eni sa foteljama, postaju nezamjenjivi. Kad osjeti da gubi, prijedorski DNS, naviknut da mu u gradu \u2013 bastionu ove politi\u010dke partije ide \u201esve na ruku\u201c, tra\u017ei pomo\u0107 od ministarke Lejle Re\u0161i\u0107 (DNS) \u2013 naveli su oni.<\/p>\n<p>Dodaju da gradona\u010delniku grada Prijedora ve\u0107 mjesecima smetaju odluke skup\u0161tinske ve\u0107ine koju \u010dine SNSD, SDS, SDA, PDP, DEMOS, DF, i nezavisni klub odbornika.<\/p>\n<p>\u2013 Nemo\u0107an pred odborni\u010dkom voljom, gradona\u010delnik je primoran da slu\u0161a mentora i radi kako ka\u017ee, jer se sam ve\u0107 odavno izgubio u politici i vo\u0111enju grada. Razumljivo, treba objasniti, neobja\u0161njivo?! Treba sakriti mnogo toga! Nije lako \u2013 tvrde oni.<\/p>\n<p>Navode da je nezadovoljan skup\u0161tinskom odlukom donesenom 13. februara ove godine, gradona\u010delnik ocjenu zakonitosti volje ve\u0107ine odbornika tra\u017eio u resornom ministarstvu.<br \/>\n\u2013 Strana\u010dka koleginica DNS, ministarka Lejla Re\u0161i\u0107, mjesec dana od skup\u0161tinskih odluka dala je mi\u0161ljenje da Skup\u0161tina grada Prijedor ukine ili poni\u0161ti za nju sporne akte, pozivaju\u0107i se na kr\u0161enje Zakona o slu\u017ebenicima i namje\u0161tenicima u jedinici lokalne samouprave. Na prijedlog navedenog ministarstva, Vlada RS obustavila je \u010detiri rje\u0161enja Skup\u0161tine grada, kojim su razrije\u0161eni dotada\u0161nji i imenovani novi \u010dlanovi gradske Komisije za izbor i imenovanja, kao i Odbora za \u017ealbe. Slu\u010daj \u0107e epilog dobiti na sudu \u2013 poru\u010duju iz nove skup\u0161tinske ve\u0107ine.<\/p>\n<p>Navode da su odlu\u010dni da Prijedor okrenu boljoj budu\u0107nosti, te da to upravo i rade, a prema Zakonu iz skup\u0161tinskih klupa.<\/p>\n<p>\u2013 A uz to, Prijedor jo\u0161 uvijek ima dobrih pravnika koji se smiju oduprijeti jednopartijskom sistemu, tako da nas ovo ne\u0107e zaustaviti. I za kraj \u2013 Da, mi to mo\u017eemo i smijemo, jer razmi\u0161ljamo svojom glavom bez tutora i mentora \u2013 zaklju\u010duju u saop\u0161tenju.<\/p>\n<p>Ovo saop\u0161tenje za javnost su potpisali predsjednici Gradskih odbora SNSD Sa\u0161a Bursa\u0107, SDS Milan Tubin, PDP Dalibor Grabe\u017e, DF Nijaz Brki\u0107, DEMOS Tomislav Prpo\u0161, te predsjednik kluba odbornika SDA Mesud Trnajnin i predsjednik nezavisnog kluba odbornika u prijedorskoj Skup\u0161tini, Du\u0161ko Mileti\u0107.<\/p>\n<p>EuroBlic-srpskainfo.com<\/p>\n","protected":false},"excerpt":{"rendered":"<p>Predsjednici Gradskih odbora politi\u010dkih partija koje \u010dine novu ve\u0107inu u Skup\u0161tini grada Prijedora tvrde da je ministarka DNS Lejla Re\u0161i\u0107 pod uticajem ljudi iz svoje politi\u010dke partije predlo\u017eila ukidanje nedavnih [&hellip;]<\/p>\n","protected":false},"author":1,"featured_media":0,"comment_status":"closed","ping_status":"open","sticky":false,"template":"","format":"standard","meta":{"_monsterinsights_skip_tracking":false,"_monsterinsights_sitenote_active":false,"_monsterinsights_sitenote_note":"","_monsterinsights_sitenote_category":0,"footnotes":""},"categories":[8],"tags":[],"yoast_head":"<!-- This site is optimized with the Yoast SEO plugin v21.6 - https:\/\/yoast.com\/wordpress\/plugins\/seo\/ -->\n<title>Nova skup\u0161tinska ve\u0107ina u Prijedoru: Kad osjeti da gubi, DNS tra\u017ei pomo\u0107 od ministarke - PrijedorDanas.com - Prijedorski gradski portal<\/title>\n<meta name=\"robots\" content=\"index, follow, max-snippet:-1, max-image-preview:large, max-video-preview:-1\" \/>\n<link rel=\"canonical\" href=\"https:\/\/www.prijedordanas.com\/?p=132543\" \/>\n<meta property=\"og:locale\" content=\"en_US\" \/>\n<meta property=\"og:type\" content=\"article\" \/>\n<meta property=\"og:title\" content=\"Nova skup\u0161tinska ve\u0107ina u Prijedoru: Kad osjeti da gubi, DNS tra\u017ei pomo\u0107 od ministarke - PrijedorDanas.com - Prijedorski gradski portal\" \/>\n<meta property=\"og:description\" content=\"Predsjednici Gradskih odbora politi\u010dkih partija koje \u010dine novu ve\u0107inu u Skup\u0161tini grada Prijedora tvrde da je ministarka DNS Lejla Re\u0161i\u0107 pod uticajem ljudi iz svoje politi\u010dke partije predlo\u017eila ukidanje nedavnih [&hellip;]\" \/>\n<meta property=\"og:url\" content=\"https:\/\/www.prijedordanas.com\/?p=132543\" \/>\n<meta property=\"og:site_name\" content=\"PrijedorDanas.com - Prijedorski gradski portal\" \/>\n<meta property=\"article:publisher\" content=\"https:\/\/www.facebook.com\/PrijedorDanasCom\/\" \/>\n<meta property=\"article:published_time\" content=\"2019-08-26T13:41:06+00:00\" \/>\n<meta property=\"og:image\" content=\"https:\/\/www.prijedordanas.com\/wp-content\/uploads\/2019\/07\/skupstina-grada-posebna-sjednica-10juli-3-300x217.jpg\" \/>\n<meta name=\"author\" content=\"admin\" \/>\n<meta name=\"twitter:card\" content=\"summary_large_image\" \/>\n<meta name=\"twitter:label1\" content=\"Written by\" \/>\n\t<meta name=\"twitter:data1\" content=\"admin\" \/>\n\t<meta name=\"twitter:label2\" content=\"Est. reading time\" \/>\n\t<meta name=\"twitter:data2\" content=\"2 minutes\" \/>\n<script type=\"application\/ld+json\" class=\"yoast-schema-graph\">{\"@context\":\"https:\/\/schema.org\",\"@graph\":[{\"@type\":\"Article\",\"@id\":\"https:\/\/www.prijedordanas.com\/?p=132543#article\",\"isPartOf\":{\"@id\":\"https:\/\/www.prijedordanas.com\/?p=132543\"},\"author\":{\"name\":\"admin\",\"@id\":\"https:\/\/www.prijedordanas.com\/#\/schema\/person\/4e08ccf29b506ca916ff86d46bb700e6\"},\"headline\":\"Nova skup\u0161tinska ve\u0107ina u Prijedoru: Kad osjeti da gubi, DNS tra\u017ei pomo\u0107 od ministarke\",\"datePublished\":\"2019-08-26T13:41:06+00:00\",\"dateModified\":\"2019-08-26T13:41:06+00:00\",\"mainEntityOfPage\":{\"@id\":\"https:\/\/www.prijedordanas.com\/?p=132543\"},\"wordCount\":475,\"publisher\":{\"@id\":\"https:\/\/www.prijedordanas.com\/#organization\"},\"articleSection\":[\"Svakodnevno\"],\"inLanguage\":\"en-US\"},{\"@type\":\"WebPage\",\"@id\":\"https:\/\/www.prijedordanas.com\/?p=132543\",\"url\":\"https:\/\/www.prijedordanas.com\/?p=132543\",\"name\":\"Nova skup\u0161tinska ve\u0107ina u Prijedoru: Kad osjeti da gubi, DNS tra\u017ei pomo\u0107 od ministarke - PrijedorDanas.com - Prijedorski gradski portal\",\"isPartOf\":{\"@id\":\"https:\/\/www.prijedordanas.com\/#website\"},\"datePublished\":\"2019-08-26T13:41:06+00:00\",\"dateModified\":\"2019-08-26T13:41:06+00:00\",\"breadcrumb\":{\"@id\":\"https:\/\/www.prijedordanas.com\/?p=132543#breadcrumb\"},\"inLanguage\":\"en-US\",\"potentialAction\":[{\"@type\":\"ReadAction\",\"target\":[\"https:\/\/www.prijedordanas.com\/?p=132543\"]}]},{\"@type\":\"BreadcrumbList\",\"@id\":\"https:\/\/www.prijedordanas.com\/?p=132543#breadcrumb\",\"itemListElement\":[{\"@type\":\"ListItem\",\"position\":1,\"name\":\"Home\",\"item\":\"https:\/\/www.prijedordanas.com\/\"},{\"@type\":\"ListItem\",\"position\":2,\"name\":\"Nova skup\u0161tinska ve\u0107ina u Prijedoru: Kad osjeti da gubi, DNS tra\u017ei pomo\u0107 od ministarke\"}]},{\"@type\":\"WebSite\",\"@id\":\"https:\/\/www.prijedordanas.com\/#website\",\"url\":\"https:\/\/www.prijedordanas.com\/\",\"name\":\"PrijedorDanas.com - Prijedorski gradski portal\",\"description\":\"Portal o doga\u0111anjima u gradu Prijedoru\",\"publisher\":{\"@id\":\"https:\/\/www.prijedordanas.com\/#organization\"},\"potentialAction\":[{\"@type\":\"SearchAction\",\"target\":{\"@type\":\"EntryPoint\",\"urlTemplate\":\"https:\/\/www.prijedordanas.com\/?s={search_term_string}\"},\"query-input\":\"required name=search_term_string\"}],\"inLanguage\":\"en-US\"},{\"@type\":\"Organization\",\"@id\":\"https:\/\/www.prijedordanas.com\/#organization\",\"name\":\"PrijedorDanas.com\",\"url\":\"https:\/\/www.prijedordanas.com\/\",\"logo\":{\"@type\":\"ImageObject\",\"inLanguage\":\"en-US\",\"@id\":\"https:\/\/www.prijedordanas.com\/#\/schema\/logo\/image\/\",\"url\":\"http:\/\/www.prijedordanas.com\/wp-content\/uploads\/2021\/12\/logopng.png\",\"contentUrl\":\"http:\/\/www.prijedordanas.com\/wp-content\/uploads\/2021\/12\/logopng.png\",\"width\":1019,\"height\":776,\"caption\":\"PrijedorDanas.com\"},\"image\":{\"@id\":\"https:\/\/www.prijedordanas.com\/#\/schema\/logo\/image\/\"},\"sameAs\":[\"https:\/\/www.facebook.com\/PrijedorDanasCom\/\"]},{\"@type\":\"Person\",\"@id\":\"https:\/\/www.prijedordanas.com\/#\/schema\/person\/4e08ccf29b506ca916ff86d46bb700e6\",\"name\":\"admin\",\"image\":{\"@type\":\"ImageObject\",\"inLanguage\":\"en-US\",\"@id\":\"https:\/\/www.prijedordanas.com\/#\/schema\/person\/image\/\",\"url\":\"https:\/\/secure.gravatar.com\/avatar\/1d3fc949d550f0b53a5f0d51e06dfd79?s=96&d=mm&r=g\",\"contentUrl\":\"https:\/\/secure.gravatar.com\/avatar\/1d3fc949d550f0b53a5f0d51e06dfd79?s=96&d=mm&r=g\",\"caption\":\"admin\"},\"url\":\"https:\/\/www.prijedordanas.com\/?author=1\"}]}<\/script>\n<!-- \/ Yoast SEO plugin. -->","yoast_head_json":{"title":"Nova skup\u0161tinska ve\u0107ina u Prijedoru: Kad osjeti da gubi, DNS tra\u017ei pomo\u0107 od ministarke - PrijedorDanas.com - Prijedorski gradski portal","robots":{"index":"index","follow":"follow","max-snippet":"max-snippet:-1","max-image-preview":"max-image-preview:large","max-video-preview":"max-video-preview:-1"},"canonical":"https:\/\/www.prijedordanas.com\/?p=132543","og_locale":"en_US","og_type":"article","og_title":"Nova skup\u0161tinska ve\u0107ina u Prijedoru: Kad osjeti da gubi, DNS tra\u017ei pomo\u0107 od ministarke - PrijedorDanas.com - Prijedorski gradski portal","og_description":"Predsjednici Gradskih odbora politi\u010dkih partija koje \u010dine novu ve\u0107inu u Skup\u0161tini grada Prijedora tvrde da je ministarka DNS Lejla Re\u0161i\u0107 pod uticajem ljudi iz svoje politi\u010dke partije predlo\u017eila ukidanje nedavnih [&hellip;]","og_url":"https:\/\/www.prijedordanas.com\/?p=132543","og_site_name":"PrijedorDanas.com - Prijedorski gradski portal","article_publisher":"https:\/\/www.facebook.com\/PrijedorDanasCom\/","article_published_time":"2019-08-26T13:41:06+00:00","og_image":[{"url":"https:\/\/www.prijedordanas.com\/wp-content\/uploads\/2019\/07\/skupstina-grada-posebna-sjednica-10juli-3-300x217.jpg"}],"author":"admin","twitter_card":"summary_large_image","twitter_misc":{"Written by":"admin","Est. reading time":"2 minutes"},"schema":{"@context":"https:\/\/schema.org","@graph":[{"@type":"Article","@id":"https:\/\/www.prijedordanas.com\/?p=132543#article","isPartOf":{"@id":"https:\/\/www.prijedordanas.com\/?p=132543"},"author":{"name":"admin","@id":"https:\/\/www.prijedordanas.com\/#\/schema\/person\/4e08ccf29b506ca916ff86d46bb700e6"},"headline":"Nova skup\u0161tinska ve\u0107ina u Prijedoru: Kad osjeti da gubi, DNS tra\u017ei pomo\u0107 od ministarke","datePublished":"2019-08-26T13:41:06+00:00","dateModified":"2019-08-26T13:41:06+00:00","mainEntityOfPage":{"@id":"https:\/\/www.prijedordanas.com\/?p=132543"},"wordCount":475,"publisher":{"@id":"https:\/\/www.prijedordanas.com\/#organization"},"articleSection":["Svakodnevno"],"inLanguage":"en-US"},{"@type":"WebPage","@id":"https:\/\/www.prijedordanas.com\/?p=132543","url":"https:\/\/www.prijedordanas.com\/?p=132543","name":"Nova skup\u0161tinska ve\u0107ina u Prijedoru: Kad osjeti da gubi, DNS tra\u017ei pomo\u0107 od ministarke - PrijedorDanas.com - Prijedorski gradski portal","isPartOf":{"@id":"https:\/\/www.prijedordanas.com\/#website"},"datePublished":"2019-08-26T13:41:06+00:00","dateModified":"2019-08-26T13:41:06+00:00","breadcrumb":{"@id":"https:\/\/www.prijedordanas.com\/?p=132543#breadcrumb"},"inLanguage":"en-US","potentialAction":[{"@type":"ReadAction","target":["https:\/\/www.prijedordanas.com\/?p=132543"]}]},{"@type":"BreadcrumbList","@id":"https:\/\/www.prijedordanas.com\/?p=132543#breadcrumb","itemListElement":[{"@type":"ListItem","position":1,"name":"Home","item":"https:\/\/www.prijedordanas.com\/"},{"@type":"ListItem","position":2,"name":"Nova skup\u0161tinska ve\u0107ina u Prijedoru: Kad osjeti da gubi, DNS tra\u017ei pomo\u0107 od ministarke"}]},{"@type":"WebSite","@id":"https:\/\/www.prijedordanas.com\/#website","url":"https:\/\/www.prijedordanas.com\/","name":"PrijedorDanas.com - Prijedorski gradski portal","description":"Portal o doga\u0111anjima u gradu Prijedoru","publisher":{"@id":"https:\/\/www.prijedordanas.com\/#organization"},"potentialAction":[{"@type":"SearchAction","target":{"@type":"EntryPoint","urlTemplate":"https:\/\/www.prijedordanas.com\/?s={search_term_string}"},"query-input":"required name=search_term_string"}],"inLanguage":"en-US"},{"@type":"Organization","@id":"https:\/\/www.prijedordanas.com\/#organization","name":"PrijedorDanas.com","url":"https:\/\/www.prijedordanas.com\/","logo":{"@type":"ImageObject","inLanguage":"en-US","@id":"https:\/\/www.prijedordanas.com\/#\/schema\/logo\/image\/","url":"http:\/\/www.prijedordanas.com\/wp-content\/uploads\/2021\/12\/logopng.png","contentUrl":"http:\/\/www.prijedordanas.com\/wp-content\/uploads\/2021\/12\/logopng.png","width":1019,"height":776,"caption":"PrijedorDanas.com"},"image":{"@id":"https:\/\/www.prijedordanas.com\/#\/schema\/logo\/image\/"},"sameAs":["https:\/\/www.facebook.com\/PrijedorDanasCom\/"]},{"@type":"Person","@id":"https:\/\/www.prijedordanas.com\/#\/schema\/person\/4e08ccf29b506ca916ff86d46bb700e6","name":"admin","image":{"@type":"ImageObject","inLanguage":"en-US","@id":"https:\/\/www.prijedordanas.com\/#\/schema\/person\/image\/","url":"https:\/\/secure.gravatar.com\/avatar\/1d3fc949d550f0b53a5f0d51e06dfd79?s=96&d=mm&r=g","contentUrl":"https:\/\/secure.gravatar.com\/avatar\/1d3fc949d550f0b53a5f0d51e06dfd79?s=96&d=mm&r=g","caption":"admin"},"url":"https:\/\/www.prijedordanas.com\/?author=1"}]}},"_links":{"self":[{"href":"https:\/\/www.prijedordanas.com\/index.php?rest_route=\/wp\/v2\/posts\/132543"}],"collection":[{"href":"https:\/\/www.prijedordanas.com\/index.php?rest_route=\/wp\/v2\/posts"}],"about":[{"href":"https:\/\/www.prijedordanas.com\/index.php?rest_route=\/wp\/v2\/types\/post"}],"author":[{"embeddable":true,"href":"https:\/\/www.prijedordanas.com\/index.php?rest_route=\/wp\/v2\/users\/1"}],"replies":[{"embeddable":true,"href":"https:\/\/www.prijedordanas.com\/index.php?rest_route=%2Fwp%2Fv2%2Fcomments&post=132543"}],"version-history":[{"count":1,"href":"https:\/\/www.prijedordanas.com\/index.php?rest_route=\/wp\/v2\/posts\/132543\/revisions"}],"predecessor-version":[{"id":132544,"href":"https:\/\/www.prijedordanas.com\/index.php?rest_route=\/wp\/v2\/posts\/132543\/revisions\/132544"}],"wp:attachment":[{"href":"https:\/\/www.prijedordanas.com\/index.php?rest_route=%2Fwp%2Fv2%2Fmedia&parent=132543"}],"wp:term":[{"taxonomy":"category","embeddable":true,"href":"https:\/\/www.prijedordanas.com\/index.php?rest_route=%2Fwp%2Fv2%2Fcategories&post=132543"},{"taxonomy":"post_tag","embeddable":true,"href":"https:\/\/www.prijedordanas.com\/index.php?rest_route=%2Fwp%2Fv2%2Ftags&post=132543"}],"curies":[{"name":"wp","href":"https:\/\/api.w.org\/{rel}","templated":true}]}}