{"id":132469,"date":"2019-08-24T14:41:06","date_gmt":"2019-08-24T12:41:06","guid":{"rendered":"https:\/\/www.prijedordanas.com\/?p=132469"},"modified":"2019-08-25T02:00:47","modified_gmt":"2019-08-25T00:00:47","slug":"prijedor-na-aerodromu-urije-otvoren-14-blanik-kup-foto","status":"publish","type":"post","link":"https:\/\/www.prijedordanas.com\/?p=132469","title":{"rendered":"Prijedor: Na aerodromu Urije otvoren 14. Blanik kup &#8211; FOTO"},"content":{"rendered":"<p><a href=\"https:\/\/www.prijedordanas.com\/wp-content\/uploads\/2019\/08\/prijedorgradorg-blanik-kup-2019-1.jpg\"><img loading=\"lazy\" decoding=\"async\" class=\"alignleft size-medium wp-image-132475\" src=\"https:\/\/www.prijedordanas.com\/wp-content\/uploads\/2019\/08\/prijedorgradorg-blanik-kup-2019-1-300x225.jpg\" alt=\"\" width=\"300\" height=\"225\" srcset=\"https:\/\/www.prijedordanas.com\/wp-content\/uploads\/2019\/08\/prijedorgradorg-blanik-kup-2019-1-300x225.jpg 300w, https:\/\/www.prijedordanas.com\/wp-content\/uploads\/2019\/08\/prijedorgradorg-blanik-kup-2019-1-100x75.jpg 100w, https:\/\/www.prijedordanas.com\/wp-content\/uploads\/2019\/08\/prijedorgradorg-blanik-kup-2019-1-640x480.jpg 640w, https:\/\/www.prijedordanas.com\/wp-content\/uploads\/2019\/08\/prijedorgradorg-blanik-kup-2019-1.jpg 666w\" sizes=\"(max-width: 300px) 100vw, 300px\" \/><\/a>Uz u\u010de\u0161\u0107e \u010detdesetak pilota jedrili\u010dara iz svih biv\u0161ih jugoslovenskih republika na prijedorskom aerodromu Urije danas je otvoren 14.Blanik kup &#8221; Prijedor 2019&#8243;.<\/p>\n<p>Kup je otvorio gradona\u010delnik Prijedora Milenko \u0110akovi\u0107 koji je u\u010desnicima po\u017eelio da ostvare dobre rezultate, te da donesu najljep\u0161e utiske sa ovog takmi\u010denja.<\/p>\n<p>&#8220;Grad Prijedor otvorena srca do\u010dekuje sve goste dobrih namjera, ovoga puta ljubitelje plavih visina i ovo je jedna od manifestacija u kojoj u\u017eivaju mnogi mladi , ali i stariji sportisti koji se bave jedrili\u010dastvom &#8220;, rekao je \u0110akovi\u0107.<\/p>\n<p>On je dodao da je organizator veliku pa\u017enju posvetio aspektu bezbjednosti svih u\u010desnika, te da se nada da \u0107e na kraju dana biti i veselja i radosti kod svih u\u010desnika, a ne samo pobjednika takmi\u010denja.<\/p>\n<p><a href=\"https:\/\/www.prijedordanas.com\/wp-content\/uploads\/2019\/08\/prijedorgradorg-blanik-kup-2019-3.jpg\"><img loading=\"lazy\" decoding=\"async\" class=\"alignleft size-medium wp-image-132476\" src=\"https:\/\/www.prijedordanas.com\/wp-content\/uploads\/2019\/08\/prijedorgradorg-blanik-kup-2019-3-300x225.jpg\" alt=\"\" width=\"300\" height=\"225\" srcset=\"https:\/\/www.prijedordanas.com\/wp-content\/uploads\/2019\/08\/prijedorgradorg-blanik-kup-2019-3-300x225.jpg 300w, https:\/\/www.prijedordanas.com\/wp-content\/uploads\/2019\/08\/prijedorgradorg-blanik-kup-2019-3-100x75.jpg 100w, https:\/\/www.prijedordanas.com\/wp-content\/uploads\/2019\/08\/prijedorgradorg-blanik-kup-2019-3-640x480.jpg 640w, https:\/\/www.prijedordanas.com\/wp-content\/uploads\/2019\/08\/prijedorgradorg-blanik-kup-2019-3.jpg 667w\" sizes=\"(max-width: 300px) 100vw, 300px\" \/><\/a>Ministar uprave i lokalne samouprave Republike Srpske Lejla Re\u0161i\u0107 prisustvovala je sve\u010danosti otvaranja ovog, jedinog takmi\u010denja te vrste u BiH.<\/p>\n<p>&#8220;Ve\u0107 deset godina ovo ministarstvo je ponosni pokrovitelj ove manifestacije i va\u017eno je da Republika Srpska ima jednu ovakvu promociju potencijala lokalnih zajednica i onoga \u0161to mogu uraditi i nama je krajnji cilj da promovi\u0161emo ono \u0161to imamo i mo\u017eemo i time po\u0161aljemo jednu pozitivnu poruku&#8221;, kazala je Re\u0161i\u0107eva.<\/p>\n<p>Pomo\u0107nik ministra za sport Dragan Ja\u0107imovi\u0107 je \u010destitao organizatoru da istrajnosti i dugogodi\u0161njem trajanju kupa.<\/p>\n<p>&#8221; Ovo je promocija Prijedora i Republik Srpske, proocija turizma i drago mi je \u0161to su ovdje mnogoboji gosti za koje se nadam da \u0107e im Prijedor ostati u lijepom sje\u0107anju i d a\u0107e do\u0107i i dogodine&#8221;, rekao je Ja\u0107imovi\u0107.<\/p>\n<p><a href=\"https:\/\/www.prijedordanas.com\/wp-content\/uploads\/2019\/08\/prijedorgradorg-blanik-kup-2019-4.jpg\"><img loading=\"lazy\" decoding=\"async\" class=\"alignleft size-medium wp-image-132477\" src=\"https:\/\/www.prijedordanas.com\/wp-content\/uploads\/2019\/08\/prijedorgradorg-blanik-kup-2019-4-300x225.jpg\" alt=\"\" width=\"300\" height=\"225\" srcset=\"https:\/\/www.prijedordanas.com\/wp-content\/uploads\/2019\/08\/prijedorgradorg-blanik-kup-2019-4-300x225.jpg 300w, https:\/\/www.prijedordanas.com\/wp-content\/uploads\/2019\/08\/prijedorgradorg-blanik-kup-2019-4-100x75.jpg 100w, https:\/\/www.prijedordanas.com\/wp-content\/uploads\/2019\/08\/prijedorgradorg-blanik-kup-2019-4.jpg 600w\" sizes=\"(max-width: 300px) 100vw, 300px\" \/><\/a>\u010clan Organizacionog odbora i pilot jedrili\u010dar LJubi\u0161a Aramanda je novinarima izjavio da Prijedor\u010dani u\u010destvuju sa tri ekipe i da shodno tradiciji u jedrili\u010darstvu o\u010dekuju dobar rezultat.<\/p>\n<p>Kup \u0107e se odr\u017eati u \u010detiri kategorije i to prvenstvo Republike Srpske i Federacije BIH, potom prvenstvo BiH i otvoreno prvenstvo.<\/p>\n<p>Organizator kupa je Aero klub &#8220;Prijedor&#8221; , a pokrovitelji Ministarstvo porodice, omladine i sporta i Ministarstvo uprave i lokalne samouprave i grad Prijedor.<\/p>\n<p>Ina\u010de, rije\u010d je o takmi\u010denju pilota, jedinom takve vrste u BiH, u preciznom slijetanju na dvosjednoj vi\u0161enamjenski opremljenoj jedrilici &#8220;blanik L-13&#8221; koja se koristi za obuku, trena\u017eu, te sportsko i akrobatsko letenje.<\/p>\n<p>Cilj takmi\u010denja je bio da se jedrilicom sleti \u0161to bli\u017ee zami\u0161ljenoj liniji, a svako zaustavljanje prije ili poslije te linije nosi kaznene poene.<\/p>\n<p>www.prijedorgrad.org<\/p>\n<p><a href=\"https:\/\/www.prijedordanas.com\/wp-content\/uploads\/2019\/08\/prijedorgradorg-blanik-kup-2019-6.jpg\"><img loading=\"lazy\" decoding=\"async\" class=\"alignleft size-medium wp-image-132479\" src=\"https:\/\/www.prijedordanas.com\/wp-content\/uploads\/2019\/08\/prijedorgradorg-blanik-kup-2019-6-300x225.jpg\" alt=\"\" width=\"300\" height=\"225\" srcset=\"https:\/\/www.prijedordanas.com\/wp-content\/uploads\/2019\/08\/prijedorgradorg-blanik-kup-2019-6-300x225.jpg 300w, https:\/\/www.prijedordanas.com\/wp-content\/uploads\/2019\/08\/prijedorgradorg-blanik-kup-2019-6-100x75.jpg 100w, https:\/\/www.prijedordanas.com\/wp-content\/uploads\/2019\/08\/prijedorgradorg-blanik-kup-2019-6.jpg 600w\" sizes=\"(max-width: 300px) 100vw, 300px\" \/><\/a><\/p>\n","protected":false},"excerpt":{"rendered":"<p>Uz u\u010de\u0161\u0107e \u010detdesetak pilota jedrili\u010dara iz svih biv\u0161ih jugoslovenskih republika na prijedorskom aerodromu Urije danas je otvoren 14.Blanik kup &#8221; Prijedor 2019&#8243;. Kup je otvorio gradona\u010delnik Prijedora Milenko \u0110akovi\u0107 koji [&hellip;]<\/p>\n","protected":false},"author":1,"featured_media":0,"comment_status":"closed","ping_status":"open","sticky":false,"template":"","format":"standard","meta":{"_monsterinsights_skip_tracking":false,"_monsterinsights_sitenote_active":false,"_monsterinsights_sitenote_note":"","_monsterinsights_sitenote_category":0,"footnotes":""},"categories":[7],"tags":[],"yoast_head":"<!-- This site is optimized with the Yoast SEO plugin v21.6 - https:\/\/yoast.com\/wordpress\/plugins\/seo\/ -->\n<title>Prijedor: Na aerodromu Urije otvoren 14. Blanik kup - FOTO - PrijedorDanas.com - Prijedorski gradski portal<\/title>\n<meta name=\"robots\" content=\"index, follow, max-snippet:-1, max-image-preview:large, max-video-preview:-1\" \/>\n<link rel=\"canonical\" href=\"https:\/\/www.prijedordanas.com\/?p=132469\" \/>\n<meta property=\"og:locale\" content=\"en_US\" \/>\n<meta property=\"og:type\" content=\"article\" \/>\n<meta property=\"og:title\" content=\"Prijedor: Na aerodromu Urije otvoren 14. Blanik kup - FOTO - PrijedorDanas.com - Prijedorski gradski portal\" \/>\n<meta property=\"og:description\" content=\"Uz u\u010de\u0161\u0107e \u010detdesetak pilota jedrili\u010dara iz svih biv\u0161ih jugoslovenskih republika na prijedorskom aerodromu Urije danas je otvoren 14.Blanik kup &#8221; Prijedor 2019&#8243;. Kup je otvorio gradona\u010delnik Prijedora Milenko \u0110akovi\u0107 koji [&hellip;]\" \/>\n<meta property=\"og:url\" content=\"https:\/\/www.prijedordanas.com\/?p=132469\" \/>\n<meta property=\"og:site_name\" content=\"PrijedorDanas.com - Prijedorski gradski portal\" \/>\n<meta property=\"article:publisher\" content=\"https:\/\/www.facebook.com\/PrijedorDanasCom\/\" \/>\n<meta property=\"article:published_time\" content=\"2019-08-24T12:41:06+00:00\" \/>\n<meta property=\"article:modified_time\" content=\"2019-08-25T00:00:47+00:00\" \/>\n<meta property=\"og:image\" content=\"https:\/\/www.prijedordanas.com\/wp-content\/uploads\/2019\/08\/prijedorgradorg-blanik-kup-2019-1-300x225.jpg\" \/>\n<meta name=\"author\" content=\"admin\" \/>\n<meta name=\"twitter:card\" content=\"summary_large_image\" \/>\n<meta name=\"twitter:label1\" content=\"Written by\" \/>\n\t<meta name=\"twitter:data1\" content=\"admin\" \/>\n\t<meta name=\"twitter:label2\" content=\"Est. reading time\" \/>\n\t<meta name=\"twitter:data2\" content=\"2 minutes\" \/>\n<script type=\"application\/ld+json\" class=\"yoast-schema-graph\">{\"@context\":\"https:\/\/schema.org\",\"@graph\":[{\"@type\":\"Article\",\"@id\":\"https:\/\/www.prijedordanas.com\/?p=132469#article\",\"isPartOf\":{\"@id\":\"https:\/\/www.prijedordanas.com\/?p=132469\"},\"author\":{\"name\":\"admin\",\"@id\":\"https:\/\/www.prijedordanas.com\/#\/schema\/person\/4e08ccf29b506ca916ff86d46bb700e6\"},\"headline\":\"Prijedor: Na aerodromu Urije otvoren 14. Blanik kup &#8211; FOTO\",\"datePublished\":\"2019-08-24T12:41:06+00:00\",\"dateModified\":\"2019-08-25T00:00:47+00:00\",\"mainEntityOfPage\":{\"@id\":\"https:\/\/www.prijedordanas.com\/?p=132469\"},\"wordCount\":419,\"publisher\":{\"@id\":\"https:\/\/www.prijedordanas.com\/#organization\"},\"articleSection\":[\"Sport\"],\"inLanguage\":\"en-US\"},{\"@type\":\"WebPage\",\"@id\":\"https:\/\/www.prijedordanas.com\/?p=132469\",\"url\":\"https:\/\/www.prijedordanas.com\/?p=132469\",\"name\":\"Prijedor: Na aerodromu Urije otvoren 14. Blanik kup - FOTO - PrijedorDanas.com - Prijedorski gradski portal\",\"isPartOf\":{\"@id\":\"https:\/\/www.prijedordanas.com\/#website\"},\"datePublished\":\"2019-08-24T12:41:06+00:00\",\"dateModified\":\"2019-08-25T00:00:47+00:00\",\"breadcrumb\":{\"@id\":\"https:\/\/www.prijedordanas.com\/?p=132469#breadcrumb\"},\"inLanguage\":\"en-US\",\"potentialAction\":[{\"@type\":\"ReadAction\",\"target\":[\"https:\/\/www.prijedordanas.com\/?p=132469\"]}]},{\"@type\":\"BreadcrumbList\",\"@id\":\"https:\/\/www.prijedordanas.com\/?p=132469#breadcrumb\",\"itemListElement\":[{\"@type\":\"ListItem\",\"position\":1,\"name\":\"Home\",\"item\":\"https:\/\/www.prijedordanas.com\/\"},{\"@type\":\"ListItem\",\"position\":2,\"name\":\"Prijedor: Na aerodromu Urije otvoren 14. Blanik kup &#8211; FOTO\"}]},{\"@type\":\"WebSite\",\"@id\":\"https:\/\/www.prijedordanas.com\/#website\",\"url\":\"https:\/\/www.prijedordanas.com\/\",\"name\":\"PrijedorDanas.com - Prijedorski gradski portal\",\"description\":\"Portal o doga\u0111anjima u gradu Prijedoru\",\"publisher\":{\"@id\":\"https:\/\/www.prijedordanas.com\/#organization\"},\"potentialAction\":[{\"@type\":\"SearchAction\",\"target\":{\"@type\":\"EntryPoint\",\"urlTemplate\":\"https:\/\/www.prijedordanas.com\/?s={search_term_string}\"},\"query-input\":\"required name=search_term_string\"}],\"inLanguage\":\"en-US\"},{\"@type\":\"Organization\",\"@id\":\"https:\/\/www.prijedordanas.com\/#organization\",\"name\":\"PrijedorDanas.com\",\"url\":\"https:\/\/www.prijedordanas.com\/\",\"logo\":{\"@type\":\"ImageObject\",\"inLanguage\":\"en-US\",\"@id\":\"https:\/\/www.prijedordanas.com\/#\/schema\/logo\/image\/\",\"url\":\"http:\/\/www.prijedordanas.com\/wp-content\/uploads\/2021\/12\/logopng.png\",\"contentUrl\":\"http:\/\/www.prijedordanas.com\/wp-content\/uploads\/2021\/12\/logopng.png\",\"width\":1019,\"height\":776,\"caption\":\"PrijedorDanas.com\"},\"image\":{\"@id\":\"https:\/\/www.prijedordanas.com\/#\/schema\/logo\/image\/\"},\"sameAs\":[\"https:\/\/www.facebook.com\/PrijedorDanasCom\/\"]},{\"@type\":\"Person\",\"@id\":\"https:\/\/www.prijedordanas.com\/#\/schema\/person\/4e08ccf29b506ca916ff86d46bb700e6\",\"name\":\"admin\",\"image\":{\"@type\":\"ImageObject\",\"inLanguage\":\"en-US\",\"@id\":\"https:\/\/www.prijedordanas.com\/#\/schema\/person\/image\/\",\"url\":\"https:\/\/secure.gravatar.com\/avatar\/1d3fc949d550f0b53a5f0d51e06dfd79?s=96&d=mm&r=g\",\"contentUrl\":\"https:\/\/secure.gravatar.com\/avatar\/1d3fc949d550f0b53a5f0d51e06dfd79?s=96&d=mm&r=g\",\"caption\":\"admin\"},\"url\":\"https:\/\/www.prijedordanas.com\/?author=1\"}]}<\/script>\n<!-- \/ Yoast SEO plugin. -->","yoast_head_json":{"title":"Prijedor: Na aerodromu Urije otvoren 14. Blanik kup - FOTO - PrijedorDanas.com - Prijedorski gradski portal","robots":{"index":"index","follow":"follow","max-snippet":"max-snippet:-1","max-image-preview":"max-image-preview:large","max-video-preview":"max-video-preview:-1"},"canonical":"https:\/\/www.prijedordanas.com\/?p=132469","og_locale":"en_US","og_type":"article","og_title":"Prijedor: Na aerodromu Urije otvoren 14. Blanik kup - FOTO - PrijedorDanas.com - Prijedorski gradski portal","og_description":"Uz u\u010de\u0161\u0107e \u010detdesetak pilota jedrili\u010dara iz svih biv\u0161ih jugoslovenskih republika na prijedorskom aerodromu Urije danas je otvoren 14.Blanik kup &#8221; Prijedor 2019&#8243;. Kup je otvorio gradona\u010delnik Prijedora Milenko \u0110akovi\u0107 koji [&hellip;]","og_url":"https:\/\/www.prijedordanas.com\/?p=132469","og_site_name":"PrijedorDanas.com - Prijedorski gradski portal","article_publisher":"https:\/\/www.facebook.com\/PrijedorDanasCom\/","article_published_time":"2019-08-24T12:41:06+00:00","article_modified_time":"2019-08-25T00:00:47+00:00","og_image":[{"url":"https:\/\/www.prijedordanas.com\/wp-content\/uploads\/2019\/08\/prijedorgradorg-blanik-kup-2019-1-300x225.jpg"}],"author":"admin","twitter_card":"summary_large_image","twitter_misc":{"Written by":"admin","Est. reading time":"2 minutes"},"schema":{"@context":"https:\/\/schema.org","@graph":[{"@type":"Article","@id":"https:\/\/www.prijedordanas.com\/?p=132469#article","isPartOf":{"@id":"https:\/\/www.prijedordanas.com\/?p=132469"},"author":{"name":"admin","@id":"https:\/\/www.prijedordanas.com\/#\/schema\/person\/4e08ccf29b506ca916ff86d46bb700e6"},"headline":"Prijedor: Na aerodromu Urije otvoren 14. Blanik kup &#8211; FOTO","datePublished":"2019-08-24T12:41:06+00:00","dateModified":"2019-08-25T00:00:47+00:00","mainEntityOfPage":{"@id":"https:\/\/www.prijedordanas.com\/?p=132469"},"wordCount":419,"publisher":{"@id":"https:\/\/www.prijedordanas.com\/#organization"},"articleSection":["Sport"],"inLanguage":"en-US"},{"@type":"WebPage","@id":"https:\/\/www.prijedordanas.com\/?p=132469","url":"https:\/\/www.prijedordanas.com\/?p=132469","name":"Prijedor: Na aerodromu Urije otvoren 14. Blanik kup - FOTO - PrijedorDanas.com - Prijedorski gradski portal","isPartOf":{"@id":"https:\/\/www.prijedordanas.com\/#website"},"datePublished":"2019-08-24T12:41:06+00:00","dateModified":"2019-08-25T00:00:47+00:00","breadcrumb":{"@id":"https:\/\/www.prijedordanas.com\/?p=132469#breadcrumb"},"inLanguage":"en-US","potentialAction":[{"@type":"ReadAction","target":["https:\/\/www.prijedordanas.com\/?p=132469"]}]},{"@type":"BreadcrumbList","@id":"https:\/\/www.prijedordanas.com\/?p=132469#breadcrumb","itemListElement":[{"@type":"ListItem","position":1,"name":"Home","item":"https:\/\/www.prijedordanas.com\/"},{"@type":"ListItem","position":2,"name":"Prijedor: Na aerodromu Urije otvoren 14. Blanik kup &#8211; FOTO"}]},{"@type":"WebSite","@id":"https:\/\/www.prijedordanas.com\/#website","url":"https:\/\/www.prijedordanas.com\/","name":"PrijedorDanas.com - Prijedorski gradski portal","description":"Portal o doga\u0111anjima u gradu Prijedoru","publisher":{"@id":"https:\/\/www.prijedordanas.com\/#organization"},"potentialAction":[{"@type":"SearchAction","target":{"@type":"EntryPoint","urlTemplate":"https:\/\/www.prijedordanas.com\/?s={search_term_string}"},"query-input":"required name=search_term_string"}],"inLanguage":"en-US"},{"@type":"Organization","@id":"https:\/\/www.prijedordanas.com\/#organization","name":"PrijedorDanas.com","url":"https:\/\/www.prijedordanas.com\/","logo":{"@type":"ImageObject","inLanguage":"en-US","@id":"https:\/\/www.prijedordanas.com\/#\/schema\/logo\/image\/","url":"http:\/\/www.prijedordanas.com\/wp-content\/uploads\/2021\/12\/logopng.png","contentUrl":"http:\/\/www.prijedordanas.com\/wp-content\/uploads\/2021\/12\/logopng.png","width":1019,"height":776,"caption":"PrijedorDanas.com"},"image":{"@id":"https:\/\/www.prijedordanas.com\/#\/schema\/logo\/image\/"},"sameAs":["https:\/\/www.facebook.com\/PrijedorDanasCom\/"]},{"@type":"Person","@id":"https:\/\/www.prijedordanas.com\/#\/schema\/person\/4e08ccf29b506ca916ff86d46bb700e6","name":"admin","image":{"@type":"ImageObject","inLanguage":"en-US","@id":"https:\/\/www.prijedordanas.com\/#\/schema\/person\/image\/","url":"https:\/\/secure.gravatar.com\/avatar\/1d3fc949d550f0b53a5f0d51e06dfd79?s=96&d=mm&r=g","contentUrl":"https:\/\/secure.gravatar.com\/avatar\/1d3fc949d550f0b53a5f0d51e06dfd79?s=96&d=mm&r=g","caption":"admin"},"url":"https:\/\/www.prijedordanas.com\/?author=1"}]}},"_links":{"self":[{"href":"https:\/\/www.prijedordanas.com\/index.php?rest_route=\/wp\/v2\/posts\/132469"}],"collection":[{"href":"https:\/\/www.prijedordanas.com\/index.php?rest_route=\/wp\/v2\/posts"}],"about":[{"href":"https:\/\/www.prijedordanas.com\/index.php?rest_route=\/wp\/v2\/types\/post"}],"author":[{"embeddable":true,"href":"https:\/\/www.prijedordanas.com\/index.php?rest_route=\/wp\/v2\/users\/1"}],"replies":[{"embeddable":true,"href":"https:\/\/www.prijedordanas.com\/index.php?rest_route=%2Fwp%2Fv2%2Fcomments&post=132469"}],"version-history":[{"count":3,"href":"https:\/\/www.prijedordanas.com\/index.php?rest_route=\/wp\/v2\/posts\/132469\/revisions"}],"predecessor-version":[{"id":132496,"href":"https:\/\/www.prijedordanas.com\/index.php?rest_route=\/wp\/v2\/posts\/132469\/revisions\/132496"}],"wp:attachment":[{"href":"https:\/\/www.prijedordanas.com\/index.php?rest_route=%2Fwp%2Fv2%2Fmedia&parent=132469"}],"wp:term":[{"taxonomy":"category","embeddable":true,"href":"https:\/\/www.prijedordanas.com\/index.php?rest_route=%2Fwp%2Fv2%2Fcategories&post=132469"},{"taxonomy":"post_tag","embeddable":true,"href":"https:\/\/www.prijedordanas.com\/index.php?rest_route=%2Fwp%2Fv2%2Ftags&post=132469"}],"curies":[{"name":"wp","href":"https:\/\/api.w.org\/{rel}","templated":true}]}}