{"id":132416,"date":"2019-08-22T20:54:06","date_gmt":"2019-08-22T18:54:06","guid":{"rendered":"https:\/\/www.prijedordanas.com\/?p=132416"},"modified":"2019-08-22T20:54:06","modified_gmt":"2019-08-22T18:54:06","slug":"ljubiji-prijeti-ekoloska-katastrofa-pomoc-gradske-vlasti-ili-blokada-puteva-video","status":"publish","type":"post","link":"https:\/\/www.prijedordanas.com\/?p=132416","title":{"rendered":"Ljubiji prijeti ekolo\u0161ka katastrofa &#8211; pomo\u0107 gradske vlasti ili blokada puteva &#8211; VIDEO"},"content":{"rendered":"<p><a href=\"https:\/\/www.prijedordanas.com\/wp-content\/uploads\/2019\/08\/rtrs-ljubija-avgust.jpg\"><img loading=\"lazy\" decoding=\"async\" src=\"https:\/\/www.prijedordanas.com\/wp-content\/uploads\/2019\/08\/rtrs-ljubija-avgust-300x217.jpg\" alt=\"\" width=\"300\" height=\"217\" class=\"alignleft size-medium wp-image-132418\" srcset=\"https:\/\/www.prijedordanas.com\/wp-content\/uploads\/2019\/08\/rtrs-ljubija-avgust-300x217.jpg 300w, https:\/\/www.prijedordanas.com\/wp-content\/uploads\/2019\/08\/rtrs-ljubija-avgust-100x72.jpg 100w, https:\/\/www.prijedordanas.com\/wp-content\/uploads\/2019\/08\/rtrs-ljubija-avgust.jpg 690w\" sizes=\"(max-width: 300px) 100vw, 300px\" \/><\/a>U Ljubiji kod Prijedora protest upozorenja gra\u0111ana zbog kako ka\u017eu, brojnih obe\u0107anja aktuelne vlasti u gradu, a koja nisu ispunjena. U ovoj mjesnoj zajednici, koja je desetak kilometara od grada, vrijeme je stalo, a pored te\u017eine \u017eivota, koju ne zaslu\u017euje \u010dovjek u 21. vijeku, mje\u0161tani upozoravaju da im, kako navode, prijeti i ekolo\u0161ka katastrofa. Ako vlast u Prijedoru ni\u0161ta ne uradi, najavljuju blokadu puteva!<\/p>\n<p>Mnogo obe\u0107ano, a ni\u0161ta nije ura\u0111eno \u2013 poru\u010dili su danas mje\u0161tani Ljubije. Uru\u0161ena infrastruktura, iz prijeratnog doba, prijeti sigurnosti gra\u0111ana. Dio Ljubije nema pitku vode, ka\u017eu mje\u0161tani i dodaju da je to samo kap u moru njihovih problema.<\/p>\n<p>&#8211; Kanalizacija koja je nerije\u0161ena, djeca su u pitanju, odrasli manje vi\u0161e, ali zbog djece, uli\u010dne rasvjete, ove stare ruine zgrade, to sve treba poru\u0161iti. O nama niko zaista ne vodi ra\u010duna &#8211; ka\u017ee mje\u0161tanka Verica Lovri\u0107.<\/p>\n<p>Gradska uprava, tvrdi predsjednik mjesne zajednice, oglu\u0161ila se na ekolo\u0161ku katastrofu koja prijeti Ljubiji, jer su zidovi kanala u koji se slijeva kanalizacija potpuno uru\u0161eni.<\/p>\n<p>-Taj kanal je uru\u0161en 100 odsto. Pitanje je trenutka kada \u0107e da preplavi i da nanese veliku ekolo\u0161ku katastrofu ovdje u na\u0161em mjestu &#8211; rije\u010di su Gorana Pra\u0161tala, predsjednika mjesne zajednice Ljubija.<\/p>\n<p>Gradona\u010delnik Prijedora Milenko \u0110akovi\u0107 ka\u017ee da je sudbina Ljubije ista kao i u brojnim nekada\u0161njim rudarskim mjestima gdje je uga\u0161ena proizvodnja.<\/p>\n<p>&#8211; Svaka pojava koja se de\u0161ava zahtijeva plan i investiciju. Ono \u0161to \u0107u vrlo brzo reagovati poslati ekipu da sagleda o \u010demu se radi na tom odronu. Koliko sam dobio informaciju taj odron je na podru\u010dju koje gravitira u blizini biv\u0161e bolnice staroj u Ljubiji i vidje\u0107emo o \u010demu se radi &#8211; istakao je Milenko \u0110akovi\u0107, gradona\u010delnik Prijedora.<\/p>\n<p>Obra\u0107ali su se godinama gradskoj upravi u Prijedoru, isti\u010du stanovnici Ljubije. Poru\u010duju \u2013 do danas je ostalo sve samo na obe\u0107anjima!<\/p>\n<p>&#8211; Pravimo neke dopise i imamo svoje potrebe ali to se ni\u0161ta ne rje\u0161ava, nikada se to ne odobrava, ne znamo zbog \u010dega &#8211; ka\u017ee Vesna \u0160olaja iz Ljubije, a na njene rije\u010di nadovezuje se i Zora Balaban: <\/p>\n<p>&#8211; Sva\u0161ta je obe\u0107ano, za svake izbore med i mlijeko sve se obe\u0107a, dok pro\u0111u izbori dok se sve zavr\u0161i zaboravljeni Ljubljani, niko vi\u0161e ne vodi ra\u010duna.<\/p>\n<p>U Ljubiji \u017eivi oko 2.200 stanovnika , ve\u0107inom izbjeglih i raseljenih. Do devedestih godina ovo je bila bogata rudarska varo\u0161, danas mjesto gdje ljudi prepu\u0161teni sami sebi pre\u017eivljavaju. Poru\u010duju potencijala jo\u0161 uvijek ima, samo treba dobra volja!<\/p>\n<p>RTRS<\/p>\n<p><iframe loading=\"lazy\" title=\"Ljubiji prijeti ekolo\u0161ka katastrofa - pomo\u0107 gradske vlasti ili blokada puteva\" width=\"500\" height=\"281\" src=\"https:\/\/www.youtube.com\/embed\/KPdPxoIU6Kk?feature=oembed\" frameborder=\"0\" allow=\"accelerometer; autoplay; encrypted-media; gyroscope; picture-in-picture\" allowfullscreen><\/iframe><\/p>\n","protected":false},"excerpt":{"rendered":"<p>U Ljubiji kod Prijedora protest upozorenja gra\u0111ana zbog kako ka\u017eu, brojnih obe\u0107anja aktuelne vlasti u gradu, a koja nisu ispunjena. U ovoj mjesnoj zajednici, koja je desetak kilometara od grada, [&hellip;]<\/p>\n","protected":false},"author":1,"featured_media":0,"comment_status":"closed","ping_status":"open","sticky":false,"template":"","format":"standard","meta":{"_monsterinsights_skip_tracking":false,"_monsterinsights_sitenote_active":false,"_monsterinsights_sitenote_note":"","_monsterinsights_sitenote_category":0,"footnotes":""},"categories":[4],"tags":[],"yoast_head":"<!-- This site is optimized with the Yoast SEO plugin v21.6 - https:\/\/yoast.com\/wordpress\/plugins\/seo\/ -->\n<title>Ljubiji prijeti ekolo\u0161ka katastrofa - pomo\u0107 gradske vlasti ili blokada puteva - VIDEO - PrijedorDanas.com - Prijedorski gradski portal<\/title>\n<meta name=\"robots\" content=\"index, follow, max-snippet:-1, max-image-preview:large, max-video-preview:-1\" \/>\n<link rel=\"canonical\" href=\"https:\/\/www.prijedordanas.com\/?p=132416\" \/>\n<meta property=\"og:locale\" content=\"en_US\" \/>\n<meta property=\"og:type\" content=\"article\" \/>\n<meta property=\"og:title\" content=\"Ljubiji prijeti ekolo\u0161ka katastrofa - pomo\u0107 gradske vlasti ili blokada puteva - VIDEO - PrijedorDanas.com - Prijedorski gradski portal\" \/>\n<meta property=\"og:description\" content=\"U Ljubiji kod Prijedora protest upozorenja gra\u0111ana zbog kako ka\u017eu, brojnih obe\u0107anja aktuelne vlasti u gradu, a koja nisu ispunjena. U ovoj mjesnoj zajednici, koja je desetak kilometara od grada, [&hellip;]\" \/>\n<meta property=\"og:url\" content=\"https:\/\/www.prijedordanas.com\/?p=132416\" \/>\n<meta property=\"og:site_name\" content=\"PrijedorDanas.com - Prijedorski gradski portal\" \/>\n<meta property=\"article:publisher\" content=\"https:\/\/www.facebook.com\/PrijedorDanasCom\/\" \/>\n<meta property=\"article:published_time\" content=\"2019-08-22T18:54:06+00:00\" \/>\n<meta property=\"og:image\" content=\"https:\/\/www.prijedordanas.com\/wp-content\/uploads\/2019\/08\/rtrs-ljubija-avgust-300x217.jpg\" \/>\n<meta name=\"author\" content=\"admin\" \/>\n<meta name=\"twitter:card\" content=\"summary_large_image\" \/>\n<meta name=\"twitter:label1\" content=\"Written by\" \/>\n\t<meta name=\"twitter:data1\" content=\"admin\" \/>\n\t<meta name=\"twitter:label2\" content=\"Est. reading time\" \/>\n\t<meta name=\"twitter:data2\" content=\"2 minutes\" \/>\n<script type=\"application\/ld+json\" class=\"yoast-schema-graph\">{\"@context\":\"https:\/\/schema.org\",\"@graph\":[{\"@type\":\"Article\",\"@id\":\"https:\/\/www.prijedordanas.com\/?p=132416#article\",\"isPartOf\":{\"@id\":\"https:\/\/www.prijedordanas.com\/?p=132416\"},\"author\":{\"name\":\"admin\",\"@id\":\"https:\/\/www.prijedordanas.com\/#\/schema\/person\/4e08ccf29b506ca916ff86d46bb700e6\"},\"headline\":\"Ljubiji prijeti ekolo\u0161ka katastrofa &#8211; pomo\u0107 gradske vlasti ili blokada puteva &#8211; VIDEO\",\"datePublished\":\"2019-08-22T18:54:06+00:00\",\"dateModified\":\"2019-08-22T18:54:06+00:00\",\"mainEntityOfPage\":{\"@id\":\"https:\/\/www.prijedordanas.com\/?p=132416\"},\"wordCount\":472,\"publisher\":{\"@id\":\"https:\/\/www.prijedordanas.com\/#organization\"},\"articleSection\":[\"Dru\u0161tvo\"],\"inLanguage\":\"en-US\"},{\"@type\":\"WebPage\",\"@id\":\"https:\/\/www.prijedordanas.com\/?p=132416\",\"url\":\"https:\/\/www.prijedordanas.com\/?p=132416\",\"name\":\"Ljubiji prijeti ekolo\u0161ka katastrofa - pomo\u0107 gradske vlasti ili blokada puteva - VIDEO - PrijedorDanas.com - Prijedorski gradski portal\",\"isPartOf\":{\"@id\":\"https:\/\/www.prijedordanas.com\/#website\"},\"datePublished\":\"2019-08-22T18:54:06+00:00\",\"dateModified\":\"2019-08-22T18:54:06+00:00\",\"breadcrumb\":{\"@id\":\"https:\/\/www.prijedordanas.com\/?p=132416#breadcrumb\"},\"inLanguage\":\"en-US\",\"potentialAction\":[{\"@type\":\"ReadAction\",\"target\":[\"https:\/\/www.prijedordanas.com\/?p=132416\"]}]},{\"@type\":\"BreadcrumbList\",\"@id\":\"https:\/\/www.prijedordanas.com\/?p=132416#breadcrumb\",\"itemListElement\":[{\"@type\":\"ListItem\",\"position\":1,\"name\":\"Home\",\"item\":\"https:\/\/www.prijedordanas.com\/\"},{\"@type\":\"ListItem\",\"position\":2,\"name\":\"Ljubiji prijeti ekolo\u0161ka katastrofa &#8211; pomo\u0107 gradske vlasti ili blokada puteva &#8211; VIDEO\"}]},{\"@type\":\"WebSite\",\"@id\":\"https:\/\/www.prijedordanas.com\/#website\",\"url\":\"https:\/\/www.prijedordanas.com\/\",\"name\":\"PrijedorDanas.com - Prijedorski gradski portal\",\"description\":\"Portal o doga\u0111anjima u gradu Prijedoru\",\"publisher\":{\"@id\":\"https:\/\/www.prijedordanas.com\/#organization\"},\"potentialAction\":[{\"@type\":\"SearchAction\",\"target\":{\"@type\":\"EntryPoint\",\"urlTemplate\":\"https:\/\/www.prijedordanas.com\/?s={search_term_string}\"},\"query-input\":\"required name=search_term_string\"}],\"inLanguage\":\"en-US\"},{\"@type\":\"Organization\",\"@id\":\"https:\/\/www.prijedordanas.com\/#organization\",\"name\":\"PrijedorDanas.com\",\"url\":\"https:\/\/www.prijedordanas.com\/\",\"logo\":{\"@type\":\"ImageObject\",\"inLanguage\":\"en-US\",\"@id\":\"https:\/\/www.prijedordanas.com\/#\/schema\/logo\/image\/\",\"url\":\"http:\/\/www.prijedordanas.com\/wp-content\/uploads\/2021\/12\/logopng.png\",\"contentUrl\":\"http:\/\/www.prijedordanas.com\/wp-content\/uploads\/2021\/12\/logopng.png\",\"width\":1019,\"height\":776,\"caption\":\"PrijedorDanas.com\"},\"image\":{\"@id\":\"https:\/\/www.prijedordanas.com\/#\/schema\/logo\/image\/\"},\"sameAs\":[\"https:\/\/www.facebook.com\/PrijedorDanasCom\/\"]},{\"@type\":\"Person\",\"@id\":\"https:\/\/www.prijedordanas.com\/#\/schema\/person\/4e08ccf29b506ca916ff86d46bb700e6\",\"name\":\"admin\",\"image\":{\"@type\":\"ImageObject\",\"inLanguage\":\"en-US\",\"@id\":\"https:\/\/www.prijedordanas.com\/#\/schema\/person\/image\/\",\"url\":\"https:\/\/secure.gravatar.com\/avatar\/1d3fc949d550f0b53a5f0d51e06dfd79?s=96&d=mm&r=g\",\"contentUrl\":\"https:\/\/secure.gravatar.com\/avatar\/1d3fc949d550f0b53a5f0d51e06dfd79?s=96&d=mm&r=g\",\"caption\":\"admin\"},\"url\":\"https:\/\/www.prijedordanas.com\/?author=1\"}]}<\/script>\n<!-- \/ Yoast SEO plugin. -->","yoast_head_json":{"title":"Ljubiji prijeti ekolo\u0161ka katastrofa - pomo\u0107 gradske vlasti ili blokada puteva - VIDEO - PrijedorDanas.com - Prijedorski gradski portal","robots":{"index":"index","follow":"follow","max-snippet":"max-snippet:-1","max-image-preview":"max-image-preview:large","max-video-preview":"max-video-preview:-1"},"canonical":"https:\/\/www.prijedordanas.com\/?p=132416","og_locale":"en_US","og_type":"article","og_title":"Ljubiji prijeti ekolo\u0161ka katastrofa - pomo\u0107 gradske vlasti ili blokada puteva - VIDEO - PrijedorDanas.com - Prijedorski gradski portal","og_description":"U Ljubiji kod Prijedora protest upozorenja gra\u0111ana zbog kako ka\u017eu, brojnih obe\u0107anja aktuelne vlasti u gradu, a koja nisu ispunjena. U ovoj mjesnoj zajednici, koja je desetak kilometara od grada, [&hellip;]","og_url":"https:\/\/www.prijedordanas.com\/?p=132416","og_site_name":"PrijedorDanas.com - Prijedorski gradski portal","article_publisher":"https:\/\/www.facebook.com\/PrijedorDanasCom\/","article_published_time":"2019-08-22T18:54:06+00:00","og_image":[{"url":"https:\/\/www.prijedordanas.com\/wp-content\/uploads\/2019\/08\/rtrs-ljubija-avgust-300x217.jpg"}],"author":"admin","twitter_card":"summary_large_image","twitter_misc":{"Written by":"admin","Est. reading time":"2 minutes"},"schema":{"@context":"https:\/\/schema.org","@graph":[{"@type":"Article","@id":"https:\/\/www.prijedordanas.com\/?p=132416#article","isPartOf":{"@id":"https:\/\/www.prijedordanas.com\/?p=132416"},"author":{"name":"admin","@id":"https:\/\/www.prijedordanas.com\/#\/schema\/person\/4e08ccf29b506ca916ff86d46bb700e6"},"headline":"Ljubiji prijeti ekolo\u0161ka katastrofa &#8211; pomo\u0107 gradske vlasti ili blokada puteva &#8211; VIDEO","datePublished":"2019-08-22T18:54:06+00:00","dateModified":"2019-08-22T18:54:06+00:00","mainEntityOfPage":{"@id":"https:\/\/www.prijedordanas.com\/?p=132416"},"wordCount":472,"publisher":{"@id":"https:\/\/www.prijedordanas.com\/#organization"},"articleSection":["Dru\u0161tvo"],"inLanguage":"en-US"},{"@type":"WebPage","@id":"https:\/\/www.prijedordanas.com\/?p=132416","url":"https:\/\/www.prijedordanas.com\/?p=132416","name":"Ljubiji prijeti ekolo\u0161ka katastrofa - pomo\u0107 gradske vlasti ili blokada puteva - VIDEO - PrijedorDanas.com - Prijedorski gradski portal","isPartOf":{"@id":"https:\/\/www.prijedordanas.com\/#website"},"datePublished":"2019-08-22T18:54:06+00:00","dateModified":"2019-08-22T18:54:06+00:00","breadcrumb":{"@id":"https:\/\/www.prijedordanas.com\/?p=132416#breadcrumb"},"inLanguage":"en-US","potentialAction":[{"@type":"ReadAction","target":["https:\/\/www.prijedordanas.com\/?p=132416"]}]},{"@type":"BreadcrumbList","@id":"https:\/\/www.prijedordanas.com\/?p=132416#breadcrumb","itemListElement":[{"@type":"ListItem","position":1,"name":"Home","item":"https:\/\/www.prijedordanas.com\/"},{"@type":"ListItem","position":2,"name":"Ljubiji prijeti ekolo\u0161ka katastrofa &#8211; pomo\u0107 gradske vlasti ili blokada puteva &#8211; VIDEO"}]},{"@type":"WebSite","@id":"https:\/\/www.prijedordanas.com\/#website","url":"https:\/\/www.prijedordanas.com\/","name":"PrijedorDanas.com - Prijedorski gradski portal","description":"Portal o doga\u0111anjima u gradu Prijedoru","publisher":{"@id":"https:\/\/www.prijedordanas.com\/#organization"},"potentialAction":[{"@type":"SearchAction","target":{"@type":"EntryPoint","urlTemplate":"https:\/\/www.prijedordanas.com\/?s={search_term_string}"},"query-input":"required name=search_term_string"}],"inLanguage":"en-US"},{"@type":"Organization","@id":"https:\/\/www.prijedordanas.com\/#organization","name":"PrijedorDanas.com","url":"https:\/\/www.prijedordanas.com\/","logo":{"@type":"ImageObject","inLanguage":"en-US","@id":"https:\/\/www.prijedordanas.com\/#\/schema\/logo\/image\/","url":"http:\/\/www.prijedordanas.com\/wp-content\/uploads\/2021\/12\/logopng.png","contentUrl":"http:\/\/www.prijedordanas.com\/wp-content\/uploads\/2021\/12\/logopng.png","width":1019,"height":776,"caption":"PrijedorDanas.com"},"image":{"@id":"https:\/\/www.prijedordanas.com\/#\/schema\/logo\/image\/"},"sameAs":["https:\/\/www.facebook.com\/PrijedorDanasCom\/"]},{"@type":"Person","@id":"https:\/\/www.prijedordanas.com\/#\/schema\/person\/4e08ccf29b506ca916ff86d46bb700e6","name":"admin","image":{"@type":"ImageObject","inLanguage":"en-US","@id":"https:\/\/www.prijedordanas.com\/#\/schema\/person\/image\/","url":"https:\/\/secure.gravatar.com\/avatar\/1d3fc949d550f0b53a5f0d51e06dfd79?s=96&d=mm&r=g","contentUrl":"https:\/\/secure.gravatar.com\/avatar\/1d3fc949d550f0b53a5f0d51e06dfd79?s=96&d=mm&r=g","caption":"admin"},"url":"https:\/\/www.prijedordanas.com\/?author=1"}]}},"_links":{"self":[{"href":"https:\/\/www.prijedordanas.com\/index.php?rest_route=\/wp\/v2\/posts\/132416"}],"collection":[{"href":"https:\/\/www.prijedordanas.com\/index.php?rest_route=\/wp\/v2\/posts"}],"about":[{"href":"https:\/\/www.prijedordanas.com\/index.php?rest_route=\/wp\/v2\/types\/post"}],"author":[{"embeddable":true,"href":"https:\/\/www.prijedordanas.com\/index.php?rest_route=\/wp\/v2\/users\/1"}],"replies":[{"embeddable":true,"href":"https:\/\/www.prijedordanas.com\/index.php?rest_route=%2Fwp%2Fv2%2Fcomments&post=132416"}],"version-history":[{"count":1,"href":"https:\/\/www.prijedordanas.com\/index.php?rest_route=\/wp\/v2\/posts\/132416\/revisions"}],"predecessor-version":[{"id":132419,"href":"https:\/\/www.prijedordanas.com\/index.php?rest_route=\/wp\/v2\/posts\/132416\/revisions\/132419"}],"wp:attachment":[{"href":"https:\/\/www.prijedordanas.com\/index.php?rest_route=%2Fwp%2Fv2%2Fmedia&parent=132416"}],"wp:term":[{"taxonomy":"category","embeddable":true,"href":"https:\/\/www.prijedordanas.com\/index.php?rest_route=%2Fwp%2Fv2%2Fcategories&post=132416"},{"taxonomy":"post_tag","embeddable":true,"href":"https:\/\/www.prijedordanas.com\/index.php?rest_route=%2Fwp%2Fv2%2Ftags&post=132416"}],"curies":[{"name":"wp","href":"https:\/\/api.w.org\/{rel}","templated":true}]}}