{"id":132382,"date":"2019-08-21T20:47:57","date_gmt":"2019-08-21T18:47:57","guid":{"rendered":"https:\/\/www.prijedordanas.com\/?p=132382"},"modified":"2019-08-21T20:47:57","modified_gmt":"2019-08-21T18:47:57","slug":"na-koricanskim-stijenama-obiljezena-27-godisnjica-od-ubistva-200-muskaraca","status":"publish","type":"post","link":"https:\/\/www.prijedordanas.com\/?p=132382","title":{"rendered":"Na Kori\u0107anskim stijenama obilje\u017eena 27. godi\u0161njica od ubistva 200 mu\u0161karaca"},"content":{"rendered":"<p><a href=\"https:\/\/www.prijedordanas.com\/wp-content\/uploads\/2019\/08\/anadolija-koricanske-stijene-2019-godisnjica-1.jpg\"><img loading=\"lazy\" decoding=\"async\" class=\"alignleft size-medium wp-image-132383\" src=\"https:\/\/www.prijedordanas.com\/wp-content\/uploads\/2019\/08\/anadolija-koricanske-stijene-2019-godisnjica-1-300x217.jpg\" alt=\"\" width=\"300\" height=\"217\" srcset=\"https:\/\/www.prijedordanas.com\/wp-content\/uploads\/2019\/08\/anadolija-koricanske-stijene-2019-godisnjica-1-300x217.jpg 300w, https:\/\/www.prijedordanas.com\/wp-content\/uploads\/2019\/08\/anadolija-koricanske-stijene-2019-godisnjica-1-100x72.jpg 100w, https:\/\/www.prijedordanas.com\/wp-content\/uploads\/2019\/08\/anadolija-koricanske-stijene-2019-godisnjica-1.jpg 690w\" sizes=\"(max-width: 300px) 100vw, 300px\" \/><\/a>Dvije stotine ru\u017ea ba\u010deno je s litice na lokalitetu Kori\u0107anskih stijena na Vla\u0161i\u0107u, gdje je 21. augusta 1992. godine strijeljano najmanje 200 bo\u0161nja\u010dkih i hrvatskih mu\u0161karaca.<\/p>\n<p>Mu\u0161karce, prethodno zatvorene u prijedorskim logorima, pod izgovorom razmjene, na Kori\u0107anskim stijenama postrojili su pripadnici interventnog voda tada\u0161nje policije Republike Srpske iz Prijedora.<\/p>\n<p>Narediv\u0161i im da kleknu, pucali su im u le\u0111a nakon \u010dega su njihova tijela padala u ponor dubok vi\u0161e od 300 metara. Na tom strati\u0161tu danas su porodice ubijenih, pre\u017eivjeli i \u010dlanovi Saveza logora\u0161a u BiH prou\u010dili Fatihu i odali po\u010dast stradalim.<\/p>\n<p>Jasmin Me\u0161kovi\u0107, predsjednik Saveza logora\u0161a BiH rekao je kako se radilo o organizovanom zlo\u010dinu.<\/p>\n<p><a href=\"https:\/\/www.prijedordanas.com\/wp-content\/uploads\/2019\/08\/anadolija-koricanske-stijene-2019-godisnjica-2.jpg\"><img loading=\"lazy\" decoding=\"async\" class=\"alignleft size-medium wp-image-132385\" src=\"https:\/\/www.prijedordanas.com\/wp-content\/uploads\/2019\/08\/anadolija-koricanske-stijene-2019-godisnjica-2-300x169.jpg\" alt=\"\" width=\"300\" height=\"169\" srcset=\"https:\/\/www.prijedordanas.com\/wp-content\/uploads\/2019\/08\/anadolija-koricanske-stijene-2019-godisnjica-2-300x169.jpg 300w, https:\/\/www.prijedordanas.com\/wp-content\/uploads\/2019\/08\/anadolija-koricanske-stijene-2019-godisnjica-2-100x56.jpg 100w, https:\/\/www.prijedordanas.com\/wp-content\/uploads\/2019\/08\/anadolija-koricanske-stijene-2019-godisnjica-2.jpg 600w\" sizes=\"(max-width: 300px) 100vw, 300px\" \/><\/a>&#8220;Danas prije svega svjedo\u010dimo o jednom te\u0161kom zlo\u010dinu koji je planiran, organizovan i izvr\u0161en od sistema, od politike, sistema institucija. Izvr\u0161ioci su bili pripadnici prijedorske policije koji su na svirep, poseban na\u010din strijeljali 200 nedu\u017enih gra\u0111ana BiH, Prijedora, logora\u0161a koji su dovedeni ovdje i strijeljani i ono \u0161to je ote\u017eavaju\u0107e je \u0161to za ovako te\u017eak, planiran zlo\u010din sve ovo vrijeme su \u010dinili i \u010dine napore da se zlo\u010din prikrije, da ima \u0161to manje svjedo\u010denja i \u0161to manje traga, a ono \u0161to je posebno te\u0161ko je da porodice \u017ertava prolaze te\u0161ku situaciju kada je u pitanju pronala\u017eenje svojih najmilijih, njihova identifikacija, ukop posmrtnih ostataka koji se ukopavaju nekompletni\u201c, rekao je Me\u0161kovi\u0107.<\/p>\n<p><a href=\"https:\/\/www.prijedordanas.com\/wp-content\/uploads\/2019\/08\/anadolija-koricanske-stijene-2019-godisnjica-3.jpg\"><img loading=\"lazy\" decoding=\"async\" class=\"alignleft size-medium wp-image-132386\" src=\"https:\/\/www.prijedordanas.com\/wp-content\/uploads\/2019\/08\/anadolija-koricanske-stijene-2019-godisnjica-3-300x200.jpg\" alt=\"\" width=\"300\" height=\"200\" srcset=\"https:\/\/www.prijedordanas.com\/wp-content\/uploads\/2019\/08\/anadolija-koricanske-stijene-2019-godisnjica-3-300x200.jpg 300w, https:\/\/www.prijedordanas.com\/wp-content\/uploads\/2019\/08\/anadolija-koricanske-stijene-2019-godisnjica-3-100x67.jpg 100w, https:\/\/www.prijedordanas.com\/wp-content\/uploads\/2019\/08\/anadolija-koricanske-stijene-2019-godisnjica-3-480x320.jpg 480w, https:\/\/www.prijedordanas.com\/wp-content\/uploads\/2019\/08\/anadolija-koricanske-stijene-2019-godisnjica-3.jpg 600w\" sizes=\"(max-width: 300px) 100vw, 300px\" \/><\/a>Mirsad Duratovi\u0107, predsjednik Regionalnog saveza udru\u017eenja logora\u0161a regije Banja Luka, rekao je kako sudstvo i tu\u017eila\u0161tvo treba dalje da radi na slu\u010daju zlo\u010dina na Kori\u0107anskim stijenama.<\/p>\n<p>&#8220;Oni vjerovatno smatraju da je presudom za ovih 11 pripadnika interventnog voda zavr\u0161ena pri\u010da oko Kori\u0107anskih stijena, a po nama je ona tek otvorena sa ovih 11 presuda od prije nekoliko godina jer nalogodavci, Krizni \u0161tab op\u0161tine Prijedor, a i oni koji su 27 godina prikrivali posmrtne ostatke ubijenih logora\u0161a te civila Kotor-Varo\u0161i nisu jo\u0161 uvijek procesuirani\u201c, rekao je Duratovi\u0107.<\/p>\n<p>Dodao je kako pre\u017eivjeli, te porodice ubijenih danas u svojim gradovima sre\u0107u ljude osu\u0111ene za zlo\u010dine.<\/p>\n<p>&#8220;Ne samo da porodice ubijenih i onih 12 koji su pre\u017eivjeli, te mi logora\u0161i koji smo pre\u017eivjeli logore i \u017eive \u0161titove, ne samo da sre\u0107emo ljude koji su odslu\u017eili kaznu, nego sre\u017eemo i one koji su osu\u0111eni, a jo\u0161 uvijek su na slobodi. Mi danas u Prijedoru sre\u0107emo Dadu Mr\u0111u koji je osu\u0111en po drugi put za ratne zlo\u010dine, osu\u0111en je za Kori\u0107anske stijene i sad po drugi put za Manja\u010du. Treba pitati sudsko vije\u0107e koje dozvoli pravosna\u017eno presu\u0111enim da na slobodi \u010dekaju izvr\u0161enje kazne. Gdje je tu pravda? I ono \u0161to smo rekli da su direktni izvr\u0161ioci za svakog ubijenog logora\u0161a dobili po 28 dana kazne, kako je mogu\u0107e da direktni izvr\u0161ioci zlo\u010dina na Kori\u0107anskim stijenama, govorim konkretno o presu\u0111enom Mr\u0111i danas slobodno hoda Prijedorom i bukvalno pljuje u lice porodicama i pre\u017eivjelim\u201c, dodao je Duratovi\u0107.<\/p>\n<p><a href=\"https:\/\/www.prijedordanas.com\/wp-content\/uploads\/2019\/08\/anadolija-koricanske-stijene-2019-godisnjica-4.jpg\"><img loading=\"lazy\" decoding=\"async\" src=\"https:\/\/www.prijedordanas.com\/wp-content\/uploads\/2019\/08\/anadolija-koricanske-stijene-2019-godisnjica-4-300x200.jpg\" alt=\"\" width=\"300\" height=\"200\" class=\"alignleft size-medium wp-image-132387\" srcset=\"https:\/\/www.prijedordanas.com\/wp-content\/uploads\/2019\/08\/anadolija-koricanske-stijene-2019-godisnjica-4-300x200.jpg 300w, https:\/\/www.prijedordanas.com\/wp-content\/uploads\/2019\/08\/anadolija-koricanske-stijene-2019-godisnjica-4-100x67.jpg 100w, https:\/\/www.prijedordanas.com\/wp-content\/uploads\/2019\/08\/anadolija-koricanske-stijene-2019-godisnjica-4-480x320.jpg 480w, https:\/\/www.prijedordanas.com\/wp-content\/uploads\/2019\/08\/anadolija-koricanske-stijene-2019-godisnjica-4.jpg 600w\" sizes=\"(max-width: 300px) 100vw, 300px\" \/><\/a>Namka D\u017eonlagi\u0107 izgubila je sina i brata. Njen sin Emir imao je 18 godina kada je ubijen na Kori\u0107anskim stijenama.<\/p>\n<p>&#8220;Nisu sve na\u0161li. Brat mi nema ruku, a sin jedne ruke. Jednom sam ukopala samo jednu kost i sad sam ukopala ovo ostalo. 20. augusta i\u0161la sam u Trnopolje, nosila hranu i sin mi je rekao da ne mo\u017ee vi\u0161e izdr\u017eati i da bi radije i\u0161ao dalje. Da sam znala, i\u0161la bih i ja tim konvojem, ali eto, nije bilo sudbine\u201c, rekla je D\u017eonlagi\u0107.<\/p>\n<p>Nakon obra\u0107anja, minute \u0161utnje i u\u010denja Fatihe za sve ubijene, niz liticu Kori\u0107anskih stijena ba\u010deno je 200 crvenih ru\u017ea za \u017ertve koje su izgubile \u017eivote na ovom mjestu.<\/p>\n<p>Za zlo\u010din na Kori\u0107anskim stijenama pred MKSJ i Sudom BiH osu\u0111eni su: Darko Mr\u0111a na 17 godina zatvora, Damir Ivankovi\u0107 na 14, Gordan \u0110uri\u0107 na osam, Ljubi\u0161a \u010ceti\u0107 na 13, Zoran Babi\u0107 na 22, Milorad \u0160krbi\u0107 na 21, Du\u0161an Jankovi\u0107 na 21, \u017deljko Stojni\u0107 na 15, Sa\u0161a Ze\u010devi\u0107 na 23, Marinko Lepoja na 23 i Radoslav Kne\u017eevi\u0107 na 23 godine zatvora.<\/p>\n<p>Agencija Anadolija<\/p>\n<p><a href=\"https:\/\/www.prijedordanas.com\/wp-content\/uploads\/2019\/08\/anadolija-koricanske-stijene-2019-godisnjica-5.jpg\"><img loading=\"lazy\" decoding=\"async\" src=\"https:\/\/www.prijedordanas.com\/wp-content\/uploads\/2019\/08\/anadolija-koricanske-stijene-2019-godisnjica-5-300x200.jpg\" alt=\"\" width=\"300\" height=\"200\" class=\"alignleft size-medium wp-image-132388\" srcset=\"https:\/\/www.prijedordanas.com\/wp-content\/uploads\/2019\/08\/anadolija-koricanske-stijene-2019-godisnjica-5-300x200.jpg 300w, https:\/\/www.prijedordanas.com\/wp-content\/uploads\/2019\/08\/anadolija-koricanske-stijene-2019-godisnjica-5-100x67.jpg 100w, https:\/\/www.prijedordanas.com\/wp-content\/uploads\/2019\/08\/anadolija-koricanske-stijene-2019-godisnjica-5-480x320.jpg 480w, https:\/\/www.prijedordanas.com\/wp-content\/uploads\/2019\/08\/anadolija-koricanske-stijene-2019-godisnjica-5.jpg 600w\" sizes=\"(max-width: 300px) 100vw, 300px\" \/><\/a> <a href=\"https:\/\/www.prijedordanas.com\/wp-content\/uploads\/2019\/08\/anadolija-koricanske-stijene-2019-godisnjica-6.jpg\"><img loading=\"lazy\" decoding=\"async\" src=\"https:\/\/www.prijedordanas.com\/wp-content\/uploads\/2019\/08\/anadolija-koricanske-stijene-2019-godisnjica-6-300x200.jpg\" alt=\"\" width=\"300\" height=\"200\" class=\"alignleft size-medium wp-image-132389\" srcset=\"https:\/\/www.prijedordanas.com\/wp-content\/uploads\/2019\/08\/anadolija-koricanske-stijene-2019-godisnjica-6-300x200.jpg 300w, https:\/\/www.prijedordanas.com\/wp-content\/uploads\/2019\/08\/anadolija-koricanske-stijene-2019-godisnjica-6-100x67.jpg 100w, https:\/\/www.prijedordanas.com\/wp-content\/uploads\/2019\/08\/anadolija-koricanske-stijene-2019-godisnjica-6-480x320.jpg 480w, https:\/\/www.prijedordanas.com\/wp-content\/uploads\/2019\/08\/anadolija-koricanske-stijene-2019-godisnjica-6.jpg 600w\" sizes=\"(max-width: 300px) 100vw, 300px\" \/><\/a><\/p>\n","protected":false},"excerpt":{"rendered":"<p>Dvije stotine ru\u017ea ba\u010deno je s litice na lokalitetu Kori\u0107anskih stijena na Vla\u0161i\u0107u, gdje je 21. augusta 1992. godine strijeljano najmanje 200 bo\u0161nja\u010dkih i hrvatskih mu\u0161karaca. Mu\u0161karce, prethodno zatvorene u [&hellip;]<\/p>\n","protected":false},"author":1,"featured_media":0,"comment_status":"closed","ping_status":"open","sticky":false,"template":"","format":"standard","meta":{"_monsterinsights_skip_tracking":false,"_monsterinsights_sitenote_active":false,"_monsterinsights_sitenote_note":"","_monsterinsights_sitenote_category":0,"footnotes":""},"categories":[8],"tags":[],"yoast_head":"<!-- This site is optimized with the Yoast SEO plugin v21.6 - https:\/\/yoast.com\/wordpress\/plugins\/seo\/ -->\n<title>Na Kori\u0107anskim stijenama obilje\u017eena 27. godi\u0161njica od ubistva 200 mu\u0161karaca - PrijedorDanas.com - Prijedorski gradski portal<\/title>\n<meta name=\"robots\" content=\"index, follow, max-snippet:-1, max-image-preview:large, max-video-preview:-1\" \/>\n<link rel=\"canonical\" href=\"https:\/\/www.prijedordanas.com\/?p=132382\" \/>\n<meta property=\"og:locale\" content=\"en_US\" \/>\n<meta property=\"og:type\" content=\"article\" \/>\n<meta property=\"og:title\" content=\"Na Kori\u0107anskim stijenama obilje\u017eena 27. godi\u0161njica od ubistva 200 mu\u0161karaca - PrijedorDanas.com - Prijedorski gradski portal\" \/>\n<meta property=\"og:description\" content=\"Dvije stotine ru\u017ea ba\u010deno je s litice na lokalitetu Kori\u0107anskih stijena na Vla\u0161i\u0107u, gdje je 21. augusta 1992. godine strijeljano najmanje 200 bo\u0161nja\u010dkih i hrvatskih mu\u0161karaca. Mu\u0161karce, prethodno zatvorene u [&hellip;]\" \/>\n<meta property=\"og:url\" content=\"https:\/\/www.prijedordanas.com\/?p=132382\" \/>\n<meta property=\"og:site_name\" content=\"PrijedorDanas.com - Prijedorski gradski portal\" \/>\n<meta property=\"article:publisher\" content=\"https:\/\/www.facebook.com\/PrijedorDanasCom\/\" \/>\n<meta property=\"article:published_time\" content=\"2019-08-21T18:47:57+00:00\" \/>\n<meta property=\"og:image\" content=\"https:\/\/www.prijedordanas.com\/wp-content\/uploads\/2019\/08\/anadolija-koricanske-stijene-2019-godisnjica-1-300x217.jpg\" \/>\n<meta name=\"author\" content=\"admin\" \/>\n<meta name=\"twitter:card\" content=\"summary_large_image\" \/>\n<meta name=\"twitter:label1\" content=\"Written by\" \/>\n\t<meta name=\"twitter:data1\" content=\"admin\" \/>\n\t<meta name=\"twitter:label2\" content=\"Est. reading time\" \/>\n\t<meta name=\"twitter:data2\" content=\"4 minutes\" \/>\n<script type=\"application\/ld+json\" class=\"yoast-schema-graph\">{\"@context\":\"https:\/\/schema.org\",\"@graph\":[{\"@type\":\"Article\",\"@id\":\"https:\/\/www.prijedordanas.com\/?p=132382#article\",\"isPartOf\":{\"@id\":\"https:\/\/www.prijedordanas.com\/?p=132382\"},\"author\":{\"name\":\"admin\",\"@id\":\"https:\/\/www.prijedordanas.com\/#\/schema\/person\/4e08ccf29b506ca916ff86d46bb700e6\"},\"headline\":\"Na Kori\u0107anskim stijenama obilje\u017eena 27. godi\u0161njica od ubistva 200 mu\u0161karaca\",\"datePublished\":\"2019-08-21T18:47:57+00:00\",\"dateModified\":\"2019-08-21T18:47:57+00:00\",\"mainEntityOfPage\":{\"@id\":\"https:\/\/www.prijedordanas.com\/?p=132382\"},\"wordCount\":727,\"publisher\":{\"@id\":\"https:\/\/www.prijedordanas.com\/#organization\"},\"articleSection\":[\"Svakodnevno\"],\"inLanguage\":\"en-US\"},{\"@type\":\"WebPage\",\"@id\":\"https:\/\/www.prijedordanas.com\/?p=132382\",\"url\":\"https:\/\/www.prijedordanas.com\/?p=132382\",\"name\":\"Na Kori\u0107anskim stijenama obilje\u017eena 27. godi\u0161njica od ubistva 200 mu\u0161karaca - PrijedorDanas.com - Prijedorski gradski portal\",\"isPartOf\":{\"@id\":\"https:\/\/www.prijedordanas.com\/#website\"},\"datePublished\":\"2019-08-21T18:47:57+00:00\",\"dateModified\":\"2019-08-21T18:47:57+00:00\",\"breadcrumb\":{\"@id\":\"https:\/\/www.prijedordanas.com\/?p=132382#breadcrumb\"},\"inLanguage\":\"en-US\",\"potentialAction\":[{\"@type\":\"ReadAction\",\"target\":[\"https:\/\/www.prijedordanas.com\/?p=132382\"]}]},{\"@type\":\"BreadcrumbList\",\"@id\":\"https:\/\/www.prijedordanas.com\/?p=132382#breadcrumb\",\"itemListElement\":[{\"@type\":\"ListItem\",\"position\":1,\"name\":\"Home\",\"item\":\"https:\/\/www.prijedordanas.com\/\"},{\"@type\":\"ListItem\",\"position\":2,\"name\":\"Na Kori\u0107anskim stijenama obilje\u017eena 27. godi\u0161njica od ubistva 200 mu\u0161karaca\"}]},{\"@type\":\"WebSite\",\"@id\":\"https:\/\/www.prijedordanas.com\/#website\",\"url\":\"https:\/\/www.prijedordanas.com\/\",\"name\":\"PrijedorDanas.com - Prijedorski gradski portal\",\"description\":\"Portal o doga\u0111anjima u gradu Prijedoru\",\"publisher\":{\"@id\":\"https:\/\/www.prijedordanas.com\/#organization\"},\"potentialAction\":[{\"@type\":\"SearchAction\",\"target\":{\"@type\":\"EntryPoint\",\"urlTemplate\":\"https:\/\/www.prijedordanas.com\/?s={search_term_string}\"},\"query-input\":\"required name=search_term_string\"}],\"inLanguage\":\"en-US\"},{\"@type\":\"Organization\",\"@id\":\"https:\/\/www.prijedordanas.com\/#organization\",\"name\":\"PrijedorDanas.com\",\"url\":\"https:\/\/www.prijedordanas.com\/\",\"logo\":{\"@type\":\"ImageObject\",\"inLanguage\":\"en-US\",\"@id\":\"https:\/\/www.prijedordanas.com\/#\/schema\/logo\/image\/\",\"url\":\"http:\/\/www.prijedordanas.com\/wp-content\/uploads\/2021\/12\/logopng.png\",\"contentUrl\":\"http:\/\/www.prijedordanas.com\/wp-content\/uploads\/2021\/12\/logopng.png\",\"width\":1019,\"height\":776,\"caption\":\"PrijedorDanas.com\"},\"image\":{\"@id\":\"https:\/\/www.prijedordanas.com\/#\/schema\/logo\/image\/\"},\"sameAs\":[\"https:\/\/www.facebook.com\/PrijedorDanasCom\/\"]},{\"@type\":\"Person\",\"@id\":\"https:\/\/www.prijedordanas.com\/#\/schema\/person\/4e08ccf29b506ca916ff86d46bb700e6\",\"name\":\"admin\",\"image\":{\"@type\":\"ImageObject\",\"inLanguage\":\"en-US\",\"@id\":\"https:\/\/www.prijedordanas.com\/#\/schema\/person\/image\/\",\"url\":\"https:\/\/secure.gravatar.com\/avatar\/1d3fc949d550f0b53a5f0d51e06dfd79?s=96&d=mm&r=g\",\"contentUrl\":\"https:\/\/secure.gravatar.com\/avatar\/1d3fc949d550f0b53a5f0d51e06dfd79?s=96&d=mm&r=g\",\"caption\":\"admin\"},\"url\":\"https:\/\/www.prijedordanas.com\/?author=1\"}]}<\/script>\n<!-- \/ Yoast SEO plugin. -->","yoast_head_json":{"title":"Na Kori\u0107anskim stijenama obilje\u017eena 27. godi\u0161njica od ubistva 200 mu\u0161karaca - PrijedorDanas.com - Prijedorski gradski portal","robots":{"index":"index","follow":"follow","max-snippet":"max-snippet:-1","max-image-preview":"max-image-preview:large","max-video-preview":"max-video-preview:-1"},"canonical":"https:\/\/www.prijedordanas.com\/?p=132382","og_locale":"en_US","og_type":"article","og_title":"Na Kori\u0107anskim stijenama obilje\u017eena 27. godi\u0161njica od ubistva 200 mu\u0161karaca - PrijedorDanas.com - Prijedorski gradski portal","og_description":"Dvije stotine ru\u017ea ba\u010deno je s litice na lokalitetu Kori\u0107anskih stijena na Vla\u0161i\u0107u, gdje je 21. augusta 1992. godine strijeljano najmanje 200 bo\u0161nja\u010dkih i hrvatskih mu\u0161karaca. Mu\u0161karce, prethodno zatvorene u [&hellip;]","og_url":"https:\/\/www.prijedordanas.com\/?p=132382","og_site_name":"PrijedorDanas.com - Prijedorski gradski portal","article_publisher":"https:\/\/www.facebook.com\/PrijedorDanasCom\/","article_published_time":"2019-08-21T18:47:57+00:00","og_image":[{"url":"https:\/\/www.prijedordanas.com\/wp-content\/uploads\/2019\/08\/anadolija-koricanske-stijene-2019-godisnjica-1-300x217.jpg"}],"author":"admin","twitter_card":"summary_large_image","twitter_misc":{"Written by":"admin","Est. reading time":"4 minutes"},"schema":{"@context":"https:\/\/schema.org","@graph":[{"@type":"Article","@id":"https:\/\/www.prijedordanas.com\/?p=132382#article","isPartOf":{"@id":"https:\/\/www.prijedordanas.com\/?p=132382"},"author":{"name":"admin","@id":"https:\/\/www.prijedordanas.com\/#\/schema\/person\/4e08ccf29b506ca916ff86d46bb700e6"},"headline":"Na Kori\u0107anskim stijenama obilje\u017eena 27. godi\u0161njica od ubistva 200 mu\u0161karaca","datePublished":"2019-08-21T18:47:57+00:00","dateModified":"2019-08-21T18:47:57+00:00","mainEntityOfPage":{"@id":"https:\/\/www.prijedordanas.com\/?p=132382"},"wordCount":727,"publisher":{"@id":"https:\/\/www.prijedordanas.com\/#organization"},"articleSection":["Svakodnevno"],"inLanguage":"en-US"},{"@type":"WebPage","@id":"https:\/\/www.prijedordanas.com\/?p=132382","url":"https:\/\/www.prijedordanas.com\/?p=132382","name":"Na Kori\u0107anskim stijenama obilje\u017eena 27. godi\u0161njica od ubistva 200 mu\u0161karaca - PrijedorDanas.com - Prijedorski gradski portal","isPartOf":{"@id":"https:\/\/www.prijedordanas.com\/#website"},"datePublished":"2019-08-21T18:47:57+00:00","dateModified":"2019-08-21T18:47:57+00:00","breadcrumb":{"@id":"https:\/\/www.prijedordanas.com\/?p=132382#breadcrumb"},"inLanguage":"en-US","potentialAction":[{"@type":"ReadAction","target":["https:\/\/www.prijedordanas.com\/?p=132382"]}]},{"@type":"BreadcrumbList","@id":"https:\/\/www.prijedordanas.com\/?p=132382#breadcrumb","itemListElement":[{"@type":"ListItem","position":1,"name":"Home","item":"https:\/\/www.prijedordanas.com\/"},{"@type":"ListItem","position":2,"name":"Na Kori\u0107anskim stijenama obilje\u017eena 27. godi\u0161njica od ubistva 200 mu\u0161karaca"}]},{"@type":"WebSite","@id":"https:\/\/www.prijedordanas.com\/#website","url":"https:\/\/www.prijedordanas.com\/","name":"PrijedorDanas.com - Prijedorski gradski portal","description":"Portal o doga\u0111anjima u gradu Prijedoru","publisher":{"@id":"https:\/\/www.prijedordanas.com\/#organization"},"potentialAction":[{"@type":"SearchAction","target":{"@type":"EntryPoint","urlTemplate":"https:\/\/www.prijedordanas.com\/?s={search_term_string}"},"query-input":"required name=search_term_string"}],"inLanguage":"en-US"},{"@type":"Organization","@id":"https:\/\/www.prijedordanas.com\/#organization","name":"PrijedorDanas.com","url":"https:\/\/www.prijedordanas.com\/","logo":{"@type":"ImageObject","inLanguage":"en-US","@id":"https:\/\/www.prijedordanas.com\/#\/schema\/logo\/image\/","url":"http:\/\/www.prijedordanas.com\/wp-content\/uploads\/2021\/12\/logopng.png","contentUrl":"http:\/\/www.prijedordanas.com\/wp-content\/uploads\/2021\/12\/logopng.png","width":1019,"height":776,"caption":"PrijedorDanas.com"},"image":{"@id":"https:\/\/www.prijedordanas.com\/#\/schema\/logo\/image\/"},"sameAs":["https:\/\/www.facebook.com\/PrijedorDanasCom\/"]},{"@type":"Person","@id":"https:\/\/www.prijedordanas.com\/#\/schema\/person\/4e08ccf29b506ca916ff86d46bb700e6","name":"admin","image":{"@type":"ImageObject","inLanguage":"en-US","@id":"https:\/\/www.prijedordanas.com\/#\/schema\/person\/image\/","url":"https:\/\/secure.gravatar.com\/avatar\/1d3fc949d550f0b53a5f0d51e06dfd79?s=96&d=mm&r=g","contentUrl":"https:\/\/secure.gravatar.com\/avatar\/1d3fc949d550f0b53a5f0d51e06dfd79?s=96&d=mm&r=g","caption":"admin"},"url":"https:\/\/www.prijedordanas.com\/?author=1"}]}},"_links":{"self":[{"href":"https:\/\/www.prijedordanas.com\/index.php?rest_route=\/wp\/v2\/posts\/132382"}],"collection":[{"href":"https:\/\/www.prijedordanas.com\/index.php?rest_route=\/wp\/v2\/posts"}],"about":[{"href":"https:\/\/www.prijedordanas.com\/index.php?rest_route=\/wp\/v2\/types\/post"}],"author":[{"embeddable":true,"href":"https:\/\/www.prijedordanas.com\/index.php?rest_route=\/wp\/v2\/users\/1"}],"replies":[{"embeddable":true,"href":"https:\/\/www.prijedordanas.com\/index.php?rest_route=%2Fwp%2Fv2%2Fcomments&post=132382"}],"version-history":[{"count":2,"href":"https:\/\/www.prijedordanas.com\/index.php?rest_route=\/wp\/v2\/posts\/132382\/revisions"}],"predecessor-version":[{"id":132390,"href":"https:\/\/www.prijedordanas.com\/index.php?rest_route=\/wp\/v2\/posts\/132382\/revisions\/132390"}],"wp:attachment":[{"href":"https:\/\/www.prijedordanas.com\/index.php?rest_route=%2Fwp%2Fv2%2Fmedia&parent=132382"}],"wp:term":[{"taxonomy":"category","embeddable":true,"href":"https:\/\/www.prijedordanas.com\/index.php?rest_route=%2Fwp%2Fv2%2Fcategories&post=132382"},{"taxonomy":"post_tag","embeddable":true,"href":"https:\/\/www.prijedordanas.com\/index.php?rest_route=%2Fwp%2Fv2%2Ftags&post=132382"}],"curies":[{"name":"wp","href":"https:\/\/api.w.org\/{rel}","templated":true}]}}