{"id":132346,"date":"2019-08-22T17:00:04","date_gmt":"2019-08-22T15:00:04","guid":{"rendered":"https:\/\/www.prijedordanas.com\/?p=132346"},"modified":"2019-08-22T17:00:04","modified_gmt":"2019-08-22T15:00:04","slug":"zanatska-radnja-karabasic-od-stolarske-radnje-do-firme-sa-osam-zaposlenih-foto","status":"publish","type":"post","link":"https:\/\/www.prijedordanas.com\/?p=132346","title":{"rendered":"Zanatska radnja Karaba\u0161i\u0107: Od stolarske radnje do firme sa osam zaposlenih &#8211; FOTO"},"content":{"rendered":"<p><a href=\"https:\/\/www.prijedordanas.com\/wp-content\/uploads\/2019\/08\/etrafika-karabasic-1.jpg\"><img loading=\"lazy\" decoding=\"async\" class=\"alignleft size-medium wp-image-132397\" src=\"https:\/\/www.prijedordanas.com\/wp-content\/uploads\/2019\/08\/etrafika-karabasic-1-300x217.jpg\" alt=\"\" width=\"300\" height=\"217\" srcset=\"https:\/\/www.prijedordanas.com\/wp-content\/uploads\/2019\/08\/etrafika-karabasic-1-300x217.jpg 300w, https:\/\/www.prijedordanas.com\/wp-content\/uploads\/2019\/08\/etrafika-karabasic-1-100x72.jpg 100w, https:\/\/www.prijedordanas.com\/wp-content\/uploads\/2019\/08\/etrafika-karabasic-1.jpg 690w\" sizes=\"(max-width: 300px) 100vw, 300px\" \/><\/a>U moru ljudi koji odlaze iz Bosne i Hercegovine ipak postoje oni koji se vra\u0107aju iz inostranstva i odlu\u010duju svoj \u017eivot nastaviti u svojoj otad\u017ebini. Jedan od njih je i Amir Karaba\u0161i\u0107 (41), koji se sa svojom porodicom vratio iz \u0160vicarske i u rodnom Kozarcu otvorio zanatsku radnju \u201cKaraba\u0161i\u0107\u201d.<\/p>\n<p>Njihova zanatska radnja je svoj radni vijek zapo\u010dela 2004. godine, nakon povratka Amira Karaba\u0161i\u0107a iz \u0160vicarske.<\/p>\n<p>U po\u010detku je osnovna djelatnost zanatske radnje bila proizvodnja PVC stolarije.<\/p>\n<p>\u201eBili smo u \u0160vicarskoj, ali imali smo uvijek ideju da se vratimo u Bosnu i Hercegovinu, po\u0161to je moj otac i prije imao preduze\u0107e i firmu. Te\u017eili smo da se vratimo u na\u0161 rodni kraj Kozarac i da osnujemo preduze\u0107e\u201c, ka\u017ee Amir Karaba\u0161i\u0107, direktor zanatske radnje.<\/p>\n<p><a href=\"https:\/\/www.prijedordanas.com\/wp-content\/uploads\/2019\/08\/etrafika-karabasic-2.jpg\"><img loading=\"lazy\" decoding=\"async\" class=\"alignleft size-medium wp-image-132398\" src=\"https:\/\/www.prijedordanas.com\/wp-content\/uploads\/2019\/08\/etrafika-karabasic-2-300x200.jpg\" alt=\"\" width=\"300\" height=\"200\" srcset=\"https:\/\/www.prijedordanas.com\/wp-content\/uploads\/2019\/08\/etrafika-karabasic-2-300x200.jpg 300w, https:\/\/www.prijedordanas.com\/wp-content\/uploads\/2019\/08\/etrafika-karabasic-2-100x67.jpg 100w, https:\/\/www.prijedordanas.com\/wp-content\/uploads\/2019\/08\/etrafika-karabasic-2-480x320.jpg 480w, https:\/\/www.prijedordanas.com\/wp-content\/uploads\/2019\/08\/etrafika-karabasic-2.jpg 600w\" sizes=\"(max-width: 300px) 100vw, 300px\" \/><\/a>Sticajem okolnosti, zanatska radnja \u201eKaraba\u0161i\u0107\u201c danas obavlja i vi\u0161e djelatnosti osim proizvodnje PVC stolarije sa kojom su po\u010deli, a radi se o izradi metalnih dijelova, inox ograda, \u017eeljeznih ograda i ma\u0161inskoj obradi.<\/p>\n<p>Tako\u0111e proizvode i kompletnu plasti\u010dnu stolariju, vrata, prozore, gara\u017ena vrata.<\/p>\n<p>Posjeduju i \u010detiri hale za proizvodnju i tri vozila.<\/p>\n<p>\u201eImamo oko 30-40 ma\u0161ina, prete\u017eno su za metal i stolariju, a tu su i CNC ma\u0161ine te freze\u201c, dodaje nam Karaba\u0161i\u0107.<\/p>\n<p><a href=\"https:\/\/www.prijedordanas.com\/wp-content\/uploads\/2019\/08\/etrafika-karabasic-3.jpg\"><img loading=\"lazy\" decoding=\"async\" class=\"alignleft size-medium wp-image-132399\" src=\"https:\/\/www.prijedordanas.com\/wp-content\/uploads\/2019\/08\/etrafika-karabasic-3-300x200.jpg\" alt=\"\" width=\"300\" height=\"200\" srcset=\"https:\/\/www.prijedordanas.com\/wp-content\/uploads\/2019\/08\/etrafika-karabasic-3-300x200.jpg 300w, https:\/\/www.prijedordanas.com\/wp-content\/uploads\/2019\/08\/etrafika-karabasic-3-100x67.jpg 100w, https:\/\/www.prijedordanas.com\/wp-content\/uploads\/2019\/08\/etrafika-karabasic-3-480x320.jpg 480w, https:\/\/www.prijedordanas.com\/wp-content\/uploads\/2019\/08\/etrafika-karabasic-3.jpg 600w\" sizes=\"(max-width: 300px) 100vw, 300px\" \/><\/a>Materijal sa kojim rade obradu metala i PVC stolariju prete\u017eno nabavljaju iz Bosne i Hercegovine, a cijevi, \u017eeljezo i inox iz Italije.<\/p>\n<p>Ve\u0107ina njihovih proizvoda nalazi tr\u017ei\u0161te na prostoru Bosne i Hercegovine, ali tako\u0111er vr\u0161e izvoz za inostrane zemlje.<\/p>\n<p>Trenutno rade inox transportna kolica za mesnu industriju, koja \u0107e svoje mjesto na\u0107i u Njema\u010dkoj.<\/p>\n<p>Kvalitet im je najbitniji, koliko oni svojim kapacitetom mogu prihvatiti poslova, toliko i proizvedu. Svoje tr\u017ei\u0161te sami tra\u017ee, pa i ono zahtijeva onoliko koliki su njihovi kapaciteti. Po\u010deli su sa dva radnika, a danas imaju osam zaposlenih. Radne snage ima dovoljno za sve poslove koje trenutno obavljaju.<\/p>\n<p><a href=\"https:\/\/www.prijedordanas.com\/wp-content\/uploads\/2019\/08\/etrafika-karabasic-4.jpg\"><img loading=\"lazy\" decoding=\"async\" class=\"alignleft size-medium wp-image-132400\" src=\"https:\/\/www.prijedordanas.com\/wp-content\/uploads\/2019\/08\/etrafika-karabasic-4-300x200.jpg\" alt=\"\" width=\"300\" height=\"200\" srcset=\"https:\/\/www.prijedordanas.com\/wp-content\/uploads\/2019\/08\/etrafika-karabasic-4-300x200.jpg 300w, https:\/\/www.prijedordanas.com\/wp-content\/uploads\/2019\/08\/etrafika-karabasic-4-100x67.jpg 100w, https:\/\/www.prijedordanas.com\/wp-content\/uploads\/2019\/08\/etrafika-karabasic-4-480x320.jpg 480w, https:\/\/www.prijedordanas.com\/wp-content\/uploads\/2019\/08\/etrafika-karabasic-4.jpg 600w\" sizes=\"(max-width: 300px) 100vw, 300px\" \/><\/a>\u201eKoliko mi mo\u017eemo, tolika nam je potra\u017enja, \u0161to kvalitetnije to je i bolje, a ne samo da ima posla da se radi. Mo\u017eemo sti\u0107i i moramo sti\u0107i, zavisi sve od poslova, nekad ima malo manje, nekad malo vi\u0161e, tako da osam ljudi zadovoljava na\u0161u proizvodnju \u201c, dodaje nam Karaba\u0161i\u0107.<\/p>\n<p>Njihov asortiman obuhvata brojne modele vrata i prozora, raznih oblika i cijena, a najtra\u017eeniji proizvod su gara\u017ena vrata. Proizvodnja po\u010dinje od sirovog metala, zatim se savija presama, onda se mota i sije\u010de, pa onda ide na varenje i spajanje, montiraju se baglame i stavlja se elektri\u010dni motor koji \u0107e biti pogon za gara\u017ena vrata.<\/p>\n<p>U budu\u0107nosti imaju planove da se pro\u0161iruju, to jeste da prave jo\u0161 jednu proizvodnu halu, a zemlji\u0161te za nju su ve\u0107 kupili.<\/p>\n<p>\u201eImamo planova da ne\u0161to \u0161ire napravimo. Kupili smo parcelu koja bi bila za novu halu, mislimo u budu\u0107nosti da se pro\u0161irimo\u201c, za kraj nam je rekao Amir Karba\u0161i\u0107.<\/p>\n<p>etrafika.net<\/p>\n<p><a href=\"https:\/\/www.prijedordanas.com\/wp-content\/uploads\/2019\/08\/etrafika-karabasic-6.jpg\"><img loading=\"lazy\" decoding=\"async\" class=\"alignleft size-medium wp-image-132401\" src=\"https:\/\/www.prijedordanas.com\/wp-content\/uploads\/2019\/08\/etrafika-karabasic-6-300x200.jpg\" alt=\"\" width=\"300\" height=\"200\" srcset=\"https:\/\/www.prijedordanas.com\/wp-content\/uploads\/2019\/08\/etrafika-karabasic-6-300x200.jpg 300w, https:\/\/www.prijedordanas.com\/wp-content\/uploads\/2019\/08\/etrafika-karabasic-6-100x67.jpg 100w, https:\/\/www.prijedordanas.com\/wp-content\/uploads\/2019\/08\/etrafika-karabasic-6-480x320.jpg 480w, https:\/\/www.prijedordanas.com\/wp-content\/uploads\/2019\/08\/etrafika-karabasic-6.jpg 600w\" sizes=\"(max-width: 300px) 100vw, 300px\" \/><\/a> <a href=\"https:\/\/www.prijedordanas.com\/wp-content\/uploads\/2019\/08\/etrafika-karabasic-7.jpg\"><img loading=\"lazy\" decoding=\"async\" class=\"alignleft size-medium wp-image-132402\" src=\"https:\/\/www.prijedordanas.com\/wp-content\/uploads\/2019\/08\/etrafika-karabasic-7-300x201.jpg\" alt=\"\" width=\"300\" height=\"201\" srcset=\"https:\/\/www.prijedordanas.com\/wp-content\/uploads\/2019\/08\/etrafika-karabasic-7-300x201.jpg 300w, https:\/\/www.prijedordanas.com\/wp-content\/uploads\/2019\/08\/etrafika-karabasic-7-100x67.jpg 100w, https:\/\/www.prijedordanas.com\/wp-content\/uploads\/2019\/08\/etrafika-karabasic-7-480x320.jpg 480w, https:\/\/www.prijedordanas.com\/wp-content\/uploads\/2019\/08\/etrafika-karabasic-7.jpg 600w\" sizes=\"(max-width: 300px) 100vw, 300px\" \/><\/a> <a href=\"https:\/\/www.prijedordanas.com\/wp-content\/uploads\/2019\/08\/etrafika-karabasic-5.jpg\"><img loading=\"lazy\" decoding=\"async\" class=\"alignleft size-medium wp-image-132403\" src=\"https:\/\/www.prijedordanas.com\/wp-content\/uploads\/2019\/08\/etrafika-karabasic-5-300x200.jpg\" alt=\"\" width=\"300\" height=\"200\" srcset=\"https:\/\/www.prijedordanas.com\/wp-content\/uploads\/2019\/08\/etrafika-karabasic-5-300x200.jpg 300w, https:\/\/www.prijedordanas.com\/wp-content\/uploads\/2019\/08\/etrafika-karabasic-5-100x67.jpg 100w, https:\/\/www.prijedordanas.com\/wp-content\/uploads\/2019\/08\/etrafika-karabasic-5-480x320.jpg 480w, https:\/\/www.prijedordanas.com\/wp-content\/uploads\/2019\/08\/etrafika-karabasic-5.jpg 600w\" sizes=\"(max-width: 300px) 100vw, 300px\" \/><\/a> <a href=\"https:\/\/www.prijedordanas.com\/wp-content\/uploads\/2019\/08\/etrafika-karabasic-8.jpg\"><img loading=\"lazy\" decoding=\"async\" class=\"alignleft size-medium wp-image-132404\" src=\"https:\/\/www.prijedordanas.com\/wp-content\/uploads\/2019\/08\/etrafika-karabasic-8-300x201.jpg\" alt=\"\" width=\"300\" height=\"201\" srcset=\"https:\/\/www.prijedordanas.com\/wp-content\/uploads\/2019\/08\/etrafika-karabasic-8-300x201.jpg 300w, https:\/\/www.prijedordanas.com\/wp-content\/uploads\/2019\/08\/etrafika-karabasic-8-100x67.jpg 100w, https:\/\/www.prijedordanas.com\/wp-content\/uploads\/2019\/08\/etrafika-karabasic-8-480x320.jpg 480w, https:\/\/www.prijedordanas.com\/wp-content\/uploads\/2019\/08\/etrafika-karabasic-8.jpg 600w\" sizes=\"(max-width: 300px) 100vw, 300px\" \/><\/a><\/p>\n","protected":false},"excerpt":{"rendered":"<p>U moru ljudi koji odlaze iz Bosne i Hercegovine ipak postoje oni koji se vra\u0107aju iz inostranstva i odlu\u010duju svoj \u017eivot nastaviti u svojoj otad\u017ebini. Jedan od njih je i [&hellip;]<\/p>\n","protected":false},"author":1,"featured_media":0,"comment_status":"closed","ping_status":"open","sticky":false,"template":"","format":"standard","meta":{"_monsterinsights_skip_tracking":false,"_monsterinsights_sitenote_active":false,"_monsterinsights_sitenote_note":"","_monsterinsights_sitenote_category":0,"footnotes":""},"categories":[3],"tags":[],"yoast_head":"<!-- This site is optimized with the Yoast SEO plugin v21.6 - https:\/\/yoast.com\/wordpress\/plugins\/seo\/ -->\n<title>Zanatska radnja Karaba\u0161i\u0107: Od stolarske radnje do firme sa osam zaposlenih - FOTO - PrijedorDanas.com - Prijedorski gradski portal<\/title>\n<meta name=\"robots\" content=\"index, follow, max-snippet:-1, max-image-preview:large, max-video-preview:-1\" \/>\n<link rel=\"canonical\" href=\"https:\/\/www.prijedordanas.com\/?p=132346\" \/>\n<meta property=\"og:locale\" content=\"en_US\" \/>\n<meta property=\"og:type\" content=\"article\" \/>\n<meta property=\"og:title\" content=\"Zanatska radnja Karaba\u0161i\u0107: Od stolarske radnje do firme sa osam zaposlenih - FOTO - PrijedorDanas.com - Prijedorski gradski portal\" \/>\n<meta property=\"og:description\" content=\"U moru ljudi koji odlaze iz Bosne i Hercegovine ipak postoje oni koji se vra\u0107aju iz inostranstva i odlu\u010duju svoj \u017eivot nastaviti u svojoj otad\u017ebini. Jedan od njih je i [&hellip;]\" \/>\n<meta property=\"og:url\" content=\"https:\/\/www.prijedordanas.com\/?p=132346\" \/>\n<meta property=\"og:site_name\" content=\"PrijedorDanas.com - Prijedorski gradski portal\" \/>\n<meta property=\"article:publisher\" content=\"https:\/\/www.facebook.com\/PrijedorDanasCom\/\" \/>\n<meta property=\"article:published_time\" content=\"2019-08-22T15:00:04+00:00\" \/>\n<meta property=\"og:image\" content=\"https:\/\/www.prijedordanas.com\/wp-content\/uploads\/2019\/08\/etrafika-karabasic-1-300x217.jpg\" \/>\n<meta name=\"author\" content=\"admin\" \/>\n<meta name=\"twitter:card\" content=\"summary_large_image\" \/>\n<meta name=\"twitter:label1\" content=\"Written by\" \/>\n\t<meta name=\"twitter:data1\" content=\"admin\" \/>\n\t<meta name=\"twitter:label2\" content=\"Est. reading time\" \/>\n\t<meta name=\"twitter:data2\" content=\"3 minutes\" \/>\n<script type=\"application\/ld+json\" class=\"yoast-schema-graph\">{\"@context\":\"https:\/\/schema.org\",\"@graph\":[{\"@type\":\"Article\",\"@id\":\"https:\/\/www.prijedordanas.com\/?p=132346#article\",\"isPartOf\":{\"@id\":\"https:\/\/www.prijedordanas.com\/?p=132346\"},\"author\":{\"name\":\"admin\",\"@id\":\"https:\/\/www.prijedordanas.com\/#\/schema\/person\/4e08ccf29b506ca916ff86d46bb700e6\"},\"headline\":\"Zanatska radnja Karaba\u0161i\u0107: Od stolarske radnje do firme sa osam zaposlenih &#8211; FOTO\",\"datePublished\":\"2019-08-22T15:00:04+00:00\",\"dateModified\":\"2019-08-22T15:00:04+00:00\",\"mainEntityOfPage\":{\"@id\":\"https:\/\/www.prijedordanas.com\/?p=132346\"},\"wordCount\":520,\"publisher\":{\"@id\":\"https:\/\/www.prijedordanas.com\/#organization\"},\"articleSection\":[\"\u017divot\"],\"inLanguage\":\"en-US\"},{\"@type\":\"WebPage\",\"@id\":\"https:\/\/www.prijedordanas.com\/?p=132346\",\"url\":\"https:\/\/www.prijedordanas.com\/?p=132346\",\"name\":\"Zanatska radnja Karaba\u0161i\u0107: Od stolarske radnje do firme sa osam zaposlenih - FOTO - PrijedorDanas.com - Prijedorski gradski portal\",\"isPartOf\":{\"@id\":\"https:\/\/www.prijedordanas.com\/#website\"},\"datePublished\":\"2019-08-22T15:00:04+00:00\",\"dateModified\":\"2019-08-22T15:00:04+00:00\",\"breadcrumb\":{\"@id\":\"https:\/\/www.prijedordanas.com\/?p=132346#breadcrumb\"},\"inLanguage\":\"en-US\",\"potentialAction\":[{\"@type\":\"ReadAction\",\"target\":[\"https:\/\/www.prijedordanas.com\/?p=132346\"]}]},{\"@type\":\"BreadcrumbList\",\"@id\":\"https:\/\/www.prijedordanas.com\/?p=132346#breadcrumb\",\"itemListElement\":[{\"@type\":\"ListItem\",\"position\":1,\"name\":\"Home\",\"item\":\"https:\/\/www.prijedordanas.com\/\"},{\"@type\":\"ListItem\",\"position\":2,\"name\":\"Zanatska radnja Karaba\u0161i\u0107: Od stolarske radnje do firme sa osam zaposlenih &#8211; FOTO\"}]},{\"@type\":\"WebSite\",\"@id\":\"https:\/\/www.prijedordanas.com\/#website\",\"url\":\"https:\/\/www.prijedordanas.com\/\",\"name\":\"PrijedorDanas.com - Prijedorski gradski portal\",\"description\":\"Portal o doga\u0111anjima u gradu Prijedoru\",\"publisher\":{\"@id\":\"https:\/\/www.prijedordanas.com\/#organization\"},\"potentialAction\":[{\"@type\":\"SearchAction\",\"target\":{\"@type\":\"EntryPoint\",\"urlTemplate\":\"https:\/\/www.prijedordanas.com\/?s={search_term_string}\"},\"query-input\":\"required name=search_term_string\"}],\"inLanguage\":\"en-US\"},{\"@type\":\"Organization\",\"@id\":\"https:\/\/www.prijedordanas.com\/#organization\",\"name\":\"PrijedorDanas.com\",\"url\":\"https:\/\/www.prijedordanas.com\/\",\"logo\":{\"@type\":\"ImageObject\",\"inLanguage\":\"en-US\",\"@id\":\"https:\/\/www.prijedordanas.com\/#\/schema\/logo\/image\/\",\"url\":\"http:\/\/www.prijedordanas.com\/wp-content\/uploads\/2021\/12\/logopng.png\",\"contentUrl\":\"http:\/\/www.prijedordanas.com\/wp-content\/uploads\/2021\/12\/logopng.png\",\"width\":1019,\"height\":776,\"caption\":\"PrijedorDanas.com\"},\"image\":{\"@id\":\"https:\/\/www.prijedordanas.com\/#\/schema\/logo\/image\/\"},\"sameAs\":[\"https:\/\/www.facebook.com\/PrijedorDanasCom\/\"]},{\"@type\":\"Person\",\"@id\":\"https:\/\/www.prijedordanas.com\/#\/schema\/person\/4e08ccf29b506ca916ff86d46bb700e6\",\"name\":\"admin\",\"image\":{\"@type\":\"ImageObject\",\"inLanguage\":\"en-US\",\"@id\":\"https:\/\/www.prijedordanas.com\/#\/schema\/person\/image\/\",\"url\":\"https:\/\/secure.gravatar.com\/avatar\/1d3fc949d550f0b53a5f0d51e06dfd79?s=96&d=mm&r=g\",\"contentUrl\":\"https:\/\/secure.gravatar.com\/avatar\/1d3fc949d550f0b53a5f0d51e06dfd79?s=96&d=mm&r=g\",\"caption\":\"admin\"},\"url\":\"https:\/\/www.prijedordanas.com\/?author=1\"}]}<\/script>\n<!-- \/ Yoast SEO plugin. -->","yoast_head_json":{"title":"Zanatska radnja Karaba\u0161i\u0107: Od stolarske radnje do firme sa osam zaposlenih - FOTO - PrijedorDanas.com - Prijedorski gradski portal","robots":{"index":"index","follow":"follow","max-snippet":"max-snippet:-1","max-image-preview":"max-image-preview:large","max-video-preview":"max-video-preview:-1"},"canonical":"https:\/\/www.prijedordanas.com\/?p=132346","og_locale":"en_US","og_type":"article","og_title":"Zanatska radnja Karaba\u0161i\u0107: Od stolarske radnje do firme sa osam zaposlenih - FOTO - PrijedorDanas.com - Prijedorski gradski portal","og_description":"U moru ljudi koji odlaze iz Bosne i Hercegovine ipak postoje oni koji se vra\u0107aju iz inostranstva i odlu\u010duju svoj \u017eivot nastaviti u svojoj otad\u017ebini. Jedan od njih je i [&hellip;]","og_url":"https:\/\/www.prijedordanas.com\/?p=132346","og_site_name":"PrijedorDanas.com - Prijedorski gradski portal","article_publisher":"https:\/\/www.facebook.com\/PrijedorDanasCom\/","article_published_time":"2019-08-22T15:00:04+00:00","og_image":[{"url":"https:\/\/www.prijedordanas.com\/wp-content\/uploads\/2019\/08\/etrafika-karabasic-1-300x217.jpg"}],"author":"admin","twitter_card":"summary_large_image","twitter_misc":{"Written by":"admin","Est. reading time":"3 minutes"},"schema":{"@context":"https:\/\/schema.org","@graph":[{"@type":"Article","@id":"https:\/\/www.prijedordanas.com\/?p=132346#article","isPartOf":{"@id":"https:\/\/www.prijedordanas.com\/?p=132346"},"author":{"name":"admin","@id":"https:\/\/www.prijedordanas.com\/#\/schema\/person\/4e08ccf29b506ca916ff86d46bb700e6"},"headline":"Zanatska radnja Karaba\u0161i\u0107: Od stolarske radnje do firme sa osam zaposlenih &#8211; FOTO","datePublished":"2019-08-22T15:00:04+00:00","dateModified":"2019-08-22T15:00:04+00:00","mainEntityOfPage":{"@id":"https:\/\/www.prijedordanas.com\/?p=132346"},"wordCount":520,"publisher":{"@id":"https:\/\/www.prijedordanas.com\/#organization"},"articleSection":["\u017divot"],"inLanguage":"en-US"},{"@type":"WebPage","@id":"https:\/\/www.prijedordanas.com\/?p=132346","url":"https:\/\/www.prijedordanas.com\/?p=132346","name":"Zanatska radnja Karaba\u0161i\u0107: Od stolarske radnje do firme sa osam zaposlenih - FOTO - PrijedorDanas.com - Prijedorski gradski portal","isPartOf":{"@id":"https:\/\/www.prijedordanas.com\/#website"},"datePublished":"2019-08-22T15:00:04+00:00","dateModified":"2019-08-22T15:00:04+00:00","breadcrumb":{"@id":"https:\/\/www.prijedordanas.com\/?p=132346#breadcrumb"},"inLanguage":"en-US","potentialAction":[{"@type":"ReadAction","target":["https:\/\/www.prijedordanas.com\/?p=132346"]}]},{"@type":"BreadcrumbList","@id":"https:\/\/www.prijedordanas.com\/?p=132346#breadcrumb","itemListElement":[{"@type":"ListItem","position":1,"name":"Home","item":"https:\/\/www.prijedordanas.com\/"},{"@type":"ListItem","position":2,"name":"Zanatska radnja Karaba\u0161i\u0107: Od stolarske radnje do firme sa osam zaposlenih &#8211; FOTO"}]},{"@type":"WebSite","@id":"https:\/\/www.prijedordanas.com\/#website","url":"https:\/\/www.prijedordanas.com\/","name":"PrijedorDanas.com - Prijedorski gradski portal","description":"Portal o doga\u0111anjima u gradu Prijedoru","publisher":{"@id":"https:\/\/www.prijedordanas.com\/#organization"},"potentialAction":[{"@type":"SearchAction","target":{"@type":"EntryPoint","urlTemplate":"https:\/\/www.prijedordanas.com\/?s={search_term_string}"},"query-input":"required name=search_term_string"}],"inLanguage":"en-US"},{"@type":"Organization","@id":"https:\/\/www.prijedordanas.com\/#organization","name":"PrijedorDanas.com","url":"https:\/\/www.prijedordanas.com\/","logo":{"@type":"ImageObject","inLanguage":"en-US","@id":"https:\/\/www.prijedordanas.com\/#\/schema\/logo\/image\/","url":"http:\/\/www.prijedordanas.com\/wp-content\/uploads\/2021\/12\/logopng.png","contentUrl":"http:\/\/www.prijedordanas.com\/wp-content\/uploads\/2021\/12\/logopng.png","width":1019,"height":776,"caption":"PrijedorDanas.com"},"image":{"@id":"https:\/\/www.prijedordanas.com\/#\/schema\/logo\/image\/"},"sameAs":["https:\/\/www.facebook.com\/PrijedorDanasCom\/"]},{"@type":"Person","@id":"https:\/\/www.prijedordanas.com\/#\/schema\/person\/4e08ccf29b506ca916ff86d46bb700e6","name":"admin","image":{"@type":"ImageObject","inLanguage":"en-US","@id":"https:\/\/www.prijedordanas.com\/#\/schema\/person\/image\/","url":"https:\/\/secure.gravatar.com\/avatar\/1d3fc949d550f0b53a5f0d51e06dfd79?s=96&d=mm&r=g","contentUrl":"https:\/\/secure.gravatar.com\/avatar\/1d3fc949d550f0b53a5f0d51e06dfd79?s=96&d=mm&r=g","caption":"admin"},"url":"https:\/\/www.prijedordanas.com\/?author=1"}]}},"_links":{"self":[{"href":"https:\/\/www.prijedordanas.com\/index.php?rest_route=\/wp\/v2\/posts\/132346"}],"collection":[{"href":"https:\/\/www.prijedordanas.com\/index.php?rest_route=\/wp\/v2\/posts"}],"about":[{"href":"https:\/\/www.prijedordanas.com\/index.php?rest_route=\/wp\/v2\/types\/post"}],"author":[{"embeddable":true,"href":"https:\/\/www.prijedordanas.com\/index.php?rest_route=\/wp\/v2\/users\/1"}],"replies":[{"embeddable":true,"href":"https:\/\/www.prijedordanas.com\/index.php?rest_route=%2Fwp%2Fv2%2Fcomments&post=132346"}],"version-history":[{"count":2,"href":"https:\/\/www.prijedordanas.com\/index.php?rest_route=\/wp\/v2\/posts\/132346\/revisions"}],"predecessor-version":[{"id":132405,"href":"https:\/\/www.prijedordanas.com\/index.php?rest_route=\/wp\/v2\/posts\/132346\/revisions\/132405"}],"wp:attachment":[{"href":"https:\/\/www.prijedordanas.com\/index.php?rest_route=%2Fwp%2Fv2%2Fmedia&parent=132346"}],"wp:term":[{"taxonomy":"category","embeddable":true,"href":"https:\/\/www.prijedordanas.com\/index.php?rest_route=%2Fwp%2Fv2%2Fcategories&post=132346"},{"taxonomy":"post_tag","embeddable":true,"href":"https:\/\/www.prijedordanas.com\/index.php?rest_route=%2Fwp%2Fv2%2Ftags&post=132346"}],"curies":[{"name":"wp","href":"https:\/\/api.w.org\/{rel}","templated":true}]}}