{"id":131999,"date":"2019-08-17T00:58:54","date_gmt":"2019-08-16T22:58:54","guid":{"rendered":"https:\/\/www.prijedordanas.com\/?p=131999"},"modified":"2019-08-17T00:58:54","modified_gmt":"2019-08-16T22:58:54","slug":"centar-za-socijalni-rad-prijedor-samcima-je-pomoc-najpotrebnija-povecan-broj-korisnika-dodatka-za-pomoc","status":"publish","type":"post","link":"https:\/\/www.prijedordanas.com\/?p=131999","title":{"rendered":"Centar za socijalni rad Prijedor &#8211; Samcima je pomo\u0107 najpotrebnija: Pove\u0107an broj korisnika dodatka za pomo\u0107"},"content":{"rendered":"<p><a href=\"https:\/\/www.prijedordanas.com\/wp-content\/uploads\/2018\/03\/centar-za-socijalni-rad-prijedor-2016.jpg\"><img loading=\"lazy\" decoding=\"async\" src=\"https:\/\/www.prijedordanas.com\/wp-content\/uploads\/2018\/03\/centar-za-socijalni-rad-prijedor-2016-300x250.jpg\" alt=\"\" width=\"300\" height=\"250\" class=\"alignleft size-medium wp-image-100092\" srcset=\"https:\/\/www.prijedordanas.com\/wp-content\/uploads\/2018\/03\/centar-za-socijalni-rad-prijedor-2016-300x250.jpg 300w, https:\/\/www.prijedordanas.com\/wp-content\/uploads\/2018\/03\/centar-za-socijalni-rad-prijedor-2016-100x83.jpg 100w, https:\/\/www.prijedordanas.com\/wp-content\/uploads\/2018\/03\/centar-za-socijalni-rad-prijedor-2016.jpg 600w\" sizes=\"(max-width: 300px) 100vw, 300px\" \/><\/a>U Prijedoru se broj korisnika dodatka za pomo\u0107 i njegu drugog lica za posljednjih 5 godina udvostru\u010dio, dok 40 odsto njih ima preko 65 godina \u017eivota.<\/p>\n<p>Ovi podaci navedeni su izvje\u0161taju o radu prijedorskog Centra za socijalni rad za 2018. godinu. Navedeno je i da je 2014. bilo 715 osoba koje su primale ovaj dodatak, dok ih je 4 godine kasnije bilo 1.476. Ovaj ukupan broj korisnika samo u pro\u0161loj godini pove\u0107an je za 141 u odnosu na 2017.<\/p>\n<p>\u2013 Tokom 2018. primljeno je 475 zahtjeva za priznavanje prava na dodatak za pomo\u0107 i njegu drugog lica. Od toga broja 330 zahtjeva je priznato, dok je 21 zahtjev odbijen \u2013 navode iz prijedorskog Centra.<\/p>\n<p>Dodaju da najve\u0107i broj korisnika ima preko 65 godina starosti, odnosno da ih je pro\u0161le godine bilo 599.<\/p>\n<p>\u2013 Pravo na dodatak za pomo\u0107 i njegu drugog lica mo\u017ee ostvariti osoba starija od tri godine \u017eivota, kojoj je zbog tjelesnih, mentalnih, \u010dulnih poreme\u0107aja ili izra\u017eenih promjena u zdravstvenom stanju neophodna stalna pomo\u0107 i njega druge osobe, pod uslovom da ovo pravo ne mo\u017ee ostvariti po drugom osnovu i ne koristi pravo na smje\u0161taj u ustanove socijalne za\u0161tite \u2013 obja\u0161njavaju iz prijedorskog Centra.<\/p>\n<p>Dodaju da se na osnovu Zakona o socijalnoj za\u0161titi RS ovo pravo ostvaruje kroz dvije grupe, ovisno od stepena funkcionalnosti korisnika.<\/p>\n<p>\u2013 Iznos naknade za prvu grupu je 20 odsto od prosje\u010dnog li\u010dnog dohotka u pro\u0161loj godini, odnosno 166,20 KM, dok za drugu grupu iznosi 10 odsto, odnosno 83,10 KM \u2013 ka\u017eu iz ove ustanove za socijalnu za\u0161titu.<br \/>\nU izvje\u0161taju o radu navode i da je pro\u0161le godine bilo 360 korisnika nov\u010dane pomo\u0107i razli\u010dite \u017eivotne dobi.<\/p>\n<p>\u2013 Pravo na nov\u010danu pomo\u0107 mo\u017ee ostvariti pojedinac nesposoban za rad, koji nema vlastitih prihoda ili \u010diji su ukupni prihodi za izdr\u017eavanje ispod nivoa nov\u010dane pomo\u0107i utvr\u0111ene Zakonom o socijalnoj za\u0161titi RS, zatim koji nema vi\u0161ak stambenog prostora, nema drugu imovinu iz koje se mogu ostvariti sredstva za izdr\u017eavanje, koji nema srodnika koji imaju obavezu da ga izdr\u017eavaju u skladu sa Porodi\u010dnim zakonom ili ako ne mogu da ga izdr\u017eavaju \u2013 obja\u0161njavaju iz prijedorskog Centra.<\/p>\n<p>Dodaju da je pro\u0161le godine na komisiju za utvr\u0111ivanje sposobnosti upu\u0107eno 27 osoba, od \u010dega je 16 ocijenjeno kao radno nesposobno.<\/p>\n<p>Od ukupno 360 korisnika nov\u010dane pomo\u0107i njih 174 su stariji od 65 godina, koji su bez porodi\u010dnog staranja.<\/p>\n<p>Ko prima nov\u010danu pomo\u0107<br \/>\nIznos nov\u010dane pomo\u0107i utvr\u0111uje se prema broju \u010dlanova doma\u0107instva. Bilo je 289 pojedinaca koji su dobijali nov\u010danu pomo\u0107 u iznosu 124,65 KM. Njih 48 je dobijalo po 166,20 KM za dva \u010dlana porodice, a 14 po 199,44 jer imaju tri \u010dlana u doma\u0107instvu.<\/p>\n<p>Nov\u010danu pomo\u0107 primala su 4 korisnika u iznosu od 224,37 KM jer imaju po \u010detiri \u010dlana porodice, a za pet ili vi\u0161e \u010dlanova porodice pet korisnika je primalo po  249,30 KM.<\/p>\n<p>EuroBlic-srpskainfo.com<\/p>\n","protected":false},"excerpt":{"rendered":"<p>U Prijedoru se broj korisnika dodatka za pomo\u0107 i njegu drugog lica za posljednjih 5 godina udvostru\u010dio, dok 40 odsto njih ima preko 65 godina \u017eivota. Ovi podaci navedeni su [&hellip;]<\/p>\n","protected":false},"author":1,"featured_media":0,"comment_status":"closed","ping_status":"open","sticky":false,"template":"","format":"standard","meta":{"_monsterinsights_skip_tracking":false,"_monsterinsights_sitenote_active":false,"_monsterinsights_sitenote_note":"","_monsterinsights_sitenote_category":0,"footnotes":""},"categories":[8],"tags":[3785],"yoast_head":"<!-- This site is optimized with the Yoast SEO plugin v21.6 - https:\/\/yoast.com\/wordpress\/plugins\/seo\/ -->\n<title>Centar za socijalni rad Prijedor - Samcima je pomo\u0107 najpotrebnija: Pove\u0107an broj korisnika dodatka za pomo\u0107 - PrijedorDanas.com - Prijedorski gradski portal<\/title>\n<meta name=\"robots\" content=\"index, follow, max-snippet:-1, max-image-preview:large, max-video-preview:-1\" \/>\n<link rel=\"canonical\" href=\"https:\/\/www.prijedordanas.com\/?p=131999\" \/>\n<meta property=\"og:locale\" content=\"en_US\" \/>\n<meta property=\"og:type\" content=\"article\" \/>\n<meta property=\"og:title\" content=\"Centar za socijalni rad Prijedor - Samcima je pomo\u0107 najpotrebnija: Pove\u0107an broj korisnika dodatka za pomo\u0107 - PrijedorDanas.com - Prijedorski gradski portal\" \/>\n<meta property=\"og:description\" content=\"U Prijedoru se broj korisnika dodatka za pomo\u0107 i njegu drugog lica za posljednjih 5 godina udvostru\u010dio, dok 40 odsto njih ima preko 65 godina \u017eivota. Ovi podaci navedeni su [&hellip;]\" \/>\n<meta property=\"og:url\" content=\"https:\/\/www.prijedordanas.com\/?p=131999\" \/>\n<meta property=\"og:site_name\" content=\"PrijedorDanas.com - Prijedorski gradski portal\" \/>\n<meta property=\"article:publisher\" content=\"https:\/\/www.facebook.com\/PrijedorDanasCom\/\" \/>\n<meta property=\"article:published_time\" content=\"2019-08-16T22:58:54+00:00\" \/>\n<meta property=\"og:image\" content=\"https:\/\/www.prijedordanas.com\/wp-content\/uploads\/2018\/03\/centar-za-socijalni-rad-prijedor-2016-300x250.jpg\" \/>\n<meta name=\"author\" content=\"admin\" \/>\n<meta name=\"twitter:card\" content=\"summary_large_image\" \/>\n<meta name=\"twitter:label1\" content=\"Written by\" \/>\n\t<meta name=\"twitter:data1\" content=\"admin\" \/>\n\t<meta name=\"twitter:label2\" content=\"Est. reading time\" \/>\n\t<meta name=\"twitter:data2\" content=\"2 minutes\" \/>\n<script type=\"application\/ld+json\" class=\"yoast-schema-graph\">{\"@context\":\"https:\/\/schema.org\",\"@graph\":[{\"@type\":\"Article\",\"@id\":\"https:\/\/www.prijedordanas.com\/?p=131999#article\",\"isPartOf\":{\"@id\":\"https:\/\/www.prijedordanas.com\/?p=131999\"},\"author\":{\"name\":\"admin\",\"@id\":\"https:\/\/www.prijedordanas.com\/#\/schema\/person\/4e08ccf29b506ca916ff86d46bb700e6\"},\"headline\":\"Centar za socijalni rad Prijedor &#8211; Samcima je pomo\u0107 najpotrebnija: Pove\u0107an broj korisnika dodatka za pomo\u0107\",\"datePublished\":\"2019-08-16T22:58:54+00:00\",\"dateModified\":\"2019-08-16T22:58:54+00:00\",\"mainEntityOfPage\":{\"@id\":\"https:\/\/www.prijedordanas.com\/?p=131999\"},\"wordCount\":492,\"publisher\":{\"@id\":\"https:\/\/www.prijedordanas.com\/#organization\"},\"keywords\":[\"Centar za socijalni rad\"],\"articleSection\":[\"Svakodnevno\"],\"inLanguage\":\"en-US\"},{\"@type\":\"WebPage\",\"@id\":\"https:\/\/www.prijedordanas.com\/?p=131999\",\"url\":\"https:\/\/www.prijedordanas.com\/?p=131999\",\"name\":\"Centar za socijalni rad Prijedor - Samcima je pomo\u0107 najpotrebnija: Pove\u0107an broj korisnika dodatka za pomo\u0107 - PrijedorDanas.com - Prijedorski gradski portal\",\"isPartOf\":{\"@id\":\"https:\/\/www.prijedordanas.com\/#website\"},\"datePublished\":\"2019-08-16T22:58:54+00:00\",\"dateModified\":\"2019-08-16T22:58:54+00:00\",\"breadcrumb\":{\"@id\":\"https:\/\/www.prijedordanas.com\/?p=131999#breadcrumb\"},\"inLanguage\":\"en-US\",\"potentialAction\":[{\"@type\":\"ReadAction\",\"target\":[\"https:\/\/www.prijedordanas.com\/?p=131999\"]}]},{\"@type\":\"BreadcrumbList\",\"@id\":\"https:\/\/www.prijedordanas.com\/?p=131999#breadcrumb\",\"itemListElement\":[{\"@type\":\"ListItem\",\"position\":1,\"name\":\"Home\",\"item\":\"https:\/\/www.prijedordanas.com\/\"},{\"@type\":\"ListItem\",\"position\":2,\"name\":\"Centar za socijalni rad Prijedor &#8211; Samcima je pomo\u0107 najpotrebnija: Pove\u0107an broj korisnika dodatka za pomo\u0107\"}]},{\"@type\":\"WebSite\",\"@id\":\"https:\/\/www.prijedordanas.com\/#website\",\"url\":\"https:\/\/www.prijedordanas.com\/\",\"name\":\"PrijedorDanas.com - Prijedorski gradski portal\",\"description\":\"Portal o doga\u0111anjima u gradu Prijedoru\",\"publisher\":{\"@id\":\"https:\/\/www.prijedordanas.com\/#organization\"},\"potentialAction\":[{\"@type\":\"SearchAction\",\"target\":{\"@type\":\"EntryPoint\",\"urlTemplate\":\"https:\/\/www.prijedordanas.com\/?s={search_term_string}\"},\"query-input\":\"required name=search_term_string\"}],\"inLanguage\":\"en-US\"},{\"@type\":\"Organization\",\"@id\":\"https:\/\/www.prijedordanas.com\/#organization\",\"name\":\"PrijedorDanas.com\",\"url\":\"https:\/\/www.prijedordanas.com\/\",\"logo\":{\"@type\":\"ImageObject\",\"inLanguage\":\"en-US\",\"@id\":\"https:\/\/www.prijedordanas.com\/#\/schema\/logo\/image\/\",\"url\":\"http:\/\/www.prijedordanas.com\/wp-content\/uploads\/2021\/12\/logopng.png\",\"contentUrl\":\"http:\/\/www.prijedordanas.com\/wp-content\/uploads\/2021\/12\/logopng.png\",\"width\":1019,\"height\":776,\"caption\":\"PrijedorDanas.com\"},\"image\":{\"@id\":\"https:\/\/www.prijedordanas.com\/#\/schema\/logo\/image\/\"},\"sameAs\":[\"https:\/\/www.facebook.com\/PrijedorDanasCom\/\"]},{\"@type\":\"Person\",\"@id\":\"https:\/\/www.prijedordanas.com\/#\/schema\/person\/4e08ccf29b506ca916ff86d46bb700e6\",\"name\":\"admin\",\"image\":{\"@type\":\"ImageObject\",\"inLanguage\":\"en-US\",\"@id\":\"https:\/\/www.prijedordanas.com\/#\/schema\/person\/image\/\",\"url\":\"https:\/\/secure.gravatar.com\/avatar\/1d3fc949d550f0b53a5f0d51e06dfd79?s=96&d=mm&r=g\",\"contentUrl\":\"https:\/\/secure.gravatar.com\/avatar\/1d3fc949d550f0b53a5f0d51e06dfd79?s=96&d=mm&r=g\",\"caption\":\"admin\"},\"url\":\"https:\/\/www.prijedordanas.com\/?author=1\"}]}<\/script>\n<!-- \/ Yoast SEO plugin. -->","yoast_head_json":{"title":"Centar za socijalni rad Prijedor - Samcima je pomo\u0107 najpotrebnija: Pove\u0107an broj korisnika dodatka za pomo\u0107 - PrijedorDanas.com - Prijedorski gradski portal","robots":{"index":"index","follow":"follow","max-snippet":"max-snippet:-1","max-image-preview":"max-image-preview:large","max-video-preview":"max-video-preview:-1"},"canonical":"https:\/\/www.prijedordanas.com\/?p=131999","og_locale":"en_US","og_type":"article","og_title":"Centar za socijalni rad Prijedor - Samcima je pomo\u0107 najpotrebnija: Pove\u0107an broj korisnika dodatka za pomo\u0107 - PrijedorDanas.com - Prijedorski gradski portal","og_description":"U Prijedoru se broj korisnika dodatka za pomo\u0107 i njegu drugog lica za posljednjih 5 godina udvostru\u010dio, dok 40 odsto njih ima preko 65 godina \u017eivota. Ovi podaci navedeni su [&hellip;]","og_url":"https:\/\/www.prijedordanas.com\/?p=131999","og_site_name":"PrijedorDanas.com - Prijedorski gradski portal","article_publisher":"https:\/\/www.facebook.com\/PrijedorDanasCom\/","article_published_time":"2019-08-16T22:58:54+00:00","og_image":[{"url":"https:\/\/www.prijedordanas.com\/wp-content\/uploads\/2018\/03\/centar-za-socijalni-rad-prijedor-2016-300x250.jpg"}],"author":"admin","twitter_card":"summary_large_image","twitter_misc":{"Written by":"admin","Est. reading time":"2 minutes"},"schema":{"@context":"https:\/\/schema.org","@graph":[{"@type":"Article","@id":"https:\/\/www.prijedordanas.com\/?p=131999#article","isPartOf":{"@id":"https:\/\/www.prijedordanas.com\/?p=131999"},"author":{"name":"admin","@id":"https:\/\/www.prijedordanas.com\/#\/schema\/person\/4e08ccf29b506ca916ff86d46bb700e6"},"headline":"Centar za socijalni rad Prijedor &#8211; Samcima je pomo\u0107 najpotrebnija: Pove\u0107an broj korisnika dodatka za pomo\u0107","datePublished":"2019-08-16T22:58:54+00:00","dateModified":"2019-08-16T22:58:54+00:00","mainEntityOfPage":{"@id":"https:\/\/www.prijedordanas.com\/?p=131999"},"wordCount":492,"publisher":{"@id":"https:\/\/www.prijedordanas.com\/#organization"},"keywords":["Centar za socijalni rad"],"articleSection":["Svakodnevno"],"inLanguage":"en-US"},{"@type":"WebPage","@id":"https:\/\/www.prijedordanas.com\/?p=131999","url":"https:\/\/www.prijedordanas.com\/?p=131999","name":"Centar za socijalni rad Prijedor - Samcima je pomo\u0107 najpotrebnija: Pove\u0107an broj korisnika dodatka za pomo\u0107 - PrijedorDanas.com - Prijedorski gradski portal","isPartOf":{"@id":"https:\/\/www.prijedordanas.com\/#website"},"datePublished":"2019-08-16T22:58:54+00:00","dateModified":"2019-08-16T22:58:54+00:00","breadcrumb":{"@id":"https:\/\/www.prijedordanas.com\/?p=131999#breadcrumb"},"inLanguage":"en-US","potentialAction":[{"@type":"ReadAction","target":["https:\/\/www.prijedordanas.com\/?p=131999"]}]},{"@type":"BreadcrumbList","@id":"https:\/\/www.prijedordanas.com\/?p=131999#breadcrumb","itemListElement":[{"@type":"ListItem","position":1,"name":"Home","item":"https:\/\/www.prijedordanas.com\/"},{"@type":"ListItem","position":2,"name":"Centar za socijalni rad Prijedor &#8211; Samcima je pomo\u0107 najpotrebnija: Pove\u0107an broj korisnika dodatka za pomo\u0107"}]},{"@type":"WebSite","@id":"https:\/\/www.prijedordanas.com\/#website","url":"https:\/\/www.prijedordanas.com\/","name":"PrijedorDanas.com - Prijedorski gradski portal","description":"Portal o doga\u0111anjima u gradu Prijedoru","publisher":{"@id":"https:\/\/www.prijedordanas.com\/#organization"},"potentialAction":[{"@type":"SearchAction","target":{"@type":"EntryPoint","urlTemplate":"https:\/\/www.prijedordanas.com\/?s={search_term_string}"},"query-input":"required name=search_term_string"}],"inLanguage":"en-US"},{"@type":"Organization","@id":"https:\/\/www.prijedordanas.com\/#organization","name":"PrijedorDanas.com","url":"https:\/\/www.prijedordanas.com\/","logo":{"@type":"ImageObject","inLanguage":"en-US","@id":"https:\/\/www.prijedordanas.com\/#\/schema\/logo\/image\/","url":"http:\/\/www.prijedordanas.com\/wp-content\/uploads\/2021\/12\/logopng.png","contentUrl":"http:\/\/www.prijedordanas.com\/wp-content\/uploads\/2021\/12\/logopng.png","width":1019,"height":776,"caption":"PrijedorDanas.com"},"image":{"@id":"https:\/\/www.prijedordanas.com\/#\/schema\/logo\/image\/"},"sameAs":["https:\/\/www.facebook.com\/PrijedorDanasCom\/"]},{"@type":"Person","@id":"https:\/\/www.prijedordanas.com\/#\/schema\/person\/4e08ccf29b506ca916ff86d46bb700e6","name":"admin","image":{"@type":"ImageObject","inLanguage":"en-US","@id":"https:\/\/www.prijedordanas.com\/#\/schema\/person\/image\/","url":"https:\/\/secure.gravatar.com\/avatar\/1d3fc949d550f0b53a5f0d51e06dfd79?s=96&d=mm&r=g","contentUrl":"https:\/\/secure.gravatar.com\/avatar\/1d3fc949d550f0b53a5f0d51e06dfd79?s=96&d=mm&r=g","caption":"admin"},"url":"https:\/\/www.prijedordanas.com\/?author=1"}]}},"_links":{"self":[{"href":"https:\/\/www.prijedordanas.com\/index.php?rest_route=\/wp\/v2\/posts\/131999"}],"collection":[{"href":"https:\/\/www.prijedordanas.com\/index.php?rest_route=\/wp\/v2\/posts"}],"about":[{"href":"https:\/\/www.prijedordanas.com\/index.php?rest_route=\/wp\/v2\/types\/post"}],"author":[{"embeddable":true,"href":"https:\/\/www.prijedordanas.com\/index.php?rest_route=\/wp\/v2\/users\/1"}],"replies":[{"embeddable":true,"href":"https:\/\/www.prijedordanas.com\/index.php?rest_route=%2Fwp%2Fv2%2Fcomments&post=131999"}],"version-history":[{"count":2,"href":"https:\/\/www.prijedordanas.com\/index.php?rest_route=\/wp\/v2\/posts\/131999\/revisions"}],"predecessor-version":[{"id":132215,"href":"https:\/\/www.prijedordanas.com\/index.php?rest_route=\/wp\/v2\/posts\/131999\/revisions\/132215"}],"wp:attachment":[{"href":"https:\/\/www.prijedordanas.com\/index.php?rest_route=%2Fwp%2Fv2%2Fmedia&parent=131999"}],"wp:term":[{"taxonomy":"category","embeddable":true,"href":"https:\/\/www.prijedordanas.com\/index.php?rest_route=%2Fwp%2Fv2%2Fcategories&post=131999"},{"taxonomy":"post_tag","embeddable":true,"href":"https:\/\/www.prijedordanas.com\/index.php?rest_route=%2Fwp%2Fv2%2Ftags&post=131999"}],"curies":[{"name":"wp","href":"https:\/\/api.w.org\/{rel}","templated":true}]}}