{"id":131864,"date":"2019-08-10T19:17:56","date_gmt":"2019-08-10T17:17:56","guid":{"rendered":"https:\/\/www.prijedordanas.com\/?p=131864"},"modified":"2019-08-10T19:17:56","modified_gmt":"2019-08-10T17:17:56","slug":"pu-prijedor-muskarac-demontirao-sator-pa-poginuo-od-strujnog-udara","status":"publish","type":"post","link":"https:\/\/www.prijedordanas.com\/?p=131864","title":{"rendered":"PU Prijedor: Mu\u0161karac demontirao \u0161ator pa poginuo od strujnog udara"},"content":{"rendered":"<p><a href=\"https:\/\/www.prijedordanas.com\/wp-content\/uploads\/2019\/07\/policija-pd-2019-teren-10.jpg\"><img loading=\"lazy\" decoding=\"async\" class=\"alignleft size-medium wp-image-130421\" src=\"https:\/\/www.prijedordanas.com\/wp-content\/uploads\/2019\/07\/policija-pd-2019-teren-10-300x222.jpg\" alt=\"\" width=\"300\" height=\"222\" srcset=\"https:\/\/www.prijedordanas.com\/wp-content\/uploads\/2019\/07\/policija-pd-2019-teren-10-300x222.jpg 300w, https:\/\/www.prijedordanas.com\/wp-content\/uploads\/2019\/07\/policija-pd-2019-teren-10-100x74.jpg 100w, https:\/\/www.prijedordanas.com\/wp-content\/uploads\/2019\/07\/policija-pd-2019-teren-10.jpg 675w\" sizes=\"(max-width: 300px) 100vw, 300px\" \/><\/a>Kako saznajemo, jutros je na podru\u010dju koje pokriva Policijska uprava Prijedor do\u0161lo do nesre\u0107nog slu\u010daja u kojem je jedno lice smrtno stradalo.<\/p>\n<p>-Dana 10. avgusta oko 7,30 \u010dasova prijavljeno je da je u mjestu Donji Petrovi\u0107i, op\u0161tina Krupa na Uni, prilikom demonta\u017ee \u0161atora, lice P.B. iz Novog Grada na neutvr\u0111en na\u010din do\u0161lo u kontakt sa elektri\u010dnom energijom te je zadobilo povrede od kojih je preminulo. Uvi\u0111aj su izvr\u0161ili policijski slu\u017ebenici SKP PU Prijedor uz prisustvo de\u017eurnog tu\u017eioca Okru\u017enog javnog tu\u017eila\u0161tva Prijedor. Tu\u017eilac je nalo\u017eio obdukciju stradalog lica &#8211; potvr\u0111eno nam je iz PU Prijedor.<\/p>\n<p>Nezvani\u010dno saznajemo da je u ovom selu ju\u010de bio narodni zbor povodom Pantelindana a stradali mu\u0161karac je uklanjao konstrukciju \u0161atora.<\/p>\n<p>Iz nepoznatih razloga, struja je do\u0161la u kontakt sa \u017eeljeznom konstrukcijom, a P.B. je tada uhvatio istu nakon \u010dega je do\u0161lo do strujnog udara.<\/p>\n<p>Intervenisala je i slu\u017eba hitne pomo\u0107i ali je nesretni \u010dovjek preminuo od posljedica.<\/p>\n<p>Tekst I foto ilustracija \u2013 Aleksandar Drakuli\u0107 \u2013 <a href=\"https:\/\/www.prijedordanas.com\" target=\"_blank\" rel=\"noopener noreferrer\">www.prijedordanas.com<\/a><\/p>\n","protected":false},"excerpt":{"rendered":"<p>Kako saznajemo, jutros je na podru\u010dju koje pokriva Policijska uprava Prijedor do\u0161lo do nesre\u0107nog slu\u010daja u kojem je jedno lice smrtno stradalo. -Dana 10. avgusta oko 7,30 \u010dasova prijavljeno je [&hellip;]<\/p>\n","protected":false},"author":1,"featured_media":0,"comment_status":"closed","ping_status":"open","sticky":false,"template":"","format":"standard","meta":{"_monsterinsights_skip_tracking":false,"_monsterinsights_sitenote_active":false,"_monsterinsights_sitenote_note":"","_monsterinsights_sitenote_category":0,"footnotes":""},"categories":[5],"tags":[],"yoast_head":"<!-- This site is optimized with the Yoast SEO plugin v21.6 - https:\/\/yoast.com\/wordpress\/plugins\/seo\/ -->\n<title>PU Prijedor: Mu\u0161karac demontirao \u0161ator pa poginuo od strujnog udara - PrijedorDanas.com - Prijedorski gradski portal<\/title>\n<meta name=\"robots\" content=\"index, follow, max-snippet:-1, max-image-preview:large, max-video-preview:-1\" \/>\n<link rel=\"canonical\" href=\"https:\/\/www.prijedordanas.com\/?p=131864\" \/>\n<meta property=\"og:locale\" content=\"en_US\" \/>\n<meta property=\"og:type\" content=\"article\" \/>\n<meta property=\"og:title\" content=\"PU Prijedor: Mu\u0161karac demontirao \u0161ator pa poginuo od strujnog udara - PrijedorDanas.com - Prijedorski gradski portal\" \/>\n<meta property=\"og:description\" content=\"Kako saznajemo, jutros je na podru\u010dju koje pokriva Policijska uprava Prijedor do\u0161lo do nesre\u0107nog slu\u010daja u kojem je jedno lice smrtno stradalo. -Dana 10. avgusta oko 7,30 \u010dasova prijavljeno je [&hellip;]\" \/>\n<meta property=\"og:url\" content=\"https:\/\/www.prijedordanas.com\/?p=131864\" \/>\n<meta property=\"og:site_name\" content=\"PrijedorDanas.com - Prijedorski gradski portal\" \/>\n<meta property=\"article:publisher\" content=\"https:\/\/www.facebook.com\/PrijedorDanasCom\/\" \/>\n<meta property=\"article:published_time\" content=\"2019-08-10T17:17:56+00:00\" \/>\n<meta property=\"og:image\" content=\"https:\/\/www.prijedordanas.com\/wp-content\/uploads\/2019\/07\/policija-pd-2019-teren-10-300x222.jpg\" \/>\n<meta name=\"author\" content=\"admin\" \/>\n<meta name=\"twitter:card\" content=\"summary_large_image\" \/>\n<meta name=\"twitter:label1\" content=\"Written by\" \/>\n\t<meta name=\"twitter:data1\" content=\"admin\" \/>\n\t<meta name=\"twitter:label2\" content=\"Est. reading time\" \/>\n\t<meta name=\"twitter:data2\" content=\"1 minute\" \/>\n<script type=\"application\/ld+json\" class=\"yoast-schema-graph\">{\"@context\":\"https:\/\/schema.org\",\"@graph\":[{\"@type\":\"Article\",\"@id\":\"https:\/\/www.prijedordanas.com\/?p=131864#article\",\"isPartOf\":{\"@id\":\"https:\/\/www.prijedordanas.com\/?p=131864\"},\"author\":{\"name\":\"admin\",\"@id\":\"https:\/\/www.prijedordanas.com\/#\/schema\/person\/4e08ccf29b506ca916ff86d46bb700e6\"},\"headline\":\"PU Prijedor: Mu\u0161karac demontirao \u0161ator pa poginuo od strujnog udara\",\"datePublished\":\"2019-08-10T17:17:56+00:00\",\"dateModified\":\"2019-08-10T17:17:56+00:00\",\"mainEntityOfPage\":{\"@id\":\"https:\/\/www.prijedordanas.com\/?p=131864\"},\"wordCount\":200,\"publisher\":{\"@id\":\"https:\/\/www.prijedordanas.com\/#organization\"},\"articleSection\":[\"Hronika\"],\"inLanguage\":\"en-US\"},{\"@type\":\"WebPage\",\"@id\":\"https:\/\/www.prijedordanas.com\/?p=131864\",\"url\":\"https:\/\/www.prijedordanas.com\/?p=131864\",\"name\":\"PU Prijedor: Mu\u0161karac demontirao \u0161ator pa poginuo od strujnog udara - PrijedorDanas.com - Prijedorski gradski portal\",\"isPartOf\":{\"@id\":\"https:\/\/www.prijedordanas.com\/#website\"},\"datePublished\":\"2019-08-10T17:17:56+00:00\",\"dateModified\":\"2019-08-10T17:17:56+00:00\",\"breadcrumb\":{\"@id\":\"https:\/\/www.prijedordanas.com\/?p=131864#breadcrumb\"},\"inLanguage\":\"en-US\",\"potentialAction\":[{\"@type\":\"ReadAction\",\"target\":[\"https:\/\/www.prijedordanas.com\/?p=131864\"]}]},{\"@type\":\"BreadcrumbList\",\"@id\":\"https:\/\/www.prijedordanas.com\/?p=131864#breadcrumb\",\"itemListElement\":[{\"@type\":\"ListItem\",\"position\":1,\"name\":\"Home\",\"item\":\"https:\/\/www.prijedordanas.com\/\"},{\"@type\":\"ListItem\",\"position\":2,\"name\":\"PU Prijedor: Mu\u0161karac demontirao \u0161ator pa poginuo od strujnog udara\"}]},{\"@type\":\"WebSite\",\"@id\":\"https:\/\/www.prijedordanas.com\/#website\",\"url\":\"https:\/\/www.prijedordanas.com\/\",\"name\":\"PrijedorDanas.com - Prijedorski gradski portal\",\"description\":\"Portal o doga\u0111anjima u gradu Prijedoru\",\"publisher\":{\"@id\":\"https:\/\/www.prijedordanas.com\/#organization\"},\"potentialAction\":[{\"@type\":\"SearchAction\",\"target\":{\"@type\":\"EntryPoint\",\"urlTemplate\":\"https:\/\/www.prijedordanas.com\/?s={search_term_string}\"},\"query-input\":\"required name=search_term_string\"}],\"inLanguage\":\"en-US\"},{\"@type\":\"Organization\",\"@id\":\"https:\/\/www.prijedordanas.com\/#organization\",\"name\":\"PrijedorDanas.com\",\"url\":\"https:\/\/www.prijedordanas.com\/\",\"logo\":{\"@type\":\"ImageObject\",\"inLanguage\":\"en-US\",\"@id\":\"https:\/\/www.prijedordanas.com\/#\/schema\/logo\/image\/\",\"url\":\"http:\/\/www.prijedordanas.com\/wp-content\/uploads\/2021\/12\/logopng.png\",\"contentUrl\":\"http:\/\/www.prijedordanas.com\/wp-content\/uploads\/2021\/12\/logopng.png\",\"width\":1019,\"height\":776,\"caption\":\"PrijedorDanas.com\"},\"image\":{\"@id\":\"https:\/\/www.prijedordanas.com\/#\/schema\/logo\/image\/\"},\"sameAs\":[\"https:\/\/www.facebook.com\/PrijedorDanasCom\/\"]},{\"@type\":\"Person\",\"@id\":\"https:\/\/www.prijedordanas.com\/#\/schema\/person\/4e08ccf29b506ca916ff86d46bb700e6\",\"name\":\"admin\",\"image\":{\"@type\":\"ImageObject\",\"inLanguage\":\"en-US\",\"@id\":\"https:\/\/www.prijedordanas.com\/#\/schema\/person\/image\/\",\"url\":\"https:\/\/secure.gravatar.com\/avatar\/1d3fc949d550f0b53a5f0d51e06dfd79?s=96&d=mm&r=g\",\"contentUrl\":\"https:\/\/secure.gravatar.com\/avatar\/1d3fc949d550f0b53a5f0d51e06dfd79?s=96&d=mm&r=g\",\"caption\":\"admin\"},\"url\":\"https:\/\/www.prijedordanas.com\/?author=1\"}]}<\/script>\n<!-- \/ Yoast SEO plugin. -->","yoast_head_json":{"title":"PU Prijedor: Mu\u0161karac demontirao \u0161ator pa poginuo od strujnog udara - PrijedorDanas.com - Prijedorski gradski portal","robots":{"index":"index","follow":"follow","max-snippet":"max-snippet:-1","max-image-preview":"max-image-preview:large","max-video-preview":"max-video-preview:-1"},"canonical":"https:\/\/www.prijedordanas.com\/?p=131864","og_locale":"en_US","og_type":"article","og_title":"PU Prijedor: Mu\u0161karac demontirao \u0161ator pa poginuo od strujnog udara - PrijedorDanas.com - Prijedorski gradski portal","og_description":"Kako saznajemo, jutros je na podru\u010dju koje pokriva Policijska uprava Prijedor do\u0161lo do nesre\u0107nog slu\u010daja u kojem je jedno lice smrtno stradalo. -Dana 10. avgusta oko 7,30 \u010dasova prijavljeno je [&hellip;]","og_url":"https:\/\/www.prijedordanas.com\/?p=131864","og_site_name":"PrijedorDanas.com - Prijedorski gradski portal","article_publisher":"https:\/\/www.facebook.com\/PrijedorDanasCom\/","article_published_time":"2019-08-10T17:17:56+00:00","og_image":[{"url":"https:\/\/www.prijedordanas.com\/wp-content\/uploads\/2019\/07\/policija-pd-2019-teren-10-300x222.jpg"}],"author":"admin","twitter_card":"summary_large_image","twitter_misc":{"Written by":"admin","Est. reading time":"1 minute"},"schema":{"@context":"https:\/\/schema.org","@graph":[{"@type":"Article","@id":"https:\/\/www.prijedordanas.com\/?p=131864#article","isPartOf":{"@id":"https:\/\/www.prijedordanas.com\/?p=131864"},"author":{"name":"admin","@id":"https:\/\/www.prijedordanas.com\/#\/schema\/person\/4e08ccf29b506ca916ff86d46bb700e6"},"headline":"PU Prijedor: Mu\u0161karac demontirao \u0161ator pa poginuo od strujnog udara","datePublished":"2019-08-10T17:17:56+00:00","dateModified":"2019-08-10T17:17:56+00:00","mainEntityOfPage":{"@id":"https:\/\/www.prijedordanas.com\/?p=131864"},"wordCount":200,"publisher":{"@id":"https:\/\/www.prijedordanas.com\/#organization"},"articleSection":["Hronika"],"inLanguage":"en-US"},{"@type":"WebPage","@id":"https:\/\/www.prijedordanas.com\/?p=131864","url":"https:\/\/www.prijedordanas.com\/?p=131864","name":"PU Prijedor: Mu\u0161karac demontirao \u0161ator pa poginuo od strujnog udara - PrijedorDanas.com - Prijedorski gradski portal","isPartOf":{"@id":"https:\/\/www.prijedordanas.com\/#website"},"datePublished":"2019-08-10T17:17:56+00:00","dateModified":"2019-08-10T17:17:56+00:00","breadcrumb":{"@id":"https:\/\/www.prijedordanas.com\/?p=131864#breadcrumb"},"inLanguage":"en-US","potentialAction":[{"@type":"ReadAction","target":["https:\/\/www.prijedordanas.com\/?p=131864"]}]},{"@type":"BreadcrumbList","@id":"https:\/\/www.prijedordanas.com\/?p=131864#breadcrumb","itemListElement":[{"@type":"ListItem","position":1,"name":"Home","item":"https:\/\/www.prijedordanas.com\/"},{"@type":"ListItem","position":2,"name":"PU Prijedor: Mu\u0161karac demontirao \u0161ator pa poginuo od strujnog udara"}]},{"@type":"WebSite","@id":"https:\/\/www.prijedordanas.com\/#website","url":"https:\/\/www.prijedordanas.com\/","name":"PrijedorDanas.com - Prijedorski gradski portal","description":"Portal o doga\u0111anjima u gradu Prijedoru","publisher":{"@id":"https:\/\/www.prijedordanas.com\/#organization"},"potentialAction":[{"@type":"SearchAction","target":{"@type":"EntryPoint","urlTemplate":"https:\/\/www.prijedordanas.com\/?s={search_term_string}"},"query-input":"required name=search_term_string"}],"inLanguage":"en-US"},{"@type":"Organization","@id":"https:\/\/www.prijedordanas.com\/#organization","name":"PrijedorDanas.com","url":"https:\/\/www.prijedordanas.com\/","logo":{"@type":"ImageObject","inLanguage":"en-US","@id":"https:\/\/www.prijedordanas.com\/#\/schema\/logo\/image\/","url":"http:\/\/www.prijedordanas.com\/wp-content\/uploads\/2021\/12\/logopng.png","contentUrl":"http:\/\/www.prijedordanas.com\/wp-content\/uploads\/2021\/12\/logopng.png","width":1019,"height":776,"caption":"PrijedorDanas.com"},"image":{"@id":"https:\/\/www.prijedordanas.com\/#\/schema\/logo\/image\/"},"sameAs":["https:\/\/www.facebook.com\/PrijedorDanasCom\/"]},{"@type":"Person","@id":"https:\/\/www.prijedordanas.com\/#\/schema\/person\/4e08ccf29b506ca916ff86d46bb700e6","name":"admin","image":{"@type":"ImageObject","inLanguage":"en-US","@id":"https:\/\/www.prijedordanas.com\/#\/schema\/person\/image\/","url":"https:\/\/secure.gravatar.com\/avatar\/1d3fc949d550f0b53a5f0d51e06dfd79?s=96&d=mm&r=g","contentUrl":"https:\/\/secure.gravatar.com\/avatar\/1d3fc949d550f0b53a5f0d51e06dfd79?s=96&d=mm&r=g","caption":"admin"},"url":"https:\/\/www.prijedordanas.com\/?author=1"}]}},"_links":{"self":[{"href":"https:\/\/www.prijedordanas.com\/index.php?rest_route=\/wp\/v2\/posts\/131864"}],"collection":[{"href":"https:\/\/www.prijedordanas.com\/index.php?rest_route=\/wp\/v2\/posts"}],"about":[{"href":"https:\/\/www.prijedordanas.com\/index.php?rest_route=\/wp\/v2\/types\/post"}],"author":[{"embeddable":true,"href":"https:\/\/www.prijedordanas.com\/index.php?rest_route=\/wp\/v2\/users\/1"}],"replies":[{"embeddable":true,"href":"https:\/\/www.prijedordanas.com\/index.php?rest_route=%2Fwp%2Fv2%2Fcomments&post=131864"}],"version-history":[{"count":1,"href":"https:\/\/www.prijedordanas.com\/index.php?rest_route=\/wp\/v2\/posts\/131864\/revisions"}],"predecessor-version":[{"id":131865,"href":"https:\/\/www.prijedordanas.com\/index.php?rest_route=\/wp\/v2\/posts\/131864\/revisions\/131865"}],"wp:attachment":[{"href":"https:\/\/www.prijedordanas.com\/index.php?rest_route=%2Fwp%2Fv2%2Fmedia&parent=131864"}],"wp:term":[{"taxonomy":"category","embeddable":true,"href":"https:\/\/www.prijedordanas.com\/index.php?rest_route=%2Fwp%2Fv2%2Fcategories&post=131864"},{"taxonomy":"post_tag","embeddable":true,"href":"https:\/\/www.prijedordanas.com\/index.php?rest_route=%2Fwp%2Fv2%2Ftags&post=131864"}],"curies":[{"name":"wp","href":"https:\/\/api.w.org\/{rel}","templated":true}]}}